{"id":18279,"date":"2023-05-10T22:43:01","date_gmt":"2023-05-10T20:43:01","guid":{"rendered":"https:\/\/wncri.org\/fr\/?p=18279"},"modified":"2023-05-15T22:53:33","modified_gmt":"2023-05-15T20:53:33","slug":"fatemeh-tadrisi","status":"publish","type":"post","link":"https:\/\/wncri.org\/fr\/2023\/05\/10\/fatemeh-tadrisi\/","title":{"rendered":"Iran : Fatemeh Tadrisi et Atekeh Rajabi parmi les enseignants arr\u00eat\u00e9s"},"content":{"rendered":"\n<h3 class=\"wp-block-heading\"><strong>Iran : Fatemeh Tadrisi et Atekeh Rajabi parmi les enseignants arr\u00eat\u00e9s<\/strong><\/h3>\n\n\n\n<p><em>Des enseignants iraniens arr\u00eat\u00e9s, inculp\u00e9s et convoqu\u00e9s dans le cadre des manifestations<\/em><\/p>\n\n\n\n<p>Au cours des <a href=\"https:\/\/wncri.org\/2023\/05\/09\/teachers-protest-in-14-provinces\/\" target=\"_blank\" rel=\"noreferrer noopener\">manifestations d&#8217;enseignants<\/a> qui ont eu lieu hier dans 22 villes et 14 provinces d&#8217;Iran, un certain nombre <a href=\"https:\/\/wncri.org\/tag\/iran-teachers\/\" target=\"_blank\" rel=\"noreferrer noopener\">d&#8217;enseignants protestataires<\/a> ont \u00e9t\u00e9 arr\u00eat\u00e9s. Parmi les personnes arr\u00eat\u00e9es figurent Fatemeh Tadrisi \u00e0 T\u00e9h\u00e9ran, Atakeh Rajabi \u00e0 Machad, ainsi que Fateh Osmani et Farzad Safikhani \u00e0 Sanandaj.<\/p>\n\n\n<div class=\"wp-block-image\">\n<figure class=\"aligncenter size-full\"><img decoding=\"async\" src=\"data:image\/gif;base64,R0lGODlhAQABAIAAAAAAAP\/\/\/yH5BAEAAAAALAAAAAABAAEAAAIBRAA7\" data-src=\"https:\/\/wncri.org\/fr\/wp-content\/uploads\/2023\/05\/Fatemeh-Tadrisi-min.jpg\" alt=\"Fatemeh Tadrisi\" class=\"wp-image-18282 lazyload\"\/><noscript><img decoding=\"async\" width=\"750\" height=\"750\" src=\"https:\/\/wncri.org\/fr\/wp-content\/uploads\/2023\/05\/Fatemeh-Tadrisi-min.jpg\" alt=\"Fatemeh Tadrisi\" class=\"wp-image-18282 lazyload\" srcset=\"https:\/\/wncri.org\/fr\/wp-content\/uploads\/2023\/05\/Fatemeh-Tadrisi-min.jpg 750w, https:\/\/wncri.org\/fr\/wp-content\/uploads\/2023\/05\/Fatemeh-Tadrisi-min-300x300.jpg 300w, https:\/\/wncri.org\/fr\/wp-content\/uploads\/2023\/05\/Fatemeh-Tadrisi-min-150x150.jpg 150w, https:\/\/wncri.org\/fr\/wp-content\/uploads\/2023\/05\/Fatemeh-Tadrisi-min-75x75.jpg 75w, https:\/\/wncri.org\/fr\/wp-content\/uploads\/2023\/05\/Fatemeh-Tadrisi-min-350x350.jpg 350w\" sizes=\"(max-width: 750px) 100vw, 750px\" \/><\/noscript><figcaption class=\"wp-element-caption\">Fatemeh Tadrisi rendant hommage aux manifestants tomb\u00e9s lors du soul\u00e8vement de 2022.<\/figcaption><\/figure>\n<\/div>\n\n\n<p>Fatemeh Tadrisi (Mojgan), une enseignante vivant \u00e0 T\u00e9h\u00e9ran, s&#8217;est rendue sur la place Baharestan (devant le parlement) le mardi 9 mai 2023 pour participer \u00e0 un rassemblement des enseignants. Elle a \u00e9t\u00e9 appr\u00e9hend\u00e9e par les forces de s\u00e9curit\u00e9 et a ensuite annonc\u00e9 son transfert \u00e0 la <a href=\"https:\/\/wncri.org\/fr\/2020\/04\/20\/regard-sur-la-situation-tragique-a-la-prison-pour-femmes-de-qarchak-en-iran\/\" target=\"_blank\" rel=\"noreferrer noopener\">prison de Qarchak<\/a> lors d&#8217;un appel t\u00e9l\u00e9phonique. Au moment de la r\u00e9daction de cet article, aucune information concernant les charges retenues contre Fatemeh Tadrisi n&#8217;a \u00e9t\u00e9 communiqu\u00e9e.<\/p>\n\n\n<div class=\"wp-block-image\">\n<figure class=\"aligncenter size-full\"><img decoding=\"async\" src=\"data:image\/gif;base64,R0lGODlhAQABAIAAAAAAAP\/\/\/yH5BAEAAAAALAAAAAABAAEAAAIBRAA7\" data-src=\"https:\/\/wncri.org\/fr\/wp-content\/uploads\/2023\/05\/Atekeh-Rajabi-min.jpg\" alt=\"Atekeh Rajabi parmi ses \u00e9tudiantes\" class=\"wp-image-18281 lazyload\"\/><noscript><img decoding=\"async\" width=\"750\" height=\"375\" src=\"https:\/\/wncri.org\/fr\/wp-content\/uploads\/2023\/05\/Atekeh-Rajabi-min.jpg\" alt=\"Atekeh Rajabi parmi ses \u00e9tudiantes\" class=\"wp-image-18281 lazyload\" srcset=\"https:\/\/wncri.org\/fr\/wp-content\/uploads\/2023\/05\/Atekeh-Rajabi-min.jpg 750w, https:\/\/wncri.org\/fr\/wp-content\/uploads\/2023\/05\/Atekeh-Rajabi-min-300x150.jpg 300w, https:\/\/wncri.org\/fr\/wp-content\/uploads\/2023\/05\/Atekeh-Rajabi-min-360x180.jpg 360w\" sizes=\"(max-width: 750px) 100vw, 750px\" \/><\/noscript><figcaption class=\"wp-element-caption\">Atekeh Rajabi parmi ses \u00e9tudiantes<\/figcaption><\/figure>\n<\/div>\n\n\n<p>C&#8217;est la troisi\u00e8me fois que Fatemeh Tadrisi est arr\u00eat\u00e9e depuis le d\u00e9but des manifestations en septembre 2022. Elle a pass\u00e9 du temps \u00e0 la fois dans la prison de Fardis (Kachouii) de Karaj et dans la <a href=\"https:\/\/wncri.org\/fr\/2021\/12\/10\/les-conditions-des-femmes-prisons\/\" target=\"_blank\" rel=\"noreferrer noopener\">prison d&#8217;Evine<\/a>.<\/p>\n\n\n\n<p>Le m\u00eame jour, Atakeh Rajabi a \u00e9t\u00e9 arr\u00eat\u00e9e par les forces de s\u00e9curit\u00e9 alors qu&#8217;elle quittait son domicile pour assister au rassemblement des enseignants \u00e0 Machad. Les forces de s\u00e9curit\u00e9 ont ensuite saccag\u00e9 la r\u00e9sidence de Mme Rajabi.<\/p>\n\n\n\n<p>Atekeh Rajabi \u00e9tait institutrice dans un village pr\u00e8s de Machad. Elle a \u00e9t\u00e9 licenci\u00e9e par le d\u00e9partement de l&#8217;\u00e9ducation du Khorassan le 5 janvier 2023, en raison de son soutien aux manifestations nationales. Au moment de la r\u00e9daction de ce rapport, les raisons de son arrestation et les charges retenues contre elle, ainsi que le lieu o\u00f9 elle se trouve, restent inconnus.<\/p>\n\n\n<div class=\"wp-block-image\">\n<figure class=\"aligncenter size-full\"><img decoding=\"async\" src=\"data:image\/gif;base64,R0lGODlhAQABAIAAAAAAAP\/\/\/yH5BAEAAAAALAAAAAABAAEAAAIBRAA7\" data-src=\"https:\/\/wncri.org\/fr\/wp-content\/uploads\/2023\/05\/Kowkab-Badaghi-min.jpg\" alt=\"Kowkab Badaghi se tient pr\u00e8s d'un tableau blanc sur lequel on peut lire : &quot;Les gens courageux sont ceux qui font l'histoire&quot;.\" class=\"wp-image-18283 lazyload\"\/><noscript><img decoding=\"async\" width=\"750\" height=\"750\" src=\"https:\/\/wncri.org\/fr\/wp-content\/uploads\/2023\/05\/Kowkab-Badaghi-min.jpg\" alt=\"Kowkab Badaghi se tient pr\u00e8s d'un tableau blanc sur lequel on peut lire : &quot;Les gens courageux sont ceux qui font l'histoire&quot;.\" class=\"wp-image-18283 lazyload\" srcset=\"https:\/\/wncri.org\/fr\/wp-content\/uploads\/2023\/05\/Kowkab-Badaghi-min.jpg 750w, https:\/\/wncri.org\/fr\/wp-content\/uploads\/2023\/05\/Kowkab-Badaghi-min-300x300.jpg 300w, https:\/\/wncri.org\/fr\/wp-content\/uploads\/2023\/05\/Kowkab-Badaghi-min-150x150.jpg 150w, https:\/\/wncri.org\/fr\/wp-content\/uploads\/2023\/05\/Kowkab-Badaghi-min-75x75.jpg 75w, https:\/\/wncri.org\/fr\/wp-content\/uploads\/2023\/05\/Kowkab-Badaghi-min-350x350.jpg 350w\" sizes=\"(max-width: 750px) 100vw, 750px\" \/><\/noscript><figcaption class=\"wp-element-caption\">Kowkab Badaghi se tient pr\u00e8s d&#8217;un tableau blanc sur lequel on peut lire : &#8220;Les gens courageux sont ceux qui font l&#8217;histoire&#8221;.<\/figcaption><\/figure>\n<\/div>\n\n\n<h3 class=\"wp-block-heading\"><strong>Mise en accusation et convocation des enseignants protestataires<\/strong><\/h3>\n\n\n\n<p>Outre l&#8217;arrestation de plusieurs enseignants lors des r\u00e9centes manifestations \u00e0 travers l&#8217;Iran, certains ont \u00e9galement \u00e9t\u00e9 inculp\u00e9s et convoqu\u00e9s au tribunal.<\/p>\n\n\n\n<p>En outre, Kowsar Badaghi Pegah, professeure d&#8217;\u00e9ducation physique dans <a href=\"https:\/\/wncri.org\/fr\/2023\/01\/25\/zeynab-molaei-rad\/\" target=\"_blank\" rel=\"noreferrer noopener\">un lyc\u00e9e d&#8217;Izeh<\/a>, a \u00e9t\u00e9 cit\u00e9e \u00e0 compara\u00eetre devant le tribunal r\u00e9volutionnaire d&#8217;Ahvaz. Elle doit compara\u00eetre le 17 juin pour se d\u00e9fendre des accusations de &#8220;rassemblement et collusion dans l&#8217;intention de perturber la s\u00e9curit\u00e9 int\u00e9rieure, activit\u00e9s de propagande contre le r\u00e9gime et appartenance \u00e0 des groupes d&#8217;opposition&#8221;.<\/p>\n\n\n\n<p>Mme Badaghi Pegah avait d\u00e9j\u00e0 \u00e9t\u00e9 convoqu\u00e9e en raison de ses activit\u00e9s. Elle fait partie des 11 enseignants militants de la province du Khouzestan qui ont \u00e9t\u00e9 inculp\u00e9s et convoqu\u00e9s au tribunal r\u00e9volutionnaire <a href=\"https:\/\/fr.wikipedia.org\/wiki\/Ahvaz\" target=\"_blank\" rel=\"noreferrer noopener\">d&#8217;Ahvaz<\/a>.<\/p>\n\n\n\n<p>Ahvaz est la capitale de la province du Khouzestan, riche en p\u00e9trole, dans le sud-ouest de l&#8217;Iran.<\/p>\n\n\n\n<p>En r\u00e9ponse \u00e0 l&#8217;appel du Conseil de coordination des associations d&#8217;enseignants iraniens, les <a href=\"https:\/\/english.mojahedin.org\/news\/live-report-iran-teachers-protests-labor-strikes-executions-hangings\/\" target=\"_blank\" rel=\"noreferrer noopener\">enseignants iraniens<\/a> ont organis\u00e9 des manifestations devant les d\u00e9partements de l&#8217;\u00e9ducation le mardi 9 mai 2023, pour protester contre l&#8217;absence de r\u00e9ponse du minist\u00e8re de l&#8217;\u00e9ducation \u00e0 leurs demandes.<\/p>\n\n\n\n<p>Le cadre des activit\u00e9s du Syndicat des enseignants et du Conseil de coordination des associations d&#8217;enseignants iraniens est d\u00e9fini et clair, sur la base de leurs statuts et de leurs revendications.<\/p>\n\n\n\n<p>L\u00e9gendes :<\/p>\n","protected":false},"excerpt":{"rendered":"<p>Iran : Fatemeh Tadrisi et Atekeh Rajabi parmi les enseignants arr\u00eat\u00e9s Des enseignants iraniens arr\u00eat\u00e9s, inculp\u00e9s et convoqu\u00e9s dans le cadre des manifestations Au cours des manifestations d&#8217;enseignants qui ont eu lieu hier dans 22 villes et 14 provinces d&#8217;Iran, un certain nombre d&#8217;enseignants protestataires ont \u00e9t\u00e9 arr\u00eat\u00e9s. Parmi les personnes arr\u00eat\u00e9es figurent Fatemeh Tadrisi [&hellip;]<\/p>\n","protected":false},"author":4,"featured_media":18280,"comment_status":"closed","ping_status":"closed","sticky":false,"template":"","format":"standard","meta":{"jnews-multi-image_gallery":[],"jnews_single_post":{"subtitle":"","format":"standard","video":"","gallery":"","source_name":"","source_url":"","via_name":"","via_url":"","override_template":"0","override":[{"template":"7","single_blog_custom":"","parallax":"1","fullscreen":"1","layout":"right-sidebar","sidebar":"default-sidebar","second_sidebar":"default-sidebar","sticky_sidebar":"1","share_position":"floatbottom","share_float_style":"share-normal","show_share_counter":"1","show_view_counter":"1","show_featured":"1","show_post_meta":"1","show_post_author":"0","show_post_author_image":"1","show_post_date":"1","post_date_format":"default","post_date_format_custom":"Y\/m\/d","show_post_category":"1","show_post_reading_time":"0","post_reading_time_wpm":"300","show_zoom_button":"0","zoom_button_out_step":"2","zoom_button_in_step":"3","show_post_tag":"1","show_prev_next_post":"0","show_popup_post":"1","number_popup_post":"1","show_author_box":"0","show_post_related":"1","show_inline_post_related":"0"}],"override_image_size":"0","image_override":[{"single_post_thumbnail_size":"crop-500","single_post_gallery_size":"crop-500"}],"trending_post":"0","trending_post_position":"meta","trending_post_label":"Trending","sponsored_post":"0","sponsored_post_label":"Sponsored by","sponsored_post_name":"","sponsored_post_url":"","sponsored_post_logo_enable":"0","sponsored_post_logo":"","sponsored_post_desc":"","disable_ad":"0"},"jnews_primary_category":{"id":"","hide":""},"jnews_social_meta":{"fb_title":"","fb_description":"","fb_image":"","twitter_title":"","twitter_description":"","twitter_image":""},"jnews_override_counter":{"override_view_counter":"0","view_counter_number":"0","override_share_counter":"0","share_counter_number":"0","override_like_counter":"0","like_counter_number":"0","override_dislike_counter":"0","dislike_counter_number":"0"},"footnotes":""},"categories":[3],"tags":[370,376],"class_list":["post-18279","post","type-post","status-publish","format-standard","has-post-thumbnail","hentry","category-infos-des-femmes","tag-prisonnieres","tag-violence-contre-les-femmes"],"_links":{"self":[{"href":"https:\/\/wncri.org\/fr\/wp-json\/wp\/v2\/posts\/18279","targetHints":{"allow":["GET"]}}],"collection":[{"href":"https:\/\/wncri.org\/fr\/wp-json\/wp\/v2\/posts"}],"about":[{"href":"https:\/\/wncri.org\/fr\/wp-json\/wp\/v2\/types\/post"}],"author":[{"embeddable":true,"href":"https:\/\/wncri.org\/fr\/wp-json\/wp\/v2\/users\/4"}],"replies":[{"embeddable":true,"href":"https:\/\/wncri.org\/fr\/wp-json\/wp\/v2\/comments?post=18279"}],"version-history":[{"count":1,"href":"https:\/\/wncri.org\/fr\/wp-json\/wp\/v2\/posts\/18279\/revisions"}],"predecessor-version":[{"id":18284,"href":"https:\/\/wncri.org\/fr\/wp-json\/wp\/v2\/posts\/18279\/revisions\/18284"}],"wp:featuredmedia":[{"embeddable":true,"href":"https:\/\/wncri.org\/fr\/wp-json\/wp\/v2\/media\/18280"}],"wp:attachment":[{"href":"https:\/\/wncri.org\/fr\/wp-json\/wp\/v2\/media?parent=18279"}],"wp:term":[{"taxonomy":"category","embeddable":true,"href":"https:\/\/wncri.org\/fr\/wp-json\/wp\/v2\/categories?post=18279"},{"taxonomy":"post_tag","embeddable":true,"href":"https:\/\/wncri.org\/fr\/wp-json\/wp\/v2\/tags?post=18279"}],"curies":[{"name":"wp","href":"https:\/\/api.w.org\/{rel}","templated":true}]}}