{"id":18268,"date":"2023-05-14T08:12:00","date_gmt":"2023-05-14T06:12:00","guid":{"rendered":"https:\/\/wncri.org\/fr\/?p=18268"},"modified":"2023-05-15T15:17:36","modified_gmt":"2023-05-15T13:17:36","slug":"expulsions-et-arrestations","status":"publish","type":"post","link":"https:\/\/wncri.org\/fr\/2023\/05\/14\/expulsions-et-arrestations\/","title":{"rendered":"Expulsions et arrestations injustes : La lutte des enseignants face \u00e0 la r\u00e9pression du r\u00e9gime cl\u00e9rical"},"content":{"rendered":"\n<h2 class=\"wp-block-heading\">Expulsions et arrestations injustes : La lutte des enseignants face \u00e0 la r\u00e9pression du r\u00e9gime cl\u00e9rical<\/h2>\n\n\n\n<p>Le r\u00e9gime cl\u00e9rical exerce une pression accrue sur les enseignants par le biais d&#8217;arrestations, de convocations et d&#8217;expulsions. Le d\u00e9partement de la s\u00e9curit\u00e9 et la commission des violations administratives du minist\u00e8re de l&#8217;\u00e9ducation se sont pratiquement transform\u00e9s en bras arm\u00e9s des forces de s\u00e9curit\u00e9 au cours de l&#8217;ann\u00e9e \u00e9coul\u00e9e. Ils ont concentr\u00e9 tous leurs efforts sur l&#8217;\u00e9tablissement de dossiers sans fondement pour les enseignants militants afin de r\u00e9primer leurs protestations.<\/p>\n\n\n\n<p>Le Conseil de coordination des associations d&#8217;enseignants a annonc\u00e9 que la Commission des violations du minist\u00e8re de l&#8217;\u00e9ducation de la province de Gilan avait expuls\u00e9 <a href=\"https:\/\/twitter.com\/CoordinatingA\/status\/1656629259287371777\" target=\"_blank\" rel=\"noreferrer noopener\">Mme Fariba Anami<\/a>, une enseignante courageuse et respect\u00e9e d&#8217;Anzali, sur la base d&#8217;un ordre injuste et oppressif.<\/p>\n\n\n\n<p>Fariba Anami enseigne dans les lyc\u00e9es de Gilan et d&#8217;Anzali depuis plus de 25 ans. Elle fait partie des centaines d&#8217;enseignants militants qui n&#8217;ont eu de cesse de faire valoir leurs droits professionnels.<\/p>\n\n\n\n<p>Actuellement, au moins 16 enseignants \u00e9pris de libert\u00e9 sont incarc\u00e9r\u00e9s dans diff\u00e9rentes prisons. Ces enseignants sont notamment accus\u00e9s d&#8217;avoir rencontr\u00e9 les familles des personnes tu\u00e9es lors des r\u00e9centes manifestations et d&#8217;avoir diffus\u00e9 sur les m\u00e9dias sociaux des contenus en solidarit\u00e9 avec les manifestations.<\/p>\n\n\n\n<p>Mme Farzaneh Nazeranpour, enseignante r\u00e9sidente \u00e0 T\u00e9h\u00e9ran, fait partie des enseignants emprisonn\u00e9s. \u00c0 la mi-mars, elle a \u00e9t\u00e9 condamn\u00e9e \u00e0 dix mois de prison par la branche 26 du tribunal r\u00e9volutionnaire de T\u00e9h\u00e9ran pour &#8220;propagande contre l&#8217;\u00c9tat&#8221; et &#8220;perturbation de l&#8217;opinion publique&#8221;. Apr\u00e8s que la Cour de r\u00e9vision a confirm\u00e9 la sentence, elle a \u00e9t\u00e9 transf\u00e9r\u00e9e \u00e0 la prison d&#8217;Evine le 2 mai 2023.<\/p>\n\n\n\n<p>Outre Farzaneh Nazeranpuor, deux autres enseignantes, <a href=\"https:\/\/wncri.org\/2023\/05\/10\/iran-fatemeh-tadrisi-atekeh-rajabi\/\" target=\"_blank\" rel=\"noreferrer noopener\">Atekeh Rajabi et Fatemeh Tadrisi<\/a>, ont \u00e9t\u00e9 arr\u00eat\u00e9es et emprisonn\u00e9es le 9 mai 2023. Atekeh Rajabi est actuellement en <a href=\"https:\/\/wncri.org\/2023\/05\/11\/atekeh-rajabi-hunger-strike\/\" target=\"_blank\" rel=\"noreferrer noopener\">gr\u00e8ve de la faim.<\/a><\/p>\n\n\n\n<p>En outre, le tribunal public et r\u00e9volutionnaire d&#8217;Ahvaz a mis en accusation onze enseignants de la province de Khouzestan. L&#8217;avocat de la d\u00e9fense de ces enseignants a d\u00e9clar\u00e9 que les charges retenues contre eux comprennent &#8220;l&#8217;appartenance \u00e0 des groupes visant \u00e0 porter atteinte \u00e0 la s\u00e9curit\u00e9 nationale&#8221; et &#8220;des activit\u00e9s de propagande contre le syst\u00e8me de la R\u00e9publique islamique&#8221;. Kowkab Badaghi et Zahra Bakhtiyari, deux enseignantes, font partie des enseignants du Khouzestan qui ont \u00e9t\u00e9 inculp\u00e9s.<\/p>\n","protected":false},"excerpt":{"rendered":"<p>Expulsions et arrestations injustes : La lutte des enseignants face \u00e0 la r\u00e9pression du r\u00e9gime cl\u00e9rical Le r\u00e9gime cl\u00e9rical exerce une pression accrue sur les enseignants par le biais d&#8217;arrestations, de convocations et d&#8217;expulsions. Le d\u00e9partement de la s\u00e9curit\u00e9 et la commission des violations administratives du minist\u00e8re de l&#8217;\u00e9ducation se sont pratiquement transform\u00e9s en bras [&hellip;]<\/p>\n","protected":false},"author":4,"featured_media":18269,"comment_status":"closed","ping_status":"closed","sticky":false,"template":"","format":"standard","meta":{"jnews-multi-image_gallery":[],"jnews_single_post":{"subtitle":"","format":"standard","video":"","gallery":"","source_name":"","source_url":"","via_name":"","via_url":"","override_template":"0","override":[{"template":"7","single_blog_custom":"","parallax":"1","fullscreen":"1","layout":"right-sidebar","sidebar":"default-sidebar","second_sidebar":"default-sidebar","sticky_sidebar":"1","share_position":"floatbottom","share_float_style":"share-normal","show_share_counter":"1","show_view_counter":"1","show_featured":"1","show_post_meta":"1","show_post_author":"0","show_post_author_image":"1","show_post_date":"1","post_date_format":"default","post_date_format_custom":"Y\/m\/d","show_post_category":"1","show_post_reading_time":"0","post_reading_time_wpm":"300","show_zoom_button":"0","zoom_button_out_step":"2","zoom_button_in_step":"3","show_post_tag":"1","show_prev_next_post":"0","show_popup_post":"1","number_popup_post":"1","show_author_box":"0","show_post_related":"1","show_inline_post_related":"0"}],"override_image_size":"0","image_override":[{"single_post_thumbnail_size":"crop-500","single_post_gallery_size":"crop-500"}],"trending_post":"0","trending_post_position":"meta","trending_post_label":"Trending","sponsored_post":"0","sponsored_post_label":"Sponsored by","sponsored_post_name":"","sponsored_post_url":"","sponsored_post_logo_enable":"0","sponsored_post_logo":"","sponsored_post_desc":"","disable_ad":"0"},"jnews_primary_category":{"id":"","hide":""},"jnews_social_meta":{"fb_title":"","fb_description":"","fb_image":"","twitter_title":"","twitter_description":"","twitter_image":""},"jnews_override_counter":{"override_view_counter":"0","view_counter_number":"0","override_share_counter":"0","share_counter_number":"0","override_like_counter":"0","like_counter_number":"0","override_dislike_counter":"0","dislike_counter_number":"0"},"footnotes":""},"categories":[3],"tags":[379],"class_list":["post-18268","post","type-post","status-publish","format-standard","has-post-thumbnail","hentry","category-infos-des-femmes","tag-enseignantes"],"_links":{"self":[{"href":"https:\/\/wncri.org\/fr\/wp-json\/wp\/v2\/posts\/18268","targetHints":{"allow":["GET"]}}],"collection":[{"href":"https:\/\/wncri.org\/fr\/wp-json\/wp\/v2\/posts"}],"about":[{"href":"https:\/\/wncri.org\/fr\/wp-json\/wp\/v2\/types\/post"}],"author":[{"embeddable":true,"href":"https:\/\/wncri.org\/fr\/wp-json\/wp\/v2\/users\/4"}],"replies":[{"embeddable":true,"href":"https:\/\/wncri.org\/fr\/wp-json\/wp\/v2\/comments?post=18268"}],"version-history":[{"count":2,"href":"https:\/\/wncri.org\/fr\/wp-json\/wp\/v2\/posts\/18268\/revisions"}],"predecessor-version":[{"id":18271,"href":"https:\/\/wncri.org\/fr\/wp-json\/wp\/v2\/posts\/18268\/revisions\/18271"}],"wp:featuredmedia":[{"embeddable":true,"href":"https:\/\/wncri.org\/fr\/wp-json\/wp\/v2\/media\/18269"}],"wp:attachment":[{"href":"https:\/\/wncri.org\/fr\/wp-json\/wp\/v2\/media?parent=18268"}],"wp:term":[{"taxonomy":"category","embeddable":true,"href":"https:\/\/wncri.org\/fr\/wp-json\/wp\/v2\/categories?post=18268"},{"taxonomy":"post_tag","embeddable":true,"href":"https:\/\/wncri.org\/fr\/wp-json\/wp\/v2\/tags?post=18268"}],"curies":[{"name":"wp","href":"https:\/\/api.w.org\/{rel}","templated":true}]}}