{"id":18156,"date":"2023-04-26T21:54:53","date_gmt":"2023-04-26T19:54:53","guid":{"rendered":"https:\/\/wncri.org\/fr\/?p=18156"},"modified":"2023-04-26T21:56:45","modified_gmt":"2023-04-26T19:56:45","slug":"attaques-chimiques-organisees","status":"publish","type":"post","link":"https:\/\/wncri.org\/fr\/2023\/04\/26\/attaques-chimiques-organisees\/","title":{"rendered":"Les attaques chimiques organis\u00e9es contre les \u00e9tudiantes en Iran se multiplient"},"content":{"rendered":"\n<h3 class=\"wp-block-heading\">Les attaques chimiques organis\u00e9es contre les \u00e9tudiantes en Iran se multiplient<\/h3>\n\n\n\n<p><em>Des dizaines d&#8217;\u00e9tudiantes ont \u00e9t\u00e9 empoisonn\u00e9es lors des attaques chimiques organis\u00e9es les 24 et 25 avril<\/em><\/p>\n\n\n\n<p>Les 24 et 25 avril, plusieurs \u00e9coles de T\u00e9h\u00e9ran et d&#8217;autres villes ont \u00e9t\u00e9 le th\u00e9\u00e2tre de l&#8217;empoisonnement d&#8217;autres \u00e9coli\u00e8res. Ces attaques chimiques organis\u00e9es sont une tentative du r\u00e9gime, de Khamenei et du CGRI, de contrer le soul\u00e8vement et dans le but de se venger des filles et des femmes qui ont \u00e9t\u00e9 \u00e0 l&#8217;avant-garde des manifestations en 2022 et 2023.<\/p>\n\n\n\n<p>Le 25 avril, des \u00e9l\u00e8ves de plusieurs \u00e9coles de filles, dont <a href=\"https:\/\/twitter.com\/Mojahedineng\/status\/1650782950827651074\" target=\"_blank\" rel=\"noreferrer noopener\">le lyc\u00e9e de filles Avini<\/a> \u00e0 T\u00e9h\u00e9ran, <a href=\"https:\/\/twitter.com\/womenncri\/status\/1650957815182159872\" target=\"_blank\" rel=\"noreferrer noopener\">l&#8217;\u00e9cole de filles Niayesh \u00e0 Sanandaj<\/a>, l&#8217;\u00e9cole de filles Qudousi <a href=\"https:\/\/twitter.com\/Mojahedineng\/status\/1650823216582086657\" target=\"_blank\" rel=\"noreferrer noopener\">et l&#8217;\u00e9cole de gar\u00e7ons Mohammadian \u00e0 Kermanchah<\/a>, ont \u00e9t\u00e9 empoisonn\u00e9es \u00e0 la suite d&#8217;attaques chimiques.<\/p>\n\n\n\n<p>Le 24 avril, les \u00e9coles suivantes ont \u00e9t\u00e9 vis\u00e9es : Maedeh, Niayesh, Mastoureh Ardalan, <a href=\"https:\/\/twitter.com\/Mojahedineng\/status\/1650411120388370437\" target=\"_blank\" rel=\"noreferrer noopener\">Me&#8217;raj et Esmat \u00e0 Sanandaj,<\/a> l&#8217;\u00e9cole de filles <a href=\"https:\/\/twitter.com\/Mojahedineng\/status\/1650509901498839040\" target=\"_blank\" rel=\"noreferrer noopener\">22 Bahman<\/a> et le <a href=\"https:\/\/twitter.com\/Mojahedineng\/status\/1650504869302681600\" target=\"_blank\" rel=\"noreferrer noopener\">lyc\u00e9e de filles Fatemeh Pezeshki<\/a> \u00e0 <a href=\"https:\/\/twitter.com\/Mojahedineng\/status\/1650465861613027330\" target=\"_blank\" rel=\"noreferrer noopener\">Mehrchahr Karaj<\/a>, l&#8217;\u00e9cole de filles Javad Al Asad, le conservatoire de filles Fatemiyeh et le lyc\u00e9e de filles Javid Al Athar \u00e0 <a href=\"https:\/\/twitter.com\/Mojahedineng\/status\/1650464603212754946\" target=\"_blank\" rel=\"noreferrer noopener\">Hamadan<\/a>, ainsi que l&#8217;\u00e9cole de filles Fasainejad \u00e0 T\u00e9h\u00e9ran. Des dizaines d&#8217;\u00e9l\u00e8ves ont \u00e9t\u00e9 <a href=\"https:\/\/wncri.org\/fr\/2023\/03\/14\/empoisonnement-au-gaz\/\" target=\"_blank\" rel=\"noreferrer noopener\">empoisonn\u00e9es<\/a> et ont d\u00fb \u00eatre soign\u00e9es \u00e0 l&#8217;h\u00f4pital.<\/p>\n\n\n\n<p>Des t\u00e9moignages rapport\u00e9s par les m\u00e9dias kurdes indiquent qu&#8217;\u00e0 l&#8217;\u00e9cole Mastoureh Ardalan, d\u00e8s les premi\u00e8res heures de cours le 24 avril, tous les t\u00e9l\u00e9phones portables des \u00e9l\u00e8ves ont \u00e9t\u00e9 saisis par la direction de l&#8217;\u00e9cole. Les responsables de cette \u00e9cole ont gard\u00e9 les \u00e9l\u00e8ves \u00e0 l&#8217;\u00e9cole jusqu&#8217;\u00e0 la fin des heures de cours et les ont emp\u00each\u00e9s d&#8217;entrer ou de sortir.<\/p>\n\n\n\n<p>Au cours des cinq derniers mois, des attaques chimiques organis\u00e9es ont eu lieu dans plus de 500 \u00e9coles de filles dans 110 villes d&#8217;Iran.<\/p>\n\n\n<div class=\"wp-block-image\">\n<figure class=\"aligncenter size-full\"><img decoding=\"async\" src=\"data:image\/gif;base64,R0lGODlhAQABAIAAAAAAAP\/\/\/yH5BAEAAAAALAAAAAABAAEAAAIBRAA7\" data-src=\"https:\/\/wncri.org\/fr\/wp-content\/uploads\/2023\/04\/Organized-chemical-attacks-on-girls-in-Iran-Mahna-Rahimi-Raha-Hosseini-min.jpg\" alt=\"Deaths of students due to the organized chemical attacks\n\" class=\"wp-image-18158 lazyload\"\/><figcaption class=\"wp-element-caption\">Mahna Rahimi Mehr est morte \u00e0 Saqqez, au Kurdistan, et Raha Hosseini, 9 ans, \u00e0 Ispahan, \u00e0 la suite des attaques chimiques organis\u00e9es contre des \u00e9coles de filles, respectivement en avril et en mars.<\/figcaption><\/figure>\n<\/div>\n\n\n<h3 class=\"wp-block-heading\"><strong>D\u00e9c\u00e8s d&#8217;\u00e9l\u00e8ves \u00e0 la suite d&#8217;attaques chimiques organis\u00e9es<\/strong><\/h3>\n\n\n\n<p>Malgr\u00e9 les informations persistantes faisant \u00e9tat de l&#8217;empoisonnement d&#8217;\u00e9l\u00e8ves et de plusieurs d\u00e9c\u00e8s, le r\u00e9gime iranien et ses institutions ont tent\u00e9 d&#8217;\u00e9touffer l&#8217;affaire et d&#8217;emp\u00eacher la v\u00e9rit\u00e9 d&#8217;\u00e9clater au grand jour.<\/p>\n\n\n\n<p>Les m\u00e9dias sociaux ont signal\u00e9 la mort de Mahna Rahimi Mehr \u00e0 Saqqez, au Kurdistan, et de Raha Hosseini, 9 ans, \u00e0 Ispahan, \u00e0 la suite des attaques chimiques organis\u00e9es men\u00e9es dans des \u00e9coles de filles en avril et en mars, respectivement.<\/p>\n\n\n\n<p>Les personnes qui ont tent\u00e9 de diffuser des informations sur ces crimes ont \u00e9t\u00e9 poursuivies et emprisonn\u00e9es.<\/p>\n\n\n\n<p>Le 20 avril, une femme a \u00e9t\u00e9 arr\u00eat\u00e9e pour avoir &#8220;pr\u00e9par\u00e9 des vid\u00e9os et des photos de l&#8217;\u00e9tat des \u00e9l\u00e8ves depuis leur arriv\u00e9e \u00e0 l&#8217;h\u00f4pital en se rendant dans diff\u00e9rents services de traitement&#8221;. Elle a \u00e9t\u00e9 accus\u00e9e de r\u00e9pandre des mensonges et de la propagande contre le r\u00e9gime et a \u00e9t\u00e9 envoy\u00e9e en prison. (Entekhab.ir, 20 avril 2023)<\/p>\n\n\n<div class=\"wp-block-image\">\n<figure class=\"aligncenter size-full\"><img decoding=\"async\" src=\"data:image\/gif;base64,R0lGODlhAQABAIAAAAAAAP\/\/\/yH5BAEAAAAALAAAAAABAAEAAAIBRAA7\" data-src=\"https:\/\/wncri.org\/fr\/wp-content\/uploads\/2023\/04\/Organized-chemical-attacks-on-girls-in-Iran-2-min.jpg\" alt=\"attaques chimiques organis\u00e9es\" class=\"wp-image-18157 lazyload\"\/><noscript><img decoding=\"async\" width=\"750\" height=\"375\" src=\"https:\/\/wncri.org\/fr\/wp-content\/uploads\/2023\/04\/Organized-chemical-attacks-on-girls-in-Iran-2-min.jpg\" alt=\"attaques chimiques organis\u00e9es\" class=\"wp-image-18157 lazyload\" srcset=\"https:\/\/wncri.org\/fr\/wp-content\/uploads\/2023\/04\/Organized-chemical-attacks-on-girls-in-Iran-2-min.jpg 750w, https:\/\/wncri.org\/fr\/wp-content\/uploads\/2023\/04\/Organized-chemical-attacks-on-girls-in-Iran-2-min-300x150.jpg 300w, https:\/\/wncri.org\/fr\/wp-content\/uploads\/2023\/04\/Organized-chemical-attacks-on-girls-in-Iran-2-min-360x180.jpg 360w\" sizes=\"(max-width: 750px) 100vw, 750px\" \/><\/noscript><figcaption class=\"wp-element-caption\">Les cons\u00e9quences d&#8217;une attaque chimique contre l&#8217;\u00e9cole de filles de Qodousi, \u00e0 Kermanshah, le 25 avril.<\/figcaption><\/figure>\n<\/div>\n\n\n<p>Des membres du parlement des mollahs ont \u00e9galement fait part de leurs inqui\u00e9tudes quant \u00e0 l&#8217;organisation d&#8217;attaques chimiques.<\/p>\n\n\n\n<p>Behzad Rahimi a d\u00e9clar\u00e9 le 17 avril que &#8220;<a href=\"https:\/\/wncri.org\/2023\/03\/13\/serial-poisoning\/\" target=\"_blank\" rel=\"noreferrer noopener\">l&#8217;empoisonnement en s\u00e9rie<\/a> d&#8217;\u00e9tudiantes s&#8217;est produit \u00e0 grande \u00e9chelle pendant plusieurs mois et est devenu un <a href=\"https:\/\/wncri.org\/fr\/2023\/03\/20\/lempoisonnement-delibere\/\" target=\"_blank\" rel=\"noreferrer noopener\">probl\u00e8me difficile et non r\u00e9solu<\/a>&#8220;. Un autre d\u00e9put\u00e9, Mostafa Reza Hosseini, a critiqu\u00e9 la <a href=\"https:\/\/wncri.org\/fr\/2023\/04\/19\/empoisonnement-decolieres\/\" target=\"_blank\" rel=\"noreferrer noopener\">r\u00e9ponse du gouvernement<\/a> et a demand\u00e9 pourquoi plus d&#8217;efforts n&#8217;ont pas \u00e9t\u00e9 faits pour arr\u00eater les responsables de ces attaques chimiques organis\u00e9es.<\/p>\n\n\n\n<p>La R\u00e9sistance iranienne demande une enqu\u00eate ind\u00e9pendante de la commission d&#8217;enqu\u00eate internationale sur ces attaques chimiques \u00e0 grande \u00e9chelle, syst\u00e9matiques et organis\u00e9es.<\/p>\n","protected":false},"excerpt":{"rendered":"<p>Les attaques chimiques organis\u00e9es contre les \u00e9tudiantes en Iran se multiplient Des dizaines d&#8217;\u00e9tudiantes ont \u00e9t\u00e9 empoisonn\u00e9es lors des attaques chimiques organis\u00e9es les 24 et 25 avril Les 24 et 25 avril, plusieurs \u00e9coles de T\u00e9h\u00e9ran et d&#8217;autres villes ont \u00e9t\u00e9 le th\u00e9\u00e2tre de l&#8217;empoisonnement d&#8217;autres \u00e9coli\u00e8res. Ces attaques chimiques organis\u00e9es sont une tentative du [&hellip;]<\/p>\n","protected":false},"author":4,"featured_media":18159,"comment_status":"closed","ping_status":"closed","sticky":false,"template":"","format":"standard","meta":{"jnews-multi-image_gallery":[],"jnews_single_post":{"subtitle":"","format":"standard","video":"","gallery":"","source_name":"","source_url":"","via_name":"","via_url":"","override_template":"0","override":[{"template":"7","single_blog_custom":"","parallax":"1","fullscreen":"1","layout":"right-sidebar","sidebar":"default-sidebar","second_sidebar":"default-sidebar","sticky_sidebar":"1","share_position":"floatbottom","share_float_style":"share-normal","show_share_counter":"1","show_view_counter":"1","show_featured":"1","show_post_meta":"1","show_post_author":"0","show_post_author_image":"1","show_post_date":"1","post_date_format":"default","post_date_format_custom":"Y\/m\/d","show_post_category":"1","show_post_reading_time":"0","post_reading_time_wpm":"300","show_zoom_button":"0","zoom_button_out_step":"2","zoom_button_in_step":"3","show_post_tag":"1","show_prev_next_post":"0","show_popup_post":"1","number_popup_post":"1","show_author_box":"0","show_post_related":"1","show_inline_post_related":"0"}],"override_image_size":"0","image_override":[{"single_post_thumbnail_size":"crop-500","single_post_gallery_size":"crop-500"}],"trending_post":"0","trending_post_position":"meta","trending_post_label":"Trending","sponsored_post":"0","sponsored_post_label":"Sponsored by","sponsored_post_name":"","sponsored_post_url":"","sponsored_post_logo_enable":"0","sponsored_post_logo":"","sponsored_post_desc":"","disable_ad":"0"},"jnews_primary_category":{"id":"","hide":""},"jnews_social_meta":{"fb_title":"","fb_description":"","fb_image":"","twitter_title":"","twitter_description":"","twitter_image":""},"jnews_override_counter":{"override_view_counter":"0","view_counter_number":"0","override_share_counter":"0","share_counter_number":"0","override_like_counter":"0","like_counter_number":"0","override_dislike_counter":"0","dislike_counter_number":"0"},"footnotes":""},"categories":[3],"tags":[366],"class_list":["post-18156","post","type-post","status-publish","format-standard","has-post-thumbnail","hentry","category-infos-des-femmes","tag-la-petite-fille"],"_links":{"self":[{"href":"https:\/\/wncri.org\/fr\/wp-json\/wp\/v2\/posts\/18156","targetHints":{"allow":["GET"]}}],"collection":[{"href":"https:\/\/wncri.org\/fr\/wp-json\/wp\/v2\/posts"}],"about":[{"href":"https:\/\/wncri.org\/fr\/wp-json\/wp\/v2\/types\/post"}],"author":[{"embeddable":true,"href":"https:\/\/wncri.org\/fr\/wp-json\/wp\/v2\/users\/4"}],"replies":[{"embeddable":true,"href":"https:\/\/wncri.org\/fr\/wp-json\/wp\/v2\/comments?post=18156"}],"version-history":[{"count":1,"href":"https:\/\/wncri.org\/fr\/wp-json\/wp\/v2\/posts\/18156\/revisions"}],"predecessor-version":[{"id":18160,"href":"https:\/\/wncri.org\/fr\/wp-json\/wp\/v2\/posts\/18156\/revisions\/18160"}],"wp:featuredmedia":[{"embeddable":true,"href":"https:\/\/wncri.org\/fr\/wp-json\/wp\/v2\/media\/18159"}],"wp:attachment":[{"href":"https:\/\/wncri.org\/fr\/wp-json\/wp\/v2\/media?parent=18156"}],"wp:term":[{"taxonomy":"category","embeddable":true,"href":"https:\/\/wncri.org\/fr\/wp-json\/wp\/v2\/categories?post=18156"},{"taxonomy":"post_tag","embeddable":true,"href":"https:\/\/wncri.org\/fr\/wp-json\/wp\/v2\/tags?post=18156"}],"curies":[{"name":"wp","href":"https:\/\/api.w.org\/{rel}","templated":true}]}}