{"id":18150,"date":"2023-04-25T21:33:03","date_gmt":"2023-04-25T19:33:03","guid":{"rendered":"https:\/\/wncri.org\/fr\/?p=18150"},"modified":"2023-04-26T21:38:26","modified_gmt":"2023-04-26T19:38:26","slug":"leader-de-la-contestation","status":"publish","type":"post","link":"https:\/\/wncri.org\/fr\/2023\/04\/25\/leader-de-la-contestation\/","title":{"rendered":"La prisonni\u00e8re politique Massoumeh Senobari, inculp\u00e9e en tant que leader de la contestation, est priv\u00e9e d&#8217;appels \u00e0 sa famille"},"content":{"rendered":"\n<h3 class=\"wp-block-heading\">La prisonni\u00e8re politique Massoumeh Senobari, inculp\u00e9e en tant que leader de la contestation, est priv\u00e9e d&#8217;appels \u00e0 sa famille<\/h3>\n\n\n\n<p>La prisonni\u00e8re politique Massoumeh Senobari, inculp\u00e9e en tant que leader de la contestation, est priv\u00e9e d&#8217;appels \u00e0 sa famille depuis pr\u00e8s d&#8217;une semaine.<\/p>\n\n\n\n<p>La raison de ce refus n&#8217;est pas connue et la famille de cette prisonni\u00e8re politique s&#8217;inqui\u00e8te de son \u00e9tat.<\/p>\n\n\n\n<p>La prisonni\u00e8re politique Massoumeh Senobari a \u00e9t\u00e9 <a href=\"https:\/\/wncri.org\/fr\/2023\/02\/01\/massoumeh-senobari\/\" target=\"_blank\" rel=\"noreferrer noopener\">arr\u00eat\u00e9e<\/a> et d\u00e9tenue pendant le soul\u00e8vement iranien \u00e0 Karaj et a \u00e9t\u00e9 inculp\u00e9e en tant que leader de la contestation.<\/p>\n\n\n\n<p>La premi\u00e8re section du tribunal r\u00e9volutionnaire de Karaj l&#8217;a jug\u00e9e le 5 mars 2023 et l&#8217;a accus\u00e9e de &#8220;participer \u00e0 des actions contre l&#8217;\u00c9tat en \u00e9tant membre des Moudjahidine du peuple (OMPI), de faire de la propagande contre l&#8217;\u00c9tat en participant \u00e0 des rassemblements ill\u00e9gaux, de faire de la propagande, d&#8217;\u00e9crire des slogans et de distribuer les photos des dirigeants des Moudjahidine&#8221;. Elle a \u00e9t\u00e9 condamn\u00e9e \u00e0 7,5 ans de prison.<\/p>\n\n\n\n<p>Massoumeh Senobari, de Tabriz, a \u00e9t\u00e9 arr\u00eat\u00e9e \u00e0 Karaj le 13 d\u00e9cembre 2022 et transf\u00e9r\u00e9e au d\u00e9partement des renseignements de la ville. Le 4 janvier 2023, apr\u00e8s une quarantaine de jours d&#8217;interrogatoire, elle a \u00e9t\u00e9 transf\u00e9r\u00e9e au pavillon 4 de la prison Fardis de Karaj, \u00e9galement connu sous le nom de pavillon des femmes de la prison de Kachouii.<\/p>\n\n\n\n<p>Elle est d\u00e9tenue dans une chambre d&#8217;isolement du quartier des femmes et <a href=\"https:\/\/wncri.org\/fr\/2023\/03\/28\/prisonniere-politique-massoumeh\/\" target=\"_blank\" rel=\"noreferrer noopener\">est priv\u00e9e de tous les droits d&#8217;une prisonni\u00e8re politique<\/a>. Elle n&#8217;est pas autoris\u00e9e \u00e0 voir les autres d\u00e9tenues. Selon la d\u00e9cision du tribunal, elle n&#8217;a pas le droit de communiquer avec d&#8217;autres prisonni\u00e8res et doit \u00eatre d\u00e9tenue dans une prison ferm\u00e9e.<\/p>\n\n\n\n<p>Son temps d&#8217;antenne est limit\u00e9 \u00e0 une heure tous les deux jours. Selon cet horaire, les autres prisonni\u00e8res sont sorties du sas afin qu&#8217;elle ne puisse pas communiquer avec eux.<\/p>\n\n\n<div class=\"wp-block-image\">\n<figure class=\"aligncenter size-full is-resized\"><img decoding=\"async\" src=\"data:image\/gif;base64,R0lGODlhAQABAIAAAAAAAP\/\/\/yH5BAEAAAAALAAAAAABAAEAAAIBRAA7\" data-src=\"https:\/\/wncri.org\/fr\/wp-content\/uploads\/2023\/04\/leader-de-la-contestation.jpg\" alt=\"leader de la contestation\" class=\"wp-image-18151 lazyload\" width=\"634\" height=\"453\"\/><noscript><img decoding=\"async\" src=\"https:\/\/wncri.org\/fr\/wp-content\/uploads\/2023\/04\/leader-de-la-contestation.jpg\" alt=\"leader de la contestation\" class=\"wp-image-18151 lazyload\" width=\"634\" height=\"453\" srcset=\"https:\/\/wncri.org\/fr\/wp-content\/uploads\/2023\/04\/leader-de-la-contestation.jpg 350w, https:\/\/wncri.org\/fr\/wp-content\/uploads\/2023\/04\/leader-de-la-contestation-300x214.jpg 300w, https:\/\/wncri.org\/fr\/wp-content\/uploads\/2023\/04\/leader-de-la-contestation-120x86.jpg 120w\" sizes=\"(max-width: 634px) 100vw, 634px\" \/><\/noscript><\/figure>\n<\/div>\n\n\n<h3 class=\"wp-block-heading\"><strong>Informations g\u00e9n\u00e9rales sur l&#8217;emprisonnement de Massoumeh Senobari<\/strong><\/h3>\n\n\n\n<p>Massoumeh Senobari, fille de Mohammad Ali, est n\u00e9e en 1988 \u00e0 Tabriz et a une fille. Elle a \u00e9t\u00e9 condamn\u00e9e \u00e0 huit ans de prison pour &#8220;propagande contre l&#8217;\u00c9tat&#8221; et &#8220;insulte&#8221; au guide supr\u00eame des mollahs et a \u00e9t\u00e9 incarc\u00e9r\u00e9e dans le quartier des femmes de la prison centrale de Tabriz.<\/p>\n\n\n\n<p>Massoumeh Senobari a \u00e9t\u00e9 arr\u00eat\u00e9e le 24 f\u00e9vrier 2019 et transf\u00e9r\u00e9e au centre de d\u00e9tention du d\u00e9partement des renseignements de Tabriz. Elle a \u00e9t\u00e9 brutalement tortur\u00e9e pendant l&#8217;interrogatoire et ne pouvait pas marcher \u00e0 cause des coups de fouet violents qu&#8217;elle recevait. Les coups qu&#8217;elle a re\u00e7us \u00e0 la t\u00eate ont brouill\u00e9 sa vision. Sa jambe s&#8217;est bris\u00e9e sous la torture et son talon s&#8217;est fissur\u00e9. Elle a \u00e9t\u00e9 lib\u00e9r\u00e9e en ao\u00fbt 2019 contre une caution de 600 millions de tomans jusqu&#8217;\u00e0 son proc\u00e8s.<\/p>\n\n\n\n<p>Massoumeh Senobari a \u00e9t\u00e9 de nouveau arr\u00eat\u00e9e le 5 f\u00e9vrier 2020, sans convocation pr\u00e9alable, au domicile de sa s\u0153ur et soumise \u00e0 de graves tortures. En octobre 2020, lors de l&#8217;\u00e9pid\u00e9mie de coronavirus \u00e0 la prison centrale de Tabriz, elle a \u00e9t\u00e9 <a href=\"https:\/\/wncri.org\/fr\/2020\/10\/03\/prisonniere-politique-massoumeh-senobari\/\" target=\"_blank\" rel=\"noreferrer noopener\">infect\u00e9e par la maladie de Covid-19.<\/a><\/p>\n\n\n\n<p>La prisonni\u00e8re politique Massoumeh Senobari souffre \u00e9galement de probl\u00e8mes cardiaques, mais les <a href=\"https:\/\/wncri.org\/fr\/2021\/02\/11\/malgre-un-cancer\/\" target=\"_blank\" rel=\"noreferrer noopener\">autorit\u00e9s de la prison<\/a> de Tabriz l&#8217;ont emp\u00each\u00e9e de recevoir les m\u00e9dicaments fournis par sa famille. Elle a finalement \u00e9t\u00e9 lib\u00e9r\u00e9e en 2021.<\/p>\n\n\n\n<p>Mme Senobari a de nouveau \u00e9t\u00e9 <a href=\"https:\/\/iranhrs.org\/%d9%85%d8%b9%d8%b5%d9%88%d9%85%d9%87-%d8%b5%d9%86%d9%88%d8%a8%d8%b1%db%8c-%d8%a8%d8%a7%d8%b2%d8%af%d8%a7%d8%b4%d8%aa-%d8%af%d8%b1-%da%a9%d8%b1%d8%ac\/\" target=\"_blank\" rel=\"noreferrer noopener\">arr\u00eat\u00e9e \u00e0 Karaj<\/a> et transf\u00e9r\u00e9e \u00e0 la prison de Fardis (Kachouii) le 13 d\u00e9cembre 2022 ; on ne dispose d&#8217;aucune information sur son \u00e9tat de sant\u00e9.<\/p>\n","protected":false},"excerpt":{"rendered":"<p>La prisonni\u00e8re politique Massoumeh Senobari, inculp\u00e9e en tant que leader de la contestation, est priv\u00e9e d&#8217;appels \u00e0 sa famille La prisonni\u00e8re politique Massoumeh Senobari, inculp\u00e9e en tant que leader de la contestation, est priv\u00e9e d&#8217;appels \u00e0 sa famille depuis pr\u00e8s d&#8217;une semaine. La raison de ce refus n&#8217;est pas connue et la famille de cette [&hellip;]<\/p>\n","protected":false},"author":4,"featured_media":17970,"comment_status":"closed","ping_status":"closed","sticky":false,"template":"","format":"standard","meta":{"jnews-multi-image_gallery":[],"jnews_single_post":{"subtitle":"","format":"standard","video":"","gallery":"","source_name":"","source_url":"","via_name":"","via_url":"","override_template":"0","override":[{"template":"7","single_blog_custom":"","parallax":"1","fullscreen":"1","layout":"right-sidebar","sidebar":"default-sidebar","second_sidebar":"default-sidebar","sticky_sidebar":"1","share_position":"floatbottom","share_float_style":"share-normal","show_share_counter":"1","show_view_counter":"1","show_featured":"1","show_post_meta":"1","show_post_author":"0","show_post_author_image":"1","show_post_date":"1","post_date_format":"default","post_date_format_custom":"Y\/m\/d","show_post_category":"1","show_post_reading_time":"0","post_reading_time_wpm":"300","show_zoom_button":"0","zoom_button_out_step":"2","zoom_button_in_step":"3","show_post_tag":"1","show_prev_next_post":"0","show_popup_post":"1","number_popup_post":"1","show_author_box":"0","show_post_related":"1","show_inline_post_related":"0"}],"override_image_size":"0","image_override":[{"single_post_thumbnail_size":"crop-500","single_post_gallery_size":"crop-500"}],"trending_post":"0","trending_post_position":"meta","trending_post_label":"Trending","sponsored_post":"0","sponsored_post_label":"Sponsored by","sponsored_post_name":"","sponsored_post_url":"","sponsored_post_logo_enable":"0","sponsored_post_logo":"","sponsored_post_desc":"","disable_ad":"0"},"jnews_primary_category":{"id":"","hide":""},"jnews_social_meta":{"fb_title":"","fb_description":"","fb_image":"","twitter_title":"","twitter_description":"","twitter_image":""},"jnews_override_counter":{"override_view_counter":"0","view_counter_number":"0","override_share_counter":"0","share_counter_number":"0","override_like_counter":"0","like_counter_number":"0","override_dislike_counter":"0","dislike_counter_number":"0"},"footnotes":""},"categories":[3],"tags":[370],"class_list":["post-18150","post","type-post","status-publish","format-standard","has-post-thumbnail","hentry","category-infos-des-femmes","tag-prisonnieres"],"_links":{"self":[{"href":"https:\/\/wncri.org\/fr\/wp-json\/wp\/v2\/posts\/18150","targetHints":{"allow":["GET"]}}],"collection":[{"href":"https:\/\/wncri.org\/fr\/wp-json\/wp\/v2\/posts"}],"about":[{"href":"https:\/\/wncri.org\/fr\/wp-json\/wp\/v2\/types\/post"}],"author":[{"embeddable":true,"href":"https:\/\/wncri.org\/fr\/wp-json\/wp\/v2\/users\/4"}],"replies":[{"embeddable":true,"href":"https:\/\/wncri.org\/fr\/wp-json\/wp\/v2\/comments?post=18150"}],"version-history":[{"count":1,"href":"https:\/\/wncri.org\/fr\/wp-json\/wp\/v2\/posts\/18150\/revisions"}],"predecessor-version":[{"id":18152,"href":"https:\/\/wncri.org\/fr\/wp-json\/wp\/v2\/posts\/18150\/revisions\/18152"}],"wp:featuredmedia":[{"embeddable":true,"href":"https:\/\/wncri.org\/fr\/wp-json\/wp\/v2\/media\/17970"}],"wp:attachment":[{"href":"https:\/\/wncri.org\/fr\/wp-json\/wp\/v2\/media?parent=18150"}],"wp:term":[{"taxonomy":"category","embeddable":true,"href":"https:\/\/wncri.org\/fr\/wp-json\/wp\/v2\/categories?post=18150"},{"taxonomy":"post_tag","embeddable":true,"href":"https:\/\/wncri.org\/fr\/wp-json\/wp\/v2\/tags?post=18150"}],"curies":[{"name":"wp","href":"https:\/\/api.w.org\/{rel}","templated":true}]}}