{"id":18140,"date":"2023-04-24T12:45:27","date_gmt":"2023-04-24T10:45:27","guid":{"rendered":"https:\/\/wncri.org\/fr\/?p=18140"},"modified":"2023-04-25T12:49:35","modified_gmt":"2023-04-25T10:49:35","slug":"militantes-kurdes-des-droits-des-femmes","status":"publish","type":"post","link":"https:\/\/wncri.org\/fr\/2023\/04\/24\/militantes-kurdes-des-droits-des-femmes\/","title":{"rendered":"Les militantes kurdes des droits des femmes pouss\u00e9es \u00e0 faire de faux aveux"},"content":{"rendered":"\n<h3 class=\"wp-block-heading\">Les militantes kurdes des droits des femmes pouss\u00e9es \u00e0 faire de faux aveux<\/h3>\n\n\n\n<p>Les militantes kurdes des droits des femmes subissent des pressions de la part des services des renseignements de Sanandaj, la capitale de la province du Kurdistan.<\/p>\n\n\n\n<p>Zhina Moddares Gorji, journaliste et militante des droits des femmes, et Fariba Zand Karimi, enseignante \u00e9galement militante des droits des femmes, sont d\u00e9tenues \u00e0 l&#8217;isolement sous la double pression de faire de <a href=\"https:\/\/hengaw.net\/fa\/news\/2023\/04\/%D8%A7%D8%B9%D9%85%D8%A7%D9%84-%D9%81%D8%B4%D8%A7%D8%B1-%D8%A8%D8%B1-%DA%98%DB%8C%D9%86%D8%A7-%D9%85%D8%AF%D8%B1%D8%B3-%DA%AF%D8%B1%D8%AC%DB%8C-%D9%88-%D9%81%D8%B1%DB%8C%D8%A8%D8%A7-%D8%B2%D9%86%D8%AF%DA%A9%D8%B1%DB%8C%D9%85%DB%8C-%D9%86%DA%AF%D9%87%D8%AF%D8%A7%D8%B1%DB%8C-%D8%AF%D8%B1-%D8%B3%D9%84%D9%88%D9%84-%D8%A7%D9%86%D9%81%D8%B1%D8%A7%D8%AF%DB%8C-%D8%A8%D8%A7%D8%B2%D8%AF%D8%A7%D8%B4%D8%AA%DA%AF%D8%A7%D9%87-%D8%A7%D8%B7%D9%84%D8%A7%D8%B9%D8%A7%D8%AA\" target=\"_blank\" rel=\"noreferrer noopener\">faux aveux<\/a> contre elles-m\u00eames.<\/p>\n\n\n\n<p>Les deux militantes de Sanandaj ont \u00e9t\u00e9 priv\u00e9es de la possibilit\u00e9 d&#8217;appeler leur famille et de recevoir des visites.<\/p>\n\n\n\n<p>Zhina Moddares Gorji a \u00e9t\u00e9 <a href=\"https:\/\/wncri.org\/fr\/2023\/04\/11\/zhina-modarres\/\" target=\"_blank\" rel=\"noreferrer noopener\">violemment arr\u00eat\u00e9e<\/a> le 10 avril 2023 par des agents du d\u00e9partement des renseignements alors qu&#8217;elle rentrait chez elle apr\u00e8s avoir travaill\u00e9 dans une librairie.<\/p>\n\n\n\n<p>Elle avait \u00e9t\u00e9 arr\u00eat\u00e9e et d\u00e9tenue pendant le soul\u00e8vement iranien de 2022, mais a \u00e9t\u00e9 lib\u00e9r\u00e9e sous caution apr\u00e8s 40 jours de d\u00e9tention dans le quartier des femmes de la prison de Sanandaj, le 30 octobre 2022.<\/p>\n\n\n\n<p>Fariba Zand Karimi, 35 ans, est enseignante contractuelle au minist\u00e8re de l&#8217;\u00e9ducation et militante des droits des femmes \u00e0 Sanandaj. Elle a \u00e9t\u00e9 <a href=\"https:\/\/wncri.org\/fr\/2023\/04\/07\/enseignante-eprise-de-liberte\/\" target=\"_blank\" rel=\"noreferrer noopener\">arr\u00eat\u00e9e<\/a> \u00e0 20 heures le 5 avril 2023, apr\u00e8s avoir \u00e9t\u00e9 convoqu\u00e9e au d\u00e9partement des renseignements de Sanandaj, capitale de la province du Kurdistan, dans l&#8217;ouest de l&#8217;Iran.<\/p>\n\n\n<div class=\"wp-block-image\">\n<figure class=\"aligncenter size-full\"><img decoding=\"async\" src=\"data:image\/gif;base64,R0lGODlhAQABAIAAAAAAAP\/\/\/yH5BAEAAAAALAAAAAABAAEAAAIBRAA7\" data-src=\"https:\/\/wncri.org\/fr\/wp-content\/uploads\/2023\/04\/womens-rights-activist-Bahar-Zangiband-min.jpg\" alt=\"Une professeure d'universit\u00e9 est priv\u00e9e du droit d'enseigner et de travailler\" class=\"wp-image-18141 lazyload\"\/><noscript><img decoding=\"async\" width=\"750\" height=\"375\" src=\"https:\/\/wncri.org\/fr\/wp-content\/uploads\/2023\/04\/womens-rights-activist-Bahar-Zangiband-min.jpg\" alt=\"Une professeure d'universit\u00e9 est priv\u00e9e du droit d'enseigner et de travailler\" class=\"wp-image-18141 lazyload\" srcset=\"https:\/\/wncri.org\/fr\/wp-content\/uploads\/2023\/04\/womens-rights-activist-Bahar-Zangiband-min.jpg 750w, https:\/\/wncri.org\/fr\/wp-content\/uploads\/2023\/04\/womens-rights-activist-Bahar-Zangiband-min-300x150.jpg 300w, https:\/\/wncri.org\/fr\/wp-content\/uploads\/2023\/04\/womens-rights-activist-Bahar-Zangiband-min-360x180.jpg 360w\" sizes=\"(max-width: 750px) 100vw, 750px\" \/><\/noscript><\/figure>\n<\/div>\n\n\n<h3 class=\"wp-block-heading\"><strong>Une professeure d&#8217;universit\u00e9 est priv\u00e9e du droit d&#8217;enseigner et de travailler<\/strong><\/h3>\n\n\n\n<p>Bahar Zangiband, professeure d&#8217;\u00e9ducation physique \u00e0 l&#8217;universit\u00e9 Azad de Sanandaj, s&#8217;est vu interdire d&#8217;enseigner et de travailler \u00e0 l&#8217;universit\u00e9 par les forces de s\u00e9curit\u00e9. Elle a travaill\u00e9 comme charg\u00e9e de cours \u00e0 l&#8217;universit\u00e9 pendant sept ann\u00e9es cons\u00e9cutives, mais au cours des six derniers mois, il lui a \u00e9t\u00e9 interdit d&#8217;assister aux cours et d&#8217;enseigner.<\/p>\n\n\n\n<p>Mme Zangiband est charg\u00e9e de cours \u00e0 l&#8217;universit\u00e9 Azad de Sanandaj et milite pour les droits des femmes. Des agents du d\u00e9partement des renseignements de Sanandaj l&#8217;ont arr\u00eat\u00e9e le 20 septembre 2022, pendant le soul\u00e8vement iranien, sur le campus de l&#8217;universit\u00e9 Azad de Sanandaj, sans d\u00e9cision de justice. Ils ont fouill\u00e9 son domicile et confisqu\u00e9 son t\u00e9l\u00e9phone portable, son ordinateur portable et quelques effets personnels. Elle a \u00e9t\u00e9 transf\u00e9r\u00e9e au centre correctionnel de Sanandaj.<\/p>\n\n\n\n<p>Bahar Zangiband a \u00e9t\u00e9 accus\u00e9e de trouble \u00e0 l&#8217;ordre public et de propagande contre l&#8217;\u00c9tat par l&#8217;enqu\u00eate du bureau du procureur public et r\u00e9volutionnaire de Sanandaj pour avoir particip\u00e9 aux manifestations nationales et avoir publi\u00e9 une d\u00e9claration condamnant les actions de la garde sp\u00e9ciale et des forces anti-\u00e9meutes.<\/p>\n\n\n\n<p>Mme Zangiband, militante des droits des femmes, a \u00e9t\u00e9 temporairement lib\u00e9r\u00e9e sous caution le 8 octobre 2023, jusqu&#8217;\u00e0 la fin de la proc\u00e9dure.<\/p>\n","protected":false},"excerpt":{"rendered":"<p>Les militantes kurdes des droits des femmes pouss\u00e9es \u00e0 faire de faux aveux Les militantes kurdes des droits des femmes subissent des pressions de la part des services des renseignements de Sanandaj, la capitale de la province du Kurdistan. Zhina Moddares Gorji, journaliste et militante des droits des femmes, et Fariba Zand Karimi, enseignante \u00e9galement [&hellip;]<\/p>\n","protected":false},"author":4,"featured_media":18142,"comment_status":"closed","ping_status":"closed","sticky":false,"template":"","format":"standard","meta":{"jnews-multi-image_gallery":[],"jnews_single_post":{"subtitle":"","format":"standard","video":"","gallery":"","source_name":"","source_url":"","via_name":"","via_url":"","override_template":"0","override":[{"template":"7","single_blog_custom":"","parallax":"1","fullscreen":"1","layout":"right-sidebar","sidebar":"default-sidebar","second_sidebar":"default-sidebar","sticky_sidebar":"1","share_position":"floatbottom","share_float_style":"share-normal","show_share_counter":"1","show_view_counter":"1","show_featured":"1","show_post_meta":"1","show_post_author":"0","show_post_author_image":"1","show_post_date":"1","post_date_format":"default","post_date_format_custom":"Y\/m\/d","show_post_category":"1","show_post_reading_time":"0","post_reading_time_wpm":"300","show_zoom_button":"0","zoom_button_out_step":"2","zoom_button_in_step":"3","show_post_tag":"1","show_prev_next_post":"0","show_popup_post":"1","number_popup_post":"1","show_author_box":"0","show_post_related":"1","show_inline_post_related":"0"}],"override_image_size":"0","image_override":[{"single_post_thumbnail_size":"crop-500","single_post_gallery_size":"crop-500"}],"trending_post":"0","trending_post_position":"meta","trending_post_label":"Trending","sponsored_post":"0","sponsored_post_label":"Sponsored by","sponsored_post_name":"","sponsored_post_url":"","sponsored_post_logo_enable":"0","sponsored_post_logo":"","sponsored_post_desc":"","disable_ad":"0"},"jnews_primary_category":{"id":"","hide":""},"jnews_social_meta":{"fb_title":"","fb_description":"","fb_image":"","twitter_title":"","twitter_description":"","twitter_image":""},"jnews_override_counter":{"override_view_counter":"0","view_counter_number":"0","override_share_counter":"0","share_counter_number":"0","override_like_counter":"0","like_counter_number":"0","override_dislike_counter":"0","dislike_counter_number":"0"},"footnotes":""},"categories":[3],"tags":[369,370],"class_list":["post-18140","post","type-post","status-publish","format-standard","has-post-thumbnail","hentry","category-infos-des-femmes","tag-manifestations","tag-prisonnieres"],"_links":{"self":[{"href":"https:\/\/wncri.org\/fr\/wp-json\/wp\/v2\/posts\/18140","targetHints":{"allow":["GET"]}}],"collection":[{"href":"https:\/\/wncri.org\/fr\/wp-json\/wp\/v2\/posts"}],"about":[{"href":"https:\/\/wncri.org\/fr\/wp-json\/wp\/v2\/types\/post"}],"author":[{"embeddable":true,"href":"https:\/\/wncri.org\/fr\/wp-json\/wp\/v2\/users\/4"}],"replies":[{"embeddable":true,"href":"https:\/\/wncri.org\/fr\/wp-json\/wp\/v2\/comments?post=18140"}],"version-history":[{"count":1,"href":"https:\/\/wncri.org\/fr\/wp-json\/wp\/v2\/posts\/18140\/revisions"}],"predecessor-version":[{"id":18143,"href":"https:\/\/wncri.org\/fr\/wp-json\/wp\/v2\/posts\/18140\/revisions\/18143"}],"wp:featuredmedia":[{"embeddable":true,"href":"https:\/\/wncri.org\/fr\/wp-json\/wp\/v2\/media\/18142"}],"wp:attachment":[{"href":"https:\/\/wncri.org\/fr\/wp-json\/wp\/v2\/media?parent=18140"}],"wp:term":[{"taxonomy":"category","embeddable":true,"href":"https:\/\/wncri.org\/fr\/wp-json\/wp\/v2\/categories?post=18140"},{"taxonomy":"post_tag","embeddable":true,"href":"https:\/\/wncri.org\/fr\/wp-json\/wp\/v2\/tags?post=18140"}],"curies":[{"name":"wp","href":"https:\/\/api.w.org\/{rel}","templated":true}]}}