{"id":18072,"date":"2023-04-14T02:41:55","date_gmt":"2023-04-14T00:41:55","guid":{"rendered":"https:\/\/wncri.org\/fr\/?p=18072"},"modified":"2023-04-19T00:20:36","modified_gmt":"2023-04-18T22:20:36","slug":"loi-sur-le-hijab","status":"publish","type":"post","link":"https:\/\/wncri.org\/fr\/2023\/04\/14\/loi-sur-le-hijab\/","title":{"rendered":"L&#8217;application de la loi sur le hijab commencera samedi en Iran"},"content":{"rendered":"\n<h3 class=\"wp-block-heading\">L&#8217;application de la loi sur le hijab commencera samedi en Iran<\/h3>\n\n\n\n<p><em>Les Nations unies condamnent l&#8217;application r\u00e9pressive de la loi sur le hijab de l\u2019Iran, qu&#8217;elles consid\u00e8rent comme une pers\u00e9cution fond\u00e9e sur le sexe<\/em><\/p>\n\n\n\n<p>Le samedi 15 avril, le r\u00e9gime cl\u00e9rical commencera officiellement \u00e0 <a href=\"https:\/\/wncri.org\/2023\/04\/07\/the-hijab\/\" target=\"_blank\" rel=\"noreferrer noopener\">sanctionner des femmes<\/a> et des jeunes filles iraniennes qui ne se conforment pas au code vestimentaire obligatoire et nouvelle loi sur le hijab.<\/p>\n\n\n\n<p>Le commandant en chef des forces de s\u00e9curit\u00e9 de l&#8217;\u00c9tat, Ahmadreza Radan, a d\u00e9clar\u00e9 aujourd&#8217;hui \u00e0 la presse : &#8220;Le plan de chastet\u00e9 et de hijab sera appliqu\u00e9 \u00e0 partir de demain, conform\u00e9ment aux plans pr\u00e9c\u00e9demment d\u00e9clar\u00e9s.&#8221;<\/p>\n\n\n\n<p>\u00c0 la question de savoir si les cam\u00e9ras de t\u00e9l\u00e9vision en circuit ferm\u00e9 pouvaient commettre des erreurs, il a r\u00e9pondu : &#8220;Soyez assur\u00e9s qu&#8217;il n&#8217;y aura pas d&#8217;erreurs !&#8221; (Agence de presse Tasnim, 14 avril 2023)<\/p>\n\n\n\n<p>Radan a d&#8217;abord annonc\u00e9 le 8 avril que les forces de s\u00e9curit\u00e9 de l&#8217;\u00c9tat commenceraient \u00e0 s&#8217;occuper des femmes qui enl\u00e8vent leur hijab dans trois zones des routes publiques, des v\u00e9hicules et des lieux publics \u00e0 partir de samedi prochain, le 15 avril&#8221;.<\/p>\n\n\n\n<p>Il a ajout\u00e9 : &#8220;\u00c0 partir de samedi prochain, les <a href=\"https:\/\/wncri.org\/fr\/2023\/04\/05\/repression-opposants-au-hijab\/\" target=\"_blank\" rel=\"noreferrer noopener\">personnes qui enl\u00e8vent leur hijab<\/a> sur la voie publique, dans les voitures ou dans les lieux commerciaux seront signal\u00e9es aux autorit\u00e9s judiciaires sur pr\u00e9sentation de documents.<\/p>\n\n\n\n<p>Le service des relations publiques du minist\u00e8re des affaires \u00e9trang\u00e8res a annonc\u00e9 le m\u00eame jour qu&#8217;il d\u00e9ploierait des cam\u00e9ras de t\u00e9l\u00e9vision en circuit ferm\u00e9 pour identifier les femmes qui enfreignent la loi sur le hijab et \u00e9viter toute confrontation physique avec elles. Apr\u00e8s avoir \u00e9t\u00e9 identifi\u00e9es, les contrevenantes recevront des &#8220;messages textuels d&#8217;avertissement quant aux cons\u00e9quences&#8221;. (Agence de presse gouvernementale ISNA, 8 avril 2023)<\/p>\n\n\n\n<p>Le 10 avril, le chef du pouvoir judiciaire des mollahs, Gholamhossein Mohseni Ejei, a ordonn\u00e9 \u00e0 toutes les autorit\u00e9s judiciaires de se pr\u00e9parer \u00e0 soutenir les forces de s\u00e9curit\u00e9 de l&#8217;\u00c9tat et \u00e0 coop\u00e9rer avec elles pour mettre en \u0153uvre le nouveau plan relatif au hijab. (The state-run Khabaronline.ir, 10 avril 2023)<\/p>\n\n\n\n<p>Le r\u00e9gime cl\u00e9rical a d\u00e9j\u00e0 commenc\u00e9 \u00e0 donner des avertissements verbaux aux femmes qui ne se couvrent pas les cheveux dans les stations de m\u00e9tro, les emp\u00eachant d&#8217;entrer dans les a\u00e9roports et les banques.<\/p>\n\n\n<div class=\"wp-block-image\">\n<figure class=\"aligncenter size-full\"><img decoding=\"async\" src=\"data:image\/gif;base64,R0lGODlhAQABAIAAAAAAAP\/\/\/yH5BAEAAAAALAAAAAABAAEAAAIBRAA7\" data-src=\"https:\/\/wncri.org\/fr\/wp-content\/uploads\/2023\/04\/New-Hijab-law-2-min.jpg\" alt=\"L'application de la loi sur le hijab commencera samedi \" class=\"wp-image-18074 lazyload\"\/><noscript><img decoding=\"async\" width=\"750\" height=\"375\" src=\"https:\/\/wncri.org\/fr\/wp-content\/uploads\/2023\/04\/New-Hijab-law-2-min.jpg\" alt=\"L'application de la loi sur le hijab commencera samedi \" class=\"wp-image-18074 lazyload\" srcset=\"https:\/\/wncri.org\/fr\/wp-content\/uploads\/2023\/04\/New-Hijab-law-2-min.jpg 750w, https:\/\/wncri.org\/fr\/wp-content\/uploads\/2023\/04\/New-Hijab-law-2-min-300x150.jpg 300w, https:\/\/wncri.org\/fr\/wp-content\/uploads\/2023\/04\/New-Hijab-law-2-min-360x180.jpg 360w\" sizes=\"(max-width: 750px) 100vw, 750px\" \/><\/noscript><\/figure>\n<\/div>\n\n\n<h3 class=\"wp-block-heading\"><strong>Les experts de l&#8217;ONU condamnent l&#8217;application r\u00e9pressive des lois sur le hijab<\/strong><\/h3>\n\n\n\n<p>Des experts des Nations unies ont condamn\u00e9 &#8220;l&#8217;application r\u00e9pressive des lois iraniennes sur le hijab&#8221; et l&#8217;ont qualifi\u00e9e de &#8220;pers\u00e9cution fond\u00e9e sur le sexe&#8221;.<\/p>\n\n\n\n<p>Dans une <a href=\"https:\/\/www.ohchr.org\/en\/press-releases\/2023\/04\/repressive-enforcement-iranian-hijab-laws-symbolises-gender-based\" target=\"_blank\" rel=\"noreferrer noopener\">d\u00e9claration publi\u00e9e \u00e0 Gen\u00e8ve<\/a> le 14 avril, les experts de l&#8217;ONU ont d\u00e9clar\u00e9 :<\/p>\n\n\n\n<p>GEN\u00c8VE (14 avril 2023) &#8211; L&#8217;application r\u00e9pressive des lois iraniennes sur le hijab, telle qu&#8217;annonc\u00e9e par les autorit\u00e9s de l&#8217;\u00c9tat, entra\u00eenerait des mesures restrictives et punitives suppl\u00e9mentaires pour les femmes et les filles qui ne se conforment pas aux lois du pays sur le port obligatoire du voile, ont d\u00e9clar\u00e9 aujourd&#8217;hui les experts de l&#8217;ONU*.<\/p>\n\n\n\n<p>Les experts ont averti que de telles mesures r\u00e9pressives et draconiennes sont une manifestation de pers\u00e9cution bas\u00e9e sur le genre et conduiraient \u00e0 des niveaux inacceptables de violations des droits des femmes et des filles dans la R\u00e9publique islamique d&#8217;Iran.<\/p>\n\n\n\n<p>&#8220;Il est tr\u00e8s inqui\u00e9tant qu&#8217;apr\u00e8s des mois de manifestations nationales, notamment contre les lois restrictives sur le hijab, et apr\u00e8s la mort de Mahsa Amini, 22 ans, d\u00e9tenue par la police des m\u0153urs, les femmes iraniennes soient de plus en plus confront\u00e9es \u00e0 des mesures s\u00e9v\u00e8res et coercitives de la part des autorit\u00e9s de l&#8217;\u00c9tat&#8221;, ont d\u00e9clar\u00e9 les experts de l&#8217;ONU.<\/p>\n\n\n\n<p>Les experts ont not\u00e9 que les lois sur le port obligatoire du voile sont inscrites dans le code p\u00e9nal iranien et dans d&#8217;autres lois et r\u00e8glements, ce qui permet aux autorit\u00e9s administratives et de s\u00e9curit\u00e9 de soumettre les femmes \u00e0 des arrestations et d\u00e9tentions arbitraires, et de leur refuser l&#8217;acc\u00e8s aux institutions publiques, y compris les h\u00f4pitaux, les \u00e9coles, les bureaux gouvernementaux et les a\u00e9roports, si elles ne se couvrent pas les cheveux.<\/p>\n\n\n<div class=\"wp-block-image\">\n<figure class=\"aligncenter size-full\"><img decoding=\"async\" src=\"data:image\/gif;base64,R0lGODlhAQABAIAAAAAAAP\/\/\/yH5BAEAAAAALAAAAAABAAEAAAIBRAA7\" data-src=\"https:\/\/wncri.org\/fr\/wp-content\/uploads\/2023\/04\/Opponents-of-the-Mandatory-Hijab-7-min-1.jpg\" alt=\"Loi sur le hijab\" class=\"wp-image-18076 lazyload\"\/><noscript><img decoding=\"async\" width=\"750\" height=\"375\" src=\"https:\/\/wncri.org\/fr\/wp-content\/uploads\/2023\/04\/Opponents-of-the-Mandatory-Hijab-7-min-1.jpg\" alt=\"Loi sur le hijab\" class=\"wp-image-18076 lazyload\" srcset=\"https:\/\/wncri.org\/fr\/wp-content\/uploads\/2023\/04\/Opponents-of-the-Mandatory-Hijab-7-min-1.jpg 750w, https:\/\/wncri.org\/fr\/wp-content\/uploads\/2023\/04\/Opponents-of-the-Mandatory-Hijab-7-min-1-300x150.jpg 300w, https:\/\/wncri.org\/fr\/wp-content\/uploads\/2023\/04\/Opponents-of-the-Mandatory-Hijab-7-min-1-360x180.jpg 360w\" sizes=\"(max-width: 750px) 100vw, 750px\" \/><\/noscript><\/figure>\n<\/div>\n\n\n<p>&#8220;Ces mesures r\u00e9pressives suppl\u00e9mentaires ne feraient qu&#8217;exacerber l&#8217;impact n\u00e9gatif des lois sur le hijab obligatoire. La criminalisation du refus de porter le hijab est une violation du droit \u00e0 la libert\u00e9 d&#8217;expression des femmes et des jeunes filles et ouvre la porte \u00e0 toute une s\u00e9rie d&#8217;autres violations possibles des droits politiques, civils, culturels et \u00e9conomiques&#8221;, ont-ils d\u00e9clar\u00e9.<\/p>\n\n\n\n<p>Les experts ont rappel\u00e9 qu&#8217;en vertu de la version actuelle du code p\u00e9nal islamique iranien, tout acte jug\u00e9 &#8220;offensant&#8221; pour la d\u00e9cence publique est passible d&#8217;une peine de 10 jours \u00e0 deux mois de prison ou de 74 coups de fouet. Les femmes vues en public sans voile peuvent \u00eatre condamn\u00e9es \u00e0 une peine de 10 jours \u00e0 deux mois de prison ou \u00e0 une amende. La loi s&#8217;applique aux filles d\u00e8s l&#8217;\u00e2ge de neuf ans, qui est l&#8217;\u00e2ge minimum de la responsabilit\u00e9 p\u00e9nale pour les filles en Iran. Dans la pratique, les autorit\u00e9s ont impos\u00e9 le port obligatoire du voile aux filles d\u00e8s l&#8217;\u00e2ge de sept ans, au d\u00e9but de l&#8217;\u00e9cole \u00e9l\u00e9mentaire.<\/p>\n\n\n\n<p>Les mesures discriminatoires et d\u00e9gradantes permettent aux autorit\u00e9s judiciaires de d\u00e9tenir les femmes et les filles qui ne respectent pas les r\u00e8gles du hijab afin de les forcer \u00e0 signer un document \u00e9crit d\u00e9clarant qu&#8217;elles ne r\u00e9p\u00e9teront pas l'&#8221;infraction&#8221;&#8221;, ont d\u00e9clar\u00e9 les experts.<\/p>\n\n\n\n<p>Ils ont soulign\u00e9 que les femmes qui refusent de signer un tel document, ou qui refusent g\u00e9n\u00e9ralement de se conformer au port obligatoire du voile apr\u00e8s avoir sign\u00e9 le document \u00e9crit, peuvent se voir infliger toute une s\u00e9rie de &#8220;punitions&#8221;, notamment un placement sous surveillance pendant six mois, des restrictions sur les voyages \u00e0 l&#8217;\u00e9tranger pendant une p\u00e9riode pouvant aller jusqu&#8217;\u00e0 un an et l&#8217;exclusion de toute fonction gouvernementale ou publique.<\/p>\n\n\n\n<p>Les r\u00e8gles s&#8217;\u00e9tendent aux directeurs et aux propri\u00e9taires d&#8217;entreprises, qui feront office de &#8220;police&#8221; pour faire respecter le port obligatoire du voile en cas de non-respect de la part des employ\u00e9es.<\/p>\n\n\n\n<p>Le minist\u00e8re iranien de l&#8217;\u00e9ducation a \u00e9galement annonc\u00e9 que les services \u00e9ducatifs ne seraient pas fournis aux \u00e9l\u00e8ves qui ne respectent pas les r\u00e8gles de &#8220;chastet\u00e9 et de hijab&#8221;, ce qui porte atteinte \u00e0 leur droit fondamental \u00e0 l&#8217;\u00e9ducation.<\/p>\n\n\n<div class=\"wp-block-image\">\n<figure class=\"aligncenter size-full\"><img decoding=\"async\" src=\"data:image\/gif;base64,R0lGODlhAQABAIAAAAAAAP\/\/\/yH5BAEAAAAALAAAAAABAAEAAAIBRAA7\" data-src=\"https:\/\/wncri.org\/fr\/wp-content\/uploads\/2023\/04\/4-Imposing-the-compulsory-Hijab-on-Iranian-women-min.jpg\" alt=\"Les experts des Nations unies ont exhort\u00e9 les autorit\u00e9s iraniennes \u00e0 modifier la Constitution\" class=\"wp-image-18073 lazyload\"\/><noscript><img decoding=\"async\" width=\"750\" height=\"375\" src=\"https:\/\/wncri.org\/fr\/wp-content\/uploads\/2023\/04\/4-Imposing-the-compulsory-Hijab-on-Iranian-women-min.jpg\" alt=\"Les experts des Nations unies ont exhort\u00e9 les autorit\u00e9s iraniennes \u00e0 modifier la Constitution\" class=\"wp-image-18073 lazyload\" srcset=\"https:\/\/wncri.org\/fr\/wp-content\/uploads\/2023\/04\/4-Imposing-the-compulsory-Hijab-on-Iranian-women-min.jpg 750w, https:\/\/wncri.org\/fr\/wp-content\/uploads\/2023\/04\/4-Imposing-the-compulsory-Hijab-on-Iranian-women-min-300x150.jpg 300w, https:\/\/wncri.org\/fr\/wp-content\/uploads\/2023\/04\/4-Imposing-the-compulsory-Hijab-on-Iranian-women-min-360x180.jpg 360w\" sizes=\"(max-width: 750px) 100vw, 750px\" \/><\/noscript><\/figure>\n<\/div>\n\n\n<p>&#8220;Ces mesures restrictives et ces politiques r\u00e9pressives qui ne s&#8217;appuient pas sur des lois ou des proc\u00e9dures judiciaires, mais sur l&#8217;application par une s\u00e9rie d&#8217;autorit\u00e9s publiques et d&#8217;acteurs priv\u00e9s, sont au c\u0153ur du contr\u00f4le exerc\u00e9 par l&#8217;\u00c9tat sur la vie publique et priv\u00e9e de ses citoyens, en particulier des femmes et des jeunes filles. Ces mesures draconiennes imposent de facto une paralysie sociale et \u00e9conomique aux femmes qui refusent de se conformer \u00e0 ces lois&#8221;, ont d\u00e9clar\u00e9 les experts.<\/p>\n\n\n\n<p>Les experts des Nations unies ont exhort\u00e9 les autorit\u00e9s iraniennes \u00e0 modifier la Constitution, \u00e0 abroger les lois discriminatoires existantes et \u00e0 abolir toutes les r\u00e9glementations en vertu desquelles la tenue vestimentaire ou le comportement des femmes dans la vie publique ou priv\u00e9e est surveill\u00e9 et contr\u00f4l\u00e9 par les autorit\u00e9s de l&#8217;\u00c9tat.<\/p>\n\n\n\n<p>Les experts des Nations unies qui ont publi\u00e9 la d\u00e9claration sont les suivants :<\/p>\n\n\n\n<p>Javaid Rehman, rapporteur sp\u00e9cial sur la situation des droits de l&#8217;Homme en R\u00e9publique islamique d&#8217;Iran ;<\/p>\n\n\n\n<p>Farida Shaheed, rapporteur sp\u00e9cial sur le droit \u00e0 l&#8217;\u00e9ducation ;<\/p>\n\n\n\n<p>Irene Khan, rapporteur sp\u00e9cial sur la promotion et la protection du droit \u00e0 la libert\u00e9 d&#8217;opinion et d&#8217;expression ;<\/p>\n\n\n\n<p>Alexandra Xanthaki, rapporteur sp\u00e9cial sur les droits culturels ;<\/p>\n\n\n\n<p>Mme Nazila Ghanea, Rapporteuse sp\u00e9ciale sur la libert\u00e9 de religion ou de conviction ;<\/p>\n\n\n\n<p>et le groupe de travail sur la discrimination \u00e0 l&#8217;\u00e9gard des femmes et des filles.<\/p>\n","protected":false},"excerpt":{"rendered":"<p>L&#8217;application de la loi sur le hijab commencera samedi en Iran Les Nations unies condamnent l&#8217;application r\u00e9pressive de la loi sur le hijab de l\u2019Iran, qu&#8217;elles consid\u00e8rent comme une pers\u00e9cution fond\u00e9e sur le sexe Le samedi 15 avril, le r\u00e9gime cl\u00e9rical commencera officiellement \u00e0 sanctionner des femmes et des jeunes filles iraniennes qui ne se [&hellip;]<\/p>\n","protected":false},"author":4,"featured_media":18075,"comment_status":"closed","ping_status":"closed","sticky":false,"template":"","format":"standard","meta":{"jnews-multi-image_gallery":[],"jnews_single_post":{"subtitle":"","format":"standard","video":"","gallery":"","source_name":"","source_url":"","via_name":"","via_url":"","override_template":"0","override":[{"template":"7","single_blog_custom":"","parallax":"1","fullscreen":"1","layout":"right-sidebar","sidebar":"default-sidebar","second_sidebar":"default-sidebar","sticky_sidebar":"1","share_position":"floatbottom","share_float_style":"share-normal","show_share_counter":"1","show_view_counter":"1","show_featured":"1","show_post_meta":"1","show_post_author":"0","show_post_author_image":"1","show_post_date":"1","post_date_format":"default","post_date_format_custom":"Y\/m\/d","show_post_category":"1","show_post_reading_time":"0","post_reading_time_wpm":"300","show_zoom_button":"0","zoom_button_out_step":"2","zoom_button_in_step":"3","show_post_tag":"1","show_prev_next_post":"0","show_popup_post":"1","number_popup_post":"1","show_author_box":"0","show_post_related":"1","show_inline_post_related":"0"}],"override_image_size":"0","image_override":[{"single_post_thumbnail_size":"crop-500","single_post_gallery_size":"crop-500"}],"trending_post":"0","trending_post_position":"meta","trending_post_label":"Trending","sponsored_post":"0","sponsored_post_label":"Sponsored by","sponsored_post_name":"","sponsored_post_url":"","sponsored_post_logo_enable":"0","sponsored_post_logo":"","sponsored_post_desc":"","disable_ad":"0"},"jnews_primary_category":{"id":"","hide":""},"jnews_social_meta":{"fb_title":"","fb_description":"","fb_image":"","twitter_title":"","twitter_description":"","twitter_image":""},"jnews_override_counter":{"override_view_counter":"0","view_counter_number":"0","override_share_counter":"0","share_counter_number":"0","override_like_counter":"0","like_counter_number":"0","override_dislike_counter":"0","dislike_counter_number":"0"},"footnotes":""},"categories":[8],"tags":[376],"class_list":["post-18072","post","type-post","status-publish","format-standard","has-post-thumbnail","hentry","category-articles","tag-violence-contre-les-femmes"],"_links":{"self":[{"href":"https:\/\/wncri.org\/fr\/wp-json\/wp\/v2\/posts\/18072","targetHints":{"allow":["GET"]}}],"collection":[{"href":"https:\/\/wncri.org\/fr\/wp-json\/wp\/v2\/posts"}],"about":[{"href":"https:\/\/wncri.org\/fr\/wp-json\/wp\/v2\/types\/post"}],"author":[{"embeddable":true,"href":"https:\/\/wncri.org\/fr\/wp-json\/wp\/v2\/users\/4"}],"replies":[{"embeddable":true,"href":"https:\/\/wncri.org\/fr\/wp-json\/wp\/v2\/comments?post=18072"}],"version-history":[{"count":2,"href":"https:\/\/wncri.org\/fr\/wp-json\/wp\/v2\/posts\/18072\/revisions"}],"predecessor-version":[{"id":18094,"href":"https:\/\/wncri.org\/fr\/wp-json\/wp\/v2\/posts\/18072\/revisions\/18094"}],"wp:featuredmedia":[{"embeddable":true,"href":"https:\/\/wncri.org\/fr\/wp-json\/wp\/v2\/media\/18075"}],"wp:attachment":[{"href":"https:\/\/wncri.org\/fr\/wp-json\/wp\/v2\/media?parent=18072"}],"wp:term":[{"taxonomy":"category","embeddable":true,"href":"https:\/\/wncri.org\/fr\/wp-json\/wp\/v2\/categories?post=18072"},{"taxonomy":"post_tag","embeddable":true,"href":"https:\/\/wncri.org\/fr\/wp-json\/wp\/v2\/tags?post=18072"}],"curies":[{"name":"wp","href":"https:\/\/api.w.org\/{rel}","templated":true}]}}