{"id":18043,"date":"2023-04-07T18:44:02","date_gmt":"2023-04-07T16:44:02","guid":{"rendered":"https:\/\/wncri.org\/fr\/?p=18043"},"modified":"2023-04-14T18:48:54","modified_gmt":"2023-04-14T16:48:54","slug":"enseignante-eprise-de-liberte","status":"publish","type":"post","link":"https:\/\/wncri.org\/fr\/2023\/04\/07\/enseignante-eprise-de-liberte\/","title":{"rendered":"Fariba Zandekarimi, une enseignante \u00e9prise de libert\u00e9, est arr\u00eat\u00e9e"},"content":{"rendered":"\n<h2 class=\"wp-block-heading\">Fariba Zandekarimi, une enseignante \u00e9prise de libert\u00e9, est arr\u00eat\u00e9e<\/h2>\n\n\n\n<p>Fariba Zandekarimi, une enseignante \u00e9prise de libert\u00e9, a \u00e9t\u00e9 arr\u00eat\u00e9e par le d\u00e9partement des renseignements de Sanandaj apr\u00e8s avoir \u00e9t\u00e9 convoqu\u00e9e pour \u00eatre interrog\u00e9e. L&#8217;arrestation a eu lieu le mercredi 5 avril 2023 et a \u00e9t\u00e9 suivie d&#8217;une descente \u00e0 son domicile, bien que les raisons exactes de sa d\u00e9tention ne soient pas claires.<\/p>\n\n\n\n<p>Malgr\u00e9 les efforts de sa famille pour obtenir des informations sur le lieu o\u00f9 elle se trouve, aucun autre d\u00e9tail n&#8217;a \u00e9t\u00e9 r\u00e9v\u00e9l\u00e9.<\/p>\n\n\n\n<p>Fariba Zandekarimi, 35 ans, est une enseignante sous contrat employ\u00e9e par le d\u00e9partement de l&#8217;\u00e9ducation de <a href=\"https:\/\/fr.wikipedia.org\/wiki\/Sanandadj\" target=\"_blank\" rel=\"noreferrer noopener\">Sanandaj<\/a> et connue pour son militantisme en faveur de la libert\u00e9.<\/p>\n\n\n\n<h3 class=\"wp-block-heading\"><strong>Des enseignants \u00e9pris de libert\u00e9 organisent des manifestations<\/strong><\/h3>\n\n\n\n<p>Pendant ce temps, \u00e0 travers l&#8217;Iran, des enseignants \u00e9pris de libert\u00e9 ont organis\u00e9 des rassemblements de <a href=\"https:\/\/wncri.org\/fr\/2022\/05\/13\/manifestations-des-enseignants\/\" target=\"_blank\" rel=\"noreferrer noopener\">protestation<\/a> dans plusieurs villes pour exprimer leur m\u00e9contentement face \u00e0 l&#8217;absence de r\u00e9ponse des autorit\u00e9s \u00e0 leurs demandes. Le jeudi 6 avril 2023, des rassemblements ont eu lieu \u00e0 Hamedan, Malayer, Kermanchah, Ourmia, Neychabour, T\u00e9h\u00e9ran et Karaj, bien que les forces de s\u00e9curit\u00e9 aient emp\u00each\u00e9 la manifestation d&#8217;avoir lieu dans cette derni\u00e8re.<\/p>\n\n\n\n<p>A Kermanchah, les enseignants ont protest\u00e9 contre l&#8217;arrestation de Mohammad Habibi, le porte-parole de l&#8217;association professionnelle des enseignants, qui avait \u00e9t\u00e9 d\u00e9tenu par les forces de s\u00e9curit\u00e9 le mercredi 5 avril, en scandant des slogans en faveur de sa lib\u00e9ration.<\/p>\n\n\n\n<p><\/p>\n","protected":false},"excerpt":{"rendered":"<p>Fariba Zandekarimi, une enseignante \u00e9prise de libert\u00e9, est arr\u00eat\u00e9e Fariba Zandekarimi, une enseignante \u00e9prise de libert\u00e9, a \u00e9t\u00e9 arr\u00eat\u00e9e par le d\u00e9partement des renseignements de Sanandaj apr\u00e8s avoir \u00e9t\u00e9 convoqu\u00e9e pour \u00eatre interrog\u00e9e. L&#8217;arrestation a eu lieu le mercredi 5 avril 2023 et a \u00e9t\u00e9 suivie d&#8217;une descente \u00e0 son domicile, bien que les raisons [&hellip;]<\/p>\n","protected":false},"author":4,"featured_media":18044,"comment_status":"closed","ping_status":"closed","sticky":false,"template":"","format":"standard","meta":{"jnews-multi-image_gallery":[],"jnews_single_post":{"subtitle":"","format":"standard","video":"","gallery":"","source_name":"","source_url":"","via_name":"","via_url":"","override_template":"0","override":[{"template":"7","single_blog_custom":"","parallax":"1","fullscreen":"1","layout":"right-sidebar","sidebar":"default-sidebar","second_sidebar":"default-sidebar","sticky_sidebar":"1","share_position":"floatbottom","share_float_style":"share-normal","show_share_counter":"1","show_view_counter":"1","show_featured":"1","show_post_meta":"1","show_post_author":"0","show_post_author_image":"1","show_post_date":"1","post_date_format":"default","post_date_format_custom":"Y\/m\/d","show_post_category":"1","show_post_reading_time":"0","post_reading_time_wpm":"300","show_zoom_button":"0","zoom_button_out_step":"2","zoom_button_in_step":"3","show_post_tag":"1","show_prev_next_post":"0","show_popup_post":"1","number_popup_post":"1","show_author_box":"0","show_post_related":"1","show_inline_post_related":"0"}],"override_image_size":"0","image_override":[{"single_post_thumbnail_size":"crop-500","single_post_gallery_size":"crop-500"}],"trending_post":"0","trending_post_position":"meta","trending_post_label":"Trending","sponsored_post":"0","sponsored_post_label":"Sponsored by","sponsored_post_name":"","sponsored_post_url":"","sponsored_post_logo_enable":"0","sponsored_post_logo":"","sponsored_post_desc":"","disable_ad":"0"},"jnews_primary_category":{"id":"","hide":""},"jnews_social_meta":{"fb_title":"","fb_description":"","fb_image":"","twitter_title":"","twitter_description":"","twitter_image":""},"jnews_override_counter":{"override_view_counter":"0","view_counter_number":"0","override_share_counter":"0","share_counter_number":"0","override_like_counter":"0","like_counter_number":"0","override_dislike_counter":"0","dislike_counter_number":"0"},"footnotes":""},"categories":[3],"tags":[379,370],"class_list":["post-18043","post","type-post","status-publish","format-standard","has-post-thumbnail","hentry","category-infos-des-femmes","tag-enseignantes","tag-prisonnieres"],"_links":{"self":[{"href":"https:\/\/wncri.org\/fr\/wp-json\/wp\/v2\/posts\/18043","targetHints":{"allow":["GET"]}}],"collection":[{"href":"https:\/\/wncri.org\/fr\/wp-json\/wp\/v2\/posts"}],"about":[{"href":"https:\/\/wncri.org\/fr\/wp-json\/wp\/v2\/types\/post"}],"author":[{"embeddable":true,"href":"https:\/\/wncri.org\/fr\/wp-json\/wp\/v2\/users\/4"}],"replies":[{"embeddable":true,"href":"https:\/\/wncri.org\/fr\/wp-json\/wp\/v2\/comments?post=18043"}],"version-history":[{"count":2,"href":"https:\/\/wncri.org\/fr\/wp-json\/wp\/v2\/posts\/18043\/revisions"}],"predecessor-version":[{"id":18046,"href":"https:\/\/wncri.org\/fr\/wp-json\/wp\/v2\/posts\/18043\/revisions\/18046"}],"wp:featuredmedia":[{"embeddable":true,"href":"https:\/\/wncri.org\/fr\/wp-json\/wp\/v2\/media\/18044"}],"wp:attachment":[{"href":"https:\/\/wncri.org\/fr\/wp-json\/wp\/v2\/media?parent=18043"}],"wp:term":[{"taxonomy":"category","embeddable":true,"href":"https:\/\/wncri.org\/fr\/wp-json\/wp\/v2\/categories?post=18043"},{"taxonomy":"post_tag","embeddable":true,"href":"https:\/\/wncri.org\/fr\/wp-json\/wp\/v2\/tags?post=18043"}],"curies":[{"name":"wp","href":"https:\/\/api.w.org\/{rel}","templated":true}]}}