{"id":18025,"date":"2023-04-05T15:19:34","date_gmt":"2023-04-05T13:19:34","guid":{"rendered":"https:\/\/wncri.org\/fr\/?p=18025"},"modified":"2023-04-08T15:33:52","modified_gmt":"2023-04-08T13:33:52","slug":"repression-opposants-au-hijab","status":"publish","type":"post","link":"https:\/\/wncri.org\/fr\/2023\/04\/05\/repression-opposants-au-hijab\/","title":{"rendered":"<strong>Rapport de Mars 2023 : La r\u00e9pression contre les opposants au hijab obligatoire<\/strong>"},"content":{"rendered":"\n<h2 class=\"wp-block-heading\"><strong>Intensification des mesures de r\u00e9pression \u00e0 l&#8217;encontre des opposants au hijab obligatoire<\/strong><\/h2>\n\n\n\n<p>En mars, le r\u00e9gime des mollahs a intensifi\u00e9 ses mesures \u00e0 l&#8217;encontre des opposants au hijab obligatoire, une campagne qui a d\u00e9but\u00e9 en d\u00e9cembre. Les fonctionnaires provinciaux et les mollahs ont insult\u00e9 les opposants au hijab obligatoire depuis les tribunes officielles et ont exhort\u00e9 les fid\u00e8les, lors des pri\u00e8res du vendredi, \u00e0 scander &#8220;\u00c0 bas ceux qui n&#8217;ont pas de hijab obligatoire !&#8221;.<\/p>\n\n\n\n<p>Pendant les vacances de Norouz, les commerces qui servaient les opposants au hijab obligatoire ont \u00e9t\u00e9 ferm\u00e9s, et le personnel de s\u00e9curit\u00e9 a emp\u00each\u00e9 l&#8217;acc\u00e8s aux a\u00e9roports et aux sites historiques.<\/p>\n\n\n\n<p>\u00c0 la fin du mois de mars, le parlement des mollahs a finalis\u00e9 son plan de lutte contre les opposants au hijab obligatoire et le minist\u00e8re de l&#8217;int\u00e9rieur a publi\u00e9 une instruction exigeant que toutes les femmes observent le hijab obligatoire.<\/p>\n\n\n\n<p>Les premiers jours d&#8217;avril ont \u00e9t\u00e9 marqu\u00e9s par des d\u00e9clarations sur le hijab faites par le pr\u00e9sident du r\u00e9gime, le chef du pouvoir judiciaire et Ali Khamenei, le guide supr\u00eame des mollahs. Divers minist\u00e8res et autorit\u00e9s ont annonc\u00e9 des mesures visant \u00e0 emp\u00eacher les opposants au hijab obligatoire d&#8217;acc\u00e9der \u00e0 des services ou de p\u00e9n\u00e9trer dans certains lieux.<\/p>\n\n\n<div class=\"wp-block-image\">\n<figure class=\"aligncenter size-full\"><img decoding=\"async\" src=\"data:image\/gif;base64,R0lGODlhAQABAIAAAAAAAP\/\/\/yH5BAEAAAAALAAAAAABAAEAAAIBRAA7\" data-src=\"https:\/\/wncri.org\/fr\/wp-content\/uploads\/2023\/04\/Opponents-of-the-Mandatory-Hijab-6-min.jpg\" alt=\"Intensification des mesures de r\u00e9pression \u00e0 l'encontre des opposants au hijab obligatoire\" class=\"wp-image-18031 lazyload\"\/><noscript><img decoding=\"async\" width=\"750\" height=\"375\" src=\"https:\/\/wncri.org\/fr\/wp-content\/uploads\/2023\/04\/Opponents-of-the-Mandatory-Hijab-6-min.jpg\" alt=\"Intensification des mesures de r\u00e9pression \u00e0 l'encontre des opposants au hijab obligatoire\" class=\"wp-image-18031 lazyload\" srcset=\"https:\/\/wncri.org\/fr\/wp-content\/uploads\/2023\/04\/Opponents-of-the-Mandatory-Hijab-6-min.jpg 750w, https:\/\/wncri.org\/fr\/wp-content\/uploads\/2023\/04\/Opponents-of-the-Mandatory-Hijab-6-min-300x150.jpg 300w, https:\/\/wncri.org\/fr\/wp-content\/uploads\/2023\/04\/Opponents-of-the-Mandatory-Hijab-6-min-360x180.jpg 360w\" sizes=\"(max-width: 750px) 100vw, 750px\" \/><\/noscript><figcaption class=\"wp-element-caption\">Il est obligatoire de porter le hijab islamique ; le panneau indique<\/figcaption><\/figure>\n<\/div>\n\n\n<h3 class=\"wp-block-heading\"><strong>Les minist\u00e8res d\u00e9clarent ne pas fournir de services aux opposants au hijab obligatoire<\/strong><\/h3>\n\n\n\n<p>Alors que les \u00e9coles et les universit\u00e9s ont rouvert leurs portes apr\u00e8s les vacances de Norouz, le minist\u00e8re des sciences a annonc\u00e9 qu&#8217;il ne fournira pas de services \u00e9ducatifs aux \u00e9tudiantes qui ne respectent pas les r\u00e8gles relatives au hijab.<\/p>\n\n\n\n<p>Dans un communiqu\u00e9 officiel, le minist\u00e8re a d\u00e9clar\u00e9 que toutes les universit\u00e9s et tous les centres d&#8217;enseignement sup\u00e9rieur plac\u00e9s sous sa supervision ne seront pas en mesure de fournir des services \u00e9ducatifs ou sociaux aux \u00e9tudiantes qui n&#8217;adh\u00e8rent pas aux r\u00e8gles et aux r\u00e8glements relatifs au hijab. (Agence de presse gouvernementale ISNA &#8211; 3 avril 2023)<\/p>\n\n\n\n<p>Le minist\u00e8re de l&#8217;\u00e9ducation a \u00e9galement publi\u00e9 une annonce similaire, d\u00e9clarant qu&#8217;il ne fournira pas de services aux \u00e9l\u00e8ves qui ne respectent pas les r\u00e8gles relatives au port du hijab \u00e0 l&#8217;\u00e9cole. (Site Internet de l&#8217;\u00c9tat Aftab &#8211; 3 avril 2023)<\/p>\n\n\n\n<p>L&#8217;adjoint aux affaires culturelles et \u00e9tudiantes du minist\u00e8re de la sant\u00e9 a \u00e9galement soulign\u00e9 que le minist\u00e8re de la sant\u00e9 ne fournira pas de services aux \u00e9tudiantes qui ne respectent pas le hijab islamique, et a exprim\u00e9 sa gratitude envers les \u00e9tudiantes qui se conforment au port du hijab. (Agence de presse gouvernementale ISNA &#8211; 2 avril 2023)<\/p>\n\n\n<div class=\"wp-block-image\">\n<figure class=\"aligncenter size-full\"><img decoding=\"async\" src=\"data:image\/gif;base64,R0lGODlhAQABAIAAAAAAAP\/\/\/yH5BAEAAAAALAAAAAABAAEAAAIBRAA7\" data-src=\"https:\/\/wncri.org\/fr\/wp-content\/uploads\/2023\/04\/Opponents-of-the-Mandatory-Hijab-9-min.jpg\" alt=\"Intensification des mesures de r\u00e9pression \u00e0 l'encontre des opposants au hijab obligatoire\" class=\"wp-image-18034 lazyload\"\/><noscript><img decoding=\"async\" width=\"750\" height=\"375\" src=\"https:\/\/wncri.org\/fr\/wp-content\/uploads\/2023\/04\/Opponents-of-the-Mandatory-Hijab-9-min.jpg\" alt=\"Intensification des mesures de r\u00e9pression \u00e0 l'encontre des opposants au hijab obligatoire\" class=\"wp-image-18034 lazyload\" srcset=\"https:\/\/wncri.org\/fr\/wp-content\/uploads\/2023\/04\/Opponents-of-the-Mandatory-Hijab-9-min.jpg 750w, https:\/\/wncri.org\/fr\/wp-content\/uploads\/2023\/04\/Opponents-of-the-Mandatory-Hijab-9-min-300x150.jpg 300w, https:\/\/wncri.org\/fr\/wp-content\/uploads\/2023\/04\/Opponents-of-the-Mandatory-Hijab-9-min-360x180.jpg 360w\" sizes=\"(max-width: 750px) 100vw, 750px\" \/><\/noscript><figcaption class=\"wp-element-caption\">La pancarte indique : &#8220;Selon les instructions, nous ne pouvons pas vendre de billets aux personnes qui ne portent pas le hijab&#8221;.<\/figcaption><\/figure>\n<\/div>\n\n\n<h3 class=\"wp-block-heading\"><strong>Suppression du hijab : Un acte ill\u00e9gal et le plan de l&#8217;ennemi<\/strong><\/h3>\n\n\n\n<p>Le 1er avril, Ebrahim Ra\u00efssi, le pr\u00e9sident des mollahs, a soulign\u00e9 l&#8217;obligation l\u00e9gale d&#8217;ob\u00e9ir \u00e0 la loi, m\u00eame si l&#8217;on ne croit pas au hijab obligatoire. M. Ra\u00efssi a exhort\u00e9 tout le monde \u00e0 aider le gouvernement \u00e0 faire respecter la r\u00e9glementation sur le hijab et \u00e0 pr\u00e9server la soci\u00e9t\u00e9 de la corruption et des relations malsaines. (The state-run News Network TV &#8211; 1er avril 2023)<\/p>\n\n\n\n<p>Le chef du pouvoir judiciaire a \u00e9galement <a href=\"https:\/\/wncri.org\/fr\/2023\/04\/02\/voile\/\" target=\"_blank\" rel=\"noreferrer noopener\">annonc\u00e9<\/a> que les opposants au hijab obligatoire seraient poursuivis sans indulgence, le retrait du hijab \u00e9tant consid\u00e9r\u00e9 comme un acte d&#8217;hostilit\u00e9 \u00e0 l&#8217;\u00e9gard de l&#8217;\u00c9tat et de ses valeurs.<\/p>\n\n\n\n<p>Gholamhossein Mohseni Ejei a soulign\u00e9 lors de la premi\u00e8re session du Conseil supr\u00eame de la magistrature de la nouvelle ann\u00e9e persane, qui s&#8217;est tenue le 1er avril, que &#8220;les agents charg\u00e9s de l&#8217;application de la loi sont tenus de s&#8217;occuper de tout crime av\u00e9r\u00e9 et de tout type de d\u00e9viation contraire \u00e0 la loi et \u00e0 la charia, qui se produit en public&#8230;, et de renvoyer les affaires aux autorit\u00e9s judiciaires comp\u00e9tentes&#8221;. Les autorit\u00e9s judiciaires doivent \u00e9galement faire preuve de prudence dans le traitement de ces affaires&#8221;.<\/p>\n\n\n\n<p>Il a ajout\u00e9 : &#8220;Toute personne impliqu\u00e9e de quelque mani\u00e8re que ce soit, y compris les conseillers, les adjoints, les instigateurs et les partenaires dans ces affaires, sera poursuivie en justice sans aucune indulgence&#8221;. (Agence de presse gouvernementale Fars &#8211; 1er avril 2023)<\/p>\n\n\n\n<p>Ejei a ajout\u00e9 que le retrait du hijab est un exemple de violation de la chastet\u00e9 publique et des principes de la charia et de la loi, que l&#8217;ennemi soutient. (Agence de presse gouvernementale Fars &#8211; 1er avril 2023)<\/p>\n\n\n\n<p>Deux jours plus tard, <a href=\"https:\/\/wncri.org\/fr\/2021\/08\/03\/le-juge-le-plus-misogyne-du-monde-a-la-tete-du-systeme-judiciaire-iranien\/\" target=\"_blank\" rel=\"noreferrer noopener\">Ejei<\/a> a annonc\u00e9 son intention de demander au pouvoir judiciaire d&#8217;acc\u00e9l\u00e9rer la r\u00e9daction et les \u00e9tapes juridiques de l&#8217;approbation si le projet de loi propos\u00e9 par le parlement n&#8217;est pas approuv\u00e9 rapidement. (Agence de presse Mizan du pouvoir judiciaire &#8211; 3 avril 2023)<\/p>\n\n\n\n<p>Lors d&#8217;une r\u00e9union avec les hauts responsables du r\u00e9gime cl\u00e9rical, le guide supr\u00eame des mollahs, Ali Khamenei, a soulign\u00e9 que le hijab est une question \u00e0 la fois religieuse et juridique, et qu&#8217;il est ill\u00e9gal de l&#8217;enlever, tant sur le plan religieux que politique. Il a \u00e9galement soulign\u00e9 que l&#8217;ennemi avait un plan pour saper le Hijab et a appel\u00e9 \u00e0 un contre-plan calcul\u00e9 pour prot\u00e9ger les r\u00e8gles du Hijab. (The state-run News Network TV &#8211; 4 avril 2023)<\/p>\n\n\n<div class=\"wp-block-image\">\n<figure class=\"aligncenter size-full\"><img decoding=\"async\" src=\"data:image\/gif;base64,R0lGODlhAQABAIAAAAAAAP\/\/\/yH5BAEAAAAALAAAAAABAAEAAAIBRAA7\" data-src=\"https:\/\/wncri.org\/fr\/wp-content\/uploads\/2023\/04\/Opponents-of-the-Mandatory-Hijab-2-min.jpg\" alt=\"Intensification des mesures de r\u00e9pression \u00e0 l'encontre des opposants au hijab obligatoire\" class=\"wp-image-18027 lazyload\"\/><noscript><img decoding=\"async\" width=\"750\" height=\"375\" src=\"https:\/\/wncri.org\/fr\/wp-content\/uploads\/2023\/04\/Opponents-of-the-Mandatory-Hijab-2-min.jpg\" alt=\"Intensification des mesures de r\u00e9pression \u00e0 l'encontre des opposants au hijab obligatoire\" class=\"wp-image-18027 lazyload\" srcset=\"https:\/\/wncri.org\/fr\/wp-content\/uploads\/2023\/04\/Opponents-of-the-Mandatory-Hijab-2-min.jpg 750w, https:\/\/wncri.org\/fr\/wp-content\/uploads\/2023\/04\/Opponents-of-the-Mandatory-Hijab-2-min-300x150.jpg 300w, https:\/\/wncri.org\/fr\/wp-content\/uploads\/2023\/04\/Opponents-of-the-Mandatory-Hijab-2-min-360x180.jpg 360w\" sizes=\"(max-width: 750px) 100vw, 750px\" \/><\/noscript><\/figure>\n<\/div>\n\n\n<h3 class=\"wp-block-heading\"><strong>Le plan du minist\u00e8re de l&#8217;int\u00e9rieur et le projet de loi parlementaire<\/strong><\/h3>\n\n\n\n<p>Le minist\u00e8re de l&#8217;int\u00e9rieur du r\u00e9gime cl\u00e9rical a annonc\u00e9 le 30 mars qu'&#8221;il n&#8217;y aura ni recul ni tol\u00e9rance dans les principes et les r\u00e8gles de la religion et des valeurs traditionnelles&#8221;. La d\u00e9claration souligne que &#8220;le voile est une n\u00e9cessit\u00e9 religieuse indiscutable et sera toujours l&#8217;un des principes pratiques de la R\u00e9publique islamique d&#8217;Iran&#8221;.<\/p>\n\n\n\n<p>Le minist\u00e8re de l&#8217;int\u00e9rieur a \u00e9galement soulign\u00e9 que le Hijab est un principe qui ne peut \u00eatre remis en question sur le plan politique, culturel et social. Le minist\u00e8re a \u00e9galement annonc\u00e9 son soutien \u00e0 tous ceux qui promeuvent la vertu et interdisent le mal dans tout le pays. Il a ajout\u00e9 que le pouvoir judiciaire, les forces de l&#8217;ordre et les autres institutions concern\u00e9es prendraient des mesures \u00e0 l&#8217;\u00e9gard de ceux qui enfreignent les normes.<\/p>\n\n\n\n<p>Auparavant, Hossein Jalali, membre du parlement du r\u00e9gime, avait annonc\u00e9 le 26 mars la <a href=\"https:\/\/wncri.org\/fr\/2023\/03\/27\/nouveau-plan-hijab\/\" target=\"_blank\" rel=\"noreferrer noopener\">finalisation d&#8217;un plan &#8220;enti\u00e8rement intelligent&#8221;<\/a> appel\u00e9 &#8220;chastet\u00e9 et voile&#8221;, qui pr\u00e9voyait des sanctions telles que des amendes allant de 500 000 \u00e0 3 milliards de tomans, la r\u00e9vocation des permis de conduire, la r\u00e9vocation des passeports et l&#8217;interdiction d&#8217;acc\u00e8s \u00e0 Internet pour les c\u00e9l\u00e9brit\u00e9s et les propri\u00e9taires de cha\u00eenes et de sites web.<\/p>\n\n\n\n<p>Le mollah Jalali a d\u00e9clar\u00e9 que ce plan avait \u00e9t\u00e9 pr\u00e9sent\u00e9 au guide supr\u00eame des mollahs et au pouvoir judiciaire apr\u00e8s 300 r\u00e9unions avec le Conseil de la r\u00e9volution culturelle et le Conseil de s\u00e9curit\u00e9 nationale.<\/p>\n\n\n\n<p>Les <a href=\"https:\/\/wncri.org\/2020\/07\/09\/a-network-of-27-state-agencies-suppresses-iranian-women-by-enforcing-the-mandatory-hijab\/\" target=\"_blank\" rel=\"noreferrer noopener\">agences du r\u00e9gime cl\u00e9rical charg\u00e9es de faire respecter le hijab obligatoire<\/a> surveilleraient sept groupes de lieux : \u00e0 l&#8217;int\u00e9rieur des v\u00e9hicules, dans les lieux publics et les restaurants, dans les bureaux et d\u00e9partements gouvernementaux, dans les centres \u00e9ducatifs et les universit\u00e9s, dans les a\u00e9roports et les terminaux, dans le cyberespace, chez les c\u00e9l\u00e9brit\u00e9s, et dans les rues et les voies publiques.<\/p>\n\n\n<div class=\"wp-block-image\">\n<figure class=\"aligncenter size-full\"><img decoding=\"async\" src=\"data:image\/gif;base64,R0lGODlhAQABAIAAAAAAAP\/\/\/yH5BAEAAAAALAAAAAABAAEAAAIBRAA7\" data-src=\"https:\/\/wncri.org\/fr\/wp-content\/uploads\/2023\/04\/Opponents-of-the-Mandatory-Hijab-5-min.jpg\" alt=\"Intensification des mesures de r\u00e9pression \u00e0 l'encontre des opposants au hijab obligatoire\" class=\"wp-image-18030 lazyload\"\/><noscript><img decoding=\"async\" width=\"750\" height=\"375\" src=\"https:\/\/wncri.org\/fr\/wp-content\/uploads\/2023\/04\/Opponents-of-the-Mandatory-Hijab-5-min.jpg\" alt=\"Intensification des mesures de r\u00e9pression \u00e0 l'encontre des opposants au hijab obligatoire\" class=\"wp-image-18030 lazyload\" srcset=\"https:\/\/wncri.org\/fr\/wp-content\/uploads\/2023\/04\/Opponents-of-the-Mandatory-Hijab-5-min.jpg 750w, https:\/\/wncri.org\/fr\/wp-content\/uploads\/2023\/04\/Opponents-of-the-Mandatory-Hijab-5-min-300x150.jpg 300w, https:\/\/wncri.org\/fr\/wp-content\/uploads\/2023\/04\/Opponents-of-the-Mandatory-Hijab-5-min-360x180.jpg 360w\" sizes=\"(max-width: 750px) 100vw, 750px\" \/><\/noscript><\/figure>\n<\/div>\n\n\n<h3 class=\"wp-block-heading\"><strong>Nous rendons la violation de la loi sur le hijab co\u00fbteuse<\/strong><\/h3>\n\n\n\n<p>Ahmad Rastineh, d\u00e9put\u00e9 de Chahre Kord et porte-parole de la commission culturelle du Parlement, a soulign\u00e9 la n\u00e9cessit\u00e9 d&#8217;imposer une application stricte de la loi sur le hijab.<\/p>\n\n\n\n<p>Il a d\u00e9clar\u00e9 que les contrevenants devraient payer rapidement les amendes et que des amendes \u00e9lev\u00e9es devraient \u00eatre impos\u00e9es aux contrevenants. En outre, des sanctions strictes assorties de garanties ex\u00e9cutives devraient \u00eatre impos\u00e9es \u00e0 ceux qui ne respectent pas la loi.<\/p>\n\n\n\n<p>Selon M. Rastineh, &#8220;l&#8217;\u00e9limination du voile n&#8217;est pas seulement une question de voile inappropri\u00e9, mais un plan complexe con\u00e7u par des ennemis pour d\u00e9stabiliser le pays et perturber l&#8217;ordre social&#8221;.<\/p>\n\n\n\n<p>Il a soulign\u00e9 que le Hijab est une loi dans le pays, et que tout le monde est oblig\u00e9 de la respecter.<\/p>\n\n\n\n<p>M. Rastineh a \u00e9galement d\u00e9clar\u00e9 qu&#8217;enfreindre la loi sur le hijab \u00e9tait un signe de tentative de perturbation de l&#8217;ordre social, et que les autorit\u00e9s ne devaient pas le permettre. Les fonctionnaires devraient faire respecter la loi et le parlement devrait superviser sa mise en \u0153uvre.<\/p>\n\n\n\n<p>Mme Rastineh a sugg\u00e9r\u00e9 qu&#8217;au lieu de criminaliser la question, il faudrait la traiter comme une violation de la loi punissable par des amendes que les gens devraient payer rapidement. (Rouydad24 &#8211; 3 avril 2023)<\/p>\n\n\n\n<h3 class=\"wp-block-heading\"><strong>Pr\u00e9parer le terrain pour une r\u00e9pression brutale des opposants au hijab obligatoire<\/strong><\/h3>\n\n\n\n<p>Les repr\u00e9sentants de Khamenei ont consacr\u00e9 une partie de leurs sermons du vendredi \u00e0 la question du retrait du hijab. Ils ont appel\u00e9 la population \u00e0 participer \u00e0 la lutte contre les personnes qui violent le hijab obligatoire, ce qui ouvre la voie \u00e0 la r\u00e9pression brutale des femmes et des opposants au hijab obligatoire. Cela permet \u00e0 des agents en civil, agissant sous le titre de &#8220;peuple&#8221;, d&#8217;avoir les mains libres pour attaquer les femmes n&#8217;importe o\u00f9, sans avoir \u00e0 rendre compte de leurs actes.<\/p>\n\n\n\n<p>Le mollah Ahmad Alam ol-Hoda, repr\u00e9sentant de Khamenei \u00e0 Machad, a exhort\u00e9 les forces de l&#8217;ordre et les directeurs d&#8217;a\u00e9roports et de terminaux \u00e0 arr\u00eater les personnes qui violent la loi sur le hijab obligatoire. (Khorasan TV &#8211; 31 mars 2023)<\/p>\n\n\n\n<p>Il a d\u00e9clar\u00e9 que le fait de ne pas \u00eatre voil\u00e9 est \u00e0 la fois contraire \u00e0 l&#8217;islam et \u00e0 la loi et a averti qu&#8217;une personne non voil\u00e9e agit contre la loi. Il a \u00e9galement soulign\u00e9 que le maintien de l&#8217;ordre \u00e9tait de leur responsabilit\u00e9 et qu&#8217;ils devaient avertir les personnes qui ne portaient pas le hijab. (Site web gouvernemental Entekhab &#8211; 31 mars 2023)<\/p>\n\n\n\n<p>Le mollah Lotfollah Dezhkam, repr\u00e9sentant de Khamenei dans la province de Fars, a exhort\u00e9 la population \u00e0 agir et \u00e0 aider le gouvernement \u00e0 appliquer la loi sur le port obligatoire du hijab. Dans son sermon du vendredi, il a d\u00e9clar\u00e9 : &#8220;Le gouvernement ne peut pas faire cela tout seul, mais notre peuple aidera les organes ex\u00e9cutifs et mettra le nez dans la plaie de l&#8217;ennemi. Les gens devraient prendre les choses en main et s&#8217;organiser pour r\u00e9gler ce probl\u00e8me. Le guide supr\u00eame a dit que c&#8217;est le travail du peuple, c&#8217;est le travail du public, alors laissons-les faire&#8221;. (R\u00e9seau de t\u00e9l\u00e9vision de la province de Fars &#8211; 31 mars 2023)<\/p>\n\n\n\n<p>Le mollah Mohammad Baqer Laini, repr\u00e9sentant de Khamenei dans la province de Mazandaran, a \u00e9galement appel\u00e9 la population \u00e0 participer activement \u00e0 l&#8217;application de la loi sur le hijab lors de son sermon de la pri\u00e8re du vendredi. Il a d\u00e9clar\u00e9 : &#8220;Nous esp\u00e9rons que notre cher peuple fera preuve de dynamisme et de mouvement dans ce domaine. Tout doit \u00eatre populaire. (Site d&#8217;information gouvernemental Shabestan &#8211; 31 mars 2023)<\/p>\n\n\n<div class=\"wp-block-image\">\n<figure class=\"aligncenter size-full\"><img decoding=\"async\" src=\"data:image\/gif;base64,R0lGODlhAQABAIAAAAAAAP\/\/\/yH5BAEAAAAALAAAAAABAAEAAAIBRAA7\" data-src=\"https:\/\/wncri.org\/fr\/wp-content\/uploads\/2023\/04\/Opponents-of-the-Mandatory-Hijab-7-min.jpg\" alt=\"Intensification des mesures de r\u00e9pression \u00e0 l'encontre des opposants au hijab obligatoire\" class=\"wp-image-18032 lazyload\"\/><noscript><img decoding=\"async\" width=\"750\" height=\"375\" src=\"https:\/\/wncri.org\/fr\/wp-content\/uploads\/2023\/04\/Opponents-of-the-Mandatory-Hijab-7-min.jpg\" alt=\"Intensification des mesures de r\u00e9pression \u00e0 l'encontre des opposants au hijab obligatoire\" class=\"wp-image-18032 lazyload\" srcset=\"https:\/\/wncri.org\/fr\/wp-content\/uploads\/2023\/04\/Opponents-of-the-Mandatory-Hijab-7-min.jpg 750w, https:\/\/wncri.org\/fr\/wp-content\/uploads\/2023\/04\/Opponents-of-the-Mandatory-Hijab-7-min-300x150.jpg 300w, https:\/\/wncri.org\/fr\/wp-content\/uploads\/2023\/04\/Opponents-of-the-Mandatory-Hijab-7-min-360x180.jpg 360w\" sizes=\"(max-width: 750px) 100vw, 750px\" \/><\/noscript><figcaption class=\"wp-element-caption\">Passagers d&#8217;un wagon de m\u00e9tro r\u00e9serv\u00e9 aux femmes<\/figcaption><\/figure>\n<\/div>\n\n\n<h3 class=\"wp-block-heading\"><strong>&#8220;Le Hijab est la loi et l&#8217;enlever est une conspiration de l&#8217;ennemi&#8221; &#8211; fonctionnaires<\/strong><\/h3>\n\n\n\n<p>Depuis quelques mois, divers fonctionnaires coordonnent leurs efforts pour promouvoir le hijab obligatoire en tant qu&#8217;obligation l\u00e9gale et qualifier son retrait de menace pour la s\u00e9curit\u00e9 nationale.<\/p>\n\n\n\n<p>Certains fonctionnaires sont all\u00e9s jusqu&#8217;\u00e0 exhorter les propri\u00e9taires d&#8217;entreprises et les chefs de service \u00e0 refuser leurs services \u00e0 celles qui ne respectent pas le hijab obligatoire, tout en qualifiant de criminelle toute personne qui s&#8217;y oppose. Les employ\u00e9es de bureau ont \u00e9galement \u00e9t\u00e9 oblig\u00e9es de porter le hijab m\u00eame en dehors du lieu de travail.<\/p>\n\n\n\n<p>Amin Gudarzi, adjoint politique, s\u00e9curitaire et social du gouvernorat sp\u00e9cial de Borujerd, dans la province de Lorestan, a soulign\u00e9 que &#8220;le fait d&#8217;enlever le hijab dans les commerces et les lieux publics est un crime et sera trait\u00e9 l\u00e9galement puisque le hijab est une loi en Iran&#8221;. (Site Internet de l&#8217;\u00c9tat ROKNA &#8211; 26 d\u00e9cembre 2022)<\/p>\n\n\n\n<p>Ahmad Hossein Fallahi, d\u00e9put\u00e9 de Hamedan, a soulign\u00e9 que &#8220;le hijab fait partie de la loi dans l&#8217;Iran islamique et est une obligation islamique, et d\u00e9sob\u00e9ir \u00e0 la loi conduirait au chaos, ce qu&#8217;aucune personne saine d&#8217;esprit n&#8217;accepterait.&#8221; (Rouydad24 &#8211; 18 f\u00e9vrier 2023)<\/p>\n\n\n\n<p>Le procureur adjoint de Khorramabad, Samad Heydari, a d\u00e9clar\u00e9 que &#8220;ne pas porter le hijab est un crime et qu&#8217;aucune personne ou entit\u00e9 n&#8217;a le droit d&#8217;entraver la mise en \u0153uvre du bien et l&#8217;interdiction du mal, et cr\u00e9er tout type d&#8217;obstacle est un crime reconnu par la loi.&#8221; (Site web de l&#8217;\u00c9tat Entekhab &#8211; 16 f\u00e9vrier 2023)<\/p>\n\n\n\n<p>Mojtaba Al-e Yasin, gouverneur adjoint de la province centrale, a soulign\u00e9 que &#8220;les employ\u00e9s sont tenus d&#8217;adh\u00e9rer aux r\u00e8gles et r\u00e8glements de la charia et de la loi en dehors du d\u00e9partement administratif. En cas de non-respect, le bureau des violations administratives s&#8217;occupera de l&#8217;employ\u00e9 contrevenant&#8221;. (Rouydad24 &#8211; 21 f\u00e9vrier 2023)<\/p>\n\n\n\n<p>Selon Bijan Nobaveh, membre de la Commission culturelle parlementaire, &#8220;les centres commerciaux sont responsables de l&#8217;application des r\u00e8gles relatives au hijab et de leur respect.&#8221; (Site internet de l&#8217;\u00c9tat Entekhab &#8211; 14 mars 2023)<\/p>\n\n\n\n<p>Hossein Shariatmadari, repr\u00e9sentant de Khamenei dans le journal Kayhan, a \u00e9crit dans un \u00e9ditorial : &#8220;Le fait d&#8217;enlever le hijab constitue une menace pour la s\u00e9curit\u00e9, et l&#8217;indulgence actuelle \u00e0 l&#8217;\u00e9gard de ce comportement est injustifiable au regard de la charia et du raisonnement juridique.&#8221;<\/p>\n\n\n\n<p>Ali Abdullahi, gouverneur de la province d&#8217;Alborz, a ordonn\u00e9 que toutes les entreprises emp\u00eachent les femmes sans hijab d&#8217;entrer dans les centres touristiques, les centres de loisirs et les stations baln\u00e9aires. (Site web de l&#8217;\u00c9tat Entekhab &#8211; 30 mars 2023)<\/p>\n\n\n\n<p>Le bureau du gouverneur de Qazvin a publi\u00e9 un communiqu\u00e9 d\u00e9clarant que le port du voile islamique est obligatoire pour tous les citoyens dans les espaces publics et gouvernementaux, les entreprises, les v\u00e9hicules et les rues. (L&#8217;agence de presse gouvernementale Fars &#8211; 2 avril 2023)<\/p>\n\n\n\n<p>Mohammad Aghamiri, chef de la commission de la construction de la ville de T\u00e9h\u00e9ran, a condamn\u00e9 la rupture des normes sociales et a pr\u00e9conis\u00e9 un plan municipal pour traiter les contrevenants. (Le site web gouvernemental Entekhab &#8211; 4 avril 2023)<\/p>\n\n\n\n<p>Abolhassan Mahdavi, membre du Conseil des experts d&#8217;Ispahan, a soulign\u00e9 que tout le monde, y compris les non-musulmans, doit observer le hijab dans les espaces publics de la soci\u00e9t\u00e9 islamique. Il a ajout\u00e9 que &#8220;le hijab repr\u00e9sente un drapeau dans la soci\u00e9t\u00e9 islamique que l&#8217;ennemi tente de d\u00e9truire de toutes ses forces&#8221;. (Site web gouvernemental Entekhab &#8211; 4 avril 2023)<\/p>\n\n\n<div class=\"wp-block-image\">\n<figure class=\"aligncenter size-full\"><img decoding=\"async\" src=\"data:image\/gif;base64,R0lGODlhAQABAIAAAAAAAP\/\/\/yH5BAEAAAAALAAAAAABAAEAAAIBRAA7\" data-src=\"https:\/\/wncri.org\/fr\/wp-content\/uploads\/2023\/04\/Opponents-of-the-Mandatory-Hijab-3-min.jpg\" alt=\"Intensification des mesures de r\u00e9pression \u00e0 l'encontre des opposants au hijab obligatoire\" class=\"wp-image-18028 lazyload\"\/><noscript><img decoding=\"async\" width=\"750\" height=\"375\" src=\"https:\/\/wncri.org\/fr\/wp-content\/uploads\/2023\/04\/Opponents-of-the-Mandatory-Hijab-3-min.jpg\" alt=\"Intensification des mesures de r\u00e9pression \u00e0 l'encontre des opposants au hijab obligatoire\" class=\"wp-image-18028 lazyload\" srcset=\"https:\/\/wncri.org\/fr\/wp-content\/uploads\/2023\/04\/Opponents-of-the-Mandatory-Hijab-3-min.jpg 750w, https:\/\/wncri.org\/fr\/wp-content\/uploads\/2023\/04\/Opponents-of-the-Mandatory-Hijab-3-min-300x150.jpg 300w, https:\/\/wncri.org\/fr\/wp-content\/uploads\/2023\/04\/Opponents-of-the-Mandatory-Hijab-3-min-360x180.jpg 360w\" sizes=\"(max-width: 750px) 100vw, 750px\" \/><\/noscript><\/figure>\n<\/div>\n\n\n<h3 class=\"wp-block-heading\"><strong>R\u00e9pression croissante pour non-observance du hijab obligatoire<\/strong><\/h3>\n\n\n\n<p>Ces derniers mois, en particulier pendant les vacances de Norouz, de nombreux faits ont \u00e9t\u00e9 rapport\u00e9s concernant la fermeture de centres touristiques, de restaurants, de caf\u00e9s, de pharmacies et de cabinets m\u00e9dicaux en raison de la question du hijab. Voici quelques exemples de ces incidents :<\/p>\n\n\n\n<p>Le 29 mars 2023, le directeur g\u00e9n\u00e9ral du d\u00e9partement de l&#8217;industrie, des mines et du commerce de la province de Gilan a annonc\u00e9 la fermeture de cinq entreprises \u00e0 Racht, la capitale de Gilan, pour ce qu&#8217;il a appel\u00e9 le &#8220;non-respect du hijab&#8221;. Ces entreprises vendaient des lunettes, des pizzas, du caf\u00e9, du mat\u00e9riel informatique et des jouets. Il a ajout\u00e9 qu&#8217;une proc\u00e9dure judiciaire avait \u00e9t\u00e9 engag\u00e9e contre ces entreprises.<\/p>\n\n\n\n<p>Le m\u00eame jour, un complexe touristique d&#8217;Amol a \u00e9t\u00e9 mis sous scell\u00e9s sur ordre du procureur public et r\u00e9volutionnaire de la province de Mazandaran en raison de &#8220;femmes qui dansaient et chantaient en public&#8221;. Le g\u00e9rant de ce complexe a \u00e9t\u00e9 poursuivi en justice.<\/p>\n\n\n\n<p>Le 30 mars 2023, le commandant des forces de s\u00e9curit\u00e9 de l&#8217;\u00c9tat de Nowchahr, Akbar Darvishi, a annonc\u00e9 la fermeture de six caf\u00e9s et restaurants dans les zones touristiques de Sisangan, Sitra et Siahroud pour non-respect de la charia et des normes islamiques, pour avoir servi des boissons alcoolis\u00e9es et pour avoir \u00f4t\u00e9 le voile. Darvishi a ajout\u00e9 que les personnes arr\u00eat\u00e9es pendant cette p\u00e9riode resteraient en garde \u00e0 vue jusqu&#8217;au 20 avril.<\/p>\n\n\n\n<p>Le 1er avril, l&#8217;agence de presse gouvernementale Tasnim a rapport\u00e9 qu&#8217;un lieu touristique \u00e0 Dezfoul avait \u00e9t\u00e9 ferm\u00e9 et mis sous scell\u00e9s pour avoir &#8220;autoris\u00e9 des personnes sans hijab&#8221;. Mehdi Amadeh, procureur public et r\u00e9volutionnaire de Dezfoul, dans la province du Khuzestan (sud-ouest), a annonc\u00e9 cette information.<\/p>\n\n\n\n<p>Karim Akbari, commandant d&#8217;une zone de r\u00e9sistance de la CGRI \u00e0 Kachan, a \u00e9galement indiqu\u00e9 le 1er avril 2023 qu&#8217;au cours du mois dernier, plus de 40 syndicats de Kachan avaient \u00e9t\u00e9 ferm\u00e9s pour ne pas avoir respect\u00e9 les normes sociales et fourni des services \u00e0 des clientes qui ne portaient pas le hijab.<\/p>\n\n\n\n<p>\u00c0 Babolsar, les relations publiques du si\u00e8ge de Vice-et-Valeur ont annonc\u00e9 le 1er avril 2023 la fermeture de six entreprises pour &#8220;non-respect des normes islamiques&#8221;.<\/p>\n\n\n\n<p>Le m\u00eame jour, \u00e0 Abadan, le quartier g\u00e9n\u00e9ral anti-Vice-et-Valeur de la ville a ferm\u00e9 trois caf\u00e9s pour avoir organis\u00e9 des \u00e9v\u00e9nements mixtes, dans\u00e9 et jou\u00e9 de la musique en direct.<\/p>\n\n\n\n<p>Mosayeb Mousavi, l&#8217;adjoint charg\u00e9 de la supervision et de l&#8217;inspection de l&#8217;Organisation de l&#8217;industrie, des mines et du commerce de Mazandaran, a annonc\u00e9 que 3 778 entreprises et grands magasins avaient \u00e9t\u00e9 inspect\u00e9s. Parmi eux, 2 343 ont re\u00e7u des avertissements verbaux ou \u00e9crits. En outre, 338 entreprises ont \u00e9t\u00e9 ferm\u00e9es pour ne pas avoir respect\u00e9 la question de la chastet\u00e9 et du hijab. (L&#8217;agence de presse \u00e9tatique Mehr News Agency &#8211; 3 avril 2023)<\/p>\n\n\n<div class=\"wp-block-image\">\n<figure class=\"aligncenter size-full\"><img decoding=\"async\" src=\"data:image\/gif;base64,R0lGODlhAQABAIAAAAAAAP\/\/\/yH5BAEAAAAALAAAAAABAAEAAAIBRAA7\" data-src=\"https:\/\/wncri.org\/fr\/wp-content\/uploads\/2023\/04\/Opponents-of-the-Mandatory-Hijab-4-min.jpg\" alt=\"Intensification des mesures de r\u00e9pression \u00e0 l'encontre des opposants au hijab obligatoire\" class=\"wp-image-18029 lazyload\"\/><noscript><img decoding=\"async\" width=\"750\" height=\"375\" src=\"https:\/\/wncri.org\/fr\/wp-content\/uploads\/2023\/04\/Opponents-of-the-Mandatory-Hijab-4-min.jpg\" alt=\"Intensification des mesures de r\u00e9pression \u00e0 l'encontre des opposants au hijab obligatoire\" class=\"wp-image-18029 lazyload\" srcset=\"https:\/\/wncri.org\/fr\/wp-content\/uploads\/2023\/04\/Opponents-of-the-Mandatory-Hijab-4-min.jpg 750w, https:\/\/wncri.org\/fr\/wp-content\/uploads\/2023\/04\/Opponents-of-the-Mandatory-Hijab-4-min-300x150.jpg 300w, https:\/\/wncri.org\/fr\/wp-content\/uploads\/2023\/04\/Opponents-of-the-Mandatory-Hijab-4-min-360x180.jpg 360w\" sizes=\"(max-width: 750px) 100vw, 750px\" \/><\/noscript><figcaption class=\"wp-element-caption\">Le panneau indique Ce commerce a \u00e9t\u00e9 mis sous scell\u00e9s pour non-respect des r\u00e8gles des lieux publics.<\/figcaption><\/figure>\n<\/div>\n\n\n<h3 class=\"wp-block-heading\"><strong>La campagne visant \u00e0 criminaliser le retrait du hijab<\/strong><\/h3>\n\n\n\n<p>Le 1er avril, l&#8217;agence de presse Fars a rapport\u00e9 qu&#8217;une campagne de signatures visant \u00e0 criminaliser l&#8217;enl\u00e8vement du hijab avait \u00e9t\u00e9 lanc\u00e9e non seulement par elle, mais aussi sur divers r\u00e9seaux sociaux et autres plateformes.<\/p>\n\n\n\n<p>Toutefois, de telles campagnes n&#8217;ont pas beaucoup de poids, \u00e9tant donn\u00e9 que le hijab a d\u00e9j\u00e0 \u00e9t\u00e9 d\u00e9clar\u00e9 obligatoire par les plus hautes autorit\u00e9s gouvernementales et que les personnes qui le violent sont passibles de sanctions et de poursuites p\u00e9nales. Ces campagnes ne font qu&#8217;alimenter l&#8217;atmosph\u00e8re et ouvrir la voie \u00e0 des mesures plus r\u00e9pressives \u00e0 l&#8217;encontre des opposants au hijab obligatoire.<\/p>\n\n\n<div class=\"wp-block-image\">\n<figure class=\"aligncenter size-full\"><img decoding=\"async\" src=\"data:image\/gif;base64,R0lGODlhAQABAIAAAAAAAP\/\/\/yH5BAEAAAAALAAAAAABAAEAAAIBRAA7\" data-src=\"https:\/\/wncri.org\/fr\/wp-content\/uploads\/2023\/04\/Opponents-of-the-Mandatory-Hijab-8-min.jpg\" alt=\"Intensification des mesures de r\u00e9pression \u00e0 l'encontre des opposants au hijab obligatoire\" class=\"wp-image-18033 lazyload\"\/><noscript><img decoding=\"async\" width=\"750\" height=\"375\" src=\"https:\/\/wncri.org\/fr\/wp-content\/uploads\/2023\/04\/Opponents-of-the-Mandatory-Hijab-8-min.jpg\" alt=\"Intensification des mesures de r\u00e9pression \u00e0 l'encontre des opposants au hijab obligatoire\" class=\"wp-image-18033 lazyload\" srcset=\"https:\/\/wncri.org\/fr\/wp-content\/uploads\/2023\/04\/Opponents-of-the-Mandatory-Hijab-8-min.jpg 750w, https:\/\/wncri.org\/fr\/wp-content\/uploads\/2023\/04\/Opponents-of-the-Mandatory-Hijab-8-min-300x150.jpg 300w, https:\/\/wncri.org\/fr\/wp-content\/uploads\/2023\/04\/Opponents-of-the-Mandatory-Hijab-8-min-360x180.jpg 360w\" sizes=\"(max-width: 750px) 100vw, 750px\" \/><\/noscript><figcaption class=\"wp-element-caption\">Maryam Bani Razi<\/figcaption><\/figure>\n<\/div>\n\n\n<h3 class=\"wp-block-heading\"><strong>Les opposants au hijab obligatoire risquent la flagellation et l&#8217;arrestation<\/strong><\/h3>\n\n\n\n<p>Pendant les vacances de Norouz, une infirmi\u00e8re de Qom a \u00e9t\u00e9 condamn\u00e9e \u00e0 148 coups de fouet, \u00e0 huit mois de prison et \u00e0 un renvoi de deux ans du gouvernement et des services publics pour ne pas avoir respect\u00e9 le hijab obligatoire. En d\u00e9cembre, Maryam Bani Razi a \u00e9t\u00e9 film\u00e9e alors qu&#8217;elle se rendait dans une banque sans porter le hijab obligatoire. Malgr\u00e9 un &#8220;avertissement&#8221;, elle a refus\u00e9 de mettre le hijab et le personnel de la banque lui a fourni des services normaux.<\/p>\n\n\n\n<p>Dans un autre incident, une <a href=\"https:\/\/twitter.com\/amnesty\/status\/1642918787228770306\" target=\"_blank\" rel=\"noreferrer noopener\">vid\u00e9o provenant des cam\u00e9ras de vid\u00e9osurveillance<\/a> d&#8217;un magasin de la ville de Chandiz, \u00e0 Machad, a \u00e9t\u00e9 publi\u00e9e sur les r\u00e9seaux sociaux le vendredi 31 mars. On y voit un agent en civil vider un seau de yaourt sur la t\u00eate de deux femmes qui \u00e9taient entr\u00e9es dans le magasin pour faire des achats mais qui ne portaient pas le hijab obligatoire.<\/p>\n\n\n\n<p>Le d\u00e9partement des relations publiques du bureau du procureur de Torqabeh a annonc\u00e9 qu&#8217;un mandat d&#8217;arr\u00eat avait \u00e9t\u00e9 d\u00e9livr\u00e9 \u00e0 l&#8217;encontre de l&#8217;agresseur et des deux femmes pour avoir commis un acte ill\u00e9gal en retirant leur hijab. (Agence de presse gouvernementale Mizan &#8211; 1er avril 2023)<\/p>\n\n\n<div class=\"wp-block-image\">\n<figure class=\"aligncenter size-full\"><img decoding=\"async\" src=\"data:image\/gif;base64,R0lGODlhAQABAIAAAAAAAP\/\/\/yH5BAEAAAAALAAAAAABAAEAAAIBRAA7\" data-src=\"https:\/\/wncri.org\/fr\/wp-content\/uploads\/2023\/04\/Opponents-of-the-Mandatory-Hijab-10-min.jpg\" alt=\"Intensification des mesures de r\u00e9pression \u00e0 l'encontre des opposants au hijab obligatoire\" class=\"wp-image-18035 lazyload\"\/><noscript><img decoding=\"async\" width=\"1000\" height=\"375\" src=\"https:\/\/wncri.org\/fr\/wp-content\/uploads\/2023\/04\/Opponents-of-the-Mandatory-Hijab-10-min.jpg\" alt=\"Intensification des mesures de r\u00e9pression \u00e0 l'encontre des opposants au hijab obligatoire\" class=\"wp-image-18035 lazyload\" srcset=\"https:\/\/wncri.org\/fr\/wp-content\/uploads\/2023\/04\/Opponents-of-the-Mandatory-Hijab-10-min.jpg 1000w, https:\/\/wncri.org\/fr\/wp-content\/uploads\/2023\/04\/Opponents-of-the-Mandatory-Hijab-10-min-300x113.jpg 300w, https:\/\/wncri.org\/fr\/wp-content\/uploads\/2023\/04\/Opponents-of-the-Mandatory-Hijab-10-min-768x288.jpg 768w, https:\/\/wncri.org\/fr\/wp-content\/uploads\/2023\/04\/Opponents-of-the-Mandatory-Hijab-10-min-750x281.jpg 750w\" sizes=\"(max-width: 1000px) 100vw, 1000px\" \/><\/noscript><figcaption class=\"wp-element-caption\">La laiterie de Shandiz qui a publi\u00e9 la vid\u00e9o de la rencontre a \u00e9t\u00e9 ferm\u00e9e.<\/figcaption><\/figure>\n<\/div>\n\n\n<p>Le m\u00eame jour, une vid\u00e9o a circul\u00e9 sur les m\u00e9dias sociaux montrant des agents de s\u00e9curit\u00e9 emp\u00eachant des opposants au hijab obligatoire d&#8217;entrer dans le complexe historique de <a href=\"https:\/\/fr.wikipedia.org\/wiki\/Taq-e_Bostan\" target=\"_blank\" rel=\"noreferrer noopener\">Taq-e Bostan<\/a> \u00e0 Kermanchah.<\/p>\n\n\n\n<p>Une autre vid\u00e9o publi\u00e9e sur les m\u00e9dias sociaux montre la direction et le personnel de l&#8217;a\u00e9roport de Chiraz avertissant les femmes sans hijab de se couvrir avant de d\u00e9livrer les billets d&#8217;embarquement. (Site internet gouvernemental Entekhab &#8211; 2 avril 2023)<\/p>\n\n\n\n<p>Le mercredi 29 mars 2023, le procureur de Bojnourd, Javad Ilali, a annonc\u00e9 l&#8217;arrestation d&#8217;un homme et d&#8217;une femme pour avoir pr\u00e9tendument agress\u00e9 et manqu\u00e9 de respect \u00e0 une femme qui faisait la promotion de la vertu.<\/p>\n\n\n\n<p>Cinq employ\u00e9s d&#8217;un centre touristique \u00e0 Varzaneh, Ispahan, ont \u00e9t\u00e9 arr\u00eat\u00e9s pour &#8220;conflit et obstruction aux activit\u00e9s des forces promouvant la vertu et interdisant le mal.&#8221; (Agence de presse gouvernementale Fars &#8211; 31 mars 2023)<\/p>\n\n\n\n<p>\u00c0 peu pr\u00e8s au m\u00eame moment, \u00e0 Yazd, trois personnes auraient \u00e9t\u00e9 arr\u00eat\u00e9es pour avoir &#8220;r\u00e9agi \u00e0 l&#8217;avertissement concernant le port du hijab dans le jardin de Dowlatabad \u00e0 Yazd&#8221;. Le quartier g\u00e9n\u00e9ral du vice et de la vertu de Yazd a affirm\u00e9 qu&#8217;ils avaient suivi la promotrice de la vertu et s&#8217;\u00e9taient heurt\u00e9s physiquement \u00e0 elle, \u00e0 sa fille et \u00e0 une autre femme.<\/p>\n\n\n\n<p>Des faits indiquent \u00e9galement que des camionnettes de patrouille d&#8217;orientation ont \u00e9t\u00e9 d\u00e9ploy\u00e9es dans la ville de Chiraz pour tester la r\u00e9action du public.<\/p>\n\n\n<div class=\"wp-block-image\">\n<figure class=\"aligncenter size-full\"><img decoding=\"async\" src=\"data:image\/gif;base64,R0lGODlhAQABAIAAAAAAAP\/\/\/yH5BAEAAAAALAAAAAABAAEAAAIBRAA7\" data-src=\"https:\/\/wncri.org\/fr\/wp-content\/uploads\/2023\/04\/Opponents-of-the-Mandatory-Hijab-min.jpg\" alt=\"Intensification des mesures de r\u00e9pression \u00e0 l'encontre des opposants au hijab obligatoire\" class=\"wp-image-18036 lazyload\"\/><noscript><img decoding=\"async\" width=\"750\" height=\"375\" src=\"https:\/\/wncri.org\/fr\/wp-content\/uploads\/2023\/04\/Opponents-of-the-Mandatory-Hijab-min.jpg\" alt=\"Intensification des mesures de r\u00e9pression \u00e0 l'encontre des opposants au hijab obligatoire\" class=\"wp-image-18036 lazyload\" srcset=\"https:\/\/wncri.org\/fr\/wp-content\/uploads\/2023\/04\/Opponents-of-the-Mandatory-Hijab-min.jpg 750w, https:\/\/wncri.org\/fr\/wp-content\/uploads\/2023\/04\/Opponents-of-the-Mandatory-Hijab-min-300x150.jpg 300w, https:\/\/wncri.org\/fr\/wp-content\/uploads\/2023\/04\/Opponents-of-the-Mandatory-Hijab-min-360x180.jpg 360w\" sizes=\"(max-width: 750px) 100vw, 750px\" \/><\/noscript><\/figure>\n<\/div>\n\n\n<h3 class=\"wp-block-heading\"><strong>Le comportement d&#8217;un r\u00e9gime misogyne<\/strong><\/h3>\n\n\n\n<p>Alors que plus de 80 % de la population iranienne vit en dessous du seuil de pauvret\u00e9 et lutte pour acc\u00e9der aux produits de premi\u00e8re n\u00e9cessit\u00e9, le r\u00e9gime des mollahs consacre son temps, son \u00e9nergie et ses ressources \u00e0 r\u00e9primer les opposants au hijab obligatoire et \u00e0 leur imposer de lourdes amendes.<\/p>\n\n\n\n<p>Cela se produit alors que le gouvernement n&#8217;a pas vers\u00e9 les salaires des enseignants, m\u00eame pendant les vacances de Norouz. En outre, les r\u00e9centes restrictions impos\u00e9es par le r\u00e9gime sur l&#8217;espace virtuel et la d\u00e9connexion de nombreux r\u00e9seaux virtuels au cours des six derniers mois ont exacerb\u00e9 les probl\u00e8mes sociaux et \u00e9conomiques auxquels la population est confront\u00e9e, mais le filtrage \u00e0 grande \u00e9chelle persiste.<\/p>\n\n\n\n<p>R\u00e9cemment, un m\u00e9dia gouvernemental a remis en question l&#8217;amende \u00e9lev\u00e9e pour le non-port du hijab, qui s&#8217;\u00e9l\u00e8verait \u00e0 3 milliards de tomans, alors que la ran\u00e7on pour une vie humaine n&#8217;est que de 900 millions de tomans. Cela met en \u00e9vidence la disproportion des peines encourues en cas de violation de la loi sur le port obligatoire du hijab.<\/p>\n\n\n\n<p>Entre-temps, le r\u00e9gime cl\u00e9rical n&#8217;a pas pris de mesures efficaces pour mettre fin aux attaques chimiques en cours contre les \u00e9coles de filles. Apr\u00e8s les vacances de Norouz, d&#8217;autres cas d&#8217;empoisonnement d&#8217;\u00e9tudiantes dans des \u00e9coles ont \u00e9t\u00e9 signal\u00e9s. Bien entendu, cela prouve l&#8217;implication directe du r\u00e9gime cl\u00e9rical, \u00e0 sav\u00b2oir Khamenei et le CGRI, qui se vengent des \u00e9coli\u00e8res qui ont particip\u00e9 activement au soul\u00e8vement de 2022-2023.<\/p>\n\n\n\n<p>Notamment, le projet de loi visant \u00e0 pr\u00e9venir la violence \u00e0 l&#8217;\u00e9gard des femmes n&#8217;a pas \u00e9t\u00e9 adopt\u00e9 apr\u00e8s 11 ans.<\/p>\n\n\n\n<p>Le voile obligatoire est <a href=\"https:\/\/wncri.org\/fr\/2020\/11\/24\/le-voile-obligatoire\/\" target=\"_blank\" rel=\"noreferrer noopener\">l&#8217;un des piliers du r\u00e9gime dictatorial des mollahs<\/a>. Le r\u00e9gime cl\u00e9rical a rendu le port du voile obligatoire moins d&#8217;un mois apr\u00e8s sa prise de pouvoir. Le r\u00e9gime r\u00e9prime la soci\u00e9t\u00e9 et impose des r\u00e8gles r\u00e9pressives en <a href=\"https:\/\/wncri.org\/fr\/2022\/07\/08\/imposer-le-hijab-obligatoire\/\" target=\"_blank\" rel=\"noreferrer noopener\">s&#8217;attaquant aux femmes<\/a>. La remise en cause du port obligatoire du hijab <a href=\"https:\/\/wncri.org\/2016\/07\/31\/fate-iran-rulers-tied-women-s-veil-hijab\/\" target=\"_blank\" rel=\"noreferrer noopener\">porte atteinte<\/a> \u00e0 l&#8217;identit\u00e9 islamique du r\u00e9gime et \u00e0 sa <a href=\"https:\/\/wncri.org\/2020\/10\/30\/mandatory-hijab-is-a-national-security-issue-for-irans-misogynistic-rulers\/\" target=\"_blank\" rel=\"noreferrer noopener\">raison d&#8217;\u00eatre.<\/a><\/p>\n\n\n\n<p>Les femmes et les jeunes filles iraniennes ont toutefois d\u00e9fi\u00e9 la coercition du r\u00e9gime par tous les moyens possibles au cours des 44 derni\u00e8res ann\u00e9es. Elles comprennent parfaitement que les droits des femmes, comme les droits de tous les citoyens iraniens, ne peuvent \u00eatre obtenus qu&#8217;en renversant le r\u00e9gime inhumain des mollahs.<\/p>\n\n\n\n<p>Il ne fait aucun doute que les femmes iraniennes d\u00e9fieront le soi-disant plan de &#8220;peines alternatives&#8221; et le retourneront contre le r\u00e9gime.<\/p>\n","protected":false},"excerpt":{"rendered":"<p>Intensification des mesures de r\u00e9pression \u00e0 l&#8217;encontre des opposants au hijab obligatoire En mars, le r\u00e9gime des mollahs a intensifi\u00e9 ses mesures \u00e0 l&#8217;encontre des opposants au hijab obligatoire, une campagne qui a d\u00e9but\u00e9 en d\u00e9cembre. Les fonctionnaires provinciaux et les mollahs ont insult\u00e9 les opposants au hijab obligatoire depuis les tribunes officielles et ont [&hellip;]<\/p>\n","protected":false},"author":4,"featured_media":18026,"comment_status":"closed","ping_status":"closed","sticky":false,"template":"","format":"standard","meta":{"jnews-multi-image_gallery":[],"jnews_single_post":{"subtitle":"","format":"standard","video":"","gallery":"","source_name":"","source_url":"","via_name":"","via_url":"","override_template":"0","override":[{"template":"7","single_blog_custom":"","parallax":"1","fullscreen":"1","layout":"right-sidebar","sidebar":"default-sidebar","second_sidebar":"default-sidebar","sticky_sidebar":"1","share_position":"floatbottom","share_float_style":"share-normal","show_share_counter":"1","show_view_counter":"1","show_featured":"1","show_post_meta":"1","show_post_author":"0","show_post_author_image":"1","show_post_date":"1","post_date_format":"default","post_date_format_custom":"Y\/m\/d","show_post_category":"1","show_post_reading_time":"0","post_reading_time_wpm":"300","show_zoom_button":"0","zoom_button_out_step":"2","zoom_button_in_step":"3","show_post_tag":"1","show_prev_next_post":"0","show_popup_post":"1","number_popup_post":"1","show_author_box":"0","show_post_related":"1","show_inline_post_related":"0"}],"override_image_size":"0","image_override":[{"single_post_thumbnail_size":"crop-500","single_post_gallery_size":"crop-500"}],"trending_post":"0","trending_post_position":"meta","trending_post_label":"Trending","sponsored_post":"0","sponsored_post_label":"Sponsored by","sponsored_post_name":"","sponsored_post_url":"","sponsored_post_logo_enable":"0","sponsored_post_logo":"","sponsored_post_desc":"","disable_ad":"0"},"jnews_primary_category":{"id":"","hide":""},"jnews_social_meta":{"fb_title":"","fb_description":"","fb_image":"","twitter_title":"","twitter_description":"","twitter_image":""},"jnews_override_counter":{"override_view_counter":"0","view_counter_number":"0","override_share_counter":"0","share_counter_number":"0","override_like_counter":"0","like_counter_number":"0","override_dislike_counter":"0","dislike_counter_number":"0"},"footnotes":""},"categories":[7],"tags":[376,375],"class_list":["post-18025","post","type-post","status-publish","format-standard","has-post-thumbnail","hentry","category-les-regles","tag-violence-contre-les-femmes","tag-voile-obligatoire"],"_links":{"self":[{"href":"https:\/\/wncri.org\/fr\/wp-json\/wp\/v2\/posts\/18025","targetHints":{"allow":["GET"]}}],"collection":[{"href":"https:\/\/wncri.org\/fr\/wp-json\/wp\/v2\/posts"}],"about":[{"href":"https:\/\/wncri.org\/fr\/wp-json\/wp\/v2\/types\/post"}],"author":[{"embeddable":true,"href":"https:\/\/wncri.org\/fr\/wp-json\/wp\/v2\/users\/4"}],"replies":[{"embeddable":true,"href":"https:\/\/wncri.org\/fr\/wp-json\/wp\/v2\/comments?post=18025"}],"version-history":[{"count":1,"href":"https:\/\/wncri.org\/fr\/wp-json\/wp\/v2\/posts\/18025\/revisions"}],"predecessor-version":[{"id":18037,"href":"https:\/\/wncri.org\/fr\/wp-json\/wp\/v2\/posts\/18025\/revisions\/18037"}],"wp:featuredmedia":[{"embeddable":true,"href":"https:\/\/wncri.org\/fr\/wp-json\/wp\/v2\/media\/18026"}],"wp:attachment":[{"href":"https:\/\/wncri.org\/fr\/wp-json\/wp\/v2\/media?parent=18025"}],"wp:term":[{"taxonomy":"category","embeddable":true,"href":"https:\/\/wncri.org\/fr\/wp-json\/wp\/v2\/categories?post=18025"},{"taxonomy":"post_tag","embeddable":true,"href":"https:\/\/wncri.org\/fr\/wp-json\/wp\/v2\/tags?post=18025"}],"curies":[{"name":"wp","href":"https:\/\/api.w.org\/{rel}","templated":true}]}}