{"id":18018,"date":"2023-04-06T02:13:32","date_gmt":"2023-04-06T00:13:32","guid":{"rendered":"https:\/\/wncri.org\/fr\/?p=18018"},"modified":"2023-04-07T02:19:20","modified_gmt":"2023-04-07T00:19:20","slug":"sakineh-parvaneh","status":"publish","type":"post","link":"https:\/\/wncri.org\/fr\/2023\/04\/06\/sakineh-parvaneh\/","title":{"rendered":"Sakineh Parvaneh, citoyenne kurde, arr\u00eat\u00e9e pour la deuxi\u00e8me fois en moins d&#8217;un mois"},"content":{"rendered":"\n<h3 class=\"wp-block-heading\">Sakineh Parvaneh, citoyenne kurde, arr\u00eat\u00e9e pour la deuxi\u00e8me fois en moins d&#8217;un mois<\/h3>\n\n\n\n<p>Sakineh Parvaneh, citoyenne kurde originaire de Machad, a \u00e9t\u00e9 de nouveau arr\u00eat\u00e9e le mardi 4 avril 2023, apr\u00e8s avoir \u00e9t\u00e9 convoqu\u00e9e au bureau du procureur g\u00e9n\u00e9ral et r\u00e9volutionnaire de Machad.<\/p>\n\n\n\n<p>C&#8217;est la deuxi\u00e8me fois qu&#8217;elle est arr\u00eat\u00e9e en moins d&#8217;un mois pour des raisons non divulgu\u00e9es.<\/p>\n\n\n\n<p>La prisonni\u00e8re politique kurde Sakineh Parvaneh purgeait la quatri\u00e8me ann\u00e9e de sa peine lorsqu&#8217;elle a \u00e9t\u00e9 lib\u00e9r\u00e9e de la <a href=\"https:\/\/wncri.org\/fr\/2021\/12\/10\/les-conditions-des-femmes-prisons\/\" target=\"_blank\" rel=\"noreferrer noopener\">prison de Vakilabad<\/a> \u00e0 <a href=\"https:\/\/fr.wikipedia.org\/wiki\/Machhad\" target=\"_blank\" rel=\"noreferrer noopener\">Machad<\/a> le 15 f\u00e9vrier 2023.<\/p>\n\n\n\n<p>Mme Parvaneh avait \u00e9t\u00e9 arr\u00eat\u00e9e le 7 mars 2023 et lib\u00e9r\u00e9e au bout de quatre jours.<\/p>\n\n\n\n<p>Selon des informations diffus\u00e9es sur les m\u00e9dias sociaux, le CGRI a confisqu\u00e9 tous les documents d&#8217;enregistrement de Sakineh Parvaneh il y a environ quatre ans.<\/p>\n\n\n\n<p>Bien qu&#8217;elle ait \u00e9t\u00e9 lib\u00e9r\u00e9e de prison, ses documents ne lui ont pas \u00e9t\u00e9 rendus. Par cons\u00e9quent, Mme Parvaneh rencontre des difficult\u00e9s dans les aspects fondamentaux de sa vie tels que la location d&#8217;une maison, la recherche d&#8217;un emploi, l&#8217;achat d&#8217;une carte SIM pour t\u00e9l\u00e9phone portable et d&#8217;autres questions essentielles.<\/p>\n\n\n\n<h3 class=\"wp-block-heading\"><strong>Informations sur la prisonni\u00e8re politique Sakineh Parvaneh<\/strong><strong><\/strong><\/h3>\n\n\n\n<p>Sakineh Parvaneh est n\u00e9e en 1988. Au d\u00e9but de l&#8217;automne 2019, des agents de s\u00e9curit\u00e9 l&#8217;ont arr\u00eat\u00e9e parce qu&#8217;elle avait rendu visite \u00e0 sa famille \u00e0 Soleimaniya, au Kurdistan d&#8217;Irak. Ils l&#8217;ont emmen\u00e9e \u00e0 la fronti\u00e8re entre l&#8217;Iran et l&#8217;Irak. Elle a \u00e9t\u00e9 d\u00e9tenue pendant dix jours dans les centres de d\u00e9tention de Marivan et de Sanandaj. Elle a ensuite \u00e9t\u00e9 transf\u00e9r\u00e9e \u00e0 la prison d&#8217;Evine \u00e0 T\u00e9h\u00e9ran.<\/p>\n\n\n\n<p>Elle a subi des interrogatoires muscl\u00e9s sous la torture psychologique et physique dans le pavillon 2A, le pavillon 209 et le pavillon des femmes de la prison d&#8217;Evine. Pendant cette p\u00e9riode, elle a \u00e9t\u00e9 priv\u00e9e de visites.<\/p>\n\n\n\n<p>En mars 2020, apr\u00e8s avoir \u00e9crit des graffitis sur les murs d&#8217;Evine, elle a \u00e9t\u00e9 envoy\u00e9e \u00e0 la sinistre c\u00e9l\u00e8bre <a href=\"https:\/\/wncri.org\/fr\/2020\/04\/20\/regard-sur-la-situation-tragique-a-la-prison-pour-femmes-de-qarchak-en-iran\/\" target=\"_blank\" rel=\"noreferrer noopener\">prison de Qarchak<\/a>, o\u00f9 elle a \u00e9t\u00e9 d\u00e9tenue \u00e0 l&#8217;isolement pendant quatre jours avec des menottes et des menottes aux pieds. Les gardiens de prison l&#8217;ont ensuite emmen\u00e9e \u00e0 l&#8217;h\u00f4pital psychiatrique d&#8217;Aminabad, \u00e0 Chahre Rey. Apr\u00e8s <a href=\"https:\/\/wncri.org\/2020\/04\/13\/qarchak-prison-political-prisoner-transferred-to-psychiatric-hospital\/\" target=\"_blank\" rel=\"noreferrer noopener\">25 jours \u00e0 Aminabad<\/a>, la prisonni\u00e8re politique Sakineh Parvaneh a \u00e9t\u00e9 renvoy\u00e9e au quartier de quarantaine de la <a href=\"https:\/\/wncri.org\/fr\/2020\/04\/20\/regard-sur-la-situation-tragique-a-la-prison-pour-femmes-de-qarchak-en-iran\/\" target=\"_blank\" rel=\"noreferrer noopener\">prison de Qarchak.<\/a><\/p>\n\n\n\n<p>Le 25 mai 2020, elle a entam\u00e9 une <a href=\"https:\/\/wncri.org\/fr\/2021\/05\/26\/la-greve-de-la-faim-de-la-prisonniere-politique-kurde-sakineh-parvaneh\/\">gr\u00e8ve de la faim<\/a> pour protester contre sa condamnation \u00e0 cinq ans de prison, l&#8217;interdiction pendant deux ans d&#8217;appartenir \u00e0 des groupes politiques et sa d\u00e9tention dans des conditions o\u00f9 la cat\u00e9gorie de leurs d\u00e9lits ne s\u00e9parait pas les prisonni\u00e8res.<\/p>\n\n\n\n<p>Le 4 juillet 2020, elle est renvoy\u00e9e \u00e0 la prison d&#8217;Evine alors qu&#8217;elle porte des cicatrices et des ecchymoses dues aux coups re\u00e7us. En ao\u00fbt, elle a \u00e9t\u00e9 condamn\u00e9e \u00e0 deux ann\u00e9es suppl\u00e9mentaires pour &#8220;\u00e9meute en prison&#8221;.<\/p>\n\n\n\n<p>La prisonni\u00e8re politique Sakineh Parvaneh a entam\u00e9 plusieurs fois une <a href=\"https:\/\/wncri.org\/fr\/2021\/05\/26\/la-greve-de-la-faim-de-la-prisonniere-politique-kurde-sakineh-parvaneh\/\" target=\"_blank\" rel=\"noreferrer noopener\">gr\u00e8ve de la fai<\/a>m \u00e0 Evine.<\/p>\n\n\n\n<p>Le 27 octobre 2020, elle a \u00e9t\u00e9 transf\u00e9r\u00e9e du quartier des femmes d&#8217;Evine \u00e0 la prison de Qouchan. Elle a \u00e9t\u00e9 envoy\u00e9e en cellule d&#8217;isolement le lundi 9 novembre 2020, en r\u00e9ponse \u00e0 sa <a href=\"https:\/\/wncri.org\/2020\/09\/03\/two-kurdish-women-start-hunger-strikes-in-womens-ward-of-evin-prison\/\" target=\"_blank\" rel=\"noreferrer noopener\">gr\u00e8ve de la faim<\/a> depuis le 31 octobre pour protester contre sa possible relocalisation \u00e0 nouveau \u00e0 la Prison d&#8217;Ispahan. Au huiti\u00e8me jour de sa gr\u00e8ve de la faim, elle s&#8217;est cousu les l\u00e8vres. Mais dans ces m\u00eames conditions, elle a \u00e9t\u00e9 <a href=\"https:\/\/wncri.org\/fr\/2020\/05\/28\/la-greve-de-la-faim-de-sakineh-parvaneh-un-plaidoyer-pour-les-droits-fondamentaux\/\" target=\"_blank\" rel=\"noreferrer noopener\">brutalis\u00e9e <\/a><a href=\"https:\/\/wncri.org\/fr\/2020\/05\/28\/la-greve-de-la-faim-de-sakineh-parvaneh-un-plaidoyer-pour-les-droits-fondamentaux\/\">et battue<\/a> par les gardiens.<\/p>\n\n\n\n<p>Le 13 d\u00e9cembre 2020, Sakineh Parvaneh a \u00e9t\u00e9 <a href=\"https:\/\/wncri.org\/fr\/2022\/07\/30\/visite-familiale\/\" target=\"_blank\" rel=\"noreferrer noopener\">emmen\u00e9e de la prison de Qouchan<\/a> \u00e0 la <a href=\"https:\/\/wncri.org\/fr\/2021\/05\/26\/la-greve-de-la-faim-de-la-prisonniere-politique-kurde-sakineh-parvaneh\/\" target=\"_blank\" rel=\"noreferrer noopener\">prison centrale de Machad<\/a>, o\u00f9 elle a \u00e9t\u00e9 priv\u00e9e de visites familiales et o\u00f9 il lui a \u00e9t\u00e9 interdit d&#8217;appeler chez elle.<\/p>\n\n\n\n<p>La prisonni\u00e8re politique kurde Sakineh Parvaneh a subi des pressions de la part du Corps des gardiens de la r\u00e9volution islamique pour qu&#8217;elle fasse des aveux forc\u00e9s contre elle-m\u00eame.<\/p>\n","protected":false},"excerpt":{"rendered":"<p>Sakineh Parvaneh, citoyenne kurde, arr\u00eat\u00e9e pour la deuxi\u00e8me fois en moins d&#8217;un mois Sakineh Parvaneh, citoyenne kurde originaire de Machad, a \u00e9t\u00e9 de nouveau arr\u00eat\u00e9e le mardi 4 avril 2023, apr\u00e8s avoir \u00e9t\u00e9 convoqu\u00e9e au bureau du procureur g\u00e9n\u00e9ral et r\u00e9volutionnaire de Machad. C&#8217;est la deuxi\u00e8me fois qu&#8217;elle est arr\u00eat\u00e9e en moins d&#8217;un mois pour [&hellip;]<\/p>\n","protected":false},"author":4,"featured_media":18019,"comment_status":"closed","ping_status":"closed","sticky":false,"template":"","format":"standard","meta":{"jnews-multi-image_gallery":[],"jnews_single_post":{"subtitle":"","format":"standard","video":"","gallery":"","source_name":"","source_url":"","via_name":"","via_url":"","override_template":"0","override":[{"template":"7","single_blog_custom":"","parallax":"1","fullscreen":"1","layout":"right-sidebar","sidebar":"default-sidebar","second_sidebar":"default-sidebar","sticky_sidebar":"1","share_position":"floatbottom","share_float_style":"share-normal","show_share_counter":"1","show_view_counter":"1","show_featured":"1","show_post_meta":"1","show_post_author":"0","show_post_author_image":"1","show_post_date":"1","post_date_format":"default","post_date_format_custom":"Y\/m\/d","show_post_category":"1","show_post_reading_time":"0","post_reading_time_wpm":"300","show_zoom_button":"0","zoom_button_out_step":"2","zoom_button_in_step":"3","show_post_tag":"1","show_prev_next_post":"0","show_popup_post":"1","number_popup_post":"1","show_author_box":"0","show_post_related":"1","show_inline_post_related":"0"}],"override_image_size":"0","image_override":[{"single_post_thumbnail_size":"crop-500","single_post_gallery_size":"crop-500"}],"trending_post":"0","trending_post_position":"meta","trending_post_label":"Trending","sponsored_post":"0","sponsored_post_label":"Sponsored by","sponsored_post_name":"","sponsored_post_url":"","sponsored_post_logo_enable":"0","sponsored_post_logo":"","sponsored_post_desc":"","disable_ad":"0"},"jnews_primary_category":{"id":"","hide":""},"jnews_social_meta":{"fb_title":"","fb_description":"","fb_image":"","twitter_title":"","twitter_description":"","twitter_image":""},"jnews_override_counter":{"override_view_counter":"0","view_counter_number":"0","override_share_counter":"0","share_counter_number":"0","override_like_counter":"0","like_counter_number":"0","override_dislike_counter":"0","dislike_counter_number":"0"},"footnotes":""},"categories":[3],"tags":[370],"class_list":["post-18018","post","type-post","status-publish","format-standard","has-post-thumbnail","hentry","category-infos-des-femmes","tag-prisonnieres"],"_links":{"self":[{"href":"https:\/\/wncri.org\/fr\/wp-json\/wp\/v2\/posts\/18018","targetHints":{"allow":["GET"]}}],"collection":[{"href":"https:\/\/wncri.org\/fr\/wp-json\/wp\/v2\/posts"}],"about":[{"href":"https:\/\/wncri.org\/fr\/wp-json\/wp\/v2\/types\/post"}],"author":[{"embeddable":true,"href":"https:\/\/wncri.org\/fr\/wp-json\/wp\/v2\/users\/4"}],"replies":[{"embeddable":true,"href":"https:\/\/wncri.org\/fr\/wp-json\/wp\/v2\/comments?post=18018"}],"version-history":[{"count":1,"href":"https:\/\/wncri.org\/fr\/wp-json\/wp\/v2\/posts\/18018\/revisions"}],"predecessor-version":[{"id":18020,"href":"https:\/\/wncri.org\/fr\/wp-json\/wp\/v2\/posts\/18018\/revisions\/18020"}],"wp:featuredmedia":[{"embeddable":true,"href":"https:\/\/wncri.org\/fr\/wp-json\/wp\/v2\/media\/18019"}],"wp:attachment":[{"href":"https:\/\/wncri.org\/fr\/wp-json\/wp\/v2\/media?parent=18018"}],"wp:term":[{"taxonomy":"category","embeddable":true,"href":"https:\/\/wncri.org\/fr\/wp-json\/wp\/v2\/categories?post=18018"},{"taxonomy":"post_tag","embeddable":true,"href":"https:\/\/wncri.org\/fr\/wp-json\/wp\/v2\/tags?post=18018"}],"curies":[{"name":"wp","href":"https:\/\/api.w.org\/{rel}","templated":true}]}}