{"id":17995,"date":"2023-04-01T03:13:01","date_gmt":"2023-04-01T01:13:01","guid":{"rendered":"https:\/\/wncri.org\/fr\/?p=17995"},"modified":"2023-04-03T03:22:33","modified_gmt":"2023-04-03T01:22:33","slug":"ghazaleh-chelabi","status":"publish","type":"post","link":"https:\/\/wncri.org\/fr\/2023\/04\/01\/ghazaleh-chelabi\/","title":{"rendered":"Les forces de s\u00e9curit\u00e9 emp\u00eachent la comm\u00e9moration de Ghazaleh Chelabi"},"content":{"rendered":"\n<h3 class=\"wp-block-heading\">Les forces de s\u00e9curit\u00e9 emp\u00eachent la comm\u00e9moration de Ghazaleh Chelabi<\/h3>\n\n\n\n<p>Le conseil de s\u00e9curit\u00e9 de la ville de Norouz a emp\u00each\u00e9 la c\u00e9r\u00e9monie de comm\u00e9moration de Ghazaleh Chelabi.<\/p>\n\n\n\n<p>Pendant Norouz, la f\u00eate du Nouvel An perse, le peuple iranien s&#8217;est rassembl\u00e9 pour rendre hommage aux manifestants qui ont perdu la vie lors du soul\u00e8vement national de 2022-2023. Ils se sont rendus sur les tombes de ces \u00e2mes courageuses pour honorer leur m\u00e9moire, leur rendre hommage et s&#8217;engager \u00e0 nouveau sur la voie de la libert\u00e9 dans laquelle ces manifestants s&#8217;\u00e9taient engag\u00e9s.<\/p>\n\n\n\n<p>Cependant, les familles des martyrs et leurs communaut\u00e9s ont \u00e9t\u00e9 confront\u00e9es \u00e0 l&#8217;hostilit\u00e9 des forces de s\u00e9curit\u00e9, qui les ont non seulement menac\u00e9es et contraintes au silence, mais les ont \u00e9galement emp\u00each\u00e9es d&#8217;organiser des c\u00e9r\u00e9monies de comm\u00e9moration pour leurs proches. Ghazaleh Chelabi (Chelavi), dont la famille n&#8217;a pas pu organiser de c\u00e9r\u00e9monie en son honneur, fait partie des nombreuses personnes concern\u00e9es.<\/p>\n\n\n<div class=\"wp-block-image\">\n<figure class=\"aligncenter size-full\"><img decoding=\"async\" src=\"data:image\/gif;base64,R0lGODlhAQABAIAAAAAAAP\/\/\/yH5BAEAAAAALAAAAAABAAEAAAIBRAA7\" data-src=\"https:\/\/wncri.org\/fr\/wp-content\/uploads\/2023\/04\/Slain-protesters-commemorated-in-Nowruz-min.jpg\" alt=\"Ghazaleh Chelabi a \u00e9t\u00e9 tu\u00e9e le 21 septembre 2022, lors du soul\u00e8vement national dans la ville d'Amol\" class=\"wp-image-18000 lazyload\"\/><noscript><img decoding=\"async\" width=\"750\" height=\"375\" src=\"https:\/\/wncri.org\/fr\/wp-content\/uploads\/2023\/04\/Slain-protesters-commemorated-in-Nowruz-min.jpg\" alt=\"Ghazaleh Chelabi a \u00e9t\u00e9 tu\u00e9e le 21 septembre 2022, lors du soul\u00e8vement national dans la ville d'Amol\" class=\"wp-image-18000 lazyload\" srcset=\"https:\/\/wncri.org\/fr\/wp-content\/uploads\/2023\/04\/Slain-protesters-commemorated-in-Nowruz-min.jpg 750w, https:\/\/wncri.org\/fr\/wp-content\/uploads\/2023\/04\/Slain-protesters-commemorated-in-Nowruz-min-300x150.jpg 300w, https:\/\/wncri.org\/fr\/wp-content\/uploads\/2023\/04\/Slain-protesters-commemorated-in-Nowruz-min-360x180.jpg 360w\" sizes=\"(max-width: 750px) 100vw, 750px\" \/><\/noscript><figcaption class=\"wp-element-caption\">Pendant Nowruz, la f\u00eate du Nouvel An perse, le peuple iranien s&#8217;est rassembl\u00e9 pour rendre hommage aux manifestants qui ont perdu la vie lors du soul\u00e8vement national de 2022-2023.<\/figcaption><\/figure>\n<\/div>\n\n\n<p>Ghazaleh Chelabi a \u00e9t\u00e9 <a href=\"https:\/\/en.wikipedia.org\/wiki\/Death_of_Ghazaleh_Chalabi\" target=\"_blank\" rel=\"noreferrer noopener\">tu\u00e9e le 21 septembre 2022<\/a>, lors du soul\u00e8vement national dans la ville d&#8217;Amol, dans la province de Mazandaran, dans le nord de l&#8217;Iran. Sa famille voulait organiser une c\u00e9r\u00e9monie de comm\u00e9moration de Norouz en son honneur, mais le Conseil de s\u00e9curit\u00e9 de la ville d&#8217;Amol a emp\u00each\u00e9 la c\u00e9r\u00e9monie d&#8217;avoir lieu.<\/p>\n\n\n\n<p>Samedi 25 mars, Fatemeh Mojtabaei, la m\u00e8re de Ghazaleh Chelabi, s&#8217;est adress\u00e9e \u00e0 sa fille dans une note publi\u00e9e sur sa page Instagram, en disant : &#8220;Le premier jour de Farvardin 1402, la c\u00e9r\u00e9monie de comm\u00e9moration qui devait se tenir dans la salle Imamzadeh Qasem (sur ta tombe) a \u00e9t\u00e9 annul\u00e9e dans les derniers instants par le conseil de s\u00e9curit\u00e9 de la ville d&#8217;Amol, et nous avons d\u00fb organiser la c\u00e9r\u00e9monie \u00e0 la maison dans le peu de temps dont nous disposions. Mais les sans-c\u0153ur devraient savoir que les habitants de ma ville n&#8217;ont pas laiss\u00e9 notre famille seule et je suis redevable \u00e0 ces personnes bienveillantes&#8221;.<\/p>\n\n\n<div class=\"wp-block-image\">\n<figure class=\"aligncenter size-full\"><img decoding=\"async\" src=\"data:image\/gif;base64,R0lGODlhAQABAIAAAAAAAP\/\/\/yH5BAEAAAAALAAAAAABAAEAAAIBRAA7\" data-src=\"https:\/\/wncri.org\/fr\/wp-content\/uploads\/2023\/04\/Ghazaleh-Chelabi-3-min.jpg\" alt=\"Samedi 25 mars, Fatemeh Mojtabaei, la m\u00e8re de Ghazaleh Chelabi, s'est adress\u00e9e \u00e0 sa fille dans une note publi\u00e9e sur sa page Instagram, en disant \" class=\"wp-image-17997 lazyload\"\/><noscript><img decoding=\"async\" width=\"750\" height=\"375\" src=\"https:\/\/wncri.org\/fr\/wp-content\/uploads\/2023\/04\/Ghazaleh-Chelabi-3-min.jpg\" alt=\"Samedi 25 mars, Fatemeh Mojtabaei, la m\u00e8re de Ghazaleh Chelabi, s'est adress\u00e9e \u00e0 sa fille dans une note publi\u00e9e sur sa page Instagram, en disant \" class=\"wp-image-17997 lazyload\" srcset=\"https:\/\/wncri.org\/fr\/wp-content\/uploads\/2023\/04\/Ghazaleh-Chelabi-3-min.jpg 750w, https:\/\/wncri.org\/fr\/wp-content\/uploads\/2023\/04\/Ghazaleh-Chelabi-3-min-300x150.jpg 300w, https:\/\/wncri.org\/fr\/wp-content\/uploads\/2023\/04\/Ghazaleh-Chelabi-3-min-360x180.jpg 360w\" sizes=\"(max-width: 750px) 100vw, 750px\" \/><\/noscript><figcaption class=\"wp-element-caption\">Ghazaleh Chelabi au sommet d&#8217;une montagne<\/figcaption><\/figure>\n<\/div>\n\n\n<p>Dans cette note, publi\u00e9e avec les hashtags &#8220;Non \u00e0 la R\u00e9publique islamique&#8221;, &#8220;N&#8217;ayez pas peur, n&#8217;ayez pas peur, nous sommes tous ensemble&#8221; et &#8220;Nous ne pardonnerons ni n&#8217;oublierons&#8221;, Fatemeh Mojtabaei a \u00e9crit \u00e0 sa fille : Fatemeh Mojtabaei a \u00e9crit \u00e0 sa fille : &#8220;Ce jour-l\u00e0, une foule nombreuse a fleuri ta tombe. Ma belle et h\u00e9ro\u00efque fille, tu as une place dans le c\u0153ur de tous les peuples libres et tu es inscrite dans l&#8217;histoire de l&#8217;Iran.<\/p>\n\n\n<div class=\"wp-block-image\">\n<figure class=\"alignright size-full\"><img decoding=\"async\" src=\"data:image\/gif;base64,R0lGODlhAQABAIAAAAAAAP\/\/\/yH5BAEAAAAALAAAAAABAAEAAAIBRAA7\" data-src=\"https:\/\/wncri.org\/fr\/wp-content\/uploads\/2023\/04\/Ghazaleh-Chelabi-2-min.jpeg\" alt=\"Ghazaleh Chelabi\" class=\"wp-image-17996 lazyload\"\/><noscript><img decoding=\"async\" width=\"248\" height=\"401\" src=\"https:\/\/wncri.org\/fr\/wp-content\/uploads\/2023\/04\/Ghazaleh-Chelabi-2-min.jpeg\" alt=\"Ghazaleh Chelabi\" class=\"wp-image-17996 lazyload\" srcset=\"https:\/\/wncri.org\/fr\/wp-content\/uploads\/2023\/04\/Ghazaleh-Chelabi-2-min.jpeg 248w, https:\/\/wncri.org\/fr\/wp-content\/uploads\/2023\/04\/Ghazaleh-Chelabi-2-min-186x300.jpeg 186w\" sizes=\"(max-width: 248px) 100vw, 248px\" \/><\/noscript><\/figure>\n<\/div>\n\n\n<p>Ghazaleh Chelabi, une athl\u00e8te et alpiniste de 33 ans, dipl\u00f4m\u00e9e en gestion bancaire, travaillait comme comptable dans une entreprise priv\u00e9e. Elle a \u00e9t\u00e9 <a href=\"https:\/\/wncri.org\/fr\/2022\/09\/24\/140-femmes-et-jeunes\/\" target=\"_blank\" rel=\"noreferrer noopener\">tu\u00e9e par balle<\/a> le 21 septembre 2022, alors qu&#8217;elle filmait la foule avec son t\u00e9l\u00e9phone pendant les manifestations \u00e0 Amol. Elle a \u00e9t\u00e9 touch\u00e9e par une balle de gros calibre tir\u00e9e depuis l&#8217;int\u00e9rieur du bureau du gouverneur d&#8217;Amol.<\/p>\n\n\n\n<p>Sur les images enregistr\u00e9es par son t\u00e9l\u00e9phone, on peut entendre la voix de Mme Ghazaleh criant le slogan &#8220;N&#8217;ayez pas peur, n&#8217;ayez pas peur, nous sommes tous ensemble&#8221;. La cam\u00e9ra de son t\u00e9l\u00e9phone a \u00e9galement film\u00e9 le moment o\u00f9 <a href=\"https:\/\/wncri.org\/2022\/09\/25\/iran-protests-spread-to-146\/\" target=\"_blank\" rel=\"noreferrer noopener\">on lui a tir\u00e9<\/a> dessus et, lorsqu&#8217;elle est tomb\u00e9e au sol, les images montrent des personnes qui se rassemblent au-dessus d&#8217;elle en criant &#8220;Ils ont tu\u00e9 quelqu&#8217;un&#8221;.<\/p>\n\n\n\n<p>Avant sa mort, Ghazaleh Chelabi avait rempli deux cartes de don d&#8217;organes et demand\u00e9 que ses organes soient donn\u00e9s \u00e0 ceux qui en auraient besoin apr\u00e8s sa mort. Sa famille a annonc\u00e9 qu&#8217;elle ferait don de ses organes, mais les services de s\u00e9curit\u00e9 les en ont emp\u00each\u00e9s et, selon la tante de Ghazaleh, des repr\u00e9sentants du gouvernement leur ont dit que &#8220;cela ferait de Ghazaleh une l\u00e9gende&#8221;.<\/p>\n\n\n\n<p>Amol et d&#8217;autres villes de la province de Mazandaran font partie des provinces qui comptent le plus grand nombre de victimes lors du soul\u00e8vement national de 2022-2023.<\/p>\n","protected":false},"excerpt":{"rendered":"<p>Les forces de s\u00e9curit\u00e9 emp\u00eachent la comm\u00e9moration de Ghazaleh Chelabi Le conseil de s\u00e9curit\u00e9 de la ville de Norouz a emp\u00each\u00e9 la c\u00e9r\u00e9monie de comm\u00e9moration de Ghazaleh Chelabi. Pendant Norouz, la f\u00eate du Nouvel An perse, le peuple iranien s&#8217;est rassembl\u00e9 pour rendre hommage aux manifestants qui ont perdu la vie lors du soul\u00e8vement national [&hellip;]<\/p>\n","protected":false},"author":4,"featured_media":17999,"comment_status":"closed","ping_status":"closed","sticky":false,"template":"","format":"standard","meta":{"jnews-multi-image_gallery":[],"jnews_single_post":{"subtitle":"","format":"standard","video":"","gallery":"","source_name":"","source_url":"","via_name":"","via_url":"","override_template":"0","override":[{"template":"7","single_blog_custom":"","parallax":"1","fullscreen":"1","layout":"right-sidebar","sidebar":"default-sidebar","second_sidebar":"default-sidebar","sticky_sidebar":"1","share_position":"floatbottom","share_float_style":"share-normal","show_share_counter":"1","show_view_counter":"1","show_featured":"1","show_post_meta":"1","show_post_author":"0","show_post_author_image":"1","show_post_date":"1","post_date_format":"default","post_date_format_custom":"Y\/m\/d","show_post_category":"1","show_post_reading_time":"0","post_reading_time_wpm":"300","show_zoom_button":"0","zoom_button_out_step":"2","zoom_button_in_step":"3","show_post_tag":"1","show_prev_next_post":"0","show_popup_post":"1","number_popup_post":"1","show_author_box":"0","show_post_related":"1","show_inline_post_related":"0"}],"override_image_size":"0","image_override":[{"single_post_thumbnail_size":"crop-500","single_post_gallery_size":"crop-500"}],"trending_post":"0","trending_post_position":"meta","trending_post_label":"Trending","sponsored_post":"0","sponsored_post_label":"Sponsored by","sponsored_post_name":"","sponsored_post_url":"","sponsored_post_logo_enable":"0","sponsored_post_logo":"","sponsored_post_desc":"","disable_ad":"0"},"jnews_primary_category":{"id":"","hide":""},"jnews_social_meta":{"fb_title":"","fb_description":"","fb_image":"","twitter_title":"","twitter_description":"","twitter_image":""},"jnews_override_counter":{"override_view_counter":"0","view_counter_number":"0","override_share_counter":"0","share_counter_number":"0","override_like_counter":"0","like_counter_number":"0","override_dislike_counter":"0","dislike_counter_number":"0"},"footnotes":""},"categories":[3],"tags":[376],"class_list":["post-17995","post","type-post","status-publish","format-standard","has-post-thumbnail","hentry","category-infos-des-femmes","tag-violence-contre-les-femmes"],"_links":{"self":[{"href":"https:\/\/wncri.org\/fr\/wp-json\/wp\/v2\/posts\/17995","targetHints":{"allow":["GET"]}}],"collection":[{"href":"https:\/\/wncri.org\/fr\/wp-json\/wp\/v2\/posts"}],"about":[{"href":"https:\/\/wncri.org\/fr\/wp-json\/wp\/v2\/types\/post"}],"author":[{"embeddable":true,"href":"https:\/\/wncri.org\/fr\/wp-json\/wp\/v2\/users\/4"}],"replies":[{"embeddable":true,"href":"https:\/\/wncri.org\/fr\/wp-json\/wp\/v2\/comments?post=17995"}],"version-history":[{"count":1,"href":"https:\/\/wncri.org\/fr\/wp-json\/wp\/v2\/posts\/17995\/revisions"}],"predecessor-version":[{"id":18001,"href":"https:\/\/wncri.org\/fr\/wp-json\/wp\/v2\/posts\/17995\/revisions\/18001"}],"wp:featuredmedia":[{"embeddable":true,"href":"https:\/\/wncri.org\/fr\/wp-json\/wp\/v2\/media\/17999"}],"wp:attachment":[{"href":"https:\/\/wncri.org\/fr\/wp-json\/wp\/v2\/media?parent=17995"}],"wp:term":[{"taxonomy":"category","embeddable":true,"href":"https:\/\/wncri.org\/fr\/wp-json\/wp\/v2\/categories?post=17995"},{"taxonomy":"post_tag","embeddable":true,"href":"https:\/\/wncri.org\/fr\/wp-json\/wp\/v2\/tags?post=17995"}],"curies":[{"name":"wp","href":"https:\/\/api.w.org\/{rel}","templated":true}]}}