{"id":17977,"date":"2023-03-30T21:39:31","date_gmt":"2023-03-30T19:39:31","guid":{"rendered":"https:\/\/wncri.org\/fr\/?p=17977"},"modified":"2023-03-30T21:41:07","modified_gmt":"2023-03-30T19:41:07","slug":"femmes-bahais","status":"publish","type":"post","link":"https:\/\/wncri.org\/fr\/2023\/03\/30\/femmes-bahais\/","title":{"rendered":"Les droits des citoyens et des femmes baha\u00efs sont syst\u00e9matiquement viol\u00e9s en Iran"},"content":{"rendered":"\n<h3 class=\"wp-block-heading\">Les droits des citoyens et des femmes baha\u00efs sont syst\u00e9matiquement viol\u00e9s en Iran<\/h3>\n\n\n\n<p><em>Des femmes baha\u00efes ont \u00e9t\u00e9 arr\u00eat\u00e9es et condamn\u00e9es \u00e0 des peines de prison \u00e0 Karaj et Ispahan.<\/em><\/p>\n\n\n\n<p>Selon des sources non officielles en Iran, plus de 300 000 citoyens baha\u00efs vivent en Iran. Toutefois, la constitution du r\u00e9gime cl\u00e9rical ne reconna\u00eet pas la <a href=\"https:\/\/fr.wikipedia.org\/wiki\/Baha%C3%AFsme\" target=\"_blank\" rel=\"noreferrer noopener\">foi baha\u00efe<\/a> comme une religion. Les citoyens baha\u00efs sont priv\u00e9s de leur droit d&#8217;exercer leurs libert\u00e9s religieuses. Leurs droits sont <a href=\"https:\/\/wncri.org\/fr\/2022\/08\/14\/etudiants-bahais\/\" target=\"_blank\" rel=\"noreferrer noopener\">syst\u00e9matiquement viol\u00e9s.<\/a><\/p>\n\n\n\n<p>L&#8217;article 18 de la D\u00e9claration universelle des droits de l&#8217;Homme et l&#8217;article 18 du Pacte international relatif aux droits civils et politiques rappellent que toute personne a droit \u00e0 la libert\u00e9 de religion ou de changement de religion ou de croyance. Ils ont \u00e9galement le droit de parler de leur foi, individuellement ou en groupe, ouvertement ou secr\u00e8tement.<\/p>\n\n\n<div class=\"wp-block-image\">\n<figure class=\"aligncenter size-full\"><img decoding=\"async\" src=\"data:image\/gif;base64,R0lGODlhAQABAIAAAAAAAP\/\/\/yH5BAEAAAAALAAAAAABAAEAAAIBRAA7\" data-src=\"https:\/\/wncri.org\/fr\/wp-content\/uploads\/2023\/03\/Nahaleh-Shahidi-Yazdi-min.jpg\" alt=\"femmes baha\u00efs \" class=\"wp-image-17979 lazyload\"\/><noscript><img decoding=\"async\" width=\"750\" height=\"375\" src=\"https:\/\/wncri.org\/fr\/wp-content\/uploads\/2023\/03\/Nahaleh-Shahidi-Yazdi-min.jpg\" alt=\"femmes baha\u00efs \" class=\"wp-image-17979 lazyload\" srcset=\"https:\/\/wncri.org\/fr\/wp-content\/uploads\/2023\/03\/Nahaleh-Shahidi-Yazdi-min.jpg 750w, https:\/\/wncri.org\/fr\/wp-content\/uploads\/2023\/03\/Nahaleh-Shahidi-Yazdi-min-300x150.jpg 300w, https:\/\/wncri.org\/fr\/wp-content\/uploads\/2023\/03\/Nahaleh-Shahidi-Yazdi-min-360x180.jpg 360w\" sizes=\"(max-width: 750px) 100vw, 750px\" \/><\/noscript><figcaption class=\"wp-element-caption\">Nahaleh Shahidi Yazdi <\/figcaption><\/figure>\n<\/div>\n\n\n<h3 class=\"wp-block-heading\"><strong>Nahaleh Shahidi Yazdi arr\u00eat\u00e9e et emmen\u00e9e dans un lieu non divulgu\u00e9<\/strong><\/h3>\n\n\n\n<p>Nahaleh Shahidi est une militante des droits de l&#8217;enfant et l&#8217;une des citoyennes baha\u00efes vivant \u00e0 Karaj. Les forces de s\u00e9curit\u00e9 l&#8217;ont arr\u00eat\u00e9e \u00e0 la gare de Kerman alors qu&#8217;elle rentrait chez elle le lundi 28 mars 2023. Elle a \u00e9t\u00e9 transf\u00e9r\u00e9e dans un lieu non divulgu\u00e9. Aucune information n&#8217;est disponible sur son lieu de d\u00e9tention et sur les charges retenues contre Nahaleh Shahidi Yazdi.<\/p>\n\n\n\n<p>Nahaleh Shahidi Yazdi avait d\u00e9j\u00e0 \u00e9t\u00e9 <a href=\"https:\/\/wncri.org\/fr\/2017\/01\/01\/des-bahaies-condamnees-a-la-prison-et-expulsees-de-l-universite-en-iran\/\" target=\"_blank\" rel=\"noreferrer noopener\">arr\u00eat\u00e9e<\/a> en mars 2020 pour avoir enseign\u00e9 \u00e0 des enfants victimes du tremblement de terre \u00e0 Bam, dans la province de Kerman. Le tribunal r\u00e9volutionnaire de Kerman l&#8217;a condamn\u00e9e \u00e0 deux ans de prison et un an de sursis.<\/p>\n\n\n<div class=\"wp-block-image\">\n<figure class=\"aligncenter size-full\"><img decoding=\"async\" src=\"data:image\/gif;base64,R0lGODlhAQABAIAAAAAAAP\/\/\/yH5BAEAAAAALAAAAAABAAEAAAIBRAA7\" data-src=\"https:\/\/wncri.org\/fr\/wp-content\/uploads\/2023\/03\/Parva-Behdad-min.jpg\" alt=\"Les droits des citoyens et des femmes baha\u00efs sont syst\u00e9matiquement \" class=\"wp-image-17980 lazyload\"\/><noscript><img decoding=\"async\" width=\"750\" height=\"375\" src=\"https:\/\/wncri.org\/fr\/wp-content\/uploads\/2023\/03\/Parva-Behdad-min.jpg\" alt=\"Les droits des citoyens et des femmes baha\u00efs sont syst\u00e9matiquement \" class=\"wp-image-17980 lazyload\" srcset=\"https:\/\/wncri.org\/fr\/wp-content\/uploads\/2023\/03\/Parva-Behdad-min.jpg 750w, https:\/\/wncri.org\/fr\/wp-content\/uploads\/2023\/03\/Parva-Behdad-min-300x150.jpg 300w, https:\/\/wncri.org\/fr\/wp-content\/uploads\/2023\/03\/Parva-Behdad-min-360x180.jpg 360w\" sizes=\"(max-width: 750px) 100vw, 750px\" \/><\/noscript><figcaption class=\"wp-element-caption\"><strong>Parva Behdad<\/strong><\/figcaption><\/figure>\n<\/div>\n\n\n<h3 class=\"wp-block-heading\"><strong>Parva Behdad est condamn\u00e9e \u00e0 une peine de prison et \u00e0 des peines compl\u00e9mentaires<\/strong><\/h3>\n\n\n\n<p>Le tribunal r\u00e9volutionnaire d&#8217;Ispahan a condamn\u00e9 Parva Behdad \u00e0 trois ans de prison, deux ans d&#8217;interdiction de quitter le pays, 24 millions de tomans d&#8217;amende en esp\u00e8ces et \u00e0 participer \u00e0 des cours d&#8217;id\u00e9ologie.<\/p>\n\n\n\n<p>Parva Behdad est l&#8217;une des citoyennes bahaies vivant \u00e0 Ispahan. Elle a \u00e9t\u00e9 arr\u00eat\u00e9e le 14 novembre 2022. Apr\u00e8s 21 jours de d\u00e9tention \u00e0 l&#8217;isolement, elle a \u00e9t\u00e9 transf\u00e9r\u00e9e \u00e0 la prison de Dowlatabad d&#8217;Ispahan. Elle a finalement \u00e9t\u00e9 lib\u00e9r\u00e9e sous caution le 18 d\u00e9cembre 2022.<\/p>\n","protected":false},"excerpt":{"rendered":"<p>Les droits des citoyens et des femmes baha\u00efs sont syst\u00e9matiquement viol\u00e9s en Iran Des femmes baha\u00efes ont \u00e9t\u00e9 arr\u00eat\u00e9es et condamn\u00e9es \u00e0 des peines de prison \u00e0 Karaj et Ispahan. Selon des sources non officielles en Iran, plus de 300 000 citoyens baha\u00efs vivent en Iran. Toutefois, la constitution du r\u00e9gime cl\u00e9rical ne reconna\u00eet pas [&hellip;]<\/p>\n","protected":false},"author":4,"featured_media":17978,"comment_status":"closed","ping_status":"closed","sticky":false,"template":"","format":"standard","meta":{"jnews-multi-image_gallery":[],"jnews_single_post":{"subtitle":"","format":"standard","video":"","gallery":"","source_name":"","source_url":"","via_name":"","via_url":"","override_template":"0","override":[{"template":"7","single_blog_custom":"","parallax":"1","fullscreen":"1","layout":"right-sidebar","sidebar":"default-sidebar","second_sidebar":"default-sidebar","sticky_sidebar":"1","share_position":"floatbottom","share_float_style":"share-normal","show_share_counter":"1","show_view_counter":"1","show_featured":"1","show_post_meta":"1","show_post_author":"0","show_post_author_image":"1","show_post_date":"1","post_date_format":"default","post_date_format_custom":"Y\/m\/d","show_post_category":"1","show_post_reading_time":"0","post_reading_time_wpm":"300","show_zoom_button":"0","zoom_button_out_step":"2","zoom_button_in_step":"3","show_post_tag":"1","show_prev_next_post":"0","show_popup_post":"1","number_popup_post":"1","show_author_box":"0","show_post_related":"1","show_inline_post_related":"0"}],"override_image_size":"0","image_override":[{"single_post_thumbnail_size":"crop-500","single_post_gallery_size":"crop-500"}],"trending_post":"0","trending_post_position":"meta","trending_post_label":"Trending","sponsored_post":"0","sponsored_post_label":"Sponsored by","sponsored_post_name":"","sponsored_post_url":"","sponsored_post_logo_enable":"0","sponsored_post_logo":"","sponsored_post_desc":"","disable_ad":"0"},"jnews_primary_category":{"id":"","hide":""},"jnews_social_meta":{"fb_title":"","fb_description":"","fb_image":"","twitter_title":"","twitter_description":"","twitter_image":""},"jnews_override_counter":{"override_view_counter":"0","view_counter_number":"0","override_share_counter":"0","share_counter_number":"0","override_like_counter":"0","like_counter_number":"0","override_dislike_counter":"0","dislike_counter_number":"0"},"footnotes":""},"categories":[3],"tags":[370,376],"class_list":["post-17977","post","type-post","status-publish","format-standard","has-post-thumbnail","hentry","category-infos-des-femmes","tag-prisonnieres","tag-violence-contre-les-femmes"],"_links":{"self":[{"href":"https:\/\/wncri.org\/fr\/wp-json\/wp\/v2\/posts\/17977","targetHints":{"allow":["GET"]}}],"collection":[{"href":"https:\/\/wncri.org\/fr\/wp-json\/wp\/v2\/posts"}],"about":[{"href":"https:\/\/wncri.org\/fr\/wp-json\/wp\/v2\/types\/post"}],"author":[{"embeddable":true,"href":"https:\/\/wncri.org\/fr\/wp-json\/wp\/v2\/users\/4"}],"replies":[{"embeddable":true,"href":"https:\/\/wncri.org\/fr\/wp-json\/wp\/v2\/comments?post=17977"}],"version-history":[{"count":1,"href":"https:\/\/wncri.org\/fr\/wp-json\/wp\/v2\/posts\/17977\/revisions"}],"predecessor-version":[{"id":17981,"href":"https:\/\/wncri.org\/fr\/wp-json\/wp\/v2\/posts\/17977\/revisions\/17981"}],"wp:featuredmedia":[{"embeddable":true,"href":"https:\/\/wncri.org\/fr\/wp-json\/wp\/v2\/media\/17978"}],"wp:attachment":[{"href":"https:\/\/wncri.org\/fr\/wp-json\/wp\/v2\/media?parent=17977"}],"wp:term":[{"taxonomy":"category","embeddable":true,"href":"https:\/\/wncri.org\/fr\/wp-json\/wp\/v2\/categories?post=17977"},{"taxonomy":"post_tag","embeddable":true,"href":"https:\/\/wncri.org\/fr\/wp-json\/wp\/v2\/tags?post=17977"}],"curies":[{"name":"wp","href":"https:\/\/api.w.org\/{rel}","templated":true}]}}