{"id":17972,"date":"2023-03-28T23:40:24","date_gmt":"2023-03-28T21:40:24","guid":{"rendered":"https:\/\/wncri.org\/fr\/?p=17972"},"modified":"2023-03-29T23:55:33","modified_gmt":"2023-03-29T21:55:33","slug":"shilan-kurdestani","status":"publish","type":"post","link":"https:\/\/wncri.org\/fr\/2023\/03\/28\/shilan-kurdestani\/","title":{"rendered":"Shilan Kurdestani condamn\u00e9e \u00e0 40 mois de prison"},"content":{"rendered":"\n<h3 class=\"wp-block-heading\">Shilan Kurdestani condamn\u00e9e \u00e0 40 mois de prison<\/h3>\n\n\n\n<p><em>Shilan Kurdistan a \u00e9t\u00e9 condamn\u00e9e \u00e0 3 ans et 4 mois de prison<\/em><\/p>\n\n\n\n<p>Shilan Kurdestani, une traductrice de Sanandaj, a \u00e9t\u00e9 condamn\u00e9e \u00e0 3 ans et 4 mois de prison.<\/p>\n\n\n\n<p>Shilan Kurdestani a \u00e9t\u00e9 condamn\u00e9e \u00e0 7 mois de prison par la premi\u00e8re branche du tribunal r\u00e9volutionnaire de Sanandaj pour &#8220;propagande contre l&#8217;\u00c9tat&#8221; et \u00e0 2 ans et 9 mois de prison pour avoir \u00e9t\u00e9 membre de l&#8217;association des femmes de Zhivano.<\/p>\n\n\n\n<p>Si cette sentence est approuv\u00e9e en appel, en application de l&#8217;article 134 du code p\u00e9nal du r\u00e9gime, Shilan Kurdestani sera condamn\u00e9e \u00e0 deux ans et neuf mois d&#8217;emprisonnement.<\/p>\n\n\n\n<p>Shilan Kurdestani a \u00e9t\u00e9 arr\u00eat\u00e9e par les forces de s\u00e9curit\u00e9 le 23 octobre 2022, pendant le soul\u00e8vement national. \u00c0 l&#8217;issue de la p\u00e9riode d&#8217;interrogatoire, elle a \u00e9t\u00e9 temporairement lib\u00e9r\u00e9e sous caution.<\/p>\n\n\n<div class=\"wp-block-image\">\n<figure class=\"aligncenter size-full\"><img decoding=\"async\" src=\"data:image\/gif;base64,R0lGODlhAQABAIAAAAAAAP\/\/\/yH5BAEAAAAALAAAAAABAAEAAAIBRAA7\" data-src=\"https:\/\/wncri.org\/fr\/wp-content\/uploads\/2023\/03\/Zhina-Modarres-Gorji-min.jpg\" alt=\"Shilan Kurdestani\" class=\"wp-image-17975 lazyload\"\/><noscript><img decoding=\"async\" width=\"750\" height=\"375\" src=\"https:\/\/wncri.org\/fr\/wp-content\/uploads\/2023\/03\/Zhina-Modarres-Gorji-min.jpg\" alt=\"Shilan Kurdestani\" class=\"wp-image-17975 lazyload\" srcset=\"https:\/\/wncri.org\/fr\/wp-content\/uploads\/2023\/03\/Zhina-Modarres-Gorji-min.jpg 750w, https:\/\/wncri.org\/fr\/wp-content\/uploads\/2023\/03\/Zhina-Modarres-Gorji-min-300x150.jpg 300w, https:\/\/wncri.org\/fr\/wp-content\/uploads\/2023\/03\/Zhina-Modarres-Gorji-min-360x180.jpg 360w\" sizes=\"(max-width: 750px) 100vw, 750px\" \/><\/noscript><figcaption class=\"wp-element-caption\">Shilan Kurdestani<\/figcaption><\/figure>\n<\/div>\n\n\n<h3 class=\"wp-block-heading\"><strong>Une journaliste renomm\u00e9e accus\u00e9e d&#8217;avoir agi contre la s\u00e9curit\u00e9 nationale<\/strong><\/h3>\n\n\n\n<p>La premi\u00e8re branche du tribunal r\u00e9volutionnaire de Sanandaj a accus\u00e9 une <a href=\"https:\/\/wncri.org\/fr\/2023\/02\/02\/femmes-journalistes\/\" target=\"_blank\" rel=\"noreferrer noopener\">journaliste<\/a> de renom d&#8217;avoir &#8220;agi contre la s\u00e9curit\u00e9 nationale&#8221; en formant un groupe ill\u00e9gal et en en \u00e9tant membre.<\/p>\n\n\n\n<p><a href=\"https:\/\/wncri.org\/fr\/2022\/09\/27\/militants-des-droits-de-lhomme\/\" target=\"_blank\" rel=\"noreferrer noopener\">Zhina Modarres Gorji<\/a> est une journaliste et l&#8217;une des militantes des droits des <a href=\"https:\/\/www.maryam-rajavi.com\/fr\/69e-resolution-lonu-lassemblee-generale-condamnant-violation-droits-humains-iran\/\" target=\"_blank\" rel=\"noreferrer noopener\">femmes <\/a>les plus connues et les plus anciennes de Sanandaj. Elle a d\u00e9j\u00e0 \u00e9t\u00e9 accus\u00e9e de &#8220;propagande contre l&#8217;\u00c9tat&#8221; et de &#8220;rassemblement et collusion contre la s\u00e9curit\u00e9 nationale&#8221;.<\/p>\n\n\n\n<p>Elle a \u00e9t\u00e9 violemment arr\u00eat\u00e9e le 21 septembre 2022 sur l&#8217;avenue Safari \u00e0 Sanandaj par des agents du d\u00e9partement des renseignements. Apr\u00e8s 40 jours de d\u00e9tention dans le <a href=\"https:\/\/wncri.org\/fr\/2023\/02\/02\/femmes-journalistes\/\" target=\"_blank\" rel=\"noreferrer noopener\">quartier des femmes de la prison de Sanandaj<\/a>, elle a \u00e9t\u00e9 temporairement lib\u00e9r\u00e9e le 30 octobre 2022, moyennant une caution de 100 millions de tomans.<\/p>\n\n\n\n<p>L&#8217;enqu\u00eateur de l&#8217;affaire a \u00e9galement augment\u00e9 le montant de sa caution \u00e0 un milliard de tomans pour modifier le mandat d&#8217;arr\u00eat.<\/p>\n\n\n\n<p>Mme Modarres Gorji a \u00e9t\u00e9 convoqu\u00e9e par les services des renseignements du CGRI avant son arrestation et les forces de s\u00e9curit\u00e9 l&#8217;ont menac\u00e9e de ne plus jamais revoir le soleil si elle participait aux rassemblements de protestation.<\/p>\n\n\n<div class=\"wp-block-image\">\n<figure class=\"aligncenter size-full\"><img decoding=\"async\" src=\"data:image\/gif;base64,R0lGODlhAQABAIAAAAAAAP\/\/\/yH5BAEAAAAALAAAAAABAAEAAAIBRAA7\" data-src=\"https:\/\/wncri.org\/fr\/wp-content\/uploads\/2023\/03\/Hanieh-Maroufi-min.jpg\" alt=\"Shilan Kurdestani condamn\u00e9e \u00e0 40 mois \" class=\"wp-image-17973 lazyload\"\/><noscript><img decoding=\"async\" width=\"750\" height=\"375\" src=\"https:\/\/wncri.org\/fr\/wp-content\/uploads\/2023\/03\/Hanieh-Maroufi-min.jpg\" alt=\"Shilan Kurdestani condamn\u00e9e \u00e0 40 mois \" class=\"wp-image-17973 lazyload\" srcset=\"https:\/\/wncri.org\/fr\/wp-content\/uploads\/2023\/03\/Hanieh-Maroufi-min.jpg 750w, https:\/\/wncri.org\/fr\/wp-content\/uploads\/2023\/03\/Hanieh-Maroufi-min-300x150.jpg 300w, https:\/\/wncri.org\/fr\/wp-content\/uploads\/2023\/03\/Hanieh-Maroufi-min-360x180.jpg 360w\" sizes=\"(max-width: 750px) 100vw, 750px\" \/><\/noscript><figcaption class=\"wp-element-caption\">Hanieh Maroufi<\/figcaption><\/figure>\n<\/div>\n\n\n<h3 class=\"wp-block-heading\"><strong>Condamnation d&#8217;une doctorante<\/strong><\/h3>\n\n\n\n<p>Le pouvoir judiciaire du r\u00e9gime cl\u00e9rical a condamn\u00e9 une doctorante de Saqqez \u00e0 cinq ans de prison avec sursis et \u00e0 payer une amende de 8 millions de tomans.<\/p>\n\n\n\n<p>La premi\u00e8re branche du tribunal r\u00e9volutionnaire de Saqqez a condamn\u00e9 Hanieh Maroufi, une \u00e9tudiante de 35 ans, \u00e0 8 mois d&#8217;emprisonnement. La section 105 du tribunal p\u00e9nal de Saqqez l&#8217;a \u00e9galement condamn\u00e9e \u00e0 9 mois d&#8217;emprisonnement.<\/p>\n\n\n\n<p>Selon la d\u00e9cision du tribunal r\u00e9volutionnaire, Hanieh Maroufi pourrait payer une amende de 8 millions de tomans, et la peine de 9 mois d&#8217;emprisonnement prononc\u00e9e par le tribunal p\u00e9nal a \u00e9galement \u00e9t\u00e9 remplac\u00e9e par 5 ans d&#8217;emprisonnement avec sursis.<\/p>\n\n\n\n<p>Les charges retenues contre Haniyeh Maroufi sont &#8220;propagande contre l&#8217;\u00c9tat&#8221;, &#8220;perturbation de l&#8217;ordre public et de la paix&#8221; et &#8220;diffusion de mensonges&#8221;.<\/p>\n\n\n\n<p>Hanieh Maroufi est doctorante en g\u00e9ographie politique \u00e0 l&#8217;universit\u00e9 Azad, branche centrale de T\u00e9h\u00e9ran.<\/p>\n","protected":false},"excerpt":{"rendered":"<p>Shilan Kurdestani condamn\u00e9e \u00e0 40 mois de prison Shilan Kurdistan a \u00e9t\u00e9 condamn\u00e9e \u00e0 3 ans et 4 mois de prison Shilan Kurdestani, une traductrice de Sanandaj, a \u00e9t\u00e9 condamn\u00e9e \u00e0 3 ans et 4 mois de prison. Shilan Kurdestani a \u00e9t\u00e9 condamn\u00e9e \u00e0 7 mois de prison par la premi\u00e8re branche du tribunal r\u00e9volutionnaire [&hellip;]<\/p>\n","protected":false},"author":4,"featured_media":17974,"comment_status":"closed","ping_status":"closed","sticky":false,"template":"","format":"standard","meta":{"jnews-multi-image_gallery":[],"jnews_single_post":{"subtitle":"","format":"standard","video":"","gallery":"","source_name":"","source_url":"","via_name":"","via_url":"","override_template":"0","override":[{"template":"7","single_blog_custom":"","parallax":"1","fullscreen":"1","layout":"right-sidebar","sidebar":"default-sidebar","second_sidebar":"default-sidebar","sticky_sidebar":"1","share_position":"floatbottom","share_float_style":"share-normal","show_share_counter":"1","show_view_counter":"1","show_featured":"1","show_post_meta":"1","show_post_author":"0","show_post_author_image":"1","show_post_date":"1","post_date_format":"default","post_date_format_custom":"Y\/m\/d","show_post_category":"1","show_post_reading_time":"0","post_reading_time_wpm":"300","show_zoom_button":"0","zoom_button_out_step":"2","zoom_button_in_step":"3","show_post_tag":"1","show_prev_next_post":"0","show_popup_post":"1","number_popup_post":"1","show_author_box":"0","show_post_related":"1","show_inline_post_related":"0"}],"override_image_size":"0","image_override":[{"single_post_thumbnail_size":"crop-500","single_post_gallery_size":"crop-500"}],"trending_post":"0","trending_post_position":"meta","trending_post_label":"Trending","sponsored_post":"0","sponsored_post_label":"Sponsored by","sponsored_post_name":"","sponsored_post_url":"","sponsored_post_logo_enable":"0","sponsored_post_logo":"","sponsored_post_desc":"","disable_ad":"0"},"jnews_primary_category":{"id":"","hide":""},"jnews_social_meta":{"fb_title":"","fb_description":"","fb_image":"","twitter_title":"","twitter_description":"","twitter_image":""},"jnews_override_counter":{"override_view_counter":"0","view_counter_number":"0","override_share_counter":"0","share_counter_number":"0","override_like_counter":"0","like_counter_number":"0","override_dislike_counter":"0","dislike_counter_number":"0"},"footnotes":""},"categories":[3],"tags":[369,370,376],"class_list":["post-17972","post","type-post","status-publish","format-standard","has-post-thumbnail","hentry","category-infos-des-femmes","tag-manifestations","tag-prisonnieres","tag-violence-contre-les-femmes"],"_links":{"self":[{"href":"https:\/\/wncri.org\/fr\/wp-json\/wp\/v2\/posts\/17972","targetHints":{"allow":["GET"]}}],"collection":[{"href":"https:\/\/wncri.org\/fr\/wp-json\/wp\/v2\/posts"}],"about":[{"href":"https:\/\/wncri.org\/fr\/wp-json\/wp\/v2\/types\/post"}],"author":[{"embeddable":true,"href":"https:\/\/wncri.org\/fr\/wp-json\/wp\/v2\/users\/4"}],"replies":[{"embeddable":true,"href":"https:\/\/wncri.org\/fr\/wp-json\/wp\/v2\/comments?post=17972"}],"version-history":[{"count":1,"href":"https:\/\/wncri.org\/fr\/wp-json\/wp\/v2\/posts\/17972\/revisions"}],"predecessor-version":[{"id":17976,"href":"https:\/\/wncri.org\/fr\/wp-json\/wp\/v2\/posts\/17972\/revisions\/17976"}],"wp:featuredmedia":[{"embeddable":true,"href":"https:\/\/wncri.org\/fr\/wp-json\/wp\/v2\/media\/17974"}],"wp:attachment":[{"href":"https:\/\/wncri.org\/fr\/wp-json\/wp\/v2\/media?parent=17972"}],"wp:term":[{"taxonomy":"category","embeddable":true,"href":"https:\/\/wncri.org\/fr\/wp-json\/wp\/v2\/categories?post=17972"},{"taxonomy":"post_tag","embeddable":true,"href":"https:\/\/wncri.org\/fr\/wp-json\/wp\/v2\/tags?post=17972"}],"curies":[{"name":"wp","href":"https:\/\/api.w.org\/{rel}","templated":true}]}}