{"id":17969,"date":"2023-03-28T21:42:05","date_gmt":"2023-03-28T19:42:05","guid":{"rendered":"https:\/\/wncri.org\/fr\/?p=17969"},"modified":"2023-03-28T21:43:57","modified_gmt":"2023-03-28T19:43:57","slug":"prisonniere-politique-massoumeh","status":"publish","type":"post","link":"https:\/\/wncri.org\/fr\/2023\/03\/28\/prisonniere-politique-massoumeh\/","title":{"rendered":"La prisonni\u00e8re politique Massoumeh Senobari priv\u00e9e de ses droits fondamentaux et d\u00e9tenue \u00e0 l&#8217;isolement"},"content":{"rendered":"\n<h3 class=\"wp-block-heading\">La prisonni\u00e8re politique Massoumeh Senobari priv\u00e9e de ses droits fondamentaux et d\u00e9tenue \u00e0 l&#8217;isolement<\/h3>\n\n\n\n<p><em>La prisonni\u00e8re politique Massoumeh Senobari n&#8217;a pas le droit de parler aux autres d\u00e9tenues.<\/em><\/p>\n\n\n\n<p>La prisonni\u00e8re politique Massoumeh Senobari est actuellement d\u00e9tenue dans le quartier de quarantaine de la prison Fardis de Karaj, alias la prison Kachouii. Elle est priv\u00e9e de tous ses droits en tant que prisonni\u00e8re politique et passe son temps dans des conditions horribles. Elle est priv\u00e9e d&#8217;air frais, est d\u00e9tenue \u00e0 l&#8217;isolement et n&#8217;a pas la possibilit\u00e9 de voir les autres d\u00e9tenues.<\/p>\n\n\n\n<p>La prisonni\u00e8re politique Massoumeh Senobari a \u00e9t\u00e9 condamn\u00e9e \u00e0 7,5 ans de prison.<\/p>\n\n\n\n<p>Une source inform\u00e9e a rapport\u00e9 de la prison de Kachouii que la prisonni\u00e8re politique Massoumeh Senobari est d\u00e9tenue \u00e0 l&#8217;isolement dans le quartier des femmes. Contrairement aux autres d\u00e9tenues, elle dispose d&#8217;un temps limit\u00e9 pour contacter sa famille.<\/p>\n\n\n\n<p>Selon le verdict du tribunal, la prisonni\u00e8re politique Massoumeh Senobari n&#8217;est pas autoris\u00e9e \u00e0 communiquer avec les autres d\u00e9tenues et doit \u00eatre d\u00e9tenue dans une prison &#8220;\u00e0 portes ferm\u00e9es&#8221;. Elle ne peut prendre l&#8217;air qu&#8217;une heure tous les deux jours. Les autres d\u00e9tenues sont retir\u00e9es de la cour pendant son temps d&#8217;air libre, afin qu&#8217;elle ne puisse pas parler aux autres.<\/p>\n\n\n\n<p>Massoumeh Senobari est originaire de Tabriz. Elle a \u00e9t\u00e9 arr\u00eat\u00e9e \u00e0 Karaj le 13 d\u00e9cembre 2022 et transf\u00e9r\u00e9e au d\u00e9partement des renseignements de la ville. Le 4 janvier 2023, elle a \u00e9t\u00e9 transf\u00e9r\u00e9e au quartier des femmes de la prison de Kachouii apr\u00e8s 40 jours d&#8217;interrogatoire.<\/p>\n\n\n\n<p>Massoumeh Senobari est accus\u00e9e d&#8217;avoir dirig\u00e9 les manifestations.<\/p>\n\n\n\n<p>La premi\u00e8re section du tribunal r\u00e9volutionnaire de Karaj l&#8217;a jug\u00e9e le 5 mars 2023 et l&#8217;a condamn\u00e9e \u00e0 7,5 ans de prison. Elle a \u00e9t\u00e9 accus\u00e9e de &#8220;participation \u00e0 des actes contre l&#8217;\u00c9tat en tant que membre de l&#8217;OMPI&#8221; et de &#8220;propagande contre l&#8217;\u00c9tat en participant \u00e0 des rassemblements ill\u00e9gaux, \u00e0 des campagnes publicitaires, en \u00e9crivant des graffitis sur les murs et en distribuant les photos des dirigeants de l&#8217;OMPI&#8221;.<\/p>\n\n\n\n<p>Massoumeh Senobari a \u00e9t\u00e9 arr\u00eat\u00e9e le 31 d\u00e9cembre 2022 \u00e0 Karaj et transf\u00e9r\u00e9e \u00e0 la prison de Fardis (Kachouii). La famille de Mme Senobari n&#8217;est pas au courant de son \u00e9tat de sant\u00e9 et s&#8217;inqui\u00e8te pour elle.<\/p>\n\n\n\n<p>Massoumeh Senobari, fille de Mohammad Ali, est n\u00e9e en 1988 \u00e0 Tabriz et a une fille. Elle a \u00e9t\u00e9 condamn\u00e9e \u00e0 huit ans de prison pour &#8220;propagande contre l&#8217;\u00c9tat&#8221; et &#8220;insulte&#8221; au guide supr\u00eame des mollahs et a \u00e9t\u00e9 incarc\u00e9r\u00e9e dans le quartier des femmes de la prison centrale de Tabriz.<\/p>\n\n\n\n<p>Massoumeh Senobari a \u00e9t\u00e9 arr\u00eat\u00e9e le 24 f\u00e9vrier 2019 et transf\u00e9r\u00e9e au centre de d\u00e9tention du d\u00e9partement des renseignements de Tabriz. Elle a \u00e9t\u00e9 brutalement tortur\u00e9e pendant l&#8217;interrogatoire et ne pouvait pas marcher \u00e0 cause des coups de fouet violents qu&#8217;elle recevait. Les coups qu&#8217;elle a re\u00e7us \u00e0 la t\u00eate ont brouill\u00e9 sa vision. Sa jambe s&#8217;est bris\u00e9e sous la torture et son talon s&#8217;est fissur\u00e9. Elle a \u00e9t\u00e9 lib\u00e9r\u00e9e en ao\u00fbt 2019 contre une caution de 600 millions de tomans jusqu&#8217;\u00e0 son proc\u00e8s.<\/p>\n\n\n\n<p>Massoumeh Senobari a \u00e9t\u00e9 de nouveau arr\u00eat\u00e9e le 5 f\u00e9vrier 2020, sans convocation pr\u00e9alable, au domicile de sa s\u0153ur et soumise \u00e0 de graves tortures. En octobre 2020, lors de l&#8217;\u00e9pid\u00e9mie de coronavirus \u00e0 la prison centrale de Tabriz, elle a \u00e9t\u00e9 <a href=\"https:\/\/wncri.org\/fr\/2020\/10\/03\/prisonniere-politique-massoumeh-senobari\/\" target=\"_blank\" rel=\"noreferrer noopener\">infect\u00e9e par la maladie de Covid-19.<\/a><\/p>\n\n\n\n<p>La prisonni\u00e8re politique Massoumeh Senobari souffre \u00e9galement de probl\u00e8mes cardiaques, mais les <a href=\"https:\/\/wncri.org\/fr\/2021\/02\/11\/malgre-un-cancer\/\" target=\"_blank\" rel=\"noreferrer noopener\">autorit\u00e9s de la prison<\/a> de Tabriz l&#8217;ont emp\u00each\u00e9e de recevoir les m\u00e9dicaments fournis par sa famille. Elle a finalement \u00e9t\u00e9 lib\u00e9r\u00e9e en 2021.<\/p>\n\n\n\n<p>Mme Senobari a de nouveau \u00e9t\u00e9 <a href=\"https:\/\/iranhrs.org\/%d9%85%d8%b9%d8%b5%d9%88%d9%85%d9%87-%d8%b5%d9%86%d9%88%d8%a8%d8%b1%db%8c-%d8%a8%d8%a7%d8%b2%d8%af%d8%a7%d8%b4%d8%aa-%d8%af%d8%b1-%da%a9%d8%b1%d8%ac\/\" target=\"_blank\" rel=\"noreferrer noopener\">arr\u00eat\u00e9e \u00e0 Karaj<\/a> et transf\u00e9r\u00e9e \u00e0 la prison de Fardis (Kechoui) le 31 d\u00e9cembre 2022, et il n&#8217;y a aucune information sur son \u00e9tat de sant\u00e9.<\/p>\n","protected":false},"excerpt":{"rendered":"<p>La prisonni\u00e8re politique Massoumeh Senobari priv\u00e9e de ses droits fondamentaux et d\u00e9tenue \u00e0 l&#8217;isolement La prisonni\u00e8re politique Massoumeh Senobari n&#8217;a pas le droit de parler aux autres d\u00e9tenues. La prisonni\u00e8re politique Massoumeh Senobari est actuellement d\u00e9tenue dans le quartier de quarantaine de la prison Fardis de Karaj, alias la prison Kachouii. Elle est priv\u00e9e de [&hellip;]<\/p>\n","protected":false},"author":4,"featured_media":17970,"comment_status":"closed","ping_status":"closed","sticky":false,"template":"","format":"standard","meta":{"jnews-multi-image_gallery":[],"jnews_single_post":{"subtitle":"","format":"standard","video":"","gallery":"","source_name":"","source_url":"","via_name":"","via_url":"","override_template":"0","override":[{"template":"7","single_blog_custom":"","parallax":"1","fullscreen":"1","layout":"right-sidebar","sidebar":"default-sidebar","second_sidebar":"default-sidebar","sticky_sidebar":"1","share_position":"floatbottom","share_float_style":"share-normal","show_share_counter":"1","show_view_counter":"1","show_featured":"1","show_post_meta":"1","show_post_author":"0","show_post_author_image":"1","show_post_date":"1","post_date_format":"default","post_date_format_custom":"Y\/m\/d","show_post_category":"1","show_post_reading_time":"0","post_reading_time_wpm":"300","show_zoom_button":"0","zoom_button_out_step":"2","zoom_button_in_step":"3","show_post_tag":"1","show_prev_next_post":"0","show_popup_post":"1","number_popup_post":"1","show_author_box":"0","show_post_related":"1","show_inline_post_related":"0"}],"override_image_size":"0","image_override":[{"single_post_thumbnail_size":"crop-500","single_post_gallery_size":"crop-500"}],"trending_post":"0","trending_post_position":"meta","trending_post_label":"Trending","sponsored_post":"0","sponsored_post_label":"Sponsored by","sponsored_post_name":"","sponsored_post_url":"","sponsored_post_logo_enable":"0","sponsored_post_logo":"","sponsored_post_desc":"","disable_ad":"0"},"jnews_primary_category":{"id":"","hide":""},"jnews_social_meta":{"fb_title":"","fb_description":"","fb_image":"","twitter_title":"","twitter_description":"","twitter_image":""},"jnews_override_counter":{"override_view_counter":"0","view_counter_number":"0","override_share_counter":"0","share_counter_number":"0","override_like_counter":"0","like_counter_number":"0","override_dislike_counter":"0","dislike_counter_number":"0"},"footnotes":""},"categories":[3],"tags":[370,376],"class_list":["post-17969","post","type-post","status-publish","format-standard","has-post-thumbnail","hentry","category-infos-des-femmes","tag-prisonnieres","tag-violence-contre-les-femmes"],"_links":{"self":[{"href":"https:\/\/wncri.org\/fr\/wp-json\/wp\/v2\/posts\/17969","targetHints":{"allow":["GET"]}}],"collection":[{"href":"https:\/\/wncri.org\/fr\/wp-json\/wp\/v2\/posts"}],"about":[{"href":"https:\/\/wncri.org\/fr\/wp-json\/wp\/v2\/types\/post"}],"author":[{"embeddable":true,"href":"https:\/\/wncri.org\/fr\/wp-json\/wp\/v2\/users\/4"}],"replies":[{"embeddable":true,"href":"https:\/\/wncri.org\/fr\/wp-json\/wp\/v2\/comments?post=17969"}],"version-history":[{"count":1,"href":"https:\/\/wncri.org\/fr\/wp-json\/wp\/v2\/posts\/17969\/revisions"}],"predecessor-version":[{"id":17971,"href":"https:\/\/wncri.org\/fr\/wp-json\/wp\/v2\/posts\/17969\/revisions\/17971"}],"wp:featuredmedia":[{"embeddable":true,"href":"https:\/\/wncri.org\/fr\/wp-json\/wp\/v2\/media\/17970"}],"wp:attachment":[{"href":"https:\/\/wncri.org\/fr\/wp-json\/wp\/v2\/media?parent=17969"}],"wp:term":[{"taxonomy":"category","embeddable":true,"href":"https:\/\/wncri.org\/fr\/wp-json\/wp\/v2\/categories?post=17969"},{"taxonomy":"post_tag","embeddable":true,"href":"https:\/\/wncri.org\/fr\/wp-json\/wp\/v2\/tags?post=17969"}],"curies":[{"name":"wp","href":"https:\/\/api.w.org\/{rel}","templated":true}]}}