{"id":17957,"date":"2023-03-26T00:07:44","date_gmt":"2023-03-25T23:07:44","guid":{"rendered":"https:\/\/wncri.org\/fr\/?p=17957"},"modified":"2023-03-27T00:13:28","modified_gmt":"2023-03-26T22:13:28","slug":"zahra-zehtabchi","status":"publish","type":"post","link":"https:\/\/wncri.org\/fr\/2023\/03\/26\/zahra-zehtabchi\/","title":{"rendered":"La prisonni\u00e8re politique Zahra Zehtabchi emprisonn\u00e9e depuis 9 ans et demi"},"content":{"rendered":"\n<h3 class=\"wp-block-heading\">La prisonni\u00e8re politique Zahra Zehtabchi emprisonn\u00e9e depuis 9 ans et demi<\/h3>\n\n\n\n<p><em>Zahra Zehtabchi, sociologue, est m\u00e8re de deux filles<\/em><\/p>\n\n\n\n<p>Zahra Zehtabchi, 56 ans, sociologue et chercheuse en sciences sociales, est incarc\u00e9r\u00e9e \u00e0 la prison d&#8217;Evine depuis neuf ans et demi. Elle est m\u00e8re de deux filles, Narges et Mina.<\/p>\n\n\n\n<p>Son p\u00e8re, Ali Asghar Zehtabchi, a \u00e9t\u00e9 ex\u00e9cut\u00e9 \u00e0 <a href=\"https:\/\/fr.wikipedia.org\/wiki\/Prison_d%27Evin\" target=\"_blank\" rel=\"noreferrer noopener\">la prison d&#8217;Evin<\/a>e le 20 juin 1981 pour avoir soutenu l&#8217;Organisation des moudjahidine du peuple iranien (OMPI).<\/p>\n\n\n\n<p>Elle a \u00e9galement perdu un certain <a href=\"https:\/\/wncri.org\/fr\/2016\/10\/11\/une-prisonniere-politique-jette-la-lumiere-sur-les-massacres-politiques-des-annees-1980-en-iran\/\" target=\"_blank\" rel=\"noreferrer noopener\">nombre de ses proches<\/a> dans les ann\u00e9es 1980.<\/p>\n\n\n\n<p>Mme Zehtabchi a \u00e9t\u00e9 arr\u00eat\u00e9e dans la rue par des agents du minist\u00e8re des renseignements le 16 octobre 2013. Elle a \u00e9t\u00e9 maintenue \u00e0 l&#8217;isolement et soumise \u00e0 des interrogatoires jusqu&#8217;en septembre 2014, date \u00e0 laquelle sa premi\u00e8re audience s&#8217;est tenue le 11 ao\u00fbt 2014.<\/p>\n\n\n\n<p>Apr\u00e8s son arrestation, le mari de Mme Zehtabchi, Seyed Javad Khoshniyat Nikou, a tent\u00e9 d&#8217;obtenir des informations sur son \u00e9tat de sant\u00e9, mais il a \u00e9galement \u00e9t\u00e9 arr\u00eat\u00e9 et rel\u00e2ch\u00e9 au bout de 22 jours. Sa s\u0153ur Faezeh et sa fille de 20 ans, Narges, ont \u00e9galement \u00e9t\u00e9 arr\u00eat\u00e9es. Narges Khoshniyat Nikou a \u00e9t\u00e9 lib\u00e9r\u00e9e au bout de 24 heures et Faezeh Zehtabchi au bout d&#8217;une semaine.<\/p>\n\n\n\n<p>La m\u00e8re de Zahra Zehtabchi a d\u00e9clar\u00e9 que la premi\u00e8re audience de sa fille avait eu lieu le 11 ao\u00fbt 2014 et que &#8220;Zahra avait un avocat d\u00e9sign\u00e9 par le gouvernement qui n&#8217;avait pu la rencontrer et lui parler qu&#8217;une demi-heure avant l&#8217;audience&#8221;.<\/p>\n\n\n\n<p>L&#8217;avocat de Zahra lui avait dit d&#8217;\u00e9crire quelque chose, mais Zahra a r\u00e9pondu qu&#8217;elle ne pouvait pas \u00e9crire un texte qu&#8217;elle n&#8217;acceptait pas et pourquoi devrait-elle \u00e9crire un mensonge.&#8221;<\/p>\n\n\n\n<p>La raison de son arrestation \u00e9tait qu&#8217;elle avait affich\u00e9 des photos de martyrs moudjahidine sur le mur.<\/p>\n\n\n\n<p>Apr\u00e8s la premi\u00e8re s\u00e9ance du tribunal, le pr\u00e9sident du tribunal a d\u00e9clar\u00e9 que son accusation \u00e9tait une insulte \u00e0 Khamenei. Au cours des quatre premiers mois de sa d\u00e9tention, Mme Zehtabchi a \u00e9t\u00e9 maintenue au secret et, pendant cette p\u00e9riode, elle a subi des pressions pour accorder une <a href=\"https:\/\/wncri.org\/2014\/10\/03\/iran-zahra-zehtabchi-is-under-intense-pressure-of-mois-agents-to-give-television-confession\/\" target=\"_blank\" rel=\"noreferrer noopener\">interview t\u00e9l\u00e9vis\u00e9e<\/a> contre elle-m\u00eame.<\/p>\n\n\n\n<p>Zahra Zehtabchi a finalement \u00e9t\u00e9 condamn\u00e9e \u00e0 10 ans de prison pour association avec l&#8217;organisation des Moudjahidine, peine confirm\u00e9e par la cour d&#8217;appel.<\/p>\n\n\n\n<p>Le cas de Zahra Zehtabchi est un exemple de la violation des droits de l&#8217;Homme en Iran et de l&#8217;emprisonnement de prisonniers politiques sans proc\u00e8s \u00e9quitable.<\/p>\n","protected":false},"excerpt":{"rendered":"<p>La prisonni\u00e8re politique Zahra Zehtabchi emprisonn\u00e9e depuis 9 ans et demi Zahra Zehtabchi, sociologue, est m\u00e8re de deux filles Zahra Zehtabchi, 56 ans, sociologue et chercheuse en sciences sociales, est incarc\u00e9r\u00e9e \u00e0 la prison d&#8217;Evine depuis neuf ans et demi. Elle est m\u00e8re de deux filles, Narges et Mina. Son p\u00e8re, Ali Asghar Zehtabchi, a [&hellip;]<\/p>\n","protected":false},"author":4,"featured_media":17958,"comment_status":"closed","ping_status":"closed","sticky":false,"template":"","format":"standard","meta":{"jnews-multi-image_gallery":[],"jnews_single_post":{"subtitle":"","format":"standard","video":"","gallery":"","source_name":"","source_url":"","via_name":"","via_url":"","override_template":"0","override":[{"template":"7","single_blog_custom":"","parallax":"1","fullscreen":"1","layout":"right-sidebar","sidebar":"default-sidebar","second_sidebar":"default-sidebar","sticky_sidebar":"1","share_position":"floatbottom","share_float_style":"share-normal","show_share_counter":"1","show_view_counter":"1","show_featured":"1","show_post_meta":"1","show_post_author":"0","show_post_author_image":"1","show_post_date":"1","post_date_format":"default","post_date_format_custom":"Y\/m\/d","show_post_category":"1","show_post_reading_time":"0","post_reading_time_wpm":"300","show_zoom_button":"0","zoom_button_out_step":"2","zoom_button_in_step":"3","show_post_tag":"1","show_prev_next_post":"0","show_popup_post":"1","number_popup_post":"1","show_author_box":"0","show_post_related":"1","show_inline_post_related":"0"}],"override_image_size":"0","image_override":[{"single_post_thumbnail_size":"crop-500","single_post_gallery_size":"crop-500"}],"trending_post":"0","trending_post_position":"meta","trending_post_label":"Trending","sponsored_post":"0","sponsored_post_label":"Sponsored by","sponsored_post_name":"","sponsored_post_url":"","sponsored_post_logo_enable":"0","sponsored_post_logo":"","sponsored_post_desc":"","disable_ad":"0"},"jnews_primary_category":{"id":"","hide":""},"jnews_social_meta":{"fb_title":"","fb_description":"","fb_image":"","twitter_title":"","twitter_description":"","twitter_image":""},"jnews_override_counter":{"override_view_counter":"0","view_counter_number":"0","override_share_counter":"0","share_counter_number":"0","override_like_counter":"0","like_counter_number":"0","override_dislike_counter":"0","dislike_counter_number":"0"},"footnotes":""},"categories":[3],"tags":[370,376],"class_list":["post-17957","post","type-post","status-publish","format-standard","has-post-thumbnail","hentry","category-infos-des-femmes","tag-prisonnieres","tag-violence-contre-les-femmes"],"_links":{"self":[{"href":"https:\/\/wncri.org\/fr\/wp-json\/wp\/v2\/posts\/17957","targetHints":{"allow":["GET"]}}],"collection":[{"href":"https:\/\/wncri.org\/fr\/wp-json\/wp\/v2\/posts"}],"about":[{"href":"https:\/\/wncri.org\/fr\/wp-json\/wp\/v2\/types\/post"}],"author":[{"embeddable":true,"href":"https:\/\/wncri.org\/fr\/wp-json\/wp\/v2\/users\/4"}],"replies":[{"embeddable":true,"href":"https:\/\/wncri.org\/fr\/wp-json\/wp\/v2\/comments?post=17957"}],"version-history":[{"count":1,"href":"https:\/\/wncri.org\/fr\/wp-json\/wp\/v2\/posts\/17957\/revisions"}],"predecessor-version":[{"id":17959,"href":"https:\/\/wncri.org\/fr\/wp-json\/wp\/v2\/posts\/17957\/revisions\/17959"}],"wp:featuredmedia":[{"embeddable":true,"href":"https:\/\/wncri.org\/fr\/wp-json\/wp\/v2\/media\/17958"}],"wp:attachment":[{"href":"https:\/\/wncri.org\/fr\/wp-json\/wp\/v2\/media?parent=17957"}],"wp:term":[{"taxonomy":"category","embeddable":true,"href":"https:\/\/wncri.org\/fr\/wp-json\/wp\/v2\/categories?post=17957"},{"taxonomy":"post_tag","embeddable":true,"href":"https:\/\/wncri.org\/fr\/wp-json\/wp\/v2\/tags?post=17957"}],"curies":[{"name":"wp","href":"https:\/\/api.w.org\/{rel}","templated":true}]}}