{"id":17952,"date":"2024-02-26T22:53:28","date_gmt":"2024-02-26T21:53:28","guid":{"rendered":"https:\/\/wncri.org\/fr\/?p=17952"},"modified":"2024-02-26T22:53:30","modified_gmt":"2024-02-26T21:53:30","slug":"zeinab-jalalian","status":"publish","type":"post","link":"https:\/\/wncri.org\/fr\/2024\/02\/26\/zeinab-jalalian\/","title":{"rendered":"Le sort de Zeinab Jalalian : La lutte d&#8217;une femme pour la libert\u00e9 et la justice"},"content":{"rendered":"\n<h3 class=\"wp-block-heading\">Le sort de Zeinab Jalalian : La lutte d&#8217;une femme pour la libert\u00e9 et la justice<\/h3>\n\n\n\n<p>Zeinab Jalalian, une femme kurde, a pass\u00e9 16 ans en prison en Iran et entame maintenant sa 17e ann\u00e9e d&#8217;emprisonnement. Elle est la plus ancienne et <a href=\"https:\/\/www.amnesty.org\/fr\/documents\/mde13\/8598\/2018\/fr\/\" target=\"_blank\" rel=\"noreferrer noopener\">la seule femme prisonni\u00e8re politique condamn\u00e9e \u00e0 perp\u00e9tuit\u00e9<\/a> en Iran. Au cours de sa d\u00e9tention, elle a \u00e9t\u00e9 tortur\u00e9e et priv\u00e9e de son droit de sortir, m\u00eame pour recevoir un traitement m\u00e9dical. Elle a \u00e9galement \u00e9t\u00e9 d\u00e9plac\u00e9e ill\u00e9galement et violemment entre diff\u00e9rentes prisons. Cet article pr\u00e9sente la situation actuelle de Zeinab Jalalian dans la prison de Yazd.<\/p>\n\n\n\n<h3 class=\"wp-block-heading\"><strong>Transferts de prison<\/strong><\/h3>\n\n\n\n<p>Zeinab Jalalian a \u00e9t\u00e9 arr\u00eat\u00e9e \u00e0 Kermanchah le 26 f\u00e9vrier 2008 et est actuellement d\u00e9tenue \u00e0 la prison de Yazd. Cependant, cette femme kurde a \u00e9t\u00e9 ill\u00e9galement et violemment transf\u00e9r\u00e9e entre diff\u00e9rentes prisons.<\/p>\n\n\n\n<p>Environ six mois avant son transfert \u00e0 la prison de Yazd, elle a \u00e9t\u00e9 soudainement et sans aucune raison donn\u00e9e par les agents de s\u00e9curit\u00e9 <a href=\"https:\/\/wncri.org\/fr\/2020\/04\/29\/la-prisonniere-politique-kurde-zeinab-jalalian-transferee-de-la-prison-de-khoy\/\" target=\"_blank\" rel=\"noreferrer noopener\">transf\u00e9r\u00e9s de la prison de Khoy \u00e0 la prison de Qarchak<\/a>. Elle a ensuite \u00e9t\u00e9 <a href=\"https:\/\/wncri.org\/fr\/2020\/07\/03\/la-prisonniere-politique-zeinab-jalalian-peut-etre-transferee-a-la-prison-de-kerman\/\" target=\"_blank\" rel=\"noreferrer noopener\">transf\u00e9r\u00e9e \u00e0 la prison de Kerman<\/a> apr\u00e8s avoir entam\u00e9 une <a href=\"https:\/\/wncri.org\/fr\/2020\/06\/22\/la-prisonniere-politique-zeinab-jalalian-entame-une-greve-de-la-faim-en-iran\/\" target=\"_blank\" rel=\"noreferrer noopener\">gr\u00e8ve de la faim avec Covid-19<\/a> et demand\u00e9 \u00e0 retourner \u00e0 la prison de Khoy, dans la province de l&#8217;Azerba\u00efdjan occidental, au nord-ouest de l&#8217;Iran. Elle a ensuite \u00e9t\u00e9 <a href=\"https:\/\/wncri.org\/2020\/09\/26\/kurdish-political-prisoner-zeinab-jalalian-relocated-to-notorious-prison-in-kermanshah\/\">transf\u00e9r\u00e9e \u00e0 la prison de <\/a><a href=\"https:\/\/wncri.org\/2020\/09\/26\/kurdish-political-prisoner-zeinab-jalalian-relocated-to-notorious-prison-in-kermanshah\/\" target=\"_blank\" rel=\"noreferrer noopener\">Kermanchah<\/a>, bien que les responsables de la prison pour femmes de Kermanchah aient refus\u00e9 de l&#8217;accueillir dans un premier temps en raison de son grave \u00e9tat de sant\u00e9.<\/p>\n\n\n<div class=\"wp-block-image\">\n<figure class=\"aligncenter size-full\"><img decoding=\"async\" src=\"data:image\/gif;base64,R0lGODlhAQABAIAAAAAAAP\/\/\/yH5BAEAAAAALAAAAAABAAEAAAIBRAA7\" data-src=\"https:\/\/wncri.org\/fr\/wp-content\/uploads\/2023\/03\/Zeinab-Jalalian-2-min.jpg\" alt=\"Visites de la famille et communication\" class=\"wp-image-17954 lazyload\"\/><noscript><img decoding=\"async\" width=\"750\" height=\"375\" src=\"https:\/\/wncri.org\/fr\/wp-content\/uploads\/2023\/03\/Zeinab-Jalalian-2-min.jpg\" alt=\"Visites de la famille et communication\" class=\"wp-image-17954 lazyload\" srcset=\"https:\/\/wncri.org\/fr\/wp-content\/uploads\/2023\/03\/Zeinab-Jalalian-2-min.jpg 750w, https:\/\/wncri.org\/fr\/wp-content\/uploads\/2023\/03\/Zeinab-Jalalian-2-min-300x150.jpg 300w, https:\/\/wncri.org\/fr\/wp-content\/uploads\/2023\/03\/Zeinab-Jalalian-2-min-360x180.jpg 360w\" sizes=\"(max-width: 750px) 100vw, 750px\" \/><\/noscript><\/figure>\n<\/div>\n\n\n<h3 class=\"wp-block-heading\"><strong>\u00c9tat de sant\u00e9<\/strong><\/h3>\n\n\n\n<p>Zeinab Jalalian a \u00e9t\u00e9 infect\u00e9e par <a href=\"https:\/\/wncri.org\/fr\/2021\/05\/15\/zeinab-jalalian-dans-un-etat-de-sante-catastrophique-apres-avoir\/\" target=\"_blank\" rel=\"noreferrer noopener\">le Covid-19 pour la deuxi\u00e8me fois dans la prison de Yazd<\/a> et a d\u00e9velopp\u00e9 des probl\u00e8mes pulmonaires et d&#8217;asthme pendant sa convalescence en raison d&#8217;un manque de soins m\u00e9dicaux. Sa condition physique et sa sant\u00e9 se sont d\u00e9t\u00e9rior\u00e9es en raison de ses maladies ant\u00e9rieures : probl\u00e8mes r\u00e9naux et digestifs, muguet buccal, pt\u00e9rygion oculaire, mauvaise vue, infection dentaire, etc. Malgr\u00e9 la d\u00e9t\u00e9rioration de son \u00e9tat physique, elle est rest\u00e9e longtemps dans une pi\u00e8ce publique avec des personnes toxicomanes et en tr\u00e8s mauvais \u00e9tat de sant\u00e9, sans b\u00e9n\u00e9ficier des soins m\u00e9dicaux n\u00e9cessaires.<\/p>\n\n\n\n<h3 class=\"wp-block-heading\"><strong>Visites de la famille et communication<\/strong><\/h3>\n\n\n\n<p>Zeinab Jalalian n&#8217;a pas pu voir sa famille depuis deux ans et demi en raison de la distance entre Yazd et le domicile de sa famille \u00e0 Maku et des restrictions impos\u00e9es par les agences de s\u00e9curit\u00e9. Ses appels t\u00e9l\u00e9phoniques ont \u00e9galement \u00e9t\u00e9 limit\u00e9s \u00e0 une fois par semaine et uniquement avec ses parents. Les agents du d\u00e9partement des renseignements de la prison de Yazd ont rencontr\u00e9 cette femme kurde et l&#8217;ont avertie que si la moindre information concernant son \u00e9tat de sant\u00e9 \u00e9tait divulgu\u00e9e aux m\u00e9dias par son interm\u00e9diaire et celui de sa famille, ils intensifieraient la pression et la transf\u00e9reraient dans une autre prison.<\/p>\n\n\n\n<h3 class=\"wp-block-heading\"><strong>Statut juridique<\/strong><\/h3>\n\n\n\n<p>Selon les avocats de Zeinab Jalalian, en vertu de la nouvelle loi p\u00e9nale islamique approuv\u00e9e en 2013, son maintien en prison est contraire \u00e0 la loi et elle devrait \u00eatre lib\u00e9r\u00e9e.<\/p>\n\n\n\n<h3 class=\"wp-block-heading\"><strong>Arrestation de membres de la famille<\/strong><\/h3>\n\n\n\n<p>En mars dernier, des agents de s\u00e9curit\u00e9 de Maku ont arr\u00eat\u00e9 la m\u00e8re, le p\u00e8re et les trois fr\u00e8res de Zeinab Jalalian, Pasha, Ibrahim et Yousef, en r\u00e9ponse \u00e0 un message vid\u00e9o envoy\u00e9 par Guzel Hajizadeh, la m\u00e8re de Zeinab Jalalian, au sujet de l&#8217;\u00e9tat de sant\u00e9 de sa fille.<\/p>\n\n\n\n<p>Bien que les membres de la famille aient \u00e9t\u00e9 lib\u00e9r\u00e9s au bout d&#8217;un jour et d&#8217;une nuit, le d\u00e9partement des renseignements les a mis en garde contre toute information et tout entretien avec des organisations de d\u00e9fense des droits de l&#8217;Homme et des m\u00e9dias concernant l&#8217;\u00e9tat de sant\u00e9 de Zeinab Jalalian. Les agents de s\u00e9curit\u00e9 ont \u00e9galement demand\u00e9 \u00e0 la famille de cette femme kurde de parler de ses activit\u00e9s et des partis d&#8217;opposition kurdes dans une interview vid\u00e9o, ce qui a \u00e9t\u00e9 rejet\u00e9 par leur forte r\u00e9action.<\/p>\n\n\n<div class=\"wp-block-image\">\n<figure class=\"aligncenter size-full\"><img decoding=\"async\" src=\"data:image\/gif;base64,R0lGODlhAQABAIAAAAAAAP\/\/\/yH5BAEAAAAALAAAAAABAAEAAAIBRAA7\" data-src=\"https:\/\/wncri.org\/fr\/wp-content\/uploads\/2023\/03\/Zeinab-Jalalian-3-min.jpg\" alt=\"Appel \u00e0 la lib\u00e9ration de Zeinab Jalalian\" class=\"wp-image-17955 lazyload\"\/><noscript><img decoding=\"async\" width=\"750\" height=\"375\" src=\"https:\/\/wncri.org\/fr\/wp-content\/uploads\/2023\/03\/Zeinab-Jalalian-3-min.jpg\" alt=\"Appel \u00e0 la lib\u00e9ration de Zeinab Jalalian\" class=\"wp-image-17955 lazyload\" srcset=\"https:\/\/wncri.org\/fr\/wp-content\/uploads\/2023\/03\/Zeinab-Jalalian-3-min.jpg 750w, https:\/\/wncri.org\/fr\/wp-content\/uploads\/2023\/03\/Zeinab-Jalalian-3-min-300x150.jpg 300w, https:\/\/wncri.org\/fr\/wp-content\/uploads\/2023\/03\/Zeinab-Jalalian-3-min-360x180.jpg 360w\" sizes=\"(max-width: 750px) 100vw, 750px\" \/><\/noscript><\/figure>\n<\/div>\n\n\n<h3 class=\"wp-block-heading\"><strong>Appel \u00e0 la lib\u00e9ration de Zeinab Jalalian<\/strong><\/h3>\n\n\n\n<p>Le 17e Norouz de Zeinab Jalalian en prison est un rappel de son emprisonnement continu et de la violation de ses droits humains. Malgr\u00e9 la d\u00e9t\u00e9rioration de son \u00e9tat de sant\u00e9, elle a \u00e9t\u00e9 <a href=\"https:\/\/wncri.org\/fr\/2022\/06\/30\/zeinab-jalalian-privee\/\" target=\"_blank\" rel=\"noreferrer noopener\">priv\u00e9e des soins m\u00e9dicaux n\u00e9cessaires<\/a>, des visites de sa famille et de la communication. Les membres de sa famille ont \u00e9galement fait l&#8217;objet d&#8217;intimidations et de harc\u00e8lements de la part des agents de s\u00e9curit\u00e9. Les autorit\u00e9s iraniennes doivent lib\u00e9rer Zeinab Jalalian imm\u00e9diatement, et ses droits humains et sa dignit\u00e9 doivent \u00eatre respect\u00e9s.<\/p>\n","protected":false},"excerpt":{"rendered":"<p>Le sort de Zeinab Jalalian : La lutte d&#8217;une femme pour la libert\u00e9 et la justice Zeinab Jalalian, une femme kurde, a pass\u00e9 16 ans en prison en Iran et entame maintenant sa 17e ann\u00e9e d&#8217;emprisonnement. Elle est la plus ancienne et la seule femme prisonni\u00e8re politique condamn\u00e9e \u00e0 perp\u00e9tuit\u00e9 en Iran. Au cours de [&hellip;]<\/p>\n","protected":false},"author":4,"featured_media":17953,"comment_status":"closed","ping_status":"closed","sticky":false,"template":"","format":"standard","meta":{"jnews-multi-image_gallery":[],"jnews_single_post":{"subtitle":"","format":"standard","video":"","gallery":"","source_name":"","source_url":"","via_name":"","via_url":"","override_template":"0","override":[{"template":"7","single_blog_custom":"","parallax":"1","fullscreen":"1","layout":"right-sidebar","sidebar":"default-sidebar","second_sidebar":"default-sidebar","sticky_sidebar":"1","share_position":"floatbottom","share_float_style":"share-normal","show_share_counter":"1","show_view_counter":"1","show_featured":"1","show_post_meta":"1","show_post_author":"0","show_post_author_image":"1","show_post_date":"1","post_date_format":"default","post_date_format_custom":"Y\/m\/d","show_post_category":"1","show_post_reading_time":"0","post_reading_time_wpm":"300","show_zoom_button":"0","zoom_button_out_step":"2","zoom_button_in_step":"3","show_post_tag":"1","show_prev_next_post":"0","show_popup_post":"1","number_popup_post":"1","show_author_box":"0","show_post_related":"1","show_inline_post_related":"0"}],"override_image_size":"0","image_override":[{"single_post_thumbnail_size":"crop-500","single_post_gallery_size":"crop-500"}],"trending_post":"0","trending_post_position":"meta","trending_post_label":"Trending","sponsored_post":"0","sponsored_post_label":"Sponsored by","sponsored_post_name":"","sponsored_post_url":"","sponsored_post_logo_enable":"0","sponsored_post_logo":"","sponsored_post_desc":"","disable_ad":"0"},"jnews_primary_category":{"id":"","hide":""},"jnews_social_meta":{"fb_title":"","fb_description":"","fb_image":"","twitter_title":"","twitter_description":"","twitter_image":""},"jnews_override_counter":{"override_view_counter":"0","view_counter_number":"0","override_share_counter":"0","share_counter_number":"0","override_like_counter":"0","like_counter_number":"0","override_dislike_counter":"0","dislike_counter_number":"0"},"footnotes":""},"categories":[3],"tags":[370,376],"class_list":["post-17952","post","type-post","status-publish","format-standard","has-post-thumbnail","hentry","category-infos-des-femmes","tag-prisonnieres","tag-violence-contre-les-femmes"],"_links":{"self":[{"href":"https:\/\/wncri.org\/fr\/wp-json\/wp\/v2\/posts\/17952","targetHints":{"allow":["GET"]}}],"collection":[{"href":"https:\/\/wncri.org\/fr\/wp-json\/wp\/v2\/posts"}],"about":[{"href":"https:\/\/wncri.org\/fr\/wp-json\/wp\/v2\/types\/post"}],"author":[{"embeddable":true,"href":"https:\/\/wncri.org\/fr\/wp-json\/wp\/v2\/users\/4"}],"replies":[{"embeddable":true,"href":"https:\/\/wncri.org\/fr\/wp-json\/wp\/v2\/comments?post=17952"}],"version-history":[{"count":2,"href":"https:\/\/wncri.org\/fr\/wp-json\/wp\/v2\/posts\/17952\/revisions"}],"predecessor-version":[{"id":19739,"href":"https:\/\/wncri.org\/fr\/wp-json\/wp\/v2\/posts\/17952\/revisions\/19739"}],"wp:featuredmedia":[{"embeddable":true,"href":"https:\/\/wncri.org\/fr\/wp-json\/wp\/v2\/media\/17953"}],"wp:attachment":[{"href":"https:\/\/wncri.org\/fr\/wp-json\/wp\/v2\/media?parent=17952"}],"wp:term":[{"taxonomy":"category","embeddable":true,"href":"https:\/\/wncri.org\/fr\/wp-json\/wp\/v2\/categories?post=17952"},{"taxonomy":"post_tag","embeddable":true,"href":"https:\/\/wncri.org\/fr\/wp-json\/wp\/v2\/tags?post=17952"}],"curies":[{"name":"wp","href":"https:\/\/api.w.org\/{rel}","templated":true}]}}