{"id":17934,"date":"2023-03-19T14:21:42","date_gmt":"2023-03-19T13:21:42","guid":{"rendered":"https:\/\/wncri.org\/fr\/?p=17934"},"modified":"2023-03-21T14:33:47","modified_gmt":"2023-03-21T13:33:47","slug":"amnesty-international-confirme","status":"publish","type":"post","link":"https:\/\/wncri.org\/fr\/2023\/03\/19\/amnesty-international-confirme\/","title":{"rendered":"Amnesty International confirme les horribles tortures inflig\u00e9es \u00e0 des mineurs manifestants"},"content":{"rendered":"\n<h3 class=\"wp-block-heading\">Amnesty International confirme les horribles tortures inflig\u00e9es \u00e0 des mineurs manifestants<\/h3>\n\n\n\n<p>Amnesty International a publi\u00e9 les r\u00e9sultats de ses <a href=\"https:\/\/www.amnesty.org\/fr\/latest\/news\/2023\/03\/iran-child-detainees-subjected-to-flogging-electric-shocks-and-sexual-violence-in-brutal-protest-crackdown\/\" target=\"_blank\" rel=\"noreferrer noopener\">recherches<\/a> sur la torture de mineurs d\u00e9tenus en Iran pendant le soul\u00e8vement de 2022-2023. Bien qu&#8217;il n&#8217;existe pas d&#8217;informations transparentes sur le nombre de mineurs d\u00e9tenus en Iran, des responsables du r\u00e9gime iranien ont reconnu qu&#8217;un nombre consid\u00e9rable de mineurs se trouvaient parmi les manifestants d\u00e9tenus.<\/p>\n\n\n\n<p>Le chef du pouvoir judiciaire iranien a \u00e9galement admis r\u00e9cemment qu&#8217;il avait lib\u00e9r\u00e9 22 000 manifestants d\u00e9tenus lors des manifestations de 2022-2023 en Iran. On peut en conclure que des milliers d&#8217;enfants, gar\u00e7ons et filles, figuraient parmi les personnes arr\u00eat\u00e9es et tortur\u00e9es par le r\u00e9gime iranien.<\/p>\n\n\n\n<p>Compte tenu de l&#8217;importance de ce rapport, la Commission des femmes du CNRI en publie le texte int\u00e9gral.<br><br><\/p>\n\n\n\n<h3 class=\"wp-block-heading\"><strong>Iran. Les mineur\u00b7e\u00b7s d\u00e9tenus subissent coups de fouet, d\u00e9charges \u00e9lectriques et violences sexuelles dans le cadre de la r\u00e9pression contre les manifestations<\/strong><\/h3>\n\n\n\n<p>Les forces de renseignement et de s\u00e9curit\u00e9 en Iran commettent de terribles actes de torture, infligeant coups, flagellations, d\u00e9charges \u00e9lectriques, viols et autres <a href=\"https:\/\/wncri.org\/fr\/2023\/03\/13\/lutte-pour-la-liberte\/\" target=\"_blank\" rel=\"noreferrer noopener\">violences sexuelles<\/a>, \u00e0 des manifestant\u00b7e\u00b7s mineurs parfois \u00e2g\u00e9s de seulement 12 ans dans le but d\u2019\u00e9craser leur participation au mouvement national de contestation, a d\u00e9clar\u00e9 Amnesty International le 16 mars 2023.<\/p>\n\n\n\n<p>\u00c0 l\u2019occasion des six mois d\u2019un soul\u00e8vement populaire sans pr\u00e9c\u00e9dent en Iran, d\u00e9clench\u00e9 par la mort en d\u00e9tention de Mahsa (Zhina) Amini, Amnesty International d\u00e9voile les violences inflig\u00e9es \u00e0 des mineur\u00b7e\u00b7s arr\u00eat\u00e9s pendant et apr\u00e8s les manifestations. Ces recherches exposent les m\u00e9thodes de torture employ\u00e9es par les pasdarans (gardiens de la r\u00e9volution), les bassidjis (miliciens volontaires), la police de la s\u00e9curit\u00e9 publique et d\u2019autres services de s\u00e9curit\u00e9 et de renseignement, contre les adolescentes et adolescents en d\u00e9tention dans le but de les punir, de les humilier et de leur extorquer des \u00ab aveux \u00bb.<\/p>\n\n\n\n<p>\u00ab Les agents de l\u2019\u00c9tat iranien arrachent des enfants \u00e0 leur famille et les soumettent \u00e0 des cruaut\u00e9s sans nom. Il est abject que des fonctionnaires exercent un tel pouvoir de mani\u00e8re criminelle sur des jeunes vuln\u00e9rables et effray\u00e9s, et leur infligent, ainsi qu\u2019\u00e0 leurs familles, une douleur et une angoisse intenses, leur causant de graves s\u00e9quelles physiques et psychologiques. Cette violence illustre une strat\u00e9gie d\u00e9lib\u00e9r\u00e9e visant \u00e0 broyer l\u2019esprit dynamique de la jeunesse du pays et \u00e0 l\u2019emp\u00eacher de porter ses revendications de libert\u00e9 et de respect des droits fondamentaux, a d\u00e9clar\u00e9 Diana Eltahawy, directrice adjointe r\u00e9gionale pour le Moyen-Orient et l\u2019Afrique du Nord \u00e0 Amnesty International.<\/p>\n\n\n<div class=\"wp-block-image\">\n<figure class=\"aligncenter size-full\"><img decoding=\"async\" src=\"data:image\/gif;base64,R0lGODlhAQABAIAAAAAAAP\/\/\/yH5BAEAAAAALAAAAAABAAEAAAIBRAA7\" data-src=\"https:\/\/wncri.org\/fr\/wp-content\/uploads\/2023\/03\/Amnesty-International-Report-on-Child-Abuse-1-min.jpg\" alt=\"Amnesty International confirme \" class=\"wp-image-17935 lazyload\"\/><noscript><img decoding=\"async\" width=\"750\" height=\"375\" src=\"https:\/\/wncri.org\/fr\/wp-content\/uploads\/2023\/03\/Amnesty-International-Report-on-Child-Abuse-1-min.jpg\" alt=\"Amnesty International confirme \" class=\"wp-image-17935 lazyload\" srcset=\"https:\/\/wncri.org\/fr\/wp-content\/uploads\/2023\/03\/Amnesty-International-Report-on-Child-Abuse-1-min.jpg 750w, https:\/\/wncri.org\/fr\/wp-content\/uploads\/2023\/03\/Amnesty-International-Report-on-Child-Abuse-1-min-300x150.jpg 300w, https:\/\/wncri.org\/fr\/wp-content\/uploads\/2023\/03\/Amnesty-International-Report-on-Child-Abuse-1-min-360x180.jpg 360w\" sizes=\"(max-width: 750px) 100vw, 750px\" \/><\/noscript><\/figure>\n<\/div>\n\n\n<p>\u00ab Les autorit\u00e9s doivent lib\u00e9rer tous les mineur\u00b7e\u00b7s d\u00e9tenus uniquement pour avoir manifest\u00e9 pacifiquement. En l\u2019absence de perspectives au niveau national d\u2019enqu\u00eates impartiales et efficaces sur la torture qu\u2019ils auraient subie, nous appelons tous les \u00c9tats \u00e0 mettre en \u0153uvre leur comp\u00e9tence universelle \u00e0 l\u2019\u00e9gard des responsables iraniens, y compris ceux qui exercent un commandement ou une responsabilit\u00e9 hi\u00e9rarchique, raisonnablement soup\u00e7onn\u00e9s d\u2019\u00eatre impliqu\u00e9s dans des crimes relevant du droit international, notamment d\u2019actes de torture inflig\u00e9s \u00e0 des manifestant\u00b7e\u00b7s mineurs. \u00bb<\/p>\n\n\n\n<p>J\u2019ai \u00e9t\u00e9 forc\u00e9 de dire ce qu\u2019ils voulaient parce qu\u2019ils m\u2019ont viol\u00e9 avec un tuyau d\u2019arrosage. Ils m\u2019ont saisi la main et ont appos\u00e9 de force mes empreintes digitales sur les documents<\/p>\n\n\n\n<h3 class=\"wp-block-heading\"><strong>Un gar\u00e7on ayant \u00e9t\u00e9 d\u00e9tenu par des agents de l&#8217;\u00c9tat<\/strong><\/h3>\n\n\n\n<p>Depuis qu\u2019elle a commenc\u00e9 \u00e0 enqu\u00eater sur la r\u00e9pression brutale des autorit\u00e9s iraniennes contre le soul\u00e8vement, Amnesty International a recueilli des informations d\u00e9taill\u00e9es sur les cas de sept mineur\u00b7e\u00b7s. Elle a obtenu les t\u00e9moignages des victimes et de leurs familles, ainsi que les r\u00e9cits de 19 t\u00e9moins oculaires \u2013 deux avocat\u00b7e\u00b7s et 17 adultes d\u00e9tenus avec des mineur\u00b7e\u00b7s \u2013 sur les actes de torture g\u00e9n\u00e9ralis\u00e9s inflig\u00e9s \u00e0 de tr\u00e8s nombreux jeunes. Les victimes et les t\u00e9moins interrog\u00e9s sont originaires de diverses provinces d\u2019Iran, notamment de l\u2019Azerba\u00efdjan oriental, du Golestan, de Kermanshah, du Khorassan-e Razavi, du Khuzestan, du Lorestan, du Mazand\u00e9ran, du Sistan-et-Baloutchistan, de T\u00e9h\u00e9ran et de Zandjan.<\/p>\n\n\n\n<p>Amnesty International a supprim\u00e9 toute r\u00e9f\u00e9rence permettant d\u2019identifier certaines informations, comme l\u2019\u00e2ge des mineur\u00b7e\u00b7s et les provinces o\u00f9 ils \u00e9taient d\u00e9tenus, afin de les prot\u00e9ger eux et leurs familles contre tout acte de repr\u00e9sailles.<\/p>\n\n\n<div class=\"wp-block-image\">\n<figure class=\"aligncenter size-full\"><img decoding=\"async\" src=\"data:image\/gif;base64,R0lGODlhAQABAIAAAAAAAP\/\/\/yH5BAEAAAAALAAAAAABAAEAAAIBRAA7\" data-src=\"https:\/\/wncri.org\/fr\/wp-content\/uploads\/2023\/03\/Amnesty-International-Report-on-Child-Abuse-2-min.jpg\" alt=\"Amnesty International confirme les horribles tortures \" class=\"wp-image-17936 lazyload\"\/><noscript><img decoding=\"async\" width=\"750\" height=\"375\" src=\"https:\/\/wncri.org\/fr\/wp-content\/uploads\/2023\/03\/Amnesty-International-Report-on-Child-Abuse-2-min.jpg\" alt=\"Amnesty International confirme les horribles tortures \" class=\"wp-image-17936 lazyload\" srcset=\"https:\/\/wncri.org\/fr\/wp-content\/uploads\/2023\/03\/Amnesty-International-Report-on-Child-Abuse-2-min.jpg 750w, https:\/\/wncri.org\/fr\/wp-content\/uploads\/2023\/03\/Amnesty-International-Report-on-Child-Abuse-2-min-300x150.jpg 300w, https:\/\/wncri.org\/fr\/wp-content\/uploads\/2023\/03\/Amnesty-International-Report-on-Child-Abuse-2-min-360x180.jpg 360w\" sizes=\"(max-width: 750px) 100vw, 750px\" \/><\/noscript><\/figure>\n<\/div>\n\n\n<h3 class=\"wp-block-heading\"><strong>D\u00e9tention massive de mineur\u00b7e\u00b7s<\/strong><\/h3>\n\n\n\n<p>Les autorit\u00e9s iraniennes ont admis que le nombre total de personnes arr\u00eat\u00e9es dans le cadre des manifestations \u00e9tait sup\u00e9rieur \u00e0 22 000. Bien qu\u2019elles n\u2019aient pas pr\u00e9cis\u00e9 le nombre de mineur\u00b7e\u00b7s parmi les d\u00e9tenus, les m\u00e9dias d\u2019\u00c9tat ont rapport\u00e9&nbsp; qu\u2019ils repr\u00e9sentaient une fraction importante des manifestant\u00b7e\u00b7s. Sur la base des t\u00e9moignages de dizaines de personnes d\u00e9tenues \u00e0 travers tout le pays qui ont vu les forces de s\u00e9curit\u00e9 arr\u00eater des dizaines de mineur\u00b7e\u00b7s, et compte tenu du fait que les enfants et les jeunes sont en premi\u00e8re ligne du mouvement de contestation, Amnesty International estime que des milliers d\u2019entre eux pourraient faire partie de la vague d\u2019arrestations.<\/p>\n\n\n\n<p>Il est abject que des fonctionnaires exercent un tel pouvoir de mani\u00e8re criminelle sur des jeunes vuln\u00e9rables et effray\u00e9s<\/p>\n\n\n\n<h3 class=\"wp-block-heading\"><strong>Diana Eltahawy, Amnesty International<\/strong><\/h3>\n\n\n\n<p>D\u2019apr\u00e8s ses conclusions, les mineur\u00b7e\u00b7s arr\u00eat\u00e9s, tout comme les adultes, ont tout d\u2019abord \u00e9t\u00e9 conduits, souvent avec les yeux band\u00e9s, dans des centres de d\u00e9tention g\u00e9r\u00e9s par les pasdaran (gardiens de la r\u00e9volution), le minist\u00e8re du Renseignement, la police de la s\u00e9curit\u00e9 publique, l\u2019unit\u00e9 d\u2019enqu\u00eate de la police iranienne (Agahi) ou la force paramilitaire des bassidjis. Apr\u00e8s quelques jours ou semaines de d\u00e9tention au secret ou de disparition forc\u00e9e, ils \u00e9taient transf\u00e9r\u00e9s vers des prisons identifi\u00e9es. Des agents en civil en ont enlev\u00e9 d\u2019autres dans la rue pendant ou apr\u00e8s les manifestations, les ont conduits dans des lieux non officiels comme des entrep\u00f4ts, o\u00f9 ils les ont tortur\u00e9s avant de les abandonner dans des endroits isol\u00e9s. Ces enl\u00e8vements, effectu\u00e9s hors de tout cadre l\u00e9gal, avaient pour but de punir, intimider et dissuader les mineur\u00b7e\u00b7s de prendre part au mouvement.<\/p>\n\n\n\n<p>Beaucoup ont \u00e9t\u00e9 d\u00e9tenus aux c\u00f4t\u00e9s d\u2019adultes, en violation des normes internationales, et soumis aux m\u00eames formes de torture et de mauvais traitements. Un ex-prisonnier adulte a racont\u00e9 que, dans une province, des bassidjis ont oblig\u00e9 plusieurs gar\u00e7ons \u00e0 se tenir debout, jambes \u00e9cart\u00e9es, en ligne avec des adultes, avant de leur administrer des d\u00e9charges \u00e9lectriques sur les parties g\u00e9nitales \u00e0 l\u2019aide de pistolets paralysants.<\/p>\n\n\n\n<p>La plupart des mineur\u00b7e\u00b7s arr\u00eat\u00e9s au cours des six derniers mois semblent avoir \u00e9t\u00e9 lib\u00e9r\u00e9s, parfois sous caution dans l\u2019attente d\u2019investigations ou d\u2019une comparution devant un tribunal. Beaucoup n\u2019ont \u00e9t\u00e9 rel\u00e2ch\u00e9s qu\u2019apr\u00e8s avoir sign\u00e9 sous la contrainte des lettres de \u00ab repentance \u00bb et promis de ne plus se livrer \u00e0 des \u00ab activit\u00e9s politiques \u00bb et d\u2019assister \u00e0 des rassemblements pro-gouvernementaux.<\/p>\n\n\n\n<p>Avant de les remettre en libert\u00e9, les agents les menacent souvent de poursuites pour des infractions emportant la peine de mort ou d\u2019arr\u00eater leurs proches s\u2019ils portent plainte.<\/p>\n\n\n\n<p>Dans au moins deux cas recens\u00e9s par Amnesty International, malgr\u00e9 la menace des repr\u00e9sailles, les familles des victimes ont port\u00e9 plainte aupr\u00e8s des autorit\u00e9s judiciaires ; cela n\u2019a donn\u00e9 lieu \u00e0 aucune enqu\u00eate.<\/p>\n\n\n\n<h3 class=\"wp-block-heading\"><strong>Viols et autres violences sexuelles<\/strong><\/h3>\n\n\n\n<p>Les recherches men\u00e9es par Amnesty International r\u00e9v\u00e8lent \u00e9galement que les agents de l\u2019\u00c9tat utilisent <a href=\"https:\/\/wncri.org\/fr\/2022\/12\/05\/violence\/\" target=\"_blank\" rel=\"noreferrer noopener\">le viol et les violences sexuelles<\/a>, y compris des d\u00e9charges \u00e9lectriques sur les parties g\u00e9nitales, des attouchements sur les parties intimes et des menaces de viol, comme une arme pour briser leur esprit, les humilier et les punir, et leur arracher des \u00ab aveux \u00bb forc\u00e9s. Ces pratiques sont \u00e9galement largement d\u00e9nonc\u00e9es par les d\u00e9tenus adultes, hommes et femmes.<\/p>\n\n\n\n<p>En outre, les agents de l\u2019\u00c9tat ont prof\u00e9r\u00e9 des insultes \u00e0 caract\u00e8re sexuel \u00e0 l\u2019encontre des jeunes filles d\u00e9tenues et les ont accus\u00e9es de vouloir se d\u00e9nuder, simplement parce qu\u2019elles manifestaient en faveur des droits des femmes et des jeunes filles et d\u00e9fiaient le port obligatoire du voile.<\/p>\n\n\n\n<p>Une m\u00e8re a d\u00e9clar\u00e9 que son fils avait \u00e9t\u00e9 viol\u00e9 \u00e0 l\u2019aide d\u2019un tuyau d\u2019arrosage pendant qu\u2019il \u00e9tait victime d\u2019une disparition forc\u00e9e :<\/p>\n\n\n\n<p>\u00ab Mon fils m\u2019a racont\u00e9 : \u201d Ils [m\u2019]ont pendu au point que j\u2019avais l\u2019impression que mes bras allaient s\u2019arracher. J\u2019ai \u00e9t\u00e9 forc\u00e9 de dire ce qu\u2019ils voulaient parce qu\u2019ils m\u2019ont viol\u00e9 avec un tuyau d\u2019arrosage. Ils m\u2019ont saisi la main et ont appos\u00e9 de force mes empreintes digitales sur les documents. \u00bb<\/p>\n\n\n\n<h3 class=\"wp-block-heading\"><strong>Passages \u00e0 tabac, coups de fouet, d\u00e9charges \u00e9lectriques et autres violations des droits humains<\/strong><\/h3>\n\n\n\n<p>Les forces de s\u00e9curit\u00e9 frappent r\u00e9guli\u00e8rement les mineur\u00b7e\u00b7s au moment de l\u2019arrestation, \u00e0 bord des v\u00e9hicules lors des transferts et dans les centres de d\u00e9tention. Parmi les autres m\u00e9thodes de torture, citons les flagellations, l\u2019administration de d\u00e9charges \u00e9lectriques \u00e0 l\u2019aide de pistolets paralysants, l\u2019administration forc\u00e9e de pilules non identifi\u00e9es et le fait de leur maintenir la t\u00eate sous l\u2019eau.<\/p>\n\n\n\n<p>Dans un cas, plusieurs \u00e9coliers ont \u00e9t\u00e9 enlev\u00e9s pour avoir \u00e9crit le slogan du mouvement \u00ab Femme, Vie, Libert\u00e9 \u00bb sur un mur. Selon un proche de l\u2019une des victimes, des agents en civil ont enlev\u00e9 ces adolescents, les ont conduits dans un lieu non officiel, tortur\u00e9s et menac\u00e9s de viol, avant de les abandonner, \u00e0 moiti\u00e9 conscients, dans une zone isol\u00e9e quelques heures plus tard. L\u2019un des gar\u00e7ons a t\u00e9moign\u00e9 :<\/p>\n\n\n\n<p>\u00ab Ils nous ont administr\u00e9 des d\u00e9charges \u00e9lectriques, m\u2019ont frapp\u00e9 au visage avec la crosse d\u2019un fusil, inflig\u00e9 des d\u00e9charges dans le dos et ass\u00e9n\u00e9 des coups de matraque sur les pieds, le dos et les mains. Ils ont dit que si on en parlait \u00e0 quelqu\u2019un, ils reviendraient [nous arr\u00eater], nous feraient subir encore pire et rendraient nos cadavres \u00e0 nos familles. \u00bb<\/p>\n\n\n\n<p>D\u2019apr\u00e8s des victimes et des familles, des agents de l\u2019\u00c9tat ont \u00e9trangl\u00e9 certains jeunes, les ont suspendus par les bras ou par des \u00e9charpes enroul\u00e9es autour du cou, et les ont oblig\u00e9s \u00e0 accomplir des actes humiliants.<\/p>\n\n\n\n<p>Un gar\u00e7on a racont\u00e9 :<\/p>\n\n\n\n<p>\u00ab Ils nous ont dit [plus d\u2019une dizaine de personnes] de faire des bruits de poulets pendant une demi-heure \u2013 jusqu\u2019\u00e0 ce qu\u2019on \u201d ponde des \u0153ufs \u201c. Ils nous ont forc\u00e9s \u00e0 faire des pompes pendant une heure. J\u2019\u00e9tais le seul mineur l\u00e0-bas. Dans un autre centre de d\u00e9tention, ils nous ont entass\u00e9s \u00e0 30 dans une cage pr\u00e9vue pour cinq personnes. \u00bb<\/p>\n\n\n\n<p>Par ailleurs, la torture psychologique, notamment les menaces de mort, est employ\u00e9e dans le but de punir et intimider les mineur\u00b7e\u00b7s ou de les contraindre \u00e0 faire des \u00ab aveux \u00bb forc\u00e9s. Les m\u00e9dias officiels ont diffus\u00e9 les \u00ab aveux forc\u00e9s \u00bb d\u2019au moins deux mineurs arr\u00eat\u00e9s lors des manifestations.<\/p>\n\n\n\n<p>La m\u00e8re d\u2019une jeune fille d\u00e9tenue aux mains des gardiens de la r\u00e9volution a racont\u00e9 :<\/p>\n\n\n\n<p>\u00ab Ils l\u2019ont accus\u00e9e d\u2019avoir br\u00fbl\u00e9 des voiles, insult\u00e9 le Guide supr\u00eame et de vouloir renverser [la R\u00e9publique islamique], et lui ont dit qu\u2019elle allait \u00eatre condamn\u00e9e \u00e0 mort. Ils l\u2019ont enjoint sous la menace de ne le dire \u00e0 personne\u2026 Ils l\u2019ont forc\u00e9e \u00e0 signer des documents et \u00e0 y apposer ses empreintes. Elle fait des cauchemars et ne va nulle part. Elle ne peut m\u00eame plus lire ses livres d\u2019\u00e9cole. \u00bb<\/p>\n\n\n\n<p>Les mineur\u00b7e\u00b7s sont d\u00e9tenus dans des conditions cruelles et inhumaines : surpopulation extr\u00eame, acc\u00e8s limit\u00e9 aux toilettes et aux installations sanitaires, privation de nourriture suffisante et d\u2019eau potable, exposition \u00e0 un froid extr\u00eame et isolement cellulaire prolong\u00e9. Les filles sont gard\u00e9es par des membres des forces de s\u00e9curit\u00e9 exclusivement masculins, sans aucune prise en compte de leurs besoins sp\u00e9cifiques. Enfin, ils sont priv\u00e9s de soins m\u00e9dicaux ad\u00e9quats, y compris pour les blessures dues \u00e0 la torture.<\/p>\n","protected":false},"excerpt":{"rendered":"<p>Amnesty International confirme les horribles tortures inflig\u00e9es \u00e0 des mineurs manifestants Amnesty International a publi\u00e9 les r\u00e9sultats de ses recherches sur la torture de mineurs d\u00e9tenus en Iran pendant le soul\u00e8vement de 2022-2023. Bien qu&#8217;il n&#8217;existe pas d&#8217;informations transparentes sur le nombre de mineurs d\u00e9tenus en Iran, des responsables du r\u00e9gime iranien ont reconnu qu&#8217;un [&hellip;]<\/p>\n","protected":false},"author":4,"featured_media":17937,"comment_status":"closed","ping_status":"closed","sticky":false,"template":"","format":"standard","meta":{"jnews-multi-image_gallery":[],"jnews_single_post":{"subtitle":"","format":"standard","video":"","gallery":"","source_name":"","source_url":"","via_name":"","via_url":"","override_template":"0","override":[{"template":"7","single_blog_custom":"","parallax":"1","fullscreen":"1","layout":"right-sidebar","sidebar":"default-sidebar","second_sidebar":"default-sidebar","sticky_sidebar":"1","share_position":"floatbottom","share_float_style":"share-normal","show_share_counter":"1","show_view_counter":"1","show_featured":"1","show_post_meta":"1","show_post_author":"0","show_post_author_image":"1","show_post_date":"1","post_date_format":"default","post_date_format_custom":"Y\/m\/d","show_post_category":"1","show_post_reading_time":"0","post_reading_time_wpm":"300","show_zoom_button":"0","zoom_button_out_step":"2","zoom_button_in_step":"3","show_post_tag":"1","show_prev_next_post":"0","show_popup_post":"1","number_popup_post":"1","show_author_box":"0","show_post_related":"1","show_inline_post_related":"0"}],"override_image_size":"0","image_override":[{"single_post_thumbnail_size":"crop-500","single_post_gallery_size":"crop-500"}],"trending_post":"0","trending_post_position":"meta","trending_post_label":"Trending","sponsored_post":"0","sponsored_post_label":"Sponsored by","sponsored_post_name":"","sponsored_post_url":"","sponsored_post_logo_enable":"0","sponsored_post_logo":"","sponsored_post_desc":"","disable_ad":"0"},"jnews_primary_category":{"id":"","hide":""},"jnews_social_meta":{"fb_title":"","fb_description":"","fb_image":"","twitter_title":"","twitter_description":"","twitter_image":""},"jnews_override_counter":{"override_view_counter":"0","view_counter_number":"0","override_share_counter":"0","share_counter_number":"0","override_like_counter":"0","like_counter_number":"0","override_dislike_counter":"0","dislike_counter_number":"0"},"footnotes":""},"categories":[8],"tags":[366,369,376],"class_list":["post-17934","post","type-post","status-publish","format-standard","has-post-thumbnail","hentry","category-articles","tag-la-petite-fille","tag-manifestations","tag-violence-contre-les-femmes"],"_links":{"self":[{"href":"https:\/\/wncri.org\/fr\/wp-json\/wp\/v2\/posts\/17934","targetHints":{"allow":["GET"]}}],"collection":[{"href":"https:\/\/wncri.org\/fr\/wp-json\/wp\/v2\/posts"}],"about":[{"href":"https:\/\/wncri.org\/fr\/wp-json\/wp\/v2\/types\/post"}],"author":[{"embeddable":true,"href":"https:\/\/wncri.org\/fr\/wp-json\/wp\/v2\/users\/4"}],"replies":[{"embeddable":true,"href":"https:\/\/wncri.org\/fr\/wp-json\/wp\/v2\/comments?post=17934"}],"version-history":[{"count":1,"href":"https:\/\/wncri.org\/fr\/wp-json\/wp\/v2\/posts\/17934\/revisions"}],"predecessor-version":[{"id":17938,"href":"https:\/\/wncri.org\/fr\/wp-json\/wp\/v2\/posts\/17934\/revisions\/17938"}],"wp:featuredmedia":[{"embeddable":true,"href":"https:\/\/wncri.org\/fr\/wp-json\/wp\/v2\/media\/17937"}],"wp:attachment":[{"href":"https:\/\/wncri.org\/fr\/wp-json\/wp\/v2\/media?parent=17934"}],"wp:term":[{"taxonomy":"category","embeddable":true,"href":"https:\/\/wncri.org\/fr\/wp-json\/wp\/v2\/categories?post=17934"},{"taxonomy":"post_tag","embeddable":true,"href":"https:\/\/wncri.org\/fr\/wp-json\/wp\/v2\/tags?post=17934"}],"curies":[{"name":"wp","href":"https:\/\/api.w.org\/{rel}","templated":true}]}}