{"id":17863,"date":"2023-03-10T19:08:57","date_gmt":"2023-03-10T18:08:57","guid":{"rendered":"https:\/\/wncri.org\/fr\/?p=17863"},"modified":"2023-03-11T19:14:01","modified_gmt":"2023-03-11T18:14:01","slug":"femme-a-bruxelles-iwd2023","status":"publish","type":"post","link":"https:\/\/wncri.org\/fr\/2023\/03\/10\/femme-a-bruxelles-iwd2023\/","title":{"rendered":"Conf\u00e9rence sur la Journ\u00e9e internationale de la femme \u00e0 Bruxelles &#8211; IWD2023"},"content":{"rendered":"\n<h3 class=\"wp-block-heading\">Conf\u00e9rence sur la Journ\u00e9e internationale de la femme \u00e0 Bruxelles &#8211; IWD2023<\/h3>\n\n\n\n<p>Voici un r\u00e9capitulatif de la <a href=\"https:\/\/wncri.org\/fr\/2023\/03\/05\/courage-des-femmes-iraniennes\/\" target=\"_blank\" rel=\"noreferrer noopener\">conf\u00e9rence \u00e0 Bruxelles<\/a> parrain\u00e9e par <a href=\"https:\/\/wncri.org\/fr\/la-commission-des-femmes-du-cnri\/\" target=\"_blank\" rel=\"noreferrer noopener\">la commission des femmes du CNRI<\/a> le 4 mars 2023.<\/p>\n\n\n\n<p>D&#8217;\u00e9minentes personnalit\u00e9s f\u00e9minines, ministres et militantes des droits de l&#8217;Homme y ont particip\u00e9 et ont d\u00e9clar\u00e9 leur soutien \u00e0 la lutte des femmes iraniennes pour la libert\u00e9 et l&#8217;\u00e9galit\u00e9. Elles ont particuli\u00e8rement salu\u00e9 le courage des jeunes femmes et des filles qui ont men\u00e9 la r\u00e9volution iranienne ces derniers mois, ainsi que le leadership de <a href=\"https:\/\/www.maryam-rajavi.com\/fr\/biography\/\" target=\"_blank\" rel=\"noreferrer noopener\">Maryam Radjavi, pr\u00e9sidente \u00e9lue du CNRI<\/a>, qui s&#8217;\u00e9tend sur trois d\u00e9cennies et qui a permis aux femmes de prendre les r\u00eanes du mouvement.<\/p>\n\n\n\n<p>Rejoignez-nous pour un rapide aper\u00e7u de cette magnifique conf\u00e9rence, &#8220;En route vers une R\u00e9publique d\u00e9mocratique, les femmes iraniennes ouvrent la voie&#8221;, en soutien au soul\u00e8vement iranien et au r\u00f4le des femmes iraniennes.<\/p>\n","protected":false},"excerpt":{"rendered":"<p>Conf\u00e9rence sur la Journ\u00e9e internationale de la femme \u00e0 Bruxelles &#8211; IWD2023 Voici un r\u00e9capitulatif de la conf\u00e9rence \u00e0 Bruxelles parrain\u00e9e par la commission des femmes du CNRI le 4 mars 2023. D&#8217;\u00e9minentes personnalit\u00e9s f\u00e9minines, ministres et militantes des droits de l&#8217;Homme y ont particip\u00e9 et ont d\u00e9clar\u00e9 leur soutien \u00e0 la lutte des femmes [&hellip;]<\/p>\n","protected":false},"author":4,"featured_media":17864,"comment_status":"closed","ping_status":"closed","sticky":false,"template":"","format":"video","meta":{"jnews-multi-image_gallery":[],"jnews_single_post":{"subtitle":"","format":"video","video":"https:\/\/youtu.be\/EedJr-DQ-nU","gallery":"","source_name":"","source_url":"","via_name":"","via_url":"","override_template":"0","override":[{"template":"7","single_blog_custom":"","parallax":"1","fullscreen":"1","layout":"right-sidebar","sidebar":"default-sidebar","second_sidebar":"default-sidebar","sticky_sidebar":"1","share_position":"floatbottom","share_float_style":"share-normal","show_share_counter":"1","show_view_counter":"1","show_featured":"1","show_post_meta":"1","show_post_author":"0","show_post_author_image":"1","show_post_date":"1","post_date_format":"default","post_date_format_custom":"Y\/m\/d","show_post_category":"1","show_post_reading_time":"0","post_reading_time_wpm":"300","show_zoom_button":"0","zoom_button_out_step":"2","zoom_button_in_step":"3","show_post_tag":"1","show_prev_next_post":"0","show_popup_post":"1","number_popup_post":"1","show_author_box":"0","show_post_related":"1","show_inline_post_related":"0"}],"override_image_size":"0","image_override":[{"single_post_thumbnail_size":"crop-500","single_post_gallery_size":"crop-500"}],"trending_post":"0","trending_post_position":"meta","trending_post_label":"Trending","sponsored_post":"0","sponsored_post_label":"Sponsored by","sponsored_post_name":"","sponsored_post_url":"","sponsored_post_logo_enable":"0","sponsored_post_logo":"","sponsored_post_desc":"","disable_ad":"0"},"jnews_primary_category":{"id":"","hide":""},"jnews_social_meta":{"fb_title":"","fb_description":"","fb_image":"","twitter_title":"","twitter_description":"","twitter_image":""},"jnews_override_counter":{"override_view_counter":"0","view_counter_number":"0","override_share_counter":"0","share_counter_number":"0","override_like_counter":"0","like_counter_number":"0","override_dislike_counter":"0","dislike_counter_number":"0"},"footnotes":""},"categories":[18],"tags":[373],"class_list":["post-17863","post","type-post","status-publish","format-video","has-post-thumbnail","hentry","category-video","tag-le-leadership-des-femmes","post_format-post-format-video"],"_links":{"self":[{"href":"https:\/\/wncri.org\/fr\/wp-json\/wp\/v2\/posts\/17863","targetHints":{"allow":["GET"]}}],"collection":[{"href":"https:\/\/wncri.org\/fr\/wp-json\/wp\/v2\/posts"}],"about":[{"href":"https:\/\/wncri.org\/fr\/wp-json\/wp\/v2\/types\/post"}],"author":[{"embeddable":true,"href":"https:\/\/wncri.org\/fr\/wp-json\/wp\/v2\/users\/4"}],"replies":[{"embeddable":true,"href":"https:\/\/wncri.org\/fr\/wp-json\/wp\/v2\/comments?post=17863"}],"version-history":[{"count":1,"href":"https:\/\/wncri.org\/fr\/wp-json\/wp\/v2\/posts\/17863\/revisions"}],"predecessor-version":[{"id":17865,"href":"https:\/\/wncri.org\/fr\/wp-json\/wp\/v2\/posts\/17863\/revisions\/17865"}],"wp:featuredmedia":[{"embeddable":true,"href":"https:\/\/wncri.org\/fr\/wp-json\/wp\/v2\/media\/17864"}],"wp:attachment":[{"href":"https:\/\/wncri.org\/fr\/wp-json\/wp\/v2\/media?parent=17863"}],"wp:term":[{"taxonomy":"category","embeddable":true,"href":"https:\/\/wncri.org\/fr\/wp-json\/wp\/v2\/categories?post=17863"},{"taxonomy":"post_tag","embeddable":true,"href":"https:\/\/wncri.org\/fr\/wp-json\/wp\/v2\/tags?post=17863"}],"curies":[{"name":"wp","href":"https:\/\/api.w.org\/{rel}","templated":true}]}}