{"id":17850,"date":"2024-09-15T20:30:50","date_gmt":"2024-09-15T18:30:50","guid":{"rendered":"https:\/\/wncri.org\/fr\/?p=17850"},"modified":"2024-09-15T20:33:20","modified_gmt":"2024-09-15T18:33:20","slug":"recapitulation-de-la-mort-de-mahsa","status":"publish","type":"post","link":"https:\/\/wncri.org\/fr\/2024\/09\/15\/recapitulation-de-la-mort-de-mahsa\/","title":{"rendered":"R\u00e9capitulation de la mort de Mahsa Amini et de la dissimulation par l&#8217;\u00c9tat"},"content":{"rendered":"\n<h3 class=\"wp-block-heading\">R\u00e9capitulation de la mort de Mahsa Amini et de la dissimulation par l&#8217;\u00c9tat<\/h3>\n\n\n\n<p><a href=\"https:\/\/www.maryam-rajavi.com\/fr\/une-foule-immense-a-saqqez-en-souvenir-de-mahsa-amini\/\" target=\"_blank\" rel=\"noreferrer noopener\">Mahsa Amini<\/a> (Zhina) \u00e9tait une jeune fille de Saqqez qui venait d&#8217;\u00eatre accept\u00e9e \u00e0 l&#8217;universit\u00e9 et \u00e9tait venue \u00e0 T\u00e9h\u00e9ran avec sa famille pour rendre visite \u00e0 ses proches. Le 13 septembre 2022, elle a \u00e9t\u00e9 arr\u00eat\u00e9e pr\u00e8s de la station de m\u00e9tro Haqqani \u00e0 T\u00e9h\u00e9ran pour port incorrect du voile. Elle a ensuite \u00e9t\u00e9 transf\u00e9r\u00e9e au si\u00e8ge de la police de la moralit\u00e9. Quelque deux heures plus tard, Mahsa est tomb\u00e9e dans le coma apr\u00e8s avoir \u00e9t\u00e9 violemment battue par la police. Elle est d\u00e9c\u00e9d\u00e9e le 16 septembre.<\/p>\n\n\n\n<p>Le meurtre de <a href=\"https:\/\/wncri.org\/fr\/2022\/11\/25\/femmes-et-jeunes-filles-tuees\/\" target=\"_blank\" rel=\"noreferrer noopener\">Mahsa<\/a> Amini a provoqu\u00e9 la col\u00e8re des Iraniens et d\u00e9clench\u00e9 un soul\u00e8vement enflamm\u00e9 qui a dur\u00e9 plusieurs mois dans plus de 200 villes iraniennes.<\/p>\n","protected":false},"excerpt":{"rendered":"<p>R\u00e9capitulation de la mort de Mahsa Amini et de la dissimulation par l&#8217;\u00c9tat Mahsa Amini (Zhina) \u00e9tait une jeune fille de Saqqez qui venait d&#8217;\u00eatre accept\u00e9e \u00e0 l&#8217;universit\u00e9 et \u00e9tait venue \u00e0 T\u00e9h\u00e9ran avec sa famille pour rendre visite \u00e0 ses proches. Le 13 septembre 2022, elle a \u00e9t\u00e9 arr\u00eat\u00e9e pr\u00e8s de la station de [&hellip;]<\/p>\n","protected":false},"author":4,"featured_media":17851,"comment_status":"closed","ping_status":"closed","sticky":false,"template":"","format":"video","meta":{"jnews-multi-image_gallery":[],"jnews_single_post":{"subtitle":"","format":"video","video":"https:\/\/youtu.be\/Q4ugsYSYMDQ","gallery":"","source_name":"","source_url":"","via_name":"","via_url":"","override_template":"0","override":[{"template":"7","single_blog_custom":"","parallax":"1","fullscreen":"1","layout":"right-sidebar","sidebar":"default-sidebar","second_sidebar":"default-sidebar","sticky_sidebar":"1","share_position":"floatbottom","share_float_style":"share-normal","show_share_counter":"1","show_view_counter":"1","show_featured":"1","show_post_meta":"1","show_post_author":"0","show_post_author_image":"1","show_post_date":"1","post_date_format":"default","post_date_format_custom":"Y\/m\/d","show_post_category":"1","show_post_reading_time":"0","post_reading_time_wpm":"300","show_zoom_button":"0","zoom_button_out_step":"2","zoom_button_in_step":"3","show_post_tag":"1","show_prev_next_post":"0","show_popup_post":"1","number_popup_post":"1","show_author_box":"0","show_post_related":"1","show_inline_post_related":"0"}],"override_image_size":"0","image_override":[{"single_post_thumbnail_size":"crop-500","single_post_gallery_size":"crop-500"}],"trending_post":"0","trending_post_position":"meta","trending_post_label":"Trending","sponsored_post":"0","sponsored_post_label":"Sponsored by","sponsored_post_name":"","sponsored_post_url":"","sponsored_post_logo_enable":"0","sponsored_post_logo":"","sponsored_post_desc":"","disable_ad":"0"},"jnews_primary_category":{"id":"","hide":""},"jnews_social_meta":{"fb_title":"","fb_description":"","fb_image":"","twitter_title":"","twitter_description":"","twitter_image":""},"jnews_override_counter":{"override_view_counter":"0","view_counter_number":"0","override_share_counter":"0","share_counter_number":"0","override_like_counter":"0","like_counter_number":"0","override_dislike_counter":"0","dislike_counter_number":"0"},"footnotes":""},"categories":[18],"tags":[369,376],"class_list":["post-17850","post","type-post","status-publish","format-video","has-post-thumbnail","hentry","category-video","tag-manifestations","tag-violence-contre-les-femmes","post_format-post-format-video"],"_links":{"self":[{"href":"https:\/\/wncri.org\/fr\/wp-json\/wp\/v2\/posts\/17850","targetHints":{"allow":["GET"]}}],"collection":[{"href":"https:\/\/wncri.org\/fr\/wp-json\/wp\/v2\/posts"}],"about":[{"href":"https:\/\/wncri.org\/fr\/wp-json\/wp\/v2\/types\/post"}],"author":[{"embeddable":true,"href":"https:\/\/wncri.org\/fr\/wp-json\/wp\/v2\/users\/4"}],"replies":[{"embeddable":true,"href":"https:\/\/wncri.org\/fr\/wp-json\/wp\/v2\/comments?post=17850"}],"version-history":[{"count":1,"href":"https:\/\/wncri.org\/fr\/wp-json\/wp\/v2\/posts\/17850\/revisions"}],"predecessor-version":[{"id":17852,"href":"https:\/\/wncri.org\/fr\/wp-json\/wp\/v2\/posts\/17850\/revisions\/17852"}],"wp:featuredmedia":[{"embeddable":true,"href":"https:\/\/wncri.org\/fr\/wp-json\/wp\/v2\/media\/17851"}],"wp:attachment":[{"href":"https:\/\/wncri.org\/fr\/wp-json\/wp\/v2\/media?parent=17850"}],"wp:term":[{"taxonomy":"category","embeddable":true,"href":"https:\/\/wncri.org\/fr\/wp-json\/wp\/v2\/categories?post=17850"},{"taxonomy":"post_tag","embeddable":true,"href":"https:\/\/wncri.org\/fr\/wp-json\/wp\/v2\/tags?post=17850"}],"curies":[{"name":"wp","href":"https:\/\/api.w.org\/{rel}","templated":true}]}}