{"id":17830,"date":"2023-03-10T19:49:51","date_gmt":"2023-03-10T18:49:51","guid":{"rendered":"https:\/\/wncri.org\/fr\/?p=17830"},"modified":"2023-03-10T20:44:11","modified_gmt":"2023-03-10T19:44:11","slug":"etudiante-en-ingenierie","status":"publish","type":"post","link":"https:\/\/wncri.org\/fr\/2023\/03\/10\/etudiante-en-ingenierie\/","title":{"rendered":"L&#8217;\u00e9tudiante en ing\u00e9nierie Samaneh Asghari condamn\u00e9e \u00e0 18 ans de prison"},"content":{"rendered":"\n<h3 class=\"wp-block-heading\">L&#8217;\u00e9tudiante en ing\u00e9nierie Samaneh Asghari condamn\u00e9e \u00e0 18 ans de prison<\/h3>\n\n\n\n<p>La section 15 du tribunal r\u00e9volutionnaire de T\u00e9h\u00e9ran a condamn\u00e9 Samaneh Asghari, \u00e9tudiante en ing\u00e9nierie, \u00e0 18 ans et trois mois de prison le lundi 6 mars 2023. Mme Asghari est \u00e9tudiante en g\u00e9nie industriel \u00e0 l&#8217;universit\u00e9 de Kharazmi.<\/p>\n\n\n\n<p>Si cette peine est approuv\u00e9e en appel, en application de l&#8217;article 134 du code p\u00e9nal, la peine maximale de six ans et trois mois sera applicable \u00e0 Mme Asghari.<\/p>\n\n\n\n<p><a href=\"https:\/\/wncri.org\/fr\/2023\/02\/23\/samaneh-asghari\/\" target=\"_blank\" rel=\"noreferrer noopener\">Samaneh Asghari<\/a>, qui est une militante des droits de l&#8217;enfant et une \u00e9tudiante en g\u00e9nie industriel \u00e0 l&#8217;Universit\u00e9 Kharazmi, a \u00e9t\u00e9 arr\u00eat\u00e9e le 11 octobre 2022 et d\u00e9tenue <a href=\"https:\/\/wncri.org\/fr\/2021\/12\/10\/les-conditions-des-femmes-prisons\/\" target=\"_blank\" rel=\"noreferrer noopener\">dans le quartier 209<\/a> de la prison d&#8217;Evine. Elle a ensuite \u00e9t\u00e9 transf\u00e9r\u00e9e \u00e0 la prison de Qarchak, o\u00f9 elle est toujours d\u00e9tenue.<\/p>\n\n\n\n<p>Selon l&#8217;acte d&#8217;accusation \u00e9mis par la branche 8 du bureau du procureur public et r\u00e9volutionnaire de Chahre Ray, Samaneh Asghari fait face \u00e0 une s\u00e9rie d&#8217;accusations graves, notamment &#8220;rassemblement et collusion pour commettre un crime contre la s\u00e9curit\u00e9 int\u00e9rieure et ext\u00e9rieure&#8221;, &#8220;perturbation de l&#8217;ordre public et de la paix&#8221;, &#8220;s\u00e9dition&#8221;, &#8220;incitation au combat et \u00e0 la violence&#8221;, &#8220;incitation \u00e0 la violence&#8221; et &#8220;incitation \u00e0 la haine et \u00e0 la violence&#8221;, &#8220;incitation \u00e0 se battre et \u00e0 s&#8217;entretuer dans l&#8217;intention de perturber la s\u00e9curit\u00e9 du pays&#8221;, &#8220;propagande contre l&#8217;\u00c9tat&#8221;, &#8220;pr\u00e9sence en public sans voile religieux&#8221;, &#8220;appartenance \u00e0 des groupes nationaux ou \u00e0 des branches de groupes dont l&#8217;objectif est de perturber la s\u00e9curit\u00e9 du pays&#8221;, et &#8220;diffusion de mensonges&#8221;. &#8220;<\/p>\n\n\n\n<p>L&#8217;avocat de Samaneh Asghari a d\u00e9clar\u00e9 que le tribunal avait rejet\u00e9 sa demande de lib\u00e9ration temporaire.<\/p>\n\n\n<div class=\"wp-block-image\">\n<figure class=\"aligncenter size-full\"><img decoding=\"async\" src=\"data:image\/gif;base64,R0lGODlhAQABAIAAAAAAAP\/\/\/yH5BAEAAAAALAAAAAABAAEAAAIBRAA7\" data-src=\"https:\/\/wncri.org\/fr\/wp-content\/uploads\/2023\/03\/Sorour-Molaei.jpg\" alt=\"L'\u00e9tudiante en ing\u00e9nierie Samaneh Asghari \" class=\"wp-image-17833 lazyload\"\/><noscript><img decoding=\"async\" width=\"750\" height=\"375\" src=\"https:\/\/wncri.org\/fr\/wp-content\/uploads\/2023\/03\/Sorour-Molaei.jpg\" alt=\"L'\u00e9tudiante en ing\u00e9nierie Samaneh Asghari \" class=\"wp-image-17833 lazyload\" srcset=\"https:\/\/wncri.org\/fr\/wp-content\/uploads\/2023\/03\/Sorour-Molaei.jpg 750w, https:\/\/wncri.org\/fr\/wp-content\/uploads\/2023\/03\/Sorour-Molaei-300x150.jpg 300w, https:\/\/wncri.org\/fr\/wp-content\/uploads\/2023\/03\/Sorour-Molaei-360x180.jpg 360w\" sizes=\"(max-width: 750px) 100vw, 750px\" \/><\/noscript><figcaption class=\"wp-element-caption\"><strong>Sorour Molaei<\/strong><\/figcaption><\/figure>\n<\/div>\n\n\n<h3 class=\"wp-block-heading\"><strong>L&#8217;activiste civil Sorour Molaei condamn\u00e9 \u00e0 3 et demi de prison<\/strong><\/h3>\n\n\n\n<p>La premi\u00e8re branche de la Cour p\u00e9nale de Sanandaj a condamn\u00e9 la militante civile Sorour Molaei \u00e0 trois ans et six mois de prison.<\/p>\n\n\n\n<p>Sorour Molaei, 38 ans, alpiniste, militante \u00e9cologiste et enseignante au d\u00e9partement de l&#8217;\u00e9ducation de Sanandaj, a \u00e9t\u00e9 arr\u00eat\u00e9e par les forces des renseignements du CGRI le 26 octobre 2022, lors de la comm\u00e9moration du 40e jour de <a href=\"https:\/\/fr.wikipedia.org\/wiki\/Mort_de_Mahsa_Amini\" target=\"_blank\" rel=\"noreferrer noopener\">Mahsa Amini<\/a> \u00e0 Sanandaj.<\/p>\n\n\n\n<p>Elle a \u00e9t\u00e9 lib\u00e9r\u00e9e sous caution apr\u00e8s deux semaines d&#8217;interrogatoire dans le centre de d\u00e9tention des services des renseignements du CGRI, en attendant la fin de la proc\u00e9dure.<\/p>\n\n\n<div class=\"wp-block-image\">\n<figure class=\"aligncenter size-full\"><img decoding=\"async\" src=\"data:image\/gif;base64,R0lGODlhAQABAIAAAAAAAP\/\/\/yH5BAEAAAAALAAAAAABAAEAAAIBRAA7\" data-src=\"https:\/\/wncri.org\/fr\/wp-content\/uploads\/2023\/03\/Sarina-Mahmoud-Salehi.jpg\" alt=\"\u00e9tudiante en ing\u00e9nierie\" class=\"wp-image-17832 lazyload\"\/><noscript><img decoding=\"async\" width=\"750\" height=\"375\" src=\"https:\/\/wncri.org\/fr\/wp-content\/uploads\/2023\/03\/Sarina-Mahmoud-Salehi.jpg\" alt=\"\u00e9tudiante en ing\u00e9nierie\" class=\"wp-image-17832 lazyload\" srcset=\"https:\/\/wncri.org\/fr\/wp-content\/uploads\/2023\/03\/Sarina-Mahmoud-Salehi.jpg 750w, https:\/\/wncri.org\/fr\/wp-content\/uploads\/2023\/03\/Sarina-Mahmoud-Salehi-300x150.jpg 300w, https:\/\/wncri.org\/fr\/wp-content\/uploads\/2023\/03\/Sarina-Mahmoud-Salehi-360x180.jpg 360w\" sizes=\"(max-width: 750px) 100vw, 750px\" \/><\/noscript><\/figure>\n<\/div>\n\n\n<h3 class=\"wp-block-heading\"><strong>Sarina Mahmoud Salehi arr\u00eat\u00e9e pour avoir r\u00e9pandu la nouvelle d&#8217;un empoisonnement<\/strong><\/h3>\n\n\n\n<p>Sarina Mahmoud Salehi, 19 ans, \u00e9tudiante en animation \u00e0 l&#8217;universit\u00e9 technique et professionnelle de Karaj, a \u00e9t\u00e9 arr\u00eat\u00e9e le 2 mars 2023 pour avoir diffus\u00e9 la nouvelle de l&#8217;empoisonnement des \u00e9tudiants de l&#8217;universit\u00e9.<\/p>\n\n\n<div class=\"wp-block-image\">\n<figure class=\"aligncenter size-full\"><img decoding=\"async\" src=\"data:image\/gif;base64,R0lGODlhAQABAIAAAAAAAP\/\/\/yH5BAEAAAAALAAAAAABAAEAAAIBRAA7\" data-src=\"https:\/\/wncri.org\/fr\/wp-content\/uploads\/2023\/03\/Taraneh-Jameh-Bozorgi.jpg\" alt=\"L'\u00e9tudiante en ing\u00e9nierie Samaneh Asghari condamn\u00e9e \u00e0 18 ans\" class=\"wp-image-17834 lazyload\"\/><noscript><img decoding=\"async\" width=\"750\" height=\"375\" src=\"https:\/\/wncri.org\/fr\/wp-content\/uploads\/2023\/03\/Taraneh-Jameh-Bozorgi.jpg\" alt=\"L'\u00e9tudiante en ing\u00e9nierie Samaneh Asghari condamn\u00e9e \u00e0 18 ans\" class=\"wp-image-17834 lazyload\" srcset=\"https:\/\/wncri.org\/fr\/wp-content\/uploads\/2023\/03\/Taraneh-Jameh-Bozorgi.jpg 750w, https:\/\/wncri.org\/fr\/wp-content\/uploads\/2023\/03\/Taraneh-Jameh-Bozorgi-300x150.jpg 300w, https:\/\/wncri.org\/fr\/wp-content\/uploads\/2023\/03\/Taraneh-Jameh-Bozorgi-360x180.jpg 360w\" sizes=\"(max-width: 750px) 100vw, 750px\" \/><\/noscript><\/figure>\n<\/div>\n\n\n<h3 class=\"wp-block-heading\"><strong>L&#8217;affaire de Taraneh Jameh Bozorgi renvoy\u00e9e devant la cour d&#8217;appel<\/strong><\/h3>\n\n\n\n<p>L&#8217;affaire de la po\u00e9tesse et compositrice Taraneh Jameh Bozorgi a \u00e9t\u00e9 renvoy\u00e9e devant la cour d&#8217;appel de la province de Qom.<\/p>\n\n\n\n<p>Taraneh Jameh Bozorgi, po\u00e8te et compositrice de Qom, a \u00e9t\u00e9 arr\u00eat\u00e9e par les forces de l&#8217;ordre en d\u00e9cembre 2022 lors des manifestations nationales. Un peu plus tard, elle a \u00e9t\u00e9 lib\u00e9r\u00e9e sous caution jusqu&#8217;\u00e0 la fin de la proc\u00e9dure.<\/p>\n\n\n\n<p>Mme Taraneh Jameh Bozorgi a \u00e9t\u00e9 condamn\u00e9e \u00e0 un an de prison pour &#8220;propagande contre l&#8217;Etat&#8221; par le tribunal pr\u00e9liminaire.<\/p>\n\n\n\n<figure class=\"wp-block-image size-full\"><img decoding=\"async\" src=\"data:image\/gif;base64,R0lGODlhAQABAIAAAAAAAP\/\/\/yH5BAEAAAAALAAAAAABAAEAAAIBRAA7\" data-src=\"https:\/\/wncri.org\/fr\/wp-content\/uploads\/2021\/05\/La-greve-de-la-faim-de-la-prisonniere-politique-kurde-Sakineh-Parvaneh.jpg\" alt=\"L'\u00e9tudiante en ing\u00e9nierie Samaneh Asghari \" class=\"wp-image-13344 lazyload\"\/><noscript><img decoding=\"async\" width=\"750\" height=\"375\" src=\"https:\/\/wncri.org\/fr\/wp-content\/uploads\/2021\/05\/La-greve-de-la-faim-de-la-prisonniere-politique-kurde-Sakineh-Parvaneh.jpg\" alt=\"L'\u00e9tudiante en ing\u00e9nierie Samaneh Asghari \" class=\"wp-image-13344 lazyload\" srcset=\"https:\/\/wncri.org\/fr\/wp-content\/uploads\/2021\/05\/La-greve-de-la-faim-de-la-prisonniere-politique-kurde-Sakineh-Parvaneh.jpg 750w, https:\/\/wncri.org\/fr\/wp-content\/uploads\/2021\/05\/La-greve-de-la-faim-de-la-prisonniere-politique-kurde-Sakineh-Parvaneh-300x150.jpg 300w, https:\/\/wncri.org\/fr\/wp-content\/uploads\/2021\/05\/La-greve-de-la-faim-de-la-prisonniere-politique-kurde-Sakineh-Parvaneh-360x180.jpg 360w\" sizes=\"(max-width: 750px) 100vw, 750px\" \/><\/noscript><figcaption class=\"wp-element-caption\">Sakineh Parvaneh <\/figcaption><\/figure>\n\n\n\n<h3 class=\"wp-block-heading\"><strong>La prisonni\u00e8re politique Sakineh Parvaneh est de nouveau arr\u00eat\u00e9e<\/strong><\/h3>\n\n\n\n<p>Le 7 mars 2023, <a href=\"https:\/\/wncri.org\/fr\/2021\/05\/26\/la-greve-de-la-faim-de-la-prisonniere-politique-kurde-sakineh-parvaneh\/\" target=\"_blank\" rel=\"noreferrer noopener\">Sakineh Parvaneh<\/a>, une ancienne prisonni\u00e8re politique, a \u00e9t\u00e9 arr\u00eat\u00e9e par les forces de s\u00e9curit\u00e9 \u00e0 T\u00e9h\u00e9ran et emmen\u00e9e dans un lieu inconnu. Il n&#8217;y a aucune information sur la raison de son arrestation et sur le lieu o\u00f9 il se trouve.<\/p>\n\n\n\n<p>Sakineh Parvaneh avait \u00e9t\u00e9 arr\u00eat\u00e9e par des agents des renseignements du CGRI en 2019 et avait finalement \u00e9t\u00e9 condamn\u00e9e \u00e0 5 ans de prison par le tribunal r\u00e9volutionnaire de T\u00e9h\u00e9ran et, \u00e0 titre de peine compl\u00e9mentaire, \u00e0 2 ans d&#8217;interdiction d&#8217;\u00eatre membre d&#8217;organisations politiques. Elle a \u00e9t\u00e9 lib\u00e9r\u00e9e \u00e0 la mi-f\u00e9vrier de cette ann\u00e9e.<\/p>\n","protected":false},"excerpt":{"rendered":"<p>L&#8217;\u00e9tudiante en ing\u00e9nierie Samaneh Asghari condamn\u00e9e \u00e0 18 ans de prison La section 15 du tribunal r\u00e9volutionnaire de T\u00e9h\u00e9ran a condamn\u00e9 Samaneh Asghari, \u00e9tudiante en ing\u00e9nierie, \u00e0 18 ans et trois mois de prison le lundi 6 mars 2023. Mme Asghari est \u00e9tudiante en g\u00e9nie industriel \u00e0 l&#8217;universit\u00e9 de Kharazmi. Si cette peine est approuv\u00e9e [&hellip;]<\/p>\n","protected":false},"author":4,"featured_media":17831,"comment_status":"closed","ping_status":"closed","sticky":false,"template":"","format":"standard","meta":{"jnews-multi-image_gallery":[],"jnews_single_post":{"subtitle":"","format":"standard","video":"","gallery":"","source_name":"","source_url":"","via_name":"","via_url":"","override_template":"0","override":[{"template":"7","single_blog_custom":"","parallax":"1","fullscreen":"1","layout":"right-sidebar","sidebar":"default-sidebar","second_sidebar":"default-sidebar","sticky_sidebar":"1","share_position":"floatbottom","share_float_style":"share-normal","show_share_counter":"1","show_view_counter":"1","show_featured":"1","show_post_meta":"1","show_post_author":"0","show_post_author_image":"1","show_post_date":"1","post_date_format":"default","post_date_format_custom":"Y\/m\/d","show_post_category":"1","show_post_reading_time":"0","post_reading_time_wpm":"300","show_zoom_button":"0","zoom_button_out_step":"2","zoom_button_in_step":"3","show_post_tag":"1","show_prev_next_post":"0","show_popup_post":"1","number_popup_post":"1","show_author_box":"0","show_post_related":"1","show_inline_post_related":"0"}],"override_image_size":"0","image_override":[{"single_post_thumbnail_size":"crop-500","single_post_gallery_size":"crop-500"}],"trending_post":"0","trending_post_position":"meta","trending_post_label":"Trending","sponsored_post":"0","sponsored_post_label":"Sponsored by","sponsored_post_name":"","sponsored_post_url":"","sponsored_post_logo_enable":"0","sponsored_post_logo":"","sponsored_post_desc":"","disable_ad":"0"},"jnews_primary_category":{"id":"","hide":""},"jnews_social_meta":{"fb_title":"","fb_description":"","fb_image":"","twitter_title":"","twitter_description":"","twitter_image":""},"jnews_override_counter":{"override_view_counter":"0","view_counter_number":"0","override_share_counter":"0","share_counter_number":"0","override_like_counter":"0","like_counter_number":"0","override_dislike_counter":"0","dislike_counter_number":"0"},"footnotes":""},"categories":[3],"tags":[369,370,376],"class_list":["post-17830","post","type-post","status-publish","format-standard","has-post-thumbnail","hentry","category-infos-des-femmes","tag-manifestations","tag-prisonnieres","tag-violence-contre-les-femmes"],"_links":{"self":[{"href":"https:\/\/wncri.org\/fr\/wp-json\/wp\/v2\/posts\/17830","targetHints":{"allow":["GET"]}}],"collection":[{"href":"https:\/\/wncri.org\/fr\/wp-json\/wp\/v2\/posts"}],"about":[{"href":"https:\/\/wncri.org\/fr\/wp-json\/wp\/v2\/types\/post"}],"author":[{"embeddable":true,"href":"https:\/\/wncri.org\/fr\/wp-json\/wp\/v2\/users\/4"}],"replies":[{"embeddable":true,"href":"https:\/\/wncri.org\/fr\/wp-json\/wp\/v2\/comments?post=17830"}],"version-history":[{"count":1,"href":"https:\/\/wncri.org\/fr\/wp-json\/wp\/v2\/posts\/17830\/revisions"}],"predecessor-version":[{"id":17835,"href":"https:\/\/wncri.org\/fr\/wp-json\/wp\/v2\/posts\/17830\/revisions\/17835"}],"wp:featuredmedia":[{"embeddable":true,"href":"https:\/\/wncri.org\/fr\/wp-json\/wp\/v2\/media\/17831"}],"wp:attachment":[{"href":"https:\/\/wncri.org\/fr\/wp-json\/wp\/v2\/media?parent=17830"}],"wp:term":[{"taxonomy":"category","embeddable":true,"href":"https:\/\/wncri.org\/fr\/wp-json\/wp\/v2\/categories?post=17830"},{"taxonomy":"post_tag","embeddable":true,"href":"https:\/\/wncri.org\/fr\/wp-json\/wp\/v2\/tags?post=17830"}],"curies":[{"name":"wp","href":"https:\/\/api.w.org\/{rel}","templated":true}]}}