{"id":17739,"date":"2023-02-24T22:50:17","date_gmt":"2023-02-24T21:50:17","guid":{"rendered":"https:\/\/wncri.org\/fr\/?p=17739"},"modified":"2023-02-24T23:10:15","modified_gmt":"2023-02-24T22:10:15","slug":"prisonniere-politique-soheila","status":"publish","type":"post","link":"https:\/\/wncri.org\/fr\/2023\/02\/24\/prisonniere-politique-soheila\/","title":{"rendered":"La prisonni\u00e8re politique Soheila Mohammadi dans un \u00e9tat grave apr\u00e8s s&#8217;\u00eatre bless\u00e9e elle-m\u00eame"},"content":{"rendered":"\n<h3 class=\"wp-block-heading\">La prisonni\u00e8re politique Soheila Mohammadi dans un \u00e9tat grave apr\u00e8s s&#8217;\u00eatre bless\u00e9e elle-m\u00eame<\/h3>\n\n\n\n<p>La prisonni\u00e8re politique Soheila Mohammadi est dans un \u00e9tat grave apr\u00e8s s&#8217;\u00eatre suicid\u00e9e pour protester contre le fait qu&#8217;on lui refuse le droit d&#8217;utiliser ses cong\u00e9s.<\/p>\n\n\n\n<p>Alors que le r\u00e9gime iranien fait de la propagande pour la lib\u00e9ration des prisonniers politiques, les prisons du r\u00e9gime cl\u00e9rical regorgent de prisonniers politiques.<\/p>\n\n\n\n<p><strong>prisonni\u00e8re politique<\/strong> Soheila Mohammadi, une prisonni\u00e8re politique kurde de 30 ans, incarc\u00e9r\u00e9e depuis deux ans \u00e0 la <a href=\"https:\/\/wncri.org\/fr\/2021\/12\/10\/les-conditions-des-femmes-prisons\/\" target=\"_blank\" rel=\"noreferrer noopener\">prison centrale d&#8217;Ourmia<\/a>, a tent\u00e9 de se suicider pour protester contre le fait qu&#8217;on lui refuse le droit d&#8217;utiliser ses cong\u00e9s, le mardi 21 f\u00e9vrier 2023.<\/p>\n\n\n\n<p>L&#8217;\u00e9tat de sant\u00e9 de Mme Mohammadi est instable, et elle est en danger en raison de la blessure caus\u00e9e par le coup de couteau dans la r\u00e9gion de la poitrine gauche.<\/p>\n\n\n\n<p><strong>prisonni\u00e8re politique Soheila Mohammadi<\/strong>, originaire de Salmas, a \u00e9t\u00e9 arr\u00eat\u00e9e par les services des renseignements du CGRI \u00e0 l&#8217;automne 2020 et condamn\u00e9e \u00e0 5 ans de prison pour appartenance au parti Hayat Azad Kurdistan (PJAK) par la 1\u00e8re branche du tribunal r\u00e9volutionnaire d&#8217;Ourmia.<\/p>\n\n\n\n<p>Elle est emprisonn\u00e9e dans le quartier des femmes de la prison centrale d&#8217;Ourmia, sans droit de sortie.<\/p>\n\n\n\n<p>Trois jours apr\u00e8s sa blessure, elle est toujours d\u00e9tenue \u00e0 l&#8217;infirmerie de la prison centrale d&#8217;Ourmia et n&#8217;a pas \u00e9t\u00e9 transf\u00e9r\u00e9e dans des centres m\u00e9dicaux. Elle s&#8217;est poignard\u00e9e \u00e0 la poitrine (pr\u00e8s du c\u0153ur) et a perdu beaucoup de sang.<\/p>\n\n\n\n<p>Pendant ce temps, le tribunal r\u00e9volutionnaire de Boukan a condamn\u00e9 une autre militante \u00e0 cinq ans de prison. Zhila Hojabri a \u00e9t\u00e9 accus\u00e9e de coop\u00e9ration et d&#8217;adh\u00e9sion au parti <a href=\"https:\/\/fr.wikipedia.org\/wiki\/Parti_pour_une_vie_libre_au_Kurdistan\" target=\"_blank\" rel=\"noreferrer noopener\">Hayat Azad Kurdistan (PJAK)<\/a>. La sentence lui a \u00e9t\u00e9 officiellement communiqu\u00e9e.<\/p>\n\n\n\n<p>Zhila Hojabri, originaire de Marivan, a \u00e9t\u00e9 arr\u00eat\u00e9e par les forces du d\u00e9partement des renseignements \u00e0 Boukan en juillet. Un mois plus tard, Mme Hojabri a \u00e9t\u00e9 transf\u00e9r\u00e9e du quartier des femmes de la prison centrale d&#8217;Ourmia au centre correctionnel de Sanandaj, puis lib\u00e9r\u00e9e sous caution jusqu&#8217;\u00e0 la fin de la proc\u00e9dure.<\/p>\n","protected":false},"excerpt":{"rendered":"<p>La prisonni\u00e8re politique Soheila Mohammadi dans un \u00e9tat grave apr\u00e8s s&#8217;\u00eatre bless\u00e9e elle-m\u00eame La prisonni\u00e8re politique Soheila Mohammadi est dans un \u00e9tat grave apr\u00e8s s&#8217;\u00eatre suicid\u00e9e pour protester contre le fait qu&#8217;on lui refuse le droit d&#8217;utiliser ses cong\u00e9s. Alors que le r\u00e9gime iranien fait de la propagande pour la lib\u00e9ration des prisonniers politiques, les [&hellip;]<\/p>\n","protected":false},"author":4,"featured_media":17740,"comment_status":"closed","ping_status":"closed","sticky":false,"template":"","format":"standard","meta":{"jnews-multi-image_gallery":[],"jnews_single_post":{"subtitle":"","format":"standard","video":"","gallery":"","source_name":"","source_url":"","via_name":"","via_url":"","override_template":"0","override":[{"template":"7","single_blog_custom":"","parallax":"1","fullscreen":"1","layout":"right-sidebar","sidebar":"default-sidebar","second_sidebar":"default-sidebar","sticky_sidebar":"1","share_position":"floatbottom","share_float_style":"share-normal","show_share_counter":"1","show_view_counter":"1","show_featured":"1","show_post_meta":"1","show_post_author":"0","show_post_author_image":"1","show_post_date":"1","post_date_format":"default","post_date_format_custom":"Y\/m\/d","show_post_category":"1","show_post_reading_time":"0","post_reading_time_wpm":"300","show_zoom_button":"0","zoom_button_out_step":"2","zoom_button_in_step":"3","show_post_tag":"1","show_prev_next_post":"0","show_popup_post":"1","number_popup_post":"1","show_author_box":"0","show_post_related":"1","show_inline_post_related":"0"}],"override_image_size":"0","image_override":[{"single_post_thumbnail_size":"crop-500","single_post_gallery_size":"crop-500"}],"trending_post":"0","trending_post_position":"meta","trending_post_label":"Trending","sponsored_post":"0","sponsored_post_label":"Sponsored by","sponsored_post_name":"","sponsored_post_url":"","sponsored_post_logo_enable":"0","sponsored_post_logo":"","sponsored_post_desc":"","disable_ad":"0"},"jnews_primary_category":{"id":"","hide":""},"jnews_social_meta":{"fb_title":"","fb_description":"","fb_image":"","twitter_title":"","twitter_description":"","twitter_image":""},"jnews_override_counter":{"override_view_counter":"0","view_counter_number":"0","override_share_counter":"0","share_counter_number":"0","override_like_counter":"0","like_counter_number":"0","override_dislike_counter":"0","dislike_counter_number":"0"},"footnotes":""},"categories":[3],"tags":[370],"class_list":["post-17739","post","type-post","status-publish","format-standard","has-post-thumbnail","hentry","category-infos-des-femmes","tag-prisonnieres"],"_links":{"self":[{"href":"https:\/\/wncri.org\/fr\/wp-json\/wp\/v2\/posts\/17739","targetHints":{"allow":["GET"]}}],"collection":[{"href":"https:\/\/wncri.org\/fr\/wp-json\/wp\/v2\/posts"}],"about":[{"href":"https:\/\/wncri.org\/fr\/wp-json\/wp\/v2\/types\/post"}],"author":[{"embeddable":true,"href":"https:\/\/wncri.org\/fr\/wp-json\/wp\/v2\/users\/4"}],"replies":[{"embeddable":true,"href":"https:\/\/wncri.org\/fr\/wp-json\/wp\/v2\/comments?post=17739"}],"version-history":[{"count":2,"href":"https:\/\/wncri.org\/fr\/wp-json\/wp\/v2\/posts\/17739\/revisions"}],"predecessor-version":[{"id":17743,"href":"https:\/\/wncri.org\/fr\/wp-json\/wp\/v2\/posts\/17739\/revisions\/17743"}],"wp:featuredmedia":[{"embeddable":true,"href":"https:\/\/wncri.org\/fr\/wp-json\/wp\/v2\/media\/17740"}],"wp:attachment":[{"href":"https:\/\/wncri.org\/fr\/wp-json\/wp\/v2\/media?parent=17739"}],"wp:term":[{"taxonomy":"category","embeddable":true,"href":"https:\/\/wncri.org\/fr\/wp-json\/wp\/v2\/categories?post=17739"},{"taxonomy":"post_tag","embeddable":true,"href":"https:\/\/wncri.org\/fr\/wp-json\/wp\/v2\/tags?post=17739"}],"curies":[{"name":"wp","href":"https:\/\/api.w.org\/{rel}","templated":true}]}}