{"id":17728,"date":"2023-02-23T21:55:42","date_gmt":"2023-02-23T20:55:42","guid":{"rendered":"https:\/\/wncri.org\/fr\/?p=17728"},"modified":"2023-02-24T22:23:49","modified_gmt":"2023-02-24T21:23:49","slug":"samaneh-asghari","status":"publish","type":"post","link":"https:\/\/wncri.org\/fr\/2023\/02\/23\/samaneh-asghari\/","title":{"rendered":"Samaneh Asghari croupit en prison, sous le coup de graves accusations"},"content":{"rendered":"\n<h3 class=\"wp-block-heading\">Samaneh Asghari croupit en prison, sous le coup de graves accusations<\/h3>\n\n\n\n<p><em>La victime du vendredi sanglant de Zahedan est d\u00e9c\u00e9d\u00e9e et une \u00e9tudiante en droit est morte apr\u00e8s avoir \u00e9t\u00e9 emprisonn\u00e9e<\/em><\/p>\n\n\n\n<p>Malgr\u00e9 les affirmations du r\u00e9gime cl\u00e9rical concernant la lib\u00e9ration des prisonniers politiques, de nombreuse prisonni\u00e8res sont toujours d\u00e9tenues dans des conditions d\u00e9plorables. L&#8217;une des manifestantes toujours d\u00e9tenues \u00e0 la <a href=\"https:\/\/wncri.org\/fr\/2020\/04\/20\/regard-sur-la-situation-tragique-a-la-prison-pour-femmes-de-qarchak-en-iran\/\" target=\"_blank\" rel=\"noreferrer noopener\">prison de Qarchak<\/a> est Samaneh Asghari.<\/p>\n\n\n\n<p>Samaneh Asghari, qui milite pour les droits des enfants et \u00e9tudie le g\u00e9nie industriel \u00e0 l&#8217;universit\u00e9 Kharazmi, a \u00e9t\u00e9 arr\u00eat\u00e9e le 11 octobre 2022 et d\u00e9tenue dans le quartier 209 de la prison d&#8217;Evine. Elle a ensuite \u00e9t\u00e9 transf\u00e9r\u00e9e \u00e0 la prison de Qarchak, o\u00f9 elle est toujours en d\u00e9tention.<\/p>\n\n\n\n<p>Selon l&#8217;acte d&#8217;accusation \u00e9mis par la branche 8 du bureau du procureur public et r\u00e9volutionnaire de Shahre Ray, Samaneh Asghari doit r\u00e9pondre de plusieurs chefs d&#8217;accusation graves, notamment &#8220;rassemblement et collusion en vue de commettre un crime contre la s\u00e9curit\u00e9 int\u00e9rieure et ext\u00e9rieure&#8221;, &#8220;perturbation de l&#8217;ordre et de la paix publics&#8221;, &#8220;s\u00e9dition&#8221;, &#8220;incitation \u00e0 se battre et \u00e0 s&#8217;entretuer dans l&#8217;intention de perturber la s\u00e9curit\u00e9 du pays&#8221;, &#8220;propagande contre l&#8217;\u00c9tat&#8221;, &#8220;pr\u00e9sence en public sans hijab religieux&#8221;, &#8220;appartenance \u00e0 des groupes nationaux ou \u00e0 des branches de groupes dont le but est de perturber la s\u00e9curit\u00e9 du pays&#8221; et &#8220;diffusion de mensonges&#8221;. &#8220;<\/p>\n\n\n\n<p>Le dossier de Samaneh Asghari a \u00e9t\u00e9 confi\u00e9 \u00e0 la section 15 du Tribunal r\u00e9volutionnaire, qui poursuivra certains des chefs d&#8217;accusation, tandis que le chef d&#8217;accusation de trouble \u00e0 l&#8217;ordre public et \u00e0 la paix a \u00e9t\u00e9 transf\u00e9r\u00e9 au Tribunal p\u00e9nal 2. L&#8217;avocat de Samaneh Asghari a r\u00e9v\u00e9l\u00e9 que le tribunal avait rejet\u00e9 sa demande de lib\u00e9ration provisoire.<\/p>\n\n\n<div class=\"wp-block-image\">\n<figure class=\"aligncenter size-full\"><img decoding=\"async\" src=\"data:image\/gif;base64,R0lGODlhAQABAIAAAAAAAP\/\/\/yH5BAEAAAAALAAAAAABAAEAAAIBRAA7\" data-src=\"https:\/\/wncri.org\/fr\/wp-content\/uploads\/2023\/02\/Zarbibi-Esmail-Zehi-min.jpg\" alt=\"Samaneh Asghari\" class=\"wp-image-17731 lazyload\"\/><noscript><img decoding=\"async\" width=\"750\" height=\"375\" src=\"https:\/\/wncri.org\/fr\/wp-content\/uploads\/2023\/02\/Zarbibi-Esmail-Zehi-min.jpg\" alt=\"Samaneh Asghari\" class=\"wp-image-17731 lazyload\" srcset=\"https:\/\/wncri.org\/fr\/wp-content\/uploads\/2023\/02\/Zarbibi-Esmail-Zehi-min.jpg 750w, https:\/\/wncri.org\/fr\/wp-content\/uploads\/2023\/02\/Zarbibi-Esmail-Zehi-min-300x150.jpg 300w, https:\/\/wncri.org\/fr\/wp-content\/uploads\/2023\/02\/Zarbibi-Esmail-Zehi-min-360x180.jpg 360w\" sizes=\"(max-width: 750px) 100vw, 750px\" \/><\/noscript><\/figure>\n<\/div>\n\n\n<h3 class=\"wp-block-heading\"><strong>D\u00e9c\u00e8s d&#8217;une victime du vendredi sanglant<\/strong><\/h3>\n\n\n\n<p>Zarbibi Esmail Zehi, l&#8217;un des bless\u00e9s du vendredi sanglant \u00e0 Zahedan, est malheureusement d\u00e9c\u00e9d\u00e9 le 20 f\u00e9vrier 2023 des suites d&#8217;une grave infection caus\u00e9e par sa blessure apr\u00e8s 143 jours.<\/p>\n\n\n\n<p>Mme Zarbibi, 60 ans, a eu la moelle \u00e9pini\u00e8re sectionn\u00e9e dans la cour de sa maison \u00e0 Zahedan dans la soir\u00e9e du vendredi 30 septembre 2022, \u00e0 cause d&#8217;une balle de guerre qui l&#8217;a touch\u00e9e dans le dos. Apr\u00e8s avoir subi une intervention chirurgicale, elle a \u00e9t\u00e9 soign\u00e9e \u00e0 son domicile.<\/p>\n\n\n\n<p>&#8220;Le vendredi sanglant&#8221; fait r\u00e9f\u00e9rence aux \u00e9v\u00e9nements qui se sont produits \u00e0 Zahedan le 30 septembre 2022. Le Corps des gardiens de la r\u00e9volution (IRGC) a ouvert le feu sur un groupe de fid\u00e8les sunnites qui quittaient une mosqu\u00e9e apr\u00e8s la pri\u00e8re du vendredi, faisant au moins 100 morts, dont 16 enfants, et de nombreux bless\u00e9s.<\/p>\n\n\n\n<p>Une \u00e9tudiante en droit meurt apr\u00e8s avoir \u00e9t\u00e9 lib\u00e9r\u00e9e de prison<\/p>\n\n\n<div class=\"wp-block-image\">\n<figure class=\"aligncenter size-full\"><img decoding=\"async\" src=\"data:image\/gif;base64,R0lGODlhAQABAIAAAAAAAP\/\/\/yH5BAEAAAAALAAAAAABAAEAAAIBRAA7\" data-src=\"https:\/\/wncri.org\/fr\/wp-content\/uploads\/2023\/02\/Mohabbat-Mozaffari-min.jpg\" alt=\"Samaneh Asghari croupit en prison\" class=\"wp-image-17729 lazyload\"\/><noscript><img decoding=\"async\" width=\"750\" height=\"375\" src=\"https:\/\/wncri.org\/fr\/wp-content\/uploads\/2023\/02\/Mohabbat-Mozaffari-min.jpg\" alt=\"Samaneh Asghari croupit en prison\" class=\"wp-image-17729 lazyload\" srcset=\"https:\/\/wncri.org\/fr\/wp-content\/uploads\/2023\/02\/Mohabbat-Mozaffari-min.jpg 750w, https:\/\/wncri.org\/fr\/wp-content\/uploads\/2023\/02\/Mohabbat-Mozaffari-min-300x150.jpg 300w, https:\/\/wncri.org\/fr\/wp-content\/uploads\/2023\/02\/Mohabbat-Mozaffari-min-360x180.jpg 360w\" sizes=\"(max-width: 750px) 100vw, 750px\" \/><\/noscript><\/figure>\n<\/div>\n\n\n<p>Mohabbat Mozaffari, originaire de Behbahan, terminait son doctorat en droit lorsqu&#8217;elle a \u00e9t\u00e9 arr\u00eat\u00e9e et incarc\u00e9r\u00e9e \u00e0 <a href=\"https:\/\/wncri.org\/fr\/2021\/12\/10\/les-conditions-des-femmes-prisons\/\" target=\"_blank\" rel=\"noreferrer noopener\">la prison d&#8217;Evine<\/a>. Apr\u00e8s sa lib\u00e9ration, Mozaffari est d\u00e9c\u00e9d\u00e9e des suites d&#8217;une h\u00e9morragie c\u00e9r\u00e9brale survenue dans son sommeil, <a href=\"https:\/\/www.maryam-rajavi.com\/en\/viewpoints\/human-rights-in-iran\/\" target=\"_blank\" rel=\"noreferrer noopener\">caus\u00e9e par les coups et les tortures<\/a> subis en prison. Le coroner a confirm\u00e9 par une autopsie qu&#8217;elle \u00e9tait morte \u00e0 cause des coups port\u00e9s \u00e0 la t\u00eate et des pilules qu&#8217;on lui avait donn\u00e9es \u00e0 la prison d&#8217;Evine.<\/p>\n\n\n\n<p>Mohabbat Mozaffari a \u00e9t\u00e9 <a href=\"https:\/\/wncri.org\/fr\/2022\/12\/05\/violence\/\" target=\"_blank\" rel=\"noreferrer noopener\">battue avec des matraques, qui ont frapp\u00e9 sa t\u00eate.<\/a><\/p>\n","protected":false},"excerpt":{"rendered":"<p>Samaneh Asghari croupit en prison, sous le coup de graves accusations La victime du vendredi sanglant de Zahedan est d\u00e9c\u00e9d\u00e9e et une \u00e9tudiante en droit est morte apr\u00e8s avoir \u00e9t\u00e9 emprisonn\u00e9e Malgr\u00e9 les affirmations du r\u00e9gime cl\u00e9rical concernant la lib\u00e9ration des prisonniers politiques, de nombreuse prisonni\u00e8res sont toujours d\u00e9tenues dans des conditions d\u00e9plorables. L&#8217;une des [&hellip;]<\/p>\n","protected":false},"author":4,"featured_media":17730,"comment_status":"closed","ping_status":"closed","sticky":false,"template":"","format":"standard","meta":{"jnews-multi-image_gallery":[],"jnews_single_post":{"subtitle":"","format":"standard","video":"","gallery":"","source_name":"","source_url":"","via_name":"","via_url":"","override_template":"0","override":[{"template":"7","single_blog_custom":"","parallax":"1","fullscreen":"1","layout":"right-sidebar","sidebar":"default-sidebar","second_sidebar":"default-sidebar","sticky_sidebar":"1","share_position":"floatbottom","share_float_style":"share-normal","show_share_counter":"1","show_view_counter":"1","show_featured":"1","show_post_meta":"1","show_post_author":"0","show_post_author_image":"1","show_post_date":"1","post_date_format":"default","post_date_format_custom":"Y\/m\/d","show_post_category":"1","show_post_reading_time":"0","post_reading_time_wpm":"300","show_zoom_button":"0","zoom_button_out_step":"2","zoom_button_in_step":"3","show_post_tag":"1","show_prev_next_post":"0","show_popup_post":"1","number_popup_post":"1","show_author_box":"0","show_post_related":"1","show_inline_post_related":"0"}],"override_image_size":"0","image_override":[{"single_post_thumbnail_size":"crop-500","single_post_gallery_size":"crop-500"}],"trending_post":"0","trending_post_position":"meta","trending_post_label":"Trending","sponsored_post":"0","sponsored_post_label":"Sponsored by","sponsored_post_name":"","sponsored_post_url":"","sponsored_post_logo_enable":"0","sponsored_post_logo":"","sponsored_post_desc":"","disable_ad":"0"},"jnews_primary_category":{"id":"","hide":""},"jnews_social_meta":{"fb_title":"","fb_description":"","fb_image":"","twitter_title":"","twitter_description":"","twitter_image":""},"jnews_override_counter":{"override_view_counter":"0","view_counter_number":"0","override_share_counter":"0","share_counter_number":"0","override_like_counter":"0","like_counter_number":"0","override_dislike_counter":"0","dislike_counter_number":"0"},"footnotes":""},"categories":[3],"tags":[369,370,376],"class_list":["post-17728","post","type-post","status-publish","format-standard","has-post-thumbnail","hentry","category-infos-des-femmes","tag-manifestations","tag-prisonnieres","tag-violence-contre-les-femmes"],"_links":{"self":[{"href":"https:\/\/wncri.org\/fr\/wp-json\/wp\/v2\/posts\/17728","targetHints":{"allow":["GET"]}}],"collection":[{"href":"https:\/\/wncri.org\/fr\/wp-json\/wp\/v2\/posts"}],"about":[{"href":"https:\/\/wncri.org\/fr\/wp-json\/wp\/v2\/types\/post"}],"author":[{"embeddable":true,"href":"https:\/\/wncri.org\/fr\/wp-json\/wp\/v2\/users\/4"}],"replies":[{"embeddable":true,"href":"https:\/\/wncri.org\/fr\/wp-json\/wp\/v2\/comments?post=17728"}],"version-history":[{"count":1,"href":"https:\/\/wncri.org\/fr\/wp-json\/wp\/v2\/posts\/17728\/revisions"}],"predecessor-version":[{"id":17732,"href":"https:\/\/wncri.org\/fr\/wp-json\/wp\/v2\/posts\/17728\/revisions\/17732"}],"wp:featuredmedia":[{"embeddable":true,"href":"https:\/\/wncri.org\/fr\/wp-json\/wp\/v2\/media\/17730"}],"wp:attachment":[{"href":"https:\/\/wncri.org\/fr\/wp-json\/wp\/v2\/media?parent=17728"}],"wp:term":[{"taxonomy":"category","embeddable":true,"href":"https:\/\/wncri.org\/fr\/wp-json\/wp\/v2\/categories?post=17728"},{"taxonomy":"post_tag","embeddable":true,"href":"https:\/\/wncri.org\/fr\/wp-json\/wp\/v2\/tags?post=17728"}],"curies":[{"name":"wp","href":"https:\/\/api.w.org\/{rel}","templated":true}]}}