{"id":17714,"date":"2023-02-21T21:30:23","date_gmt":"2023-02-21T20:30:23","guid":{"rendered":"https:\/\/wncri.org\/fr\/?p=17714"},"modified":"2023-02-21T21:34:13","modified_gmt":"2023-02-21T20:34:13","slug":"la-prisonniere-politique-nejat","status":"publish","type":"post","link":"https:\/\/wncri.org\/fr\/2023\/02\/21\/la-prisonniere-politique-nejat\/","title":{"rendered":"La prisonni\u00e8re politique Nejat Anvar Hamidi est d\u00e9tenue depuis 2019 sans un jour de cong\u00e9"},"content":{"rendered":"\n<h3 class=\"wp-block-heading\">La prisonni\u00e8re politique Nejat Anvar Hamidi est d\u00e9tenue depuis 2019 sans un jour de cong\u00e9<\/h3>\n\n\n\n<p class=\"wp-block-paragraph\">La prisonni\u00e8re politique Nejat Anvar Hamidi est incarc\u00e9r\u00e9e depuis mars 2019 pour purger sa peine de 15 ans dans la prison Sepidar d&#8217;Ahvaz. Elle n&#8217;a b\u00e9n\u00e9fici\u00e9 d&#8217;aucun jour de cong\u00e9, m\u00eame pour un cong\u00e9 m\u00e9dical.<\/p>\n\n\n\n<p class=\"wp-block-paragraph\">Mme Anvar Hamidi souffre d&#8217;un dysfonctionnement de la thyro\u00efde, d&#8217;hypertension art\u00e9rielle, de lipides sanguins et de maux de t\u00eate chroniques. Elle souffre \u00e9galement de cataractes et a subi des h\u00e9morragies oculaires en raison d&#8217;un manque d&#8217;attention m\u00e9dicale.<\/p>\n\n\n\n<p class=\"wp-block-paragraph\">Les autorit\u00e9s de la prison de Sepidar l&#8217;ont priv\u00e9e de recevoir ses m\u00e9dicaments. Le 15 janvier 2022, le m\u00e9decin de la prison lui a dit : &#8220;Tu n&#8217;as pas besoin d&#8217;op\u00e9ration tant que tu n&#8217;es pas aveugle !&#8221;.<\/p>\n\n\n\n<p class=\"wp-block-paragraph\">Apr\u00e8s l&#8217;apparition de la pand\u00e9mie de COVID-19, elle a <a href=\"https:\/\/wncri.org\/fr\/2020\/05\/05\/la-prisonniere-politique-nejat-anvar-hamidi-positive-au-covid19-a-la-prison-de-sepidar\/\" target=\"_blank\" rel=\"noreferrer noopener\">contract\u00e9 le virus<\/a> et a \u00e9t\u00e9 plac\u00e9e en quarantaine tout en \u00e9tant priv\u00e9e de soins m\u00e9dicaux.<\/p>\n\n\n\n<p class=\"wp-block-paragraph\">La prisonni\u00e8re politique Nejat Anvar Hamidi a 67 ans, elle est mari\u00e9e et a une fille.<\/p>\n\n\n\n<p class=\"wp-block-paragraph\">Elle a \u00e9t\u00e9 emprisonn\u00e9e pendant 28 mois dans les ann\u00e9es 1980 pour avoir soutenu l&#8217;Organisation des moudjahidine du peuple d&#8217;Iran (OMPI), la principale force d&#8217;opposition iranienne.<\/p>\n\n\n\n<p class=\"wp-block-paragraph\">Elle, son mari et sa fille ont \u00e9t\u00e9 arr\u00eat\u00e9s pour la deuxi\u00e8me fois en 2017. Elle a \u00e9t\u00e9 interrog\u00e9e et condamn\u00e9e \u00e0 cinq ans de prison pour &#8220;appartenance \u00e0 des groupes dissidents sur Internet&#8221; et &#8220;propagande contre l&#8217;\u00c9tat.&#8221;<\/p>\n\n\n\n<p class=\"wp-block-paragraph\">En mars 2019, elle a \u00e9t\u00e9 appel\u00e9e \u00e0 purger sa peine de prison dans la <a href=\"https:\/\/twitter.com\/Maryam_Rajavi\/status\/1245824479957303301?ref_src=twsrc%5Etfw\" target=\"_blank\" rel=\"noreferrer noopener\">prison de Sepidar d&#8217;Ahvaz<\/a> parmi les prisonni\u00e8res de droit commun, violant ainsi le principe de s\u00e9paration des d\u00e9lits.<\/p>\n\n\n\n<p class=\"wp-block-paragraph\">Mme Anvar Hamidi a ensuite \u00e9t\u00e9 inform\u00e9e qu&#8217;elle et son mari, Akbar Mohammadi, avaient \u00e9t\u00e9 <a href=\"https:\/\/wncri.org\/fr\/2020\/10\/17\/prisonniere-politique-nejat\/\" target=\"_blank\" rel=\"noreferrer noopener\">cond<\/a><\/p>\n\n\n\n<p class=\"wp-block-paragraph\"><a href=\"https:\/\/wncri.org\/fr\/2020\/10\/17\/prisonniere-politique-nejat\/\" target=\"_blank\" rel=\"noreferrer noopener\">amn\u00e9s \u00e0 15 ans de prison<\/a> suppl\u00e9mentaires pour &#8220;appartenance \u00e0 l&#8217;OMPI&#8221; et &#8220;propagande contre l&#8217;\u00c9tat&#8221; par la 4e branche du minist\u00e8re de la Justice d&#8217;Ahvaz, alors qu&#8217;aucune nouvelle charge n&#8217;avait \u00e9t\u00e9 retenue contre eux.<\/p>\n\n\n\n<p class=\"wp-block-paragraph\"><strong>La prisonni\u00e8re politique Nejat Anvar Hamidi est d\u00e9tenue depuis 2019 sans un jour de cong\u00e9<\/strong><\/p>\n","protected":false},"excerpt":{"rendered":"<p>La prisonni\u00e8re politique Nejat Anvar Hamidi est d\u00e9tenue depuis 2019 sans un jour de cong\u00e9 La prisonni\u00e8re politique Nejat Anvar Hamidi est incarc\u00e9r\u00e9e depuis mars 2019 pour purger sa peine de 15 ans dans la prison Sepidar d&#8217;Ahvaz. Elle n&#8217;a b\u00e9n\u00e9fici\u00e9 d&#8217;aucun jour de cong\u00e9, m\u00eame pour un cong\u00e9 m\u00e9dical. Mme Anvar Hamidi souffre d&#8217;un [&hellip;]<\/p>\n","protected":false},"author":4,"featured_media":17715,"comment_status":"closed","ping_status":"closed","sticky":false,"template":"","format":"standard","meta":{"jnews-multi-image_gallery":[],"jnews_single_post":{"subtitle":"","format":"standard","video":"","gallery":"","source_name":"","source_url":"","via_name":"","via_url":"","override_template":"0","override":[{"template":"7","single_blog_custom":"","parallax":"1","fullscreen":"1","layout":"right-sidebar","sidebar":"default-sidebar","second_sidebar":"default-sidebar","sticky_sidebar":"1","share_position":"floatbottom","share_float_style":"share-normal","show_share_counter":"1","show_view_counter":"1","show_featured":"1","show_post_meta":"1","show_post_author":"0","show_post_author_image":"1","show_post_date":"1","post_date_format":"default","post_date_format_custom":"Y\/m\/d","show_post_category":"1","show_post_reading_time":"0","post_reading_time_wpm":"300","show_zoom_button":"0","zoom_button_out_step":"2","zoom_button_in_step":"3","show_post_tag":"1","show_prev_next_post":"0","show_popup_post":"1","number_popup_post":"1","show_author_box":"0","show_post_related":"1","show_inline_post_related":"0"}],"override_image_size":"0","image_override":[{"single_post_thumbnail_size":"crop-500","single_post_gallery_size":"crop-500"}],"trending_post":"0","trending_post_position":"meta","trending_post_label":"Trending","sponsored_post":"0","sponsored_post_label":"Sponsored by","sponsored_post_name":"","sponsored_post_url":"","sponsored_post_logo_enable":"0","sponsored_post_logo":"","sponsored_post_desc":"","disable_ad":"0"},"jnews_primary_category":{"id":"","hide":""},"jnews_social_meta":{"fb_title":"","fb_description":"","fb_image":"","twitter_title":"","twitter_description":"","twitter_image":""},"jnews_override_counter":{"override_view_counter":"0","view_counter_number":"0","override_share_counter":"0","share_counter_number":"0","override_like_counter":"0","like_counter_number":"0","override_dislike_counter":"0","dislike_counter_number":"0"},"footnotes":""},"categories":[3],"tags":[370],"class_list":["post-17714","post","type-post","status-publish","format-standard","has-post-thumbnail","hentry","category-infos-des-femmes","tag-prisonnieres"],"_links":{"self":[{"href":"https:\/\/wncri.org\/fr\/wp-json\/wp\/v2\/posts\/17714","targetHints":{"allow":["GET"]}}],"collection":[{"href":"https:\/\/wncri.org\/fr\/wp-json\/wp\/v2\/posts"}],"about":[{"href":"https:\/\/wncri.org\/fr\/wp-json\/wp\/v2\/types\/post"}],"author":[{"embeddable":true,"href":"https:\/\/wncri.org\/fr\/wp-json\/wp\/v2\/users\/4"}],"replies":[{"embeddable":true,"href":"https:\/\/wncri.org\/fr\/wp-json\/wp\/v2\/comments?post=17714"}],"version-history":[{"count":2,"href":"https:\/\/wncri.org\/fr\/wp-json\/wp\/v2\/posts\/17714\/revisions"}],"predecessor-version":[{"id":17718,"href":"https:\/\/wncri.org\/fr\/wp-json\/wp\/v2\/posts\/17714\/revisions\/17718"}],"wp:featuredmedia":[{"embeddable":true,"href":"https:\/\/wncri.org\/fr\/wp-json\/wp\/v2\/media\/17715"}],"wp:attachment":[{"href":"https:\/\/wncri.org\/fr\/wp-json\/wp\/v2\/media?parent=17714"}],"wp:term":[{"taxonomy":"category","embeddable":true,"href":"https:\/\/wncri.org\/fr\/wp-json\/wp\/v2\/categories?post=17714"},{"taxonomy":"post_tag","embeddable":true,"href":"https:\/\/wncri.org\/fr\/wp-json\/wp\/v2\/tags?post=17714"}],"curies":[{"name":"wp","href":"https:\/\/api.w.org\/{rel}","templated":true}]}}