{"id":17690,"date":"2023-02-18T20:47:25","date_gmt":"2023-02-18T19:47:25","guid":{"rendered":"https:\/\/wncri.org\/fr\/?p=17690"},"modified":"2023-02-19T20:46:01","modified_gmt":"2023-02-19T19:46:01","slug":"mort-a-loppresseur","status":"publish","type":"post","link":"https:\/\/wncri.org\/fr\/2023\/02\/18\/mort-a-loppresseur\/","title":{"rendered":"Un ch\u0153ur iranien, de Zahedan \u00e0 Munich : Mort \u00e0 l&#8217;oppresseur, non au chah, non aux mollahs"},"content":{"rendered":"\n<h3 class=\"wp-block-heading\">Un ch\u0153ur iranien, de Zahedan \u00e0 Munich : Mort \u00e0 l&#8217;oppresseur, non au chah, non aux mollahs<\/h3>\n\n\n\n<p><em>Les manifestations se multiplient au 155e jour du soul\u00e8vement iranien, avec des slogans anti-r\u00e9gime et anti-chah.<\/em><\/p>\n\n\n\n<p>Vendredi 17 f\u00e9vrier 2023, les Iraniens \u00e9pris de libert\u00e9, de Zahedan \u00e0 Munich, ont scand\u00e9 \u00e0 l&#8217;unisson : &#8220;Mort \u00e0 l&#8217;oppresseur, que ce soit le chah ou les mollahs.&#8221;<\/p>\n\n\n\n<p>Les Iraniens \u00e9pris de libert\u00e9 et les partisans de la R\u00e9sistance iranienne, y compris les femmes iraniennes \u00e9prises de libert\u00e9, ont organis\u00e9 un rassemblement massif et une manifestation devant la Conf\u00e9rence sur la s\u00e9curit\u00e9 de Munich, sur la Max-Jozef-Platz.<\/p>\n\n\n\n<p>Des <a href=\"https:\/\/fr.ncr-iran.org\/publications\/rapports-speciaux\/reportage-en-direct-grand-rassemblement-diraniens-a-munich-non-au-shah-non-aux-mollahs\/\" target=\"_blank\" rel=\"noreferrer noopener\">dignitaires politiques<\/a> et des repr\u00e9sentants du Parlement allemand ont particip\u00e9 \u00e0 ce rassemblement et ont prononc\u00e9 des discours pour soutenir le d\u00e9sir de libert\u00e9 et de d\u00e9mocratie du peuple iranien.<\/p>\n\n\n\n<p>Les Iraniens \u00e9pris de libert\u00e9 et les partisans de la R\u00e9sistance iranienne ont organis\u00e9 ce rassemblement pour d\u00e9clarer leur solidarit\u00e9 avec le peuple iranien qui manifeste dans les rues et son d\u00e9sir d&#8217;\u00e9tablir une r\u00e9publique d\u00e9mocratique et la\u00efque.<\/p>\n\n\n\n<p>Ils ont cri\u00e9 &#8220;Mort \u00e0 l&#8217;oppresseur, que ce soit le chah ou les mollahs&#8221;, &#8220;IRGC, SAVAK, le jeu est termin\u00e9&#8221; et &#8220;Notre leader est Massoud Radjavi, notre r\u00e9ponse finale est l&#8217;arm\u00e9e de lib\u00e9ration&#8221;.<\/p>\n\n\n<div class=\"wp-block-image\">\n<figure class=\"aligncenter size-full is-resized\"><img decoding=\"async\" src=\"data:image\/gif;base64,R0lGODlhAQABAIAAAAAAAP\/\/\/yH5BAEAAAAALAAAAAABAAEAAAIBRAA7\" data-src=\"https:\/\/wncri.org\/fr\/wp-content\/uploads\/2023\/02\/Munich-2.jpg\" alt=\"Mort \u00e0 l'oppresseur, non au chah, non aux mollahs\" class=\"wp-image-17692 lazyload\" width=\"750\" height=\"375\"\/><noscript><img decoding=\"async\" src=\"https:\/\/wncri.org\/fr\/wp-content\/uploads\/2023\/02\/Munich-2.jpg\" alt=\"Mort \u00e0 l'oppresseur, non au chah, non aux mollahs\" class=\"wp-image-17692 lazyload\" width=\"750\" height=\"375\" srcset=\"https:\/\/wncri.org\/fr\/wp-content\/uploads\/2023\/02\/Munich-2.jpg 750w, https:\/\/wncri.org\/fr\/wp-content\/uploads\/2023\/02\/Munich-2-300x150.jpg 300w, https:\/\/wncri.org\/fr\/wp-content\/uploads\/2023\/02\/Munich-2-360x180.jpg 360w\" sizes=\"(max-width: 750px) 100vw, 750px\" \/><\/noscript><\/figure>\n<\/div>\n\n<div class=\"wp-block-image\">\n<figure class=\"aligncenter size-full is-resized\"><img decoding=\"async\" src=\"data:image\/gif;base64,R0lGODlhAQABAIAAAAAAAP\/\/\/yH5BAEAAAAALAAAAAABAAEAAAIBRAA7\" data-src=\"https:\/\/wncri.org\/fr\/wp-content\/uploads\/2023\/02\/Munich-3.jpg\" alt=\"Un ch\u0153ur iranien, de Zahedan \u00e0 Munich : Mort \u00e0 l'oppresseur\" class=\"wp-image-17693 lazyload\" width=\"750\" height=\"375\"\/><noscript><img decoding=\"async\" src=\"https:\/\/wncri.org\/fr\/wp-content\/uploads\/2023\/02\/Munich-3.jpg\" alt=\"Un ch\u0153ur iranien, de Zahedan \u00e0 Munich : Mort \u00e0 l'oppresseur\" class=\"wp-image-17693 lazyload\" width=\"750\" height=\"375\" srcset=\"https:\/\/wncri.org\/fr\/wp-content\/uploads\/2023\/02\/Munich-3.jpg 750w, https:\/\/wncri.org\/fr\/wp-content\/uploads\/2023\/02\/Munich-3-300x150.jpg 300w, https:\/\/wncri.org\/fr\/wp-content\/uploads\/2023\/02\/Munich-3-360x180.jpg 360w\" sizes=\"(max-width: 750px) 100vw, 750px\" \/><\/noscript><\/figure>\n<\/div>\n\n\n<p><\/p>\n\n\n<div class=\"wp-block-image\">\n<figure class=\"aligncenter size-full is-resized\"><img decoding=\"async\" src=\"data:image\/gif;base64,R0lGODlhAQABAIAAAAAAAP\/\/\/yH5BAEAAAAALAAAAAABAAEAAAIBRAA7\" data-src=\"https:\/\/wncri.org\/fr\/wp-content\/uploads\/2023\/02\/Munich-4.jpg\" alt=\"de Zahedan \u00e0 Munich : Mort \u00e0 l'oppresseur\" class=\"wp-image-17694 lazyload\" width=\"751\" height=\"376\"\/><noscript><img decoding=\"async\" src=\"https:\/\/wncri.org\/fr\/wp-content\/uploads\/2023\/02\/Munich-4.jpg\" alt=\"de Zahedan \u00e0 Munich : Mort \u00e0 l'oppresseur\" class=\"wp-image-17694 lazyload\" width=\"751\" height=\"376\" srcset=\"https:\/\/wncri.org\/fr\/wp-content\/uploads\/2023\/02\/Munich-4.jpg 750w, https:\/\/wncri.org\/fr\/wp-content\/uploads\/2023\/02\/Munich-4-300x150.jpg 300w, https:\/\/wncri.org\/fr\/wp-content\/uploads\/2023\/02\/Munich-4-360x180.jpg 360w\" sizes=\"(max-width: 751px) 100vw, 751px\" \/><\/noscript><\/figure>\n<\/div>\n\n\n<p><\/p>\n\n\n<div class=\"wp-block-image\">\n<figure class=\"aligncenter size-full\"><img decoding=\"async\" src=\"data:image\/gif;base64,R0lGODlhAQABAIAAAAAAAP\/\/\/yH5BAEAAAAALAAAAAABAAEAAAIBRAA7\" data-src=\"https:\/\/wncri.org\/fr\/wp-content\/uploads\/2023\/02\/Munich-5.jpg\" alt=\"de Zahedan \u00e0 Munich : Mort \u00e0 l'oppresseur, non au chah, non aux mollahs\" class=\"wp-image-17695 lazyload\"\/><noscript><img decoding=\"async\" width=\"750\" height=\"375\" src=\"https:\/\/wncri.org\/fr\/wp-content\/uploads\/2023\/02\/Munich-5.jpg\" alt=\"de Zahedan \u00e0 Munich : Mort \u00e0 l'oppresseur, non au chah, non aux mollahs\" class=\"wp-image-17695 lazyload\" srcset=\"https:\/\/wncri.org\/fr\/wp-content\/uploads\/2023\/02\/Munich-5.jpg 750w, https:\/\/wncri.org\/fr\/wp-content\/uploads\/2023\/02\/Munich-5-300x150.jpg 300w, https:\/\/wncri.org\/fr\/wp-content\/uploads\/2023\/02\/Munich-5-360x180.jpg 360w\" sizes=\"(max-width: 750px) 100vw, 750px\" \/><\/noscript><\/figure>\n<\/div>\n\n\n<p><\/p>\n\n\n\n<p>En m\u00eame temps que le rassemblement iranien \u00e0 Munich, des milliers de courageux habitants de Zahedan sont descendus dans la rue et ont manifest\u00e9 malgr\u00e9 la forte pr\u00e9sence des forces de s\u00e9curit\u00e9 qui avaient bloqu\u00e9 toutes les routes menant \u00e0 la grande mosqu\u00e9e de la ville. Un groupe de femmes baloutches avait \u00e9galement pris part \u00e0 cette manifestation.<\/p>\n\n\n\n<p>En ce <a href=\"https:\/\/english.mojahedin.org\/news\/live-report-irans-protesters-maintain-revolution-push-against-the-mullahs\/\" target=\"_blank\" rel=\"noreferrer noopener\">155e jour du soul\u00e8vement national<\/a> du 17 f\u00e9vrier, les manifestants de Zahedan ont scand\u00e9 &#8220;Mort \u00e0 Khamenei&#8221;, &#8220;Mort au dictateur&#8221;, &#8220;Les Kurdes, les Baloutches et les Az\u00e9ris veulent la libert\u00e9 et l&#8217;\u00e9galit\u00e9&#8221;, &#8220;Lib\u00e9rez tous les prisonniers politiques&#8221; et &#8220;Mort \u00e0 l&#8217;oppresseur, qu&#8217;il s&#8217;agisse du chah ou des mollahs&#8221;.<\/p>\n\n\n<div class=\"wp-block-image\">\n<figure class=\"aligncenter size-full\"><img decoding=\"async\" src=\"data:image\/gif;base64,R0lGODlhAQABAIAAAAAAAP\/\/\/yH5BAEAAAAALAAAAAABAAEAAAIBRAA7\" data-src=\"https:\/\/wncri.org\/fr\/wp-content\/uploads\/2023\/02\/Zahedan-brave-people-.jpg\" alt=\"Zahedan\" class=\"wp-image-17696 lazyload\"\/><noscript><img decoding=\"async\" width=\"750\" height=\"375\" src=\"https:\/\/wncri.org\/fr\/wp-content\/uploads\/2023\/02\/Zahedan-brave-people-.jpg\" alt=\"Zahedan\" class=\"wp-image-17696 lazyload\" srcset=\"https:\/\/wncri.org\/fr\/wp-content\/uploads\/2023\/02\/Zahedan-brave-people-.jpg 750w, https:\/\/wncri.org\/fr\/wp-content\/uploads\/2023\/02\/Zahedan-brave-people--300x150.jpg 300w, https:\/\/wncri.org\/fr\/wp-content\/uploads\/2023\/02\/Zahedan-brave-people--360x180.jpg 360w\" sizes=\"(max-width: 750px) 100vw, 750px\" \/><\/noscript><\/figure>\n<\/div>\n\n\n<p>Les manifestants portaient \u00e9galement des pancartes sur lesquelles on pouvait lire &#8220;Non au chah, non aux mollahs, nous prenons le chemin des guerriers&#8221;, &#8220;Le progr\u00e8s du Baloutchistan d\u00e9pend de la souverainet\u00e9 nationale&#8221; et &#8220;La libert\u00e9 peut \u00eatre atteinte, nous devons et nous pouvons&#8221;.<\/p>\n\n\n<div class=\"wp-block-image\">\n<figure class=\"aligncenter size-full\"><img decoding=\"async\" src=\"data:image\/gif;base64,R0lGODlhAQABAIAAAAAAAP\/\/\/yH5BAEAAAAALAAAAAABAAEAAAIBRAA7\" data-src=\"https:\/\/wncri.org\/fr\/wp-content\/uploads\/2023\/02\/Zahedan-Freedom-can-and-must-come.jpg\" alt=\"Zahedan \u00e0 Munich\" class=\"wp-image-17697 lazyload\"\/><noscript><img decoding=\"async\" width=\"750\" height=\"375\" src=\"https:\/\/wncri.org\/fr\/wp-content\/uploads\/2023\/02\/Zahedan-Freedom-can-and-must-come.jpg\" alt=\"Zahedan \u00e0 Munich\" class=\"wp-image-17697 lazyload\" srcset=\"https:\/\/wncri.org\/fr\/wp-content\/uploads\/2023\/02\/Zahedan-Freedom-can-and-must-come.jpg 750w, https:\/\/wncri.org\/fr\/wp-content\/uploads\/2023\/02\/Zahedan-Freedom-can-and-must-come-300x150.jpg 300w, https:\/\/wncri.org\/fr\/wp-content\/uploads\/2023\/02\/Zahedan-Freedom-can-and-must-come-360x180.jpg 360w\" sizes=\"(max-width: 750px) 100vw, 750px\" \/><\/noscript><\/figure>\n<\/div>\n\n\n<p>La <a href=\"https:\/\/www.ncr-iran.org\/en\/ncri-statements\/statement-iran-protest\/iran-nationwide-uprising-day-154\/\" target=\"_blank\" rel=\"noreferrer noopener\">nuit pr\u00e9c\u00e9dente<\/a>, les habitants de T\u00e9h\u00e9ran et d&#8217;autres villes sont descendus dans la rue pour comm\u00e9morer Mohammad Mehdi Karami et Mohammad Hosseini, au <a href=\"https:\/\/www.ncr-iran.org\/en\/ncri-statements\/statement-iran-protest\/iran-nationwide-uprising-day-154\/\" target=\"_blank\" rel=\"noreferrer noopener\">40e jour de leur ex\u00e9cution<\/a>, malgr\u00e9 la forte pr\u00e9sence des forces de s\u00e9curit\u00e9. Les jeunes ont organis\u00e9 des manifestations dans de nombreux quartiers de T\u00e9h\u00e9ran et dans les villes de Karaj, Qazvin, Chiraz, Sanandaj, Izeh, Arak, Machad, Ispahan, Khorramabad, Ahvaz, Yazd, Javanroud, Mahabad, Kermanchah, Racht, Tabriz, etc. et ont scand\u00e9 des slogans anti-r\u00e9gime. Comme toujours, les jeunes femmes \u00e9taient \u00e0 l&#8217;avant-garde de ces protestations.<\/p>\n\n\n\n<p>Les manifestants ont scand\u00e9 &#8220;Mort \u00e0 Khamenei&#8221;, &#8220;Mort au dictateur&#8221;, &#8220;Cette ann\u00e9e est l&#8217;ann\u00e9e du sacrifice et Khamenei sera renvers\u00e9&#8221;, &#8220;Nous promettons \u00e0 nos camarades tu\u00e9s, nous resterons debout jusqu&#8217;\u00e0 la fin&#8221; et &#8220;Mort \u00e0 l&#8217;oppresseur, que ce soit le chah ou le guide supr\u00eame des mollahs&#8221;.<\/p>\n","protected":false},"excerpt":{"rendered":"<p>Un ch\u0153ur iranien, de Zahedan \u00e0 Munich : Mort \u00e0 l&#8217;oppresseur, non au chah, non aux mollahs Les manifestations se multiplient au 155e jour du soul\u00e8vement iranien, avec des slogans anti-r\u00e9gime et anti-chah. Vendredi 17 f\u00e9vrier 2023, les Iraniens \u00e9pris de libert\u00e9, de Zahedan \u00e0 Munich, ont scand\u00e9 \u00e0 l&#8217;unisson : &#8220;Mort \u00e0 l&#8217;oppresseur, que [&hellip;]<\/p>\n","protected":false},"author":4,"featured_media":17691,"comment_status":"closed","ping_status":"closed","sticky":false,"template":"","format":"standard","meta":{"jnews-multi-image_gallery":[],"jnews_single_post":{"subtitle":"","format":"standard","video":"","gallery":"","source_name":"","source_url":"","via_name":"","via_url":"","override_template":"0","override":[{"template":"7","single_blog_custom":"","parallax":"1","fullscreen":"1","layout":"right-sidebar","sidebar":"default-sidebar","second_sidebar":"default-sidebar","sticky_sidebar":"1","share_position":"floatbottom","share_float_style":"share-normal","show_share_counter":"1","show_view_counter":"1","show_featured":"1","show_post_meta":"1","show_post_author":"0","show_post_author_image":"1","show_post_date":"1","post_date_format":"default","post_date_format_custom":"Y\/m\/d","show_post_category":"1","show_post_reading_time":"0","post_reading_time_wpm":"300","show_zoom_button":"0","zoom_button_out_step":"2","zoom_button_in_step":"3","show_post_tag":"1","show_prev_next_post":"0","show_popup_post":"1","number_popup_post":"1","show_author_box":"0","show_post_related":"1","show_inline_post_related":"0"}],"override_image_size":"0","image_override":[{"single_post_thumbnail_size":"crop-500","single_post_gallery_size":"crop-500"}],"trending_post":"0","trending_post_position":"meta","trending_post_label":"Trending","sponsored_post":"0","sponsored_post_label":"Sponsored by","sponsored_post_name":"","sponsored_post_url":"","sponsored_post_logo_enable":"0","sponsored_post_logo":"","sponsored_post_desc":"","disable_ad":"0"},"jnews_primary_category":{"id":"","hide":""},"jnews_social_meta":{"fb_title":"","fb_description":"","fb_image":"","twitter_title":"","twitter_description":"","twitter_image":""},"jnews_override_counter":{"override_view_counter":"0","view_counter_number":"0","override_share_counter":"0","share_counter_number":"0","override_like_counter":"0","like_counter_number":"0","override_dislike_counter":"0","dislike_counter_number":"0"},"footnotes":""},"categories":[8],"tags":[369],"class_list":["post-17690","post","type-post","status-publish","format-standard","has-post-thumbnail","hentry","category-articles","tag-manifestations"],"_links":{"self":[{"href":"https:\/\/wncri.org\/fr\/wp-json\/wp\/v2\/posts\/17690","targetHints":{"allow":["GET"]}}],"collection":[{"href":"https:\/\/wncri.org\/fr\/wp-json\/wp\/v2\/posts"}],"about":[{"href":"https:\/\/wncri.org\/fr\/wp-json\/wp\/v2\/types\/post"}],"author":[{"embeddable":true,"href":"https:\/\/wncri.org\/fr\/wp-json\/wp\/v2\/users\/4"}],"replies":[{"embeddable":true,"href":"https:\/\/wncri.org\/fr\/wp-json\/wp\/v2\/comments?post=17690"}],"version-history":[{"count":1,"href":"https:\/\/wncri.org\/fr\/wp-json\/wp\/v2\/posts\/17690\/revisions"}],"predecessor-version":[{"id":17698,"href":"https:\/\/wncri.org\/fr\/wp-json\/wp\/v2\/posts\/17690\/revisions\/17698"}],"wp:featuredmedia":[{"embeddable":true,"href":"https:\/\/wncri.org\/fr\/wp-json\/wp\/v2\/media\/17691"}],"wp:attachment":[{"href":"https:\/\/wncri.org\/fr\/wp-json\/wp\/v2\/media?parent=17690"}],"wp:term":[{"taxonomy":"category","embeddable":true,"href":"https:\/\/wncri.org\/fr\/wp-json\/wp\/v2\/categories?post=17690"},{"taxonomy":"post_tag","embeddable":true,"href":"https:\/\/wncri.org\/fr\/wp-json\/wp\/v2\/tags?post=17690"}],"curies":[{"name":"wp","href":"https:\/\/api.w.org\/{rel}","templated":true}]}}