{"id":17684,"date":"2023-02-16T14:56:58","date_gmt":"2023-02-16T13:56:58","guid":{"rendered":"https:\/\/wncri.org\/fr\/?p=17684"},"modified":"2023-02-17T15:02:59","modified_gmt":"2023-02-17T14:02:59","slug":"licenciement-de-professeurs","status":"publish","type":"post","link":"https:\/\/wncri.org\/fr\/2023\/02\/16\/licenciement-de-professeurs\/","title":{"rendered":"<strong>Licenciement de professeurs et d&#8217;\u00e9tudiants protestataires : La r\u00e9pression du r\u00e9gime iranien dans les universit\u00e9s<\/strong>"},"content":{"rendered":"\n<p>Ces derni\u00e8res semaines, de nombreuses informations ont fait \u00e9tat de licenciement de professeurs et de suspensions ou d&#8217;expulsions d&#8217;\u00e9tudiants protestataires par le r\u00e9gime iranien dans les universit\u00e9s du pays. Le r\u00e9gime a utilis\u00e9 ces tactiques pour r\u00e9primer la dissidence en r\u00e9ponse aux protestations et soul\u00e8vements du peuple iranien dans tout le pays.<\/p>\n\n\n\n<p>Les actions du r\u00e9gime constituent une violation manifeste des droits de l&#8217;Homme et suscitent des inqui\u00e9tudes quant \u00e0 l&#8217;\u00e9tat de la libert\u00e9 acad\u00e9mique en Iran. Les professeurs qui ont \u00e9t\u00e9 renvoy\u00e9s \u00e9taient souvent vis\u00e9s pour avoir exerc\u00e9 leur droit \u00e0 la libert\u00e9 d&#8217;expression et pour avoir remis en question les politiques du r\u00e9gime, notamment le traitement s\u00e9v\u00e8re des manifestants, le recours \u00e0 la peine de mort et la diffusion d&#8217;aveux forc\u00e9s \u00e0 la t\u00e9l\u00e9vision d&#8217;\u00c9tat.<\/p>\n\n\n\n<p>Les \u00e9tudiants qui ont \u00e9t\u00e9 suspendus ou expuls\u00e9s sont priv\u00e9s de leur droit \u00e0 l&#8217;\u00e9ducation, et leur avenir s&#8217;en trouve compromis. La r\u00e9pression exerc\u00e9e par le r\u00e9gime \u00e0 l&#8217;encontre des universit\u00e9s, de leurs \u00e9tudiants et de leur corps enseignant constitue une grave injustice, et la communaut\u00e9 internationale doit prendre des mesures pour que le r\u00e9gime iranien soit tenu responsable.<\/p>\n\n\n\n<p>En d\u00e9non\u00e7ant ces injustices et en soutenant ceux qui ont \u00e9t\u00e9 injustement vis\u00e9s, nous pouvons contribuer \u00e0 mettre fin \u00e0 l&#8217;oppression et \u00e0 la violence qui sont devenues trop courantes en Iran.<\/p>\n\n\n\n<h3 class=\"wp-block-heading\"><strong>Retraite forc\u00e9e et licenciement de professeurs<\/strong><\/h3>\n\n\n\n<p>La pratique malheureuse de la mise \u00e0 la retraite forc\u00e9e et du licenciement de professeurs en raison de pressions s\u00e9curitaires et de leur association avec les droits des \u00e9tudiants est courante dans les universit\u00e9s.<\/p>\n\n\n<div class=\"wp-block-image\">\n<figure class=\"aligncenter size-full\"><img decoding=\"async\" src=\"data:image\/gif;base64,R0lGODlhAQABAIAAAAAAAP\/\/\/yH5BAEAAAAALAAAAAABAAEAAAIBRAA7\" data-src=\"https:\/\/wncri.org\/fr\/wp-content\/uploads\/2023\/02\/Mahshid-Gohari-min.jpg\" alt=\"Licenciement de professeurs et d'\u00e9tudiants protestataires : La r\u00e9pression du r\u00e9gime iranien dans les universit\u00e9s\" class=\"wp-image-17686 lazyload\"\/><noscript><img decoding=\"async\" width=\"750\" height=\"375\" src=\"https:\/\/wncri.org\/fr\/wp-content\/uploads\/2023\/02\/Mahshid-Gohari-min.jpg\" alt=\"Licenciement de professeurs et d'\u00e9tudiants protestataires : La r\u00e9pression du r\u00e9gime iranien dans les universit\u00e9s\" class=\"wp-image-17686 lazyload\" srcset=\"https:\/\/wncri.org\/fr\/wp-content\/uploads\/2023\/02\/Mahshid-Gohari-min.jpg 750w, https:\/\/wncri.org\/fr\/wp-content\/uploads\/2023\/02\/Mahshid-Gohari-min-300x150.jpg 300w, https:\/\/wncri.org\/fr\/wp-content\/uploads\/2023\/02\/Mahshid-Gohari-min-360x180.jpg 360w\" sizes=\"(max-width: 750px) 100vw, 750px\" \/><\/noscript><figcaption class=\"wp-element-caption\">Mahshid Gohari<\/figcaption><\/figure>\n<\/div>\n\n\n<p>Dans un cas r\u00e9cent, 11 professeurs invit\u00e9s de l&#8217;Universit\u00e9 Ferdowsi de Machad ont \u00e9t\u00e9 licenci\u00e9s, dont Mahshid Gohari, \u00e9minente professeure de litt\u00e9rature.<\/p>\n\n\n\n<p>Gohari a pris sa page Instagram pour annoncer son licenciement apr\u00e8s sept ans d&#8217;enseignement d\u00e9vou\u00e9 aux c\u00f4t\u00e9s de plusieurs de ses coll\u00e8gues.<\/p>\n\n\n\n<p>La d\u00e9cision de l&#8217;universit\u00e9 de mettre fin \u00e0 la coop\u00e9ration avec six professeurs de la facult\u00e9 de litt\u00e9rature, trois professeurs de la facult\u00e9 de droit et de sciences politiques et deux professeurs de la facult\u00e9 de math\u00e9matiques et de sciences administratives et \u00e9conomiques est due \u00e0 leur soutien aux droits des \u00e9tudiants, selon les conseils syndicaux des \u00e9tudiants iraniens.<\/p>\n\n\n<div class=\"wp-block-image\">\n<figure class=\"aligncenter size-full\"><img decoding=\"async\" src=\"data:image\/gif;base64,R0lGODlhAQABAIAAAAAAAP\/\/\/yH5BAEAAAAALAAAAAABAAEAAAIBRAA7\" data-src=\"https:\/\/wncri.org\/fr\/wp-content\/uploads\/2023\/02\/Zahra-Khoshkjan-min.jpg\" alt=\"Licenciement de professeurs et d'\u00e9tudiants protestataires : La r\u00e9pression du r\u00e9gime iranien dans les universit\u00e9s\" class=\"wp-image-17687 lazyload\"\/><noscript><img decoding=\"async\" width=\"750\" height=\"375\" src=\"https:\/\/wncri.org\/fr\/wp-content\/uploads\/2023\/02\/Zahra-Khoshkjan-min.jpg\" alt=\"Licenciement de professeurs et d'\u00e9tudiants protestataires : La r\u00e9pression du r\u00e9gime iranien dans les universit\u00e9s\" class=\"wp-image-17687 lazyload\" srcset=\"https:\/\/wncri.org\/fr\/wp-content\/uploads\/2023\/02\/Zahra-Khoshkjan-min.jpg 750w, https:\/\/wncri.org\/fr\/wp-content\/uploads\/2023\/02\/Zahra-Khoshkjan-min-300x150.jpg 300w, https:\/\/wncri.org\/fr\/wp-content\/uploads\/2023\/02\/Zahra-Khoshkjan-min-360x180.jpg 360w\" sizes=\"(max-width: 750px) 100vw, 750px\" \/><\/noscript><figcaption class=\"wp-element-caption\">Zahra Khoshkjan<\/figcaption><\/figure>\n<\/div>\n\n\n<p>Zahra Khoshkjan, professeure adjointe de sociologie politique \u00e0 l&#8217;universit\u00e9 Bahonar de <a href=\"https:\/\/fr.wikipedia.org\/wiki\/Kerman\" target=\"_blank\" rel=\"noreferrer noopener\">Kerman<\/a>, a \u00e9t\u00e9 convoqu\u00e9e devant le Comit\u00e9 des infractions des membres du corps enseignant pour avoir soutenu les gr\u00e8ves \u00e9tudiantes et n&#8217;avoir pas tenu de cours les 5, 6 et 7 d\u00e9cembre 2022. Elle a \u00e9t\u00e9 suspendue de son enseignement \u00e0 l&#8217;universit\u00e9 et interdite d&#8217;acc\u00e8s. Mme Khoshkjan est membre de la Fondation de l&#8217;\u00e9lite nationale d&#8217;Iran, laur\u00e9ate du prix Farabi et membre de l&#8217;Association mondiale de sociologie.<\/p>\n\n\n\n<p>Par ailleurs, on apprend que les professeurs de la facult\u00e9 technique de l&#8217;universit\u00e9 de T\u00e9h\u00e9ran ont commenc\u00e9 \u00e0 se confronter et \u00e0 \u00eatre licenci\u00e9s, et qu&#8217;une r\u00e9union a \u00e9t\u00e9 organis\u00e9e pour faire face \u00e0 leurs violations.<\/p>\n\n\n\n<p>L&#8217;objet de cette r\u00e9union \u00e9tait la publication d&#8217;une d\u00e9claration des professeurs de la facult\u00e9 technique, dans laquelle ils condamnaient les incidents du 29 octobre 2022 sur le campus d&#8217;Amirabad, c&#8217;est-\u00e0-dire l&#8217;entr\u00e9e d&#8217;agents en civil sur le campus, l&#8217;arrestation et le passage \u00e0 tabac d&#8217;\u00e9tudiants, et les dommages caus\u00e9s aux biens de l&#8217;universit\u00e9.<\/p>\n\n\n\n<p>Par ailleurs, neuf professeurs de la facult\u00e9 de sciences politiques de l&#8217;universit\u00e9 Azad, branche centrale de T\u00e9h\u00e9ran, dont trois femmes, ont re\u00e7u un ordre de &#8220;mise \u00e0 la retraite obligatoire&#8221;. Certaines sources ont qualifi\u00e9 ce renvoi de professeurs de &#8220;nettoyage en douceur&#8221;. (Le site d&#8217;\u00c9tat Rouydad24, 4 f\u00e9vrier 2023)<\/p>\n\n\n\n<h3 class=\"wp-block-heading\"><strong>Expulsion et suspension d&#8217;\u00e9tudiants universitaires<\/strong><\/h3>\n\n\n\n<p>Selon les conseils syndicaux des \u00e9tudiants iraniens, trois \u00e9tudiants, dont Massoumeh Momeni, \u00e9tudiant en musique \u00e0 l&#8217;Universit\u00e9 des Arts, et deux \u00e9tudiants de l&#8217;Universit\u00e9 de T\u00e9h\u00e9ran, ont re\u00e7u une interdiction temporaire d&#8217;enseignement par le comit\u00e9 disciplinaire. Les \u00e9tudiants ont \u00e9t\u00e9 accus\u00e9s de cr\u00e9er des perturbations, des troubles et de participer \u00e0 des rassemblements ill\u00e9gaux, ainsi que de ne pas respecter le code vestimentaire islamique, affectant ainsi les affaires et les programmes de l&#8217;universit\u00e9. En outre, deux \u00e9tudiants de la facult\u00e9 des langues et de la litt\u00e9rature \u00e9trang\u00e8res de l&#8217;universit\u00e9 de T\u00e9h\u00e9ran ont \u00e9t\u00e9 condamn\u00e9s \u00e0 une interdiction temporaire d&#8217;\u00e9tudier pendant six mois.<\/p>\n\n\n\n<p>Le comit\u00e9 de discipline de l&#8217;universit\u00e9 des sciences m\u00e9dicales de Bandar Abbas a \u00e9mis de nombreux ordres disciplinaires \u00e0 l&#8217;encontre des \u00e9tudiants protestataires et a plac\u00e9 de nombreux \u00e9tudiants en m\u00e9decine, en soins infirmiers, en anesth\u00e9sie, en sant\u00e9 et en m\u00e9decine d&#8217;urgence de cette universit\u00e9 en suspension ex\u00e9cutive ou conditionnelle de leurs \u00e9tudes, en exil et en transfert forc\u00e9 vers l&#8217;universit\u00e9.<\/p>\n\n\n\n<p>Le 5 f\u00e9vrier 2023, le comit\u00e9 disciplinaire de l&#8217;universit\u00e9 de Zaboul a ordonn\u00e9 l&#8217;expulsion de trois \u00e9tudiants, \u00e0 savoir Mojdeh Saadati, \u00e9tudiant en int\u00e9rim, Shahab Kamali, \u00e9tudiant en g\u00e9nie civil, et Sara Jahantigh, \u00e9tudiante en physique. Siavash Fattahi, \u00e9tudiant en ing\u00e9nierie agricole, s&#8217;est \u00e9galement vu interdire d&#8217;\u00e9tudier et d&#8217;utiliser les \u00e9quipements de l&#8217;universit\u00e9 pendant deux semestres. Malheureusement, 16 \u00e9tudiants de l&#8217;universit\u00e9 de Zaboul ont \u00e9t\u00e9 expuls\u00e9s jusqu&#8217;\u00e0 pr\u00e9sent. Ces \u00e9tudiants et \u00e9tudiantes ont \u00e9t\u00e9 soumis \u00e0 des mesures aussi extr\u00eames pour avoir simplement essay\u00e9 de d\u00e9jeuner ensemble au restaurant de l&#8217;universit\u00e9.<\/p>\n\n\n\n<p>Les mesures injustes prises par l&#8217;universit\u00e9 \u00e0 l&#8217;encontre de ces \u00e9tudiants constituent une violation manifeste de leurs droits fondamentaux.<\/p>\n\n\n\n<h3 class=\"wp-block-heading\"><strong>Purge et licenciement d&#8217;enseignants<\/strong><\/h3>\n\n\n\n<p>Les purges massives du personnel \u00e9ducatif s&#8217;\u00e9tendent \u00e9galement aux enseignants du primaire et du secondaire. L&#8217;une de ces enseignantes, Mme Azam Al-Sadat Jalali, a \u00e9t\u00e9 convoqu\u00e9e pour avoir lu l&#8217;histoire &#8220;Le poulet sage et le singe&#8221; \u00e0 ses \u00e9l\u00e8ves dans une \u00e9cole primaire d&#8217;Arak. Elle a \u00e9t\u00e9 convoqu\u00e9e au conseil de premi\u00e8re instance pour violation administrative par des employ\u00e9s de l&#8217;\u00e9ducation de la province centrale, situ\u00e9e \u00e0 Arak.<\/p>\n\n\n\n<p>Le lendemain, elle a \u00e9t\u00e9 convoqu\u00e9e au bureau de s\u00e9curit\u00e9 du minist\u00e8re de l&#8217;\u00c9ducation et soumise \u00e0 un interrogatoire. Malgr\u00e9 sa coop\u00e9ration, elle a \u00e9t\u00e9 pri\u00e9e de se pr\u00e9senter au D\u00e9partement g\u00e9n\u00e9ral de l&#8217;\u00e9ducation. Apr\u00e8s avoir refus\u00e9 de se rendre audit bureau et \u00eatre retourn\u00e9e \u00e0 l&#8217;\u00e9cole, Mme Jalali s&#8217;est vu interdire l&#8217;acc\u00e8s \u00e0 la salle de classe par un appel t\u00e9l\u00e9phonique.<\/p>\n\n\n\n<p>Auparavant, Zeynab Molaei Rad a \u00e9t\u00e9 <a href=\"https:\/\/wncri.org\/fr\/2023\/01\/25\/zeynab-molaei-rad\/\" target=\"_blank\" rel=\"noreferrer noopener\">interdite d&#8217;enseignement<\/a> jusqu&#8217;\u00e0 nouvel ordre.<\/p>\n\n\n\n<p>Zeynab Molaei Rad est la m\u00e8re de Kian Pirfalak, qui est mort \u00e0 l&#8217;\u00e2ge de 9 ans apr\u00e8s que les forces de s\u00e9curit\u00e9 ont ouvert le feu sur leur voiture lors des manifestations d&#8217;Izeh.<\/p>\n\n\n\n<p>Le 21 janvier 2023, Zeynab Molaei Rad a \u00e9t\u00e9 convoqu\u00e9e au poste de la police des renseignements de la ville d&#8217;Izeh et inform\u00e9e qu&#8217;elle ne pouvait pas se rendre au travail jusqu&#8217;\u00e0 nouvel ordre. Mme Molaei Rad enseignait au conservatoire Fatemieh \u00e0 Izeh.<\/p>\n","protected":false},"excerpt":{"rendered":"<p>Ces derni\u00e8res semaines, de nombreuses informations ont fait \u00e9tat de licenciement de professeurs et de suspensions ou d&#8217;expulsions d&#8217;\u00e9tudiants protestataires par le r\u00e9gime iranien dans les universit\u00e9s du pays. Le r\u00e9gime a utilis\u00e9 ces tactiques pour r\u00e9primer la dissidence en r\u00e9ponse aux protestations et soul\u00e8vements du peuple iranien dans tout le pays. Les actions du [&hellip;]<\/p>\n","protected":false},"author":4,"featured_media":17685,"comment_status":"closed","ping_status":"closed","sticky":false,"template":"","format":"standard","meta":{"jnews-multi-image_gallery":[],"jnews_single_post":{"subtitle":"","format":"standard","video":"","gallery":"","source_name":"","source_url":"","via_name":"","via_url":"","override_template":"0","override":[{"template":"7","single_blog_custom":"","parallax":"1","fullscreen":"1","layout":"right-sidebar","sidebar":"default-sidebar","second_sidebar":"default-sidebar","sticky_sidebar":"1","share_position":"floatbottom","share_float_style":"share-normal","show_share_counter":"1","show_view_counter":"1","show_featured":"1","show_post_meta":"1","show_post_author":"0","show_post_author_image":"1","show_post_date":"1","post_date_format":"default","post_date_format_custom":"Y\/m\/d","show_post_category":"1","show_post_reading_time":"0","post_reading_time_wpm":"300","show_zoom_button":"0","zoom_button_out_step":"2","zoom_button_in_step":"3","show_post_tag":"1","show_prev_next_post":"0","show_popup_post":"1","number_popup_post":"1","show_author_box":"0","show_post_related":"1","show_inline_post_related":"0"}],"override_image_size":"0","image_override":[{"single_post_thumbnail_size":"crop-500","single_post_gallery_size":"crop-500"}],"trending_post":"0","trending_post_position":"meta","trending_post_label":"Trending","sponsored_post":"0","sponsored_post_label":"Sponsored by","sponsored_post_name":"","sponsored_post_url":"","sponsored_post_logo_enable":"0","sponsored_post_logo":"","sponsored_post_desc":"","disable_ad":"0"},"jnews_primary_category":{"id":"","hide":""},"jnews_social_meta":{"fb_title":"","fb_description":"","fb_image":"","twitter_title":"","twitter_description":"","twitter_image":""},"jnews_override_counter":{"override_view_counter":"0","view_counter_number":"0","override_share_counter":"0","share_counter_number":"0","override_like_counter":"0","like_counter_number":"0","override_dislike_counter":"0","dislike_counter_number":"0"},"footnotes":""},"categories":[3],"tags":[],"class_list":["post-17684","post","type-post","status-publish","format-standard","has-post-thumbnail","hentry","category-infos-des-femmes"],"_links":{"self":[{"href":"https:\/\/wncri.org\/fr\/wp-json\/wp\/v2\/posts\/17684","targetHints":{"allow":["GET"]}}],"collection":[{"href":"https:\/\/wncri.org\/fr\/wp-json\/wp\/v2\/posts"}],"about":[{"href":"https:\/\/wncri.org\/fr\/wp-json\/wp\/v2\/types\/post"}],"author":[{"embeddable":true,"href":"https:\/\/wncri.org\/fr\/wp-json\/wp\/v2\/users\/4"}],"replies":[{"embeddable":true,"href":"https:\/\/wncri.org\/fr\/wp-json\/wp\/v2\/comments?post=17684"}],"version-history":[{"count":1,"href":"https:\/\/wncri.org\/fr\/wp-json\/wp\/v2\/posts\/17684\/revisions"}],"predecessor-version":[{"id":17688,"href":"https:\/\/wncri.org\/fr\/wp-json\/wp\/v2\/posts\/17684\/revisions\/17688"}],"wp:featuredmedia":[{"embeddable":true,"href":"https:\/\/wncri.org\/fr\/wp-json\/wp\/v2\/media\/17685"}],"wp:attachment":[{"href":"https:\/\/wncri.org\/fr\/wp-json\/wp\/v2\/media?parent=17684"}],"wp:term":[{"taxonomy":"category","embeddable":true,"href":"https:\/\/wncri.org\/fr\/wp-json\/wp\/v2\/categories?post=17684"},{"taxonomy":"post_tag","embeddable":true,"href":"https:\/\/wncri.org\/fr\/wp-json\/wp\/v2\/tags?post=17684"}],"curies":[{"name":"wp","href":"https:\/\/api.w.org\/{rel}","templated":true}]}}