{"id":17671,"date":"2023-02-15T10:57:07","date_gmt":"2023-02-15T09:57:07","guid":{"rendered":"https:\/\/wncri.org\/fr\/?p=17671"},"modified":"2023-02-16T15:40:22","modified_gmt":"2023-02-16T14:40:22","slug":"entraineuse-de-culturisme","status":"publish","type":"post","link":"https:\/\/wncri.org\/fr\/2023\/02\/15\/entraineuse-de-culturisme\/","title":{"rendered":"<strong>Une entra\u00eeneuse de culturisme est condamn\u00e9e \u00e0 11 ans de prison et \u00e0 85 coups de fouet<\/strong>"},"content":{"rendered":"\n<h3 class=\"wp-block-heading\"><strong>Une entra\u00eeneuse de culturisme est condamn\u00e9e \u00e0 11 ans de prison et \u00e0 85 coups de fouet<\/strong><\/h3>\n\n\n\n<p>L&#8217;entra\u00eeneuse de culturisme Mina Yaghoubi a \u00e9t\u00e9 condamn\u00e9e \u00e0 11 ans de prison, 85 coups de fouet et d&#8217;autres peines.<\/p>\n\n\n\n<p>L&#8217;entra\u00eeneuse de culturisme Mina Yaqhoubi a publi\u00e9 un <a href=\"https:\/\/twitter.com\/ShMadadzadeh\/status\/1625433505105645568\" target=\"_blank\" rel=\"noreferrer noopener\">clip vid\u00e9o<\/a> le 15 f\u00e9vrier 2023 et a annonc\u00e9 que selon le d\u00e9cret \u00e9mis par le tribunal r\u00e9volutionnaire, elle a \u00e9t\u00e9 condamn\u00e9e \u00e0 8 ans de prison et \u00e0 deux ans d&#8217;interdiction de s\u00e9jour dans la ville de son domicile. Elle a \u00e9galement \u00e9t\u00e9 condamn\u00e9e par le tribunal p\u00e9nal \u00e0 3 ans de prison, \u00e0 recevoir 85 coups de fouet et \u00e0 laver des tombes pendant 124 heures.<\/p>\n\n\n\n<p>Mina Yaghoubi, entra\u00eeneuse de culturisme, a d\u00e9clar\u00e9 dans ce clip vid\u00e9o que la raison de son silence de trois mois \u00e9tait que son avocat s&#8217;\u00e9tait oppos\u00e9 \u00e0 la d\u00e9cision du tribunal et qu&#8217;ils esp\u00e9raient r\u00e9duire la peine.<\/p>\n\n\n<div class=\"wp-block-image\">\n<figure class=\"aligncenter size-full\"><img decoding=\"async\" src=\"data:image\/gif;base64,R0lGODlhAQABAIAAAAAAAP\/\/\/yH5BAEAAAAALAAAAAABAAEAAAIBRAA7\" data-src=\"https:\/\/wncri.org\/fr\/wp-content\/uploads\/2023\/02\/Mina-Yaghoubi-2-min.jpg\" alt=\"Une entra\u00eeneuse de culturisme est condamn\u00e9e \u00e0 11 ans \" class=\"wp-image-17667 lazyload\"\/><noscript><img decoding=\"async\" width=\"750\" height=\"375\" src=\"https:\/\/wncri.org\/fr\/wp-content\/uploads\/2023\/02\/Mina-Yaghoubi-2-min.jpg\" alt=\"Une entra\u00eeneuse de culturisme est condamn\u00e9e \u00e0 11 ans \" class=\"wp-image-17667 lazyload\" srcset=\"https:\/\/wncri.org\/fr\/wp-content\/uploads\/2023\/02\/Mina-Yaghoubi-2-min.jpg 750w, https:\/\/wncri.org\/fr\/wp-content\/uploads\/2023\/02\/Mina-Yaghoubi-2-min-300x150.jpg 300w, https:\/\/wncri.org\/fr\/wp-content\/uploads\/2023\/02\/Mina-Yaghoubi-2-min-360x180.jpg 360w\" sizes=\"(max-width: 750px) 100vw, 750px\" \/><\/noscript><figcaption class=\"wp-element-caption\">L&#8217;entra\u00eeneur de culturisme Mina Yaghoubi a \u00e9t\u00e9 lib\u00e9r\u00e9 sous caution avec un \u0153il contusionn\u00e9 et une t\u00eate cass\u00e9e.<\/figcaption><\/figure>\n<\/div>\n\n\n<p>Mina Yaghoubi, 33 ans, aurait \u00e9t\u00e9 arr\u00eat\u00e9e lors de manifestations \u00e0 Arak le 1er novembre pour avoir jet\u00e9 des pierres sur un cimeti\u00e8re. Elle a une fille de 12 ans et est entra\u00eeneuse de culturisme. Les forces de s\u00e9curit\u00e9 l&#8217;ont enlev\u00e9e devant le club de culturisme o\u00f9 elle travaillait. Elle a \u00e9t\u00e9 interrog\u00e9e pendant 12 heures au cours de sa d\u00e9tention.<\/p>\n\n\n\n<p>Mina Yaghoubi a \u00e9t\u00e9 <a href=\"https:\/\/wncri.org\/fr\/2022\/12\/02\/mina-yaghoubi\/\" target=\"_blank\" rel=\"noreferrer noopener\">lib\u00e9r\u00e9e sous caution<\/a> \u00e0 3 heures du matin le 1er d\u00e9cembre 2022. Des ecchymoses sombres autour de son \u0153il montrent qu&#8217;elle a \u00e9t\u00e9 vicieusement tortur\u00e9e pendant sa d\u00e9tention. L&#8217;h\u00e9matome autour de son \u0153il serait d\u00fb \u00e0 <a href=\"https:\/\/wncri.org\/fr\/2022\/12\/05\/violence\/\" target=\"_blank\" rel=\"noreferrer noopener\">des coups violents port\u00e9s \u00e0 la t\u00eate et au front.<\/a><\/p>\n\n\n\n<h3 class=\"wp-block-heading\"><strong>Des dipl\u00f4m\u00e9s universitaires d\u00e9tenus dans des conditions ind\u00e9termin\u00e9es<\/strong><\/h3>\n\n\n\n<p>Les forces de s\u00e9curit\u00e9 ont arr\u00eat\u00e9 Kobra Huti \u00e0 son domicile et l&#8217;ont emmen\u00e9e dans un lieu inconnu le 8 f\u00e9vrier 2023.<\/p>\n\n\n\n<p>Kobra Huti, 22 ans, est originaire de Qasr-e Qand. Elle est dipl\u00f4m\u00e9e en ing\u00e9nierie industrielle de l&#8217;Universit\u00e9 industrielle des mines de Khach.<\/p>\n\n\n\n<p>Selon les informations diffus\u00e9es par les m\u00e9dias sociaux, Mme Huti est accus\u00e9e d&#8217;avoir publi\u00e9 des messages sur les m\u00e9dias sociaux. Jusqu&#8217;\u00e0 pr\u00e9sent, aucune information n&#8217;a \u00e9t\u00e9 obtenue sur le lieu o\u00f9 se trouve Mme Huti.<\/p>\n\n\n\n<p>On ne dispose pas non plus d&#8217;informations sur la situation de deux autres \u00e9tudiantes dipl\u00f4m\u00e9es.<\/p>\n\n\n<div class=\"wp-block-image\">\n<figure class=\"aligncenter size-full\"><img decoding=\"async\" src=\"data:image\/gif;base64,R0lGODlhAQABAIAAAAAAAP\/\/\/yH5BAEAAAAALAAAAAABAAEAAAIBRAA7\" data-src=\"https:\/\/wncri.org\/fr\/wp-content\/uploads\/2023\/02\/Jairan-Nik-Peyman-Motlaq-min.jpg\" alt=\"Une entra\u00eeneuse de culturisme est condamn\u00e9e\" class=\"wp-image-17666 lazyload\"\/><noscript><img decoding=\"async\" width=\"750\" height=\"375\" src=\"https:\/\/wncri.org\/fr\/wp-content\/uploads\/2023\/02\/Jairan-Nik-Peyman-Motlaq-min.jpg\" alt=\"Une entra\u00eeneuse de culturisme est condamn\u00e9e\" class=\"wp-image-17666 lazyload\" srcset=\"https:\/\/wncri.org\/fr\/wp-content\/uploads\/2023\/02\/Jairan-Nik-Peyman-Motlaq-min.jpg 750w, https:\/\/wncri.org\/fr\/wp-content\/uploads\/2023\/02\/Jairan-Nik-Peyman-Motlaq-min-300x150.jpg 300w, https:\/\/wncri.org\/fr\/wp-content\/uploads\/2023\/02\/Jairan-Nik-Peyman-Motlaq-min-360x180.jpg 360w\" sizes=\"(max-width: 750px) 100vw, 750px\" \/><\/noscript><figcaption class=\"wp-element-caption\">Jairan Nik Peyman Motlaq <\/figcaption><\/figure>\n<\/div>\n\n\n<p>Jairan Nik Peyman Motlaq a \u00e9t\u00e9 arr\u00eat\u00e9e \u00e0 T\u00e9h\u00e9ran le 29 septembre 2022, pendant le soul\u00e8vement national. Elle \u00e9tait \u00e9tudiante en doctorat de physiologie animale \u00e0 l&#8217;universit\u00e9 de Damghan. Elle \u00e9tait \u00e9galement \u00e9crivaine et militante des droits des femmes et des animaux. Mme Nik Peyman a \u00e9t\u00e9 emmen\u00e9e <a href=\"https:\/\/wncri.org\/fr\/2021\/12\/10\/les-conditions-des-femmes-prisons\/\" target=\"_blank\" rel=\"noreferrer noopener\">au quartier 209<\/a> du minist\u00e8re des renseignements de la prison d&#8217;Evine et, deux semaines plus tard, elle a \u00e9t\u00e9 transf\u00e9r\u00e9e \u00e0 la <a href=\"https:\/\/wncri.org\/fr\/2020\/04\/20\/regard-sur-la-situation-tragique-a-la-prison-pour-femmes-de-qarchak-en-iran\/\" target=\"_blank\" rel=\"noreferrer noopener\">prison de Qarchak.<\/a><\/p>\n\n\n<div class=\"wp-block-image\">\n<figure class=\"aligncenter size-full\"><img decoding=\"async\" src=\"data:image\/gif;base64,R0lGODlhAQABAIAAAAAAAP\/\/\/yH5BAEAAAAALAAAAAABAAEAAAIBRAA7\" data-src=\"https:\/\/wncri.org\/fr\/wp-content\/uploads\/2023\/02\/Parisa-Parvaneh-min.jpg\" alt=\"Une entra\u00eeneuse de culturisme est condamn\u00e9e \u00e0 11 ans de prison et \u00e0 85 coups de fouet\" class=\"wp-image-17669 lazyload\"\/><noscript><img decoding=\"async\" width=\"750\" height=\"375\" src=\"https:\/\/wncri.org\/fr\/wp-content\/uploads\/2023\/02\/Parisa-Parvaneh-min.jpg\" alt=\"Une entra\u00eeneuse de culturisme est condamn\u00e9e \u00e0 11 ans de prison et \u00e0 85 coups de fouet\" class=\"wp-image-17669 lazyload\" srcset=\"https:\/\/wncri.org\/fr\/wp-content\/uploads\/2023\/02\/Parisa-Parvaneh-min.jpg 750w, https:\/\/wncri.org\/fr\/wp-content\/uploads\/2023\/02\/Parisa-Parvaneh-min-300x150.jpg 300w, https:\/\/wncri.org\/fr\/wp-content\/uploads\/2023\/02\/Parisa-Parvaneh-min-360x180.jpg 360w\" sizes=\"(max-width: 750px) 100vw, 750px\" \/><\/noscript><figcaption class=\"wp-element-caption\">Parisa Parvaneh <\/figcaption><\/figure>\n<\/div>\n\n\n<p>Les forces de s\u00e9curit\u00e9 ont arr\u00eat\u00e9 Parisa Parvaneh dans le boulevard Hachemiyeh, \u00e0 Machad, le 15 novembre 2022. Elles ont menac\u00e9 la famille de Parvaneh de ne pas rendre publique la nouvelle de l&#8217;arrestation de Parisa afin qu&#8217;elle soit lib\u00e9r\u00e9e, mais jusqu&#8217;\u00e0 pr\u00e9sent, il n&#8217;y a aucune nouvelle de sa lib\u00e9ration.<\/p>\n\n\n\n<p>Parisa Parvaneh, 19 ans, membre de l&#8217;Association iranienne d&#8217;astronomie, participait b\u00e9n\u00e9volement \u00e0 la publication de magazines d&#8217;astronomie et \u00e0 l&#8217;organisation de cours d&#8217;astronomie en ligne pour les jeunes. Cette ann\u00e9e, elle se pr\u00e9parait \u00e0 participer aux Olympiades.<\/p>\n","protected":false},"excerpt":{"rendered":"<p>Une entra\u00eeneuse de culturisme est condamn\u00e9e \u00e0 11 ans de prison et \u00e0 85 coups de fouet L&#8217;entra\u00eeneuse de culturisme Mina Yaghoubi a \u00e9t\u00e9 condamn\u00e9e \u00e0 11 ans de prison, 85 coups de fouet et d&#8217;autres peines. L&#8217;entra\u00eeneuse de culturisme Mina Yaqhoubi a publi\u00e9 un clip vid\u00e9o le 15 f\u00e9vrier 2023 et a annonc\u00e9 que [&hellip;]<\/p>\n","protected":false},"author":4,"featured_media":17668,"comment_status":"closed","ping_status":"closed","sticky":false,"template":"","format":"standard","meta":{"jnews-multi-image_gallery":[],"jnews_single_post":{"subtitle":"","format":"standard","video":"","gallery":"","source_name":"","source_url":"","via_name":"","via_url":"","override_template":"0","override":[{"template":"7","single_blog_custom":"","parallax":"1","fullscreen":"1","layout":"right-sidebar","sidebar":"default-sidebar","second_sidebar":"default-sidebar","sticky_sidebar":"1","share_position":"floatbottom","share_float_style":"share-normal","show_share_counter":"1","show_view_counter":"1","show_featured":"1","show_post_meta":"1","show_post_author":"0","show_post_author_image":"1","show_post_date":"1","post_date_format":"default","post_date_format_custom":"Y\/m\/d","show_post_category":"1","show_post_reading_time":"0","post_reading_time_wpm":"300","show_zoom_button":"0","zoom_button_out_step":"2","zoom_button_in_step":"3","show_post_tag":"1","show_prev_next_post":"0","show_popup_post":"1","number_popup_post":"1","show_author_box":"0","show_post_related":"1","show_inline_post_related":"0"}],"override_image_size":"0","image_override":[{"single_post_thumbnail_size":"crop-500","single_post_gallery_size":"crop-500"}],"trending_post":"0","trending_post_position":"meta","trending_post_label":"Trending","sponsored_post":"0","sponsored_post_label":"Sponsored by","sponsored_post_name":"","sponsored_post_url":"","sponsored_post_logo_enable":"0","sponsored_post_logo":"","sponsored_post_desc":"","disable_ad":"0"},"jnews_primary_category":{"id":"","hide":""},"jnews_social_meta":{"fb_title":"","fb_description":"","fb_image":"","twitter_title":"","twitter_description":"","twitter_image":""},"jnews_override_counter":{"override_view_counter":"0","view_counter_number":"0","override_share_counter":"0","share_counter_number":"0","override_like_counter":"0","like_counter_number":"0","override_dislike_counter":"0","dislike_counter_number":"0"},"footnotes":""},"categories":[3],"tags":[369,370,376],"class_list":["post-17671","post","type-post","status-publish","format-standard","has-post-thumbnail","hentry","category-infos-des-femmes","tag-manifestations","tag-prisonnieres","tag-violence-contre-les-femmes"],"_links":{"self":[{"href":"https:\/\/wncri.org\/fr\/wp-json\/wp\/v2\/posts\/17671","targetHints":{"allow":["GET"]}}],"collection":[{"href":"https:\/\/wncri.org\/fr\/wp-json\/wp\/v2\/posts"}],"about":[{"href":"https:\/\/wncri.org\/fr\/wp-json\/wp\/v2\/types\/post"}],"author":[{"embeddable":true,"href":"https:\/\/wncri.org\/fr\/wp-json\/wp\/v2\/users\/4"}],"replies":[{"embeddable":true,"href":"https:\/\/wncri.org\/fr\/wp-json\/wp\/v2\/comments?post=17671"}],"version-history":[{"count":2,"href":"https:\/\/wncri.org\/fr\/wp-json\/wp\/v2\/posts\/17671\/revisions"}],"predecessor-version":[{"id":17676,"href":"https:\/\/wncri.org\/fr\/wp-json\/wp\/v2\/posts\/17671\/revisions\/17676"}],"wp:featuredmedia":[{"embeddable":true,"href":"https:\/\/wncri.org\/fr\/wp-json\/wp\/v2\/media\/17668"}],"wp:attachment":[{"href":"https:\/\/wncri.org\/fr\/wp-json\/wp\/v2\/media?parent=17671"}],"wp:term":[{"taxonomy":"category","embeddable":true,"href":"https:\/\/wncri.org\/fr\/wp-json\/wp\/v2\/categories?post=17671"},{"taxonomy":"post_tag","embeddable":true,"href":"https:\/\/wncri.org\/fr\/wp-json\/wp\/v2\/tags?post=17671"}],"curies":[{"name":"wp","href":"https:\/\/api.w.org\/{rel}","templated":true}]}}