{"id":17651,"date":"2023-02-13T15:21:15","date_gmt":"2023-02-13T14:21:15","guid":{"rendered":"https:\/\/wncri.org\/fr\/?p=17651"},"modified":"2023-02-23T16:33:04","modified_gmt":"2023-02-23T15:33:04","slug":"lyceenne-tombe","status":"publish","type":"post","link":"https:\/\/wncri.org\/fr\/2023\/02\/13\/lyceenne-tombe\/","title":{"rendered":"Menac\u00e9e d&#8217;expulsion, une lyc\u00e9enne tombe dans le coma"},"content":{"rendered":"\n<h3 class=\"wp-block-heading\">Menac\u00e9e d&#8217;expulsion, une lyc\u00e9enne tombe dans le coma<\/h3>\n\n\n\n<p><\/p>\n\n\n\n<p>Alors que le r\u00e9gime cl\u00e9rical fait preuve d&#8217;amnistie et lib\u00e8re certains prisonniers, des cas douloureux de violations des droits de l&#8217;Homme se poursuivent en Iran, notamment celui d&#8217;une lyc\u00e9enne tombe dans le coma apr\u00e8s avoir \u00e9t\u00e9 menac\u00e9e d&#8217;expulsion de l&#8217;\u00e9cole en raison d&#8217;un post Instagram de soutien aux manifestations en Iran.<\/p>\n\n\n\n<p>De m\u00eame, de nombreux citoyens innocents sont toujours en prison, certains sont convoqu\u00e9s pour purger leur peine, et beaucoup d&#8217;autres sont arr\u00eat\u00e9s ou condamn\u00e9s \u00e0 l&#8217;emprisonnement lors de proc\u00e8s in\u00e9quitables et sommaires.<\/p>\n\n\n\n<h3 class=\"wp-block-heading\"><strong>Une lyc\u00e9enne tombe dans le coma apr\u00e8s avoir \u00e9t\u00e9 menac\u00e9e d&#8217;expulsion<\/strong><\/h3>\n\n\n\n<p>Une lyc\u00e9enne de 17 ans souffrant de diab\u00e8te est tomb\u00e9e dans le coma apr\u00e8s avoir \u00e9t\u00e9 menac\u00e9e d&#8217;expulsion de l&#8217;\u00e9cole et d&#8217;\u00eatre remise aux autorit\u00e9s charg\u00e9es de la s\u00e9curit\u00e9, selon les m\u00e9dias sociaux.<\/p>\n\n\n\n<p>Zahra Ahmadi, 17 ans, est une lyc\u00e9enne tombe qui \u00e9tudie au lyc\u00e9e Umm Kulthum de Sardacht, en Azerba\u00efdjan occidental. Elle souffre de diab\u00e8te.<\/p>\n\n\n\n<p>Le mardi 11 janvier 2023, la <a href=\"https:\/\/wncri.org\/fr\/2022\/11\/08\/directrice-dun-lycee\/\" target=\"_blank\" rel=\"noreferrer noopener\">directrice de l&#8217;\u00e9cole<\/a>, Mme Sediqi Pirizadeh, a appel\u00e9 lalyc\u00e9enne tombe, l&#8217;a menac\u00e9e de l&#8217;expulser de l&#8217;\u00e9cole et l&#8217;a remise aux autorit\u00e9s charg\u00e9es de la s\u00e9curit\u00e9 pour avoir post\u00e9 des stories sur Instagram en soutien au soul\u00e8vement iranien.<\/p>\n\n\n\n<p>Le stress important provoqu\u00e9 par cette menace a fait tomber la lyc\u00e9enne dans le coma.<\/p>\n\n\n\n<p><a href=\"https:\/\/wncri.org\/fr\/2022\/11\/06\/arrestations-2\/\" target=\"_blank\" rel=\"noreferrer noopener\">La directrice de l&#8217;\u00e9cole<\/a> \u00e9tait apparemment au courant de ses ant\u00e9c\u00e9dents de diab\u00e8te.<\/p>\n\n\n<div class=\"wp-block-image\">\n<figure class=\"aligncenter size-full\"><img decoding=\"async\" src=\"data:image\/gif;base64,R0lGODlhAQABAIAAAAAAAP\/\/\/yH5BAEAAAAALAAAAAABAAEAAAIBRAA7\" data-src=\"https:\/\/wncri.org\/fr\/wp-content\/uploads\/2023\/02\/Zeinab-Mousavi.jpg\" alt=\"une lyc\u00e9enne tombe dans le coma\" class=\"wp-image-17654 lazyload\"\/><noscript><img decoding=\"async\" width=\"750\" height=\"375\" src=\"https:\/\/wncri.org\/fr\/wp-content\/uploads\/2023\/02\/Zeinab-Mousavi.jpg\" alt=\"une lyc\u00e9enne tombe dans le coma\" class=\"wp-image-17654 lazyload\" srcset=\"https:\/\/wncri.org\/fr\/wp-content\/uploads\/2023\/02\/Zeinab-Mousavi.jpg 750w, https:\/\/wncri.org\/fr\/wp-content\/uploads\/2023\/02\/Zeinab-Mousavi-300x150.jpg 300w, https:\/\/wncri.org\/fr\/wp-content\/uploads\/2023\/02\/Zeinab-Mousavi-360x180.jpg 360w\" sizes=\"(max-width: 750px) 100vw, 750px\" \/><\/noscript><figcaption class=\"wp-element-caption\">Zeinab Mousavi<\/figcaption><\/figure>\n<\/div>\n\n\n<h3 class=\"wp-block-heading\"><strong>Une com\u00e9dienne iranienne condamn\u00e9e \u00e0 2 ans de prison par la cour d&#8217;appel<\/strong><\/h3>\n\n\n\n<p>Zeinab Mousavi, une com\u00e9dienne iranienne, a \u00e9t\u00e9 convoqu\u00e9e le dimanche 12 f\u00e9vrier 2023 pour purger sa peine de prison.<\/p>\n\n\n\n<p>Zeinab Mousavi est l&#8217;une des premi\u00e8res femmes humoristes de stand-up en Iran et la cr\u00e9atrice du personnage de &#8220;l&#8217;Empereur de Kosoko&#8221;. Elle a \u00e9t\u00e9 arr\u00eat\u00e9e le 12 octobre 2022 dans la ville de Qom par les forces de s\u00e9curit\u00e9. Elle a \u00e9t\u00e9 lib\u00e9r\u00e9e sous caution \u00e0 la mi-novembre.<\/p>\n\n\n\n<p>Pendant sa d\u00e9tention, elle a pass\u00e9 25 jours \u00e0 l&#8217;isolement et a \u00e9t\u00e9 condamn\u00e9e \u00e0 2 ans de prison.<\/p>\n\n\n\n<p>\u00c0 ce jour, il n&#8217;y a aucune information sur les charges retenues contre Zeinab Mousavi.<\/p>\n\n\n<div class=\"wp-block-image\">\n<figure class=\"aligncenter size-full\"><img decoding=\"async\" src=\"data:image\/gif;base64,R0lGODlhAQABAIAAAAAAAP\/\/\/yH5BAEAAAAALAAAAAABAAEAAAIBRAA7\" data-src=\"https:\/\/wncri.org\/fr\/wp-content\/uploads\/2023\/02\/Mahdieh-Soleimani.jpg\" alt=\"Menac\u00e9e d'expulsion, une lyc\u00e9enne tombe\" class=\"wp-image-17652 lazyload\"\/><noscript><img decoding=\"async\" width=\"750\" height=\"375\" src=\"https:\/\/wncri.org\/fr\/wp-content\/uploads\/2023\/02\/Mahdieh-Soleimani.jpg\" alt=\"Menac\u00e9e d'expulsion, une lyc\u00e9enne tombe\" class=\"wp-image-17652 lazyload\" srcset=\"https:\/\/wncri.org\/fr\/wp-content\/uploads\/2023\/02\/Mahdieh-Soleimani.jpg 750w, https:\/\/wncri.org\/fr\/wp-content\/uploads\/2023\/02\/Mahdieh-Soleimani-300x150.jpg 300w, https:\/\/wncri.org\/fr\/wp-content\/uploads\/2023\/02\/Mahdieh-Soleimani-360x180.jpg 360w\" sizes=\"(max-width: 750px) 100vw, 750px\" \/><\/noscript><figcaption class=\"wp-element-caption\">Mahdieh Soleimani<\/figcaption><\/figure>\n<\/div>\n\n\n<h3 class=\"wp-block-heading\"><strong>Une \u00e9tudiante en th\u00e9\u00e2tre est arr\u00eat\u00e9e<\/strong><\/h3>\n\n\n\n<p>Les forces de s\u00e9curit\u00e9 ont arr\u00eat\u00e9 Mahdieh Soleimani \u00e0 son domicile \u00e0 T\u00e9h\u00e9ran, le 8 d\u00e9cembre 2022.<\/p>\n\n\n\n<p>Mahdieh Soleimani, 22 ans, est \u00e9tudiante en th\u00e9\u00e2tre \u00e0 l&#8217;Universit\u00e9 Azad de T\u00e9h\u00e9ran, branche Sohanak. Elle vient de commencer \u00e0 travailler en tant qu&#8217;actrice.<\/p>\n\n\n\n<p>Le jour de son arrestation, les agents de s\u00e9curit\u00e9 ont emport\u00e9 son t\u00e9l\u00e9phone portable et son ordinateur personnel. Mahdieh Soleimani est actuellement d\u00e9tenue \u00e0 la prison d&#8217;Evine et aucune information n&#8217;est disponible sur les charges retenues contre elle.<\/p>\n\n\n\n<h3 class=\"wp-block-heading\"><strong>Des jeunes d&#8217;Ourmia condamn\u00e9s \u00e0 la prison lors d&#8217;un proc\u00e8s sommaire<\/strong><\/h3>\n\n\n\n<p>La s\u00e9ance de proc\u00e8s de 18 jeunes d&#8217;<a href=\"https:\/\/fr.wikipedia.org\/wiki\/Ourmia\" target=\"_blank\" rel=\"noreferrer noopener\">Ourmia<\/a> s&#8217;est tenue le mercredi 1er f\u00e9vrier 2023, pendant quelques minutes seulement, \u00e0 la branche 3 du tribunal r\u00e9volutionnaire d&#8217;Ourmia. Ces jeunes gens, dont quatre jeunes femmes, avaient \u00e9t\u00e9 enlev\u00e9s par les services de renseignement de l&#8217;IRGC.<\/p>\n\n\n\n<p>Les quatre jeunes femmes sont Golsa Bashiri Rad, Leila Alavieh, Nazanin Ghahremani, et Samaneh Fat&#8217;hi, une adolescente de 15 ans.<\/p>\n\n\n\n<p>Les jeunes d\u00e9tenus sont accus\u00e9s d&#8217;avoir &#8220;agi pour porter atteinte \u00e0 l&#8217;int\u00e9grit\u00e9 ou \u00e0 l&#8217;ind\u00e9pendance du pays&#8221;, &#8220;d&#8217;assemblage et de collusion pour agir contre la s\u00e9curit\u00e9 nationale en enseignant l&#8217;utilisation de cocktails Molotov et de propagande contre l&#8217;\u00c9tat&#8221;. Le tribunal r\u00e9volutionnaire d&#8217;Ourmia n&#8217;a si\u00e9g\u00e9 que quelques minutes. Le pr\u00e9sident du tribunal a officieusement annonc\u00e9 la possibilit\u00e9 de condamner chacun des jeunes \u00e0 une peine de 2 \u00e0 5 ans de prison et a fix\u00e9 une caution de 500 millions de tomans pour chacun.<\/p>\n\n\n\n<p>Menac\u00e9e d&#8217;expulsion, une lyc\u00e9enne tombe dans le coma<\/p>\n","protected":false},"excerpt":{"rendered":"<p>Menac\u00e9e d&#8217;expulsion, une lyc\u00e9enne tombe dans le coma Alors que le r\u00e9gime cl\u00e9rical fait preuve d&#8217;amnistie et lib\u00e8re certains prisonniers, des cas douloureux de violations des droits de l&#8217;Homme se poursuivent en Iran, notamment celui d&#8217;une lyc\u00e9enne tombe dans le coma apr\u00e8s avoir \u00e9t\u00e9 menac\u00e9e d&#8217;expulsion de l&#8217;\u00e9cole en raison d&#8217;un post Instagram de soutien [&hellip;]<\/p>\n","protected":false},"author":4,"featured_media":17653,"comment_status":"closed","ping_status":"closed","sticky":false,"template":"","format":"standard","meta":{"jnews-multi-image_gallery":[],"jnews_single_post":{"subtitle":"","format":"standard","video":"","gallery":"","source_name":"","source_url":"","via_name":"","via_url":"","override_template":"0","override":[{"template":"7","single_blog_custom":"","parallax":"1","fullscreen":"1","layout":"right-sidebar","sidebar":"default-sidebar","second_sidebar":"default-sidebar","sticky_sidebar":"1","share_position":"floatbottom","share_float_style":"share-normal","show_share_counter":"1","show_view_counter":"1","show_featured":"1","show_post_meta":"1","show_post_author":"0","show_post_author_image":"1","show_post_date":"1","post_date_format":"default","post_date_format_custom":"Y\/m\/d","show_post_category":"1","show_post_reading_time":"0","post_reading_time_wpm":"300","show_zoom_button":"0","zoom_button_out_step":"2","zoom_button_in_step":"3","show_post_tag":"1","show_prev_next_post":"0","show_popup_post":"1","number_popup_post":"1","show_author_box":"0","show_post_related":"1","show_inline_post_related":"0"}],"override_image_size":"0","image_override":[{"single_post_thumbnail_size":"crop-500","single_post_gallery_size":"crop-500"}],"trending_post":"0","trending_post_position":"meta","trending_post_label":"Trending","sponsored_post":"0","sponsored_post_label":"Sponsored by","sponsored_post_name":"","sponsored_post_url":"","sponsored_post_logo_enable":"0","sponsored_post_logo":"","sponsored_post_desc":"","disable_ad":"0"},"jnews_primary_category":{"id":"","hide":""},"jnews_social_meta":{"fb_title":"","fb_description":"","fb_image":"","twitter_title":"","twitter_description":"","twitter_image":""},"jnews_override_counter":{"override_view_counter":"0","view_counter_number":"0","override_share_counter":"0","share_counter_number":"0","override_like_counter":"0","like_counter_number":"0","override_dislike_counter":"0","dislike_counter_number":"0"},"footnotes":""},"categories":[3],"tags":[369,370,376],"class_list":["post-17651","post","type-post","status-publish","format-standard","has-post-thumbnail","hentry","category-infos-des-femmes","tag-manifestations","tag-prisonnieres","tag-violence-contre-les-femmes"],"_links":{"self":[{"href":"https:\/\/wncri.org\/fr\/wp-json\/wp\/v2\/posts\/17651","targetHints":{"allow":["GET"]}}],"collection":[{"href":"https:\/\/wncri.org\/fr\/wp-json\/wp\/v2\/posts"}],"about":[{"href":"https:\/\/wncri.org\/fr\/wp-json\/wp\/v2\/types\/post"}],"author":[{"embeddable":true,"href":"https:\/\/wncri.org\/fr\/wp-json\/wp\/v2\/users\/4"}],"replies":[{"embeddable":true,"href":"https:\/\/wncri.org\/fr\/wp-json\/wp\/v2\/comments?post=17651"}],"version-history":[{"count":3,"href":"https:\/\/wncri.org\/fr\/wp-json\/wp\/v2\/posts\/17651\/revisions"}],"predecessor-version":[{"id":17720,"href":"https:\/\/wncri.org\/fr\/wp-json\/wp\/v2\/posts\/17651\/revisions\/17720"}],"wp:featuredmedia":[{"embeddable":true,"href":"https:\/\/wncri.org\/fr\/wp-json\/wp\/v2\/media\/17653"}],"wp:attachment":[{"href":"https:\/\/wncri.org\/fr\/wp-json\/wp\/v2\/media?parent=17651"}],"wp:term":[{"taxonomy":"category","embeddable":true,"href":"https:\/\/wncri.org\/fr\/wp-json\/wp\/v2\/categories?post=17651"},{"taxonomy":"post_tag","embeddable":true,"href":"https:\/\/wncri.org\/fr\/wp-json\/wp\/v2\/tags?post=17651"}],"curies":[{"name":"wp","href":"https:\/\/api.w.org\/{rel}","templated":true}]}}