{"id":17621,"date":"2024-02-11T10:09:00","date_gmt":"2024-02-11T09:09:00","guid":{"rendered":"https:\/\/wncri.org\/fr\/?p=17621"},"modified":"2024-02-11T10:58:57","modified_gmt":"2024-02-11T09:58:57","slug":"revolution-antimonarchique","status":"publish","type":"post","link":"https:\/\/wncri.org\/fr\/2024\/02\/11\/revolution-antimonarchique\/","title":{"rendered":"La r\u00e9volution antimonarchique de 1979 : l&#8217;esprit in\u00e9branlable des femmes iraniennes"},"content":{"rendered":"\n<h3 class=\"wp-block-heading\">La r\u00e9volution antimonarchique de 1979 : l&#8217;esprit in\u00e9branlable des femmes iraniennes<\/h3>\n\n\n\n<p><strong><em>Comm\u00e9moration des vaillantes contributions des femmes emprisonn\u00e9es et tortur\u00e9es par le r\u00e9gime du chah<\/em><\/strong><\/p>\n\n\n\n<p>La r\u00e9volution antimonarchique du 11 f\u00e9vrier 1979 a \u00e9t\u00e9 un moment d\u00e9cisif dans l&#8217;histoire de l&#8217;Iran. Elle a marqu\u00e9 la fin de d\u00e9cennies de dictature sous le r\u00e9gime du chah et le d\u00e9but d&#8217;une nouvelle \u00e8re d&#8217;espoir pour la libert\u00e9, la d\u00e9mocratie et la justice sociale. Les femmes ont jou\u00e9 <a href=\"https:\/\/wncri.org\/fr\/2023\/02\/10\/le-bond-en-avant-des-iraniennes-dans-la-revolution-de-1979-2\/\" target=\"_blank\" rel=\"noreferrer noopener\">un r\u00f4le essentiel dans la r\u00e9volution<\/a>, influenc\u00e9es par les id\u00e9aux progressistes des mouvements des Moudjahidine et des Fedayins.<\/p>\n\n\n\n<p>Malgr\u00e9 l&#8217;oppression brutale de la police secr\u00e8te du chah, la SAVAK, ces femmes ont lutt\u00e9 sans rel\u00e2che pour un avenir meilleur pour elles-m\u00eames et pour leur pays. Elles ont endur\u00e9 la torture, l&#8217;emprisonnement et m\u00eame la mort dans leur qu\u00eate de libert\u00e9. Ces femmes courageuses ont \u00e9t\u00e9 des symboles de r\u00e9sistance, inspirant les g\u00e9n\u00e9rations \u00e0 venir.<\/p>\n\n\n\n<p>Jaleh Daii, Fatemeh Amini, Ashraf Rajavi, Asharf Ahmai, Zahra Nowruzi et Massoumeh Shademani \u00e9taient parmi les nombreux prisonniers politiques sous le chah qui ont souffert aux mains de la SAVAK.<\/p>\n\n\n\n<p>Ces femmes et leurs sacrifices nous rappellent la puissance de l&#8217;esprit humain et l&#8217;importance de la lutte pour la justice. Leur h\u00e9ritage continue d&#8217;inspirer les femmes d&#8217;Iran et du monde entier jusqu&#8217;\u00e0 ce jour.<\/p>\n\n\n\n<h3 class=\"wp-block-heading\"><strong>Jaleh Daii, ancienne prisonni\u00e8re politique sous le chah<\/strong><\/h3>\n\n\n\n<p>Jaleh Daii, aujourd&#8217;hui membre du mouvement d&#8217;opposition OMPI, a \u00e9t\u00e9 emprisonn\u00e9e par la police secr\u00e8te du chah \u00e0 l&#8217;\u00e2ge de 15 ans et a \u00e9t\u00e9 t\u00e9moin du traitement horrible r\u00e9serv\u00e9 aux prisonniers.<\/p>\n\n\n\n<p>Jaleh a \u00e9t\u00e9 arr\u00eat\u00e9e en 1976. On lui a couvert la t\u00eate et on l&#8217;a emmen\u00e9e dans l&#8217;un des centres de d\u00e9tention notoires de la police secr\u00e8te, connu sous le nom de Komiteh Shahrbani.<\/p>\n\n\n\n<p>Elle a d\u00e9clar\u00e9 : &#8220;Je me souviens avoir mont\u00e9e les escaliers et travers\u00e9e les couloirs. Bien que ma t\u00eate soit couverte, je pouvais voir le sol. Je pouvais voir les jambes des prisonniers qui \u00e9taient assis sur le sol et attendaient dans le couloir. Ils avaient tous \u00e9t\u00e9 fouett\u00e9s et leurs pieds et jambes \u00e9taient ensanglant\u00e9s et enflamm\u00e9s. Certaines jambes \u00e9taient infect\u00e9es jusqu&#8217;au genou&#8221;.<\/p>\n\n\n\n<p>Jaleh a pass\u00e9 quelques mois dans cet endroit \u00e9pouvantable, puis a \u00e9t\u00e9 transf\u00e9r\u00e9e dans le quartier des femmes de la prison de Qasr, o\u00f9 \u00e9taient d\u00e9tenues au moins 100 prisonni\u00e8res politiques de tous \u00e2ges.<\/p>\n\n\n\n<p>Jaleh raconte : &#8220;Toutes les prisonni\u00e8res sans exception avaient \u00e9t\u00e9 tortur\u00e9es et fouett\u00e9es. J&#8217;ai vu beaucoup d&#8217;\u00e9tudiantes mineures comme moi.&#8221;<\/p>\n\n\n<div class=\"wp-block-image\">\n<figure class=\"aligncenter size-full\"><img decoding=\"async\" src=\"data:image\/gif;base64,R0lGODlhAQABAIAAAAAAAP\/\/\/yH5BAEAAAAALAAAAAABAAEAAAIBRAA7\" data-src=\"https:\/\/wncri.org\/fr\/wp-content\/uploads\/2019\/08\/Fatemeh-Amini_FR.jpg\" alt=\"Fatemeh Amini\" class=\"wp-image-8266 lazyload\"\/><noscript><img decoding=\"async\" width=\"740\" height=\"500\" src=\"https:\/\/wncri.org\/fr\/wp-content\/uploads\/2019\/08\/Fatemeh-Amini_FR.jpg\" alt=\"Fatemeh Amini\" class=\"wp-image-8266 lazyload\" srcset=\"https:\/\/wncri.org\/fr\/wp-content\/uploads\/2019\/08\/Fatemeh-Amini_FR.jpg 740w, https:\/\/wncri.org\/fr\/wp-content\/uploads\/2019\/08\/Fatemeh-Amini_FR-300x203.jpg 300w\" sizes=\"(max-width: 740px) 100vw, 740px\" \/><\/noscript><\/figure>\n<\/div>\n\n\n<h3 class=\"wp-block-heading\"><strong>Fatemeh Amini<\/strong><\/h3>\n\n\n\n<p>Fatemeh Amini est devenue un symbole de la lutte des femmes pour la libert\u00e9 et est morte sous la torture. Fatemeh Amini a commenc\u00e9 ses activit\u00e9s politiques en tant qu&#8217;intellectuelle \u00e9prise de libert\u00e9 \u00e0 l&#8217;\u00e9cole de litt\u00e9rature de l&#8217;universit\u00e9 de Machad et a rapidement form\u00e9 l&#8217;Association des femmes progressistes.<\/p>\n\n\n\n<p>Apr\u00e8s avoir obtenu son dipl\u00f4me en 1964, elle a commenc\u00e9 \u00e0 enseigner dans des lyc\u00e9es de filles.<\/p>\n\n\n\n<p>En 1970, elle se rend \u00e0 T\u00e9h\u00e9ran o\u00f9 elle fait la connaissance de l&#8217;opposition clandestine OMPI, dont elle devient rapidement membre.<\/p>\n\n\n\n<p>La police secr\u00e8te du chah a arr\u00eat\u00e9 Fatemeh Amini en 1974 et l&#8217;a emmen\u00e9e sous la torture.<\/p>\n\n\n\n<p>Fatemeh a \u00e9t\u00e9 fouett\u00e9e et tortur\u00e9e pendant des mois. Son dos a \u00e9t\u00e9 br\u00fbl\u00e9 avec un grilloir \u00e9lectrique pendant de longues heures. Bien qu&#8217;elle soit devenue paralys\u00e9e sous la torture, elle n&#8217;a m\u00eame pas donn\u00e9 son nom aux interrogateurs. Elle est finalement morte sous la torture le 16 ao\u00fbt 1975.<\/p>\n\n\n\n<p>Sa r\u00e9sistance sous la torture a constitu\u00e9 un mod\u00e8le in\u00e9gal\u00e9 pour les jeunes filles \u00e9prises de libert\u00e9 en Iran. Apr\u00e8s la r\u00e9volution antimonarchique de 1979, des dizaines de lyc\u00e9es ont \u00e9t\u00e9 baptis\u00e9s de son nom.<\/p>\n\n\n<div class=\"wp-block-image\">\n<figure class=\"aligncenter size-full\"><img decoding=\"async\" src=\"data:image\/gif;base64,R0lGODlhAQABAIAAAAAAAP\/\/\/yH5BAEAAAAALAAAAAABAAEAAAIBRAA7\" data-src=\"https:\/\/wncri.org\/fr\/wp-content\/uploads\/2018\/02\/Ashraf-Rajavi_FR.jpg\" alt=\"Ashraf Rajavi\" class=\"wp-image-12732 lazyload\"\/><noscript><img decoding=\"async\" width=\"750\" height=\"375\" src=\"https:\/\/wncri.org\/fr\/wp-content\/uploads\/2018\/02\/Ashraf-Rajavi_FR.jpg\" alt=\"Ashraf Rajavi\" class=\"wp-image-12732 lazyload\" srcset=\"https:\/\/wncri.org\/fr\/wp-content\/uploads\/2018\/02\/Ashraf-Rajavi_FR.jpg 750w, https:\/\/wncri.org\/fr\/wp-content\/uploads\/2018\/02\/Ashraf-Rajavi_FR-300x150.jpg 300w, https:\/\/wncri.org\/fr\/wp-content\/uploads\/2018\/02\/Ashraf-Rajavi_FR-360x180.jpg 360w\" sizes=\"(max-width: 750px) 100vw, 750px\" \/><\/noscript><\/figure>\n<\/div>\n\n\n<h3 class=\"wp-block-heading\"><strong>Ashraf Radjavi<\/strong><\/h3>\n\n\n\n<p>Ashraf Radjavi a perdu l&#8217;ou\u00efe suite \u00e0 des tortures sauvages mais a continu\u00e9 \u00e0 se battre pour la libert\u00e9 jusqu&#8217;\u00e0 ce qu&#8217;elle soit tu\u00e9e par les mollahs en 1982.<\/p>\n\n\n\n<p>Ashraf Radjavi avait obtenu une licence de physique \u00e0 l&#8217;universit\u00e9 de T\u00e9h\u00e9ran. Mais son c\u0153ur allait vers les personnes d\u00e9munies qui souffraient dans un pays assis sur une mer de p\u00e9trole.<\/p>\n\n\n\n<p>Bien qu&#8217;ayant la possibilit\u00e9 de mener une vie agr\u00e9able, elle a choisi d&#8217;aider les d\u00e9favoris\u00e9s.<\/p>\n\n\n\n<p>C&#8217;est ainsi qu&#8217;elle fait la connaissance des Moudjahidines du peuple ou OMPI, une nouvelle organisation clandestine anti-chah, et qu&#8217;elle la rejoint en 1971.<\/p>\n\n\n\n<p>Elle a \u00e9t\u00e9 arr\u00eat\u00e9e deux fois, de 1972 \u00e0 1974 et en 1976, et a subi des tortures sauvages \u00e0 cause desquelles elle a perdu l&#8217;audition d&#8217;une oreille.<\/p>\n\n\n\n<p>Jaleh Daii explique que la premi\u00e8re fois qu&#8217;elle a vu les cicatrices de torture sur le corps d&#8217;Ashraf Radjavi, elle n&#8217;a pas pu supporter de les voir et s&#8217;est \u00e9vanouie.&nbsp;<\/p>\n\n\n\n<p>Le r\u00e9gime du chah a condamn\u00e9 Achraf \u00e0 la prison \u00e0 vie mais le peuple iranien l&#8217;a lib\u00e9r\u00e9e avec le dernier groupe de prisonniers politiques le 20 janvier 1979.<\/p>\n\n\n\n<p>Ashraf a continu\u00e9 sa lutte pour la libert\u00e9. Pour cette raison, les mollahs ont termin\u00e9 le travail inachev\u00e9 du chah. Ils ont tu\u00e9 Achraf Radjavi le 8 f\u00e9vrier 1982.<\/p>\n\n\n\n<p>Ainsi, la vie et la mort d&#8217;Achraf sont devenues la tradition d&#8217;une g\u00e9n\u00e9ration de femmes de l&#8217;OMPI en Iran qui dirigent la R\u00e9sistance iranienne aujourd&#8217;hui.<\/p>\n\n\n<div class=\"wp-block-image\">\n<figure class=\"aligncenter size-full\"><img decoding=\"async\" src=\"data:image\/gif;base64,R0lGODlhAQABAIAAAAAAAP\/\/\/yH5BAEAAAAALAAAAAABAAEAAAIBRAA7\" data-src=\"https:\/\/wncri.org\/fr\/wp-content\/uploads\/2023\/02\/Massoumeh-Shademani-min.jpg\" alt=\"r\u00e9volution antimonarchique\" class=\"wp-image-17623 lazyload\"\/><noscript><img decoding=\"async\" width=\"750\" height=\"375\" src=\"https:\/\/wncri.org\/fr\/wp-content\/uploads\/2023\/02\/Massoumeh-Shademani-min.jpg\" alt=\"r\u00e9volution antimonarchique\" class=\"wp-image-17623 lazyload\" srcset=\"https:\/\/wncri.org\/fr\/wp-content\/uploads\/2023\/02\/Massoumeh-Shademani-min.jpg 750w, https:\/\/wncri.org\/fr\/wp-content\/uploads\/2023\/02\/Massoumeh-Shademani-min-300x150.jpg 300w, https:\/\/wncri.org\/fr\/wp-content\/uploads\/2023\/02\/Massoumeh-Shademani-min-360x180.jpg 360w\" sizes=\"(max-width: 750px) 100vw, 750px\" \/><\/noscript><\/figure>\n<\/div>\n\n\n<h3 class=\"wp-block-heading\"><strong>Massoumeh Shademani<\/strong><\/h3>\n\n\n\n<p>Massoumeh Shademani, connue sous le nom de M\u00e8re Kabiri, \u00e9tait une femme pleine d&#8217;entrain qui inspirait ses cod\u00e9tenues malgr\u00e9 les tortures brutales qu&#8217;elle subissait.<\/p>\n\n\n\n<p>Massoumeh Shademani ou M\u00e8re Kabiri faisait partie du dernier groupe de prisonniers politiques lib\u00e9r\u00e9s des ge\u00f4les du chah une dizaine de jours avant la r\u00e9volution antimonarchique de 1979.<\/p>\n\n\n\n<p>Massoumeh Shademani avait 40 ans et cinq enfants lorsqu&#8217;elle a rejoint l&#8217;OMPI. Elle a \u00e9t\u00e9 arr\u00eat\u00e9e en 1974, et emmen\u00e9e sous une torture brutale. Ses interrogateurs savaient tout de ses activit\u00e9s, mais elle n&#8217;a pas dit un mot sous la torture.<\/p>\n\n\n\n<p>Jaleh dit que les jambes de M\u00e8re Kabiri ont \u00e9t\u00e9 d\u00e9form\u00e9es sous la torture et qu&#8217;elle pouvait \u00e0 peine marcher.<\/p>\n\n\n\n<p>Mais M\u00e8re Kabiri \u00e9tait toujours pleine d&#8217;entrain et inspirait ses cod\u00e9tenues. Le tribunal de premi\u00e8re instance l&#8217;a condamn\u00e9e \u00e0 mort, un verdict qui a ensuite \u00e9t\u00e9 commu\u00e9 en prison \u00e0 vie.<\/p>\n\n\n\n<p>Elle avait pass\u00e9 cinq ans en prison lorsqu&#8217;elle a \u00e9t\u00e9 lib\u00e9r\u00e9e par le peuple iranien lors de la r\u00e9volution antimonarchique de 1979.<\/p>\n\n\n\n<p>Deux ans plus tard, M\u00e8re Kabiri a \u00e9t\u00e9 ex\u00e9cut\u00e9e par le r\u00e9gime de Khomeini.<\/p>\n\n\n<div class=\"wp-block-image\">\n<figure class=\"aligncenter size-full\"><img decoding=\"async\" src=\"data:image\/gif;base64,R0lGODlhAQABAIAAAAAAAP\/\/\/yH5BAEAAAAALAAAAAABAAEAAAIBRAA7\" data-src=\"https:\/\/wncri.org\/fr\/wp-content\/uploads\/2016\/10\/Ashraf-Ahmadi.jpg\" alt=\"r\u00e9volution antimonarchique\" class=\"wp-image-14025 lazyload\"\/><noscript><img decoding=\"async\" width=\"750\" height=\"375\" src=\"https:\/\/wncri.org\/fr\/wp-content\/uploads\/2016\/10\/Ashraf-Ahmadi.jpg\" alt=\"r\u00e9volution antimonarchique\" class=\"wp-image-14025 lazyload\" srcset=\"https:\/\/wncri.org\/fr\/wp-content\/uploads\/2016\/10\/Ashraf-Ahmadi.jpg 750w, https:\/\/wncri.org\/fr\/wp-content\/uploads\/2016\/10\/Ashraf-Ahmadi-300x150.jpg 300w, https:\/\/wncri.org\/fr\/wp-content\/uploads\/2016\/10\/Ashraf-Ahmadi-360x180.jpg 360w\" sizes=\"(max-width: 750px) 100vw, 750px\" \/><\/noscript><\/figure>\n<\/div>\n\n\n<h3 class=\"wp-block-heading\"><strong>Ashraf Ahmadi<\/strong><\/h3>\n\n\n\n<p><a href=\"https:\/\/wncri.org\/fr\/2016\/10\/29\/achraf-sadat-ahmadi\/\">Ashraf Ahma<\/a><a href=\"https:\/\/wncri.org\/fr\/2016\/10\/29\/achraf-sadat-ahmadi\/\" target=\"_blank\" rel=\"noreferrer noopener\">d<\/a><a href=\"https:\/\/wncri.org\/fr\/2016\/10\/29\/achraf-sadat-ahmadi\/\">i<\/a> est une autre femme iranienne courageuse tortur\u00e9e par la police secr\u00e8te du chah. Elle avait quatre enfants et a \u00e9t\u00e9 d\u00e9tenue pendant trois ans sous le r\u00e9gime du chah.<\/p>\n\n\n\n<p>Ashraf Ahmadi a commenc\u00e9 ses activit\u00e9s au sein du OMPI en 1971. Son fr\u00e8re a\u00een\u00e9 \u00e9tait un prisonnier politique. La premi\u00e8re fois qu&#8217;elle a \u00e9t\u00e9 arr\u00eat\u00e9e en 1975, elle \u00e9tait enceinte et souffrait d&#8217;un probl\u00e8me cardiaque. Cependant, la police secr\u00e8te, la SAVAK, l&#8217;a impitoyablement tortur\u00e9e pour lui soutirer des informations.<\/p>\n\n\n\n<p>Ashraf est rest\u00e9e <a href=\"https:\/\/wncri.org\/fr\/2016\/10\/29\/achraf-sadat-ahmadi\/\" target=\"_blank\" rel=\"noreferrer noopener\">forte et r\u00e9sistante<\/a> sous la torture et elle n&#8217;a donn\u00e9 aucune de ses vastes informations sur les activit\u00e9s de l&#8217;OMPI. Elle a \u00e9t\u00e9 condamn\u00e9e \u00e0 15 ans de prison mais a \u00e9t\u00e9 lib\u00e9r\u00e9e trois ans plus tard, juste avant le renversement du chah.<\/p>\n\n\n\n<p>Ashraf Ahmadi a de nouveau \u00e9t\u00e9 arr\u00eat\u00e9e par les mollahs. Elle fait partie des 30 000 prisonniers politiques massacr\u00e9s en 1988.<\/p>\n\n\n\n<h3 class=\"wp-block-heading\"><strong>Zahra Nowruzi<\/strong><\/h3>\n\n\n\n<p>Une autre exemple vivante de r\u00e9sistance h\u00e9ro\u00efque sous la torture dans les prisons du chah est Zahra Nowruzi ou M\u00e8re Rezai. Elle a perdu huit enfants et beaux-parents sous les deux dictatures.<\/p>\n\n\n\n<p>En 1975, elle et ses filles ont \u00e9t\u00e9 arr\u00eat\u00e9es par la SAVAK, la police secr\u00e8te du chah.<\/p>\n\n\n\n<p>M\u00e8re Rezai a expliqu\u00e9 un jour : &#8220;Au d\u00e9but, ils m&#8217;ont beaucoup tortur\u00e9e comme mes enfants. Ils m&#8217;ont fouett\u00e9 la plante des pieds de telle sorte que ma chair s&#8217;est ouverte. Mon pied gauche \u00e9tait pire que le droit. La derni\u00e8re fois qu&#8217;ils m&#8217;ont fouett\u00e9, je n&#8217;avais plus d&#8217;\u00e9nergie en moi. Ils se sont arr\u00eat\u00e9s mais un des interrogateurs a continu\u00e9 \u00e0 me fouetter sur la t\u00eate et le cou.<\/p>\n\n\n\n<p>&#8220;Une autre nuit, ils m&#8217;ont appel\u00e9 et ont recommenc\u00e9 \u00e0 me fouetter. Mes pieds ont commenc\u00e9 \u00e0 saigner. Je suis tomb\u00e9e sur le sol et l&#8217;interrogateur a appuy\u00e9 son pied sur mon dos. Puis ils m&#8217;ont suspendu \u00e0 la fen\u00eatre par les poignets et ont retir\u00e9 la chaise de sous mes pieds.<\/p>\n\n\n\n<p>&#8220;Ensuite, ils ont d\u00e9tach\u00e9 l&#8217;un de mes poignets et m&#8217;ont laiss\u00e9 pendre par un poignet. Mon bras et mon poignet avaient gonfl\u00e9, alors ils m&#8217;ont fait descendre et m&#8217;ont jet\u00e9 dans ma cellule. Mes pieds s&#8217;\u00e9taient gravement infect\u00e9s.<\/p>\n\n\n\n<p>&#8220;J&#8217;ai pass\u00e9 plusieurs mois dans une cellule d&#8217;isolement et une autre ann\u00e9e dans la prison d&#8217;Evine sans avoir de nouvelles de mes jeunes enfants. Puis ils m&#8217;ont jug\u00e9e et m&#8217;ont condamn\u00e9e \u00e0 trois ans de prison.&#8221;<\/p>\n\n\n\n<p>***<\/p>\n\n\n\n<p>Ce ne sont l\u00e0 que quelques exemples parmi les nombreuses autres injustices commises par le r\u00e9gime du chah. La bravoure de ces femmes t\u00e9moigne de l&#8217;impact des femmes iraniennes sur la r\u00e9volution antimonarchique de 1979. Elles sont des symboles de r\u00e9sistance et continuent d&#8217;inspirer des g\u00e9n\u00e9rations \u00e0 se battre pour la libert\u00e9, la d\u00e9mocratie et la justice sociale.<\/p>\n\n\n\n<p>Au milieu des ann\u00e9es 1970, les m\u00e8res et les familles des prisonniers politiques et celles dont les fils et les filles avaient \u00e9t\u00e9 ex\u00e9cut\u00e9s par le chah ont form\u00e9 le tout premier noyau des groupes de r\u00e9sistance.<\/p>\n\n\n\n<p>Les derniers mois pr\u00e9c\u00e9dant la r\u00e9volution antimonarchique de 1979 ont vu une vaste participation de jeunes femmes et de jeunes filles dans toutes les villes du pays.<\/p>\n\n\n\n<p>Les femmes sont apparues comme une nouvelle force s\u00e9rieuse dans la r\u00e9volution de 1979, jouant un r\u00f4le remarquable. Elles ne pouvaient \u00eatre arr\u00eat\u00e9es et \u00e9taient partout en phase avec les hommes.<\/p>\n\n\n\n<p>L&#8217;ampleur de la participation des femmes \u00e0 la R\u00e9volution de 1979 qui a renvers\u00e9 le chah \u00e9tait sans pr\u00e9c\u00e9dent dans l&#8217;histoire de l&#8217;Iran. Ce fut un grand pas en avant pour les femmes iraniennes qui ont poursuivi leur lutte d\u00e9sint\u00e9ress\u00e9e contre une dictature plus brutale sous les mollahs.<\/p>\n\n\n\n<p>Les femmes iraniennes ont progress\u00e9 au point de diriger la principale force d&#8217;opposition, l&#8217;OMPI , depuis plus de trois d\u00e9cennies, et d&#8217;inspirer le leadership des femmes de la r\u00e9volution iranienne, aujourd&#8217;hui.<\/p>\n\n\n\n<p>Les femmes iraniennes et le peuple iranien, en g\u00e9n\u00e9ral, disent non \u00e0 toutes les formes de dictature. Comme nous les avons entendus le chanter \u00e0 chaque occasion en Iran et \u00e0 l&#8217;\u00e9tranger, &#8220;Non \u00e0 l&#8217;oppresseur, qu&#8217;il s&#8217;agisse du chah ou du chef des mollahs&#8221;.<\/p>\n\n\n\n<p>Les femmes iraniennes regardent vers l&#8217;avenir, pas vers le pass\u00e9. Elles veulent une r\u00e9publique d\u00e9mocratique, moderne et libre, avec la s\u00e9paration de la religion et de l&#8217;\u00c9tat, l&#8217;\u00e9galit\u00e9 des sexes, pas de torture, pas d&#8217;ex\u00e9cutions, pas de police secr\u00e8te et pas d&#8217;IRGC.<\/p>\n","protected":false},"excerpt":{"rendered":"<p>La r\u00e9volution antimonarchique de 1979 : l&#8217;esprit in\u00e9branlable des femmes iraniennes Comm\u00e9moration des vaillantes contributions des femmes emprisonn\u00e9es et tortur\u00e9es par le r\u00e9gime du chah La r\u00e9volution antimonarchique du 11 f\u00e9vrier 1979 a \u00e9t\u00e9 un moment d\u00e9cisif dans l&#8217;histoire de l&#8217;Iran. Elle a marqu\u00e9 la fin de d\u00e9cennies de dictature sous le r\u00e9gime du chah [&hellip;]<\/p>\n","protected":false},"author":4,"featured_media":17622,"comment_status":"closed","ping_status":"closed","sticky":false,"template":"","format":"standard","meta":{"jnews-multi-image_gallery":[],"jnews_single_post":{"subtitle":"","format":"standard","video":"","gallery":"","source_name":"","source_url":"","via_name":"","via_url":"","override_template":"0","override":[{"template":"7","single_blog_custom":"","parallax":"1","fullscreen":"1","layout":"right-sidebar","sidebar":"default-sidebar","second_sidebar":"default-sidebar","sticky_sidebar":"1","share_position":"floatbottom","share_float_style":"share-normal","show_share_counter":"1","show_view_counter":"1","show_featured":"1","show_post_meta":"1","show_post_author":"0","show_post_author_image":"1","show_post_date":"1","post_date_format":"default","post_date_format_custom":"Y\/m\/d","show_post_category":"1","show_post_reading_time":"0","post_reading_time_wpm":"300","show_zoom_button":"0","zoom_button_out_step":"2","zoom_button_in_step":"3","show_post_tag":"1","show_prev_next_post":"0","show_popup_post":"1","number_popup_post":"1","show_author_box":"0","show_post_related":"1","show_inline_post_related":"0"}],"override_image_size":"0","image_override":[{"single_post_thumbnail_size":"crop-500","single_post_gallery_size":"crop-500"}],"trending_post":"0","trending_post_position":"meta","trending_post_label":"Trending","sponsored_post":"0","sponsored_post_label":"Sponsored by","sponsored_post_name":"","sponsored_post_url":"","sponsored_post_logo_enable":"0","sponsored_post_logo":"","sponsored_post_desc":"","disable_ad":"0"},"jnews_primary_category":{"id":"","hide":""},"jnews_social_meta":{"fb_title":"","fb_description":"","fb_image":"","twitter_title":"","twitter_description":"","twitter_image":""},"jnews_override_counter":{"override_view_counter":"0","view_counter_number":"0","override_share_counter":"0","share_counter_number":"0","override_like_counter":"0","like_counter_number":"0","override_dislike_counter":"0","dislike_counter_number":"0"},"footnotes":""},"categories":[8],"tags":[374,373],"class_list":["post-17621","post","type-post","status-publish","format-standard","has-post-thumbnail","hentry","category-articles","tag-coronavirus","tag-le-leadership-des-femmes"],"_links":{"self":[{"href":"https:\/\/wncri.org\/fr\/wp-json\/wp\/v2\/posts\/17621","targetHints":{"allow":["GET"]}}],"collection":[{"href":"https:\/\/wncri.org\/fr\/wp-json\/wp\/v2\/posts"}],"about":[{"href":"https:\/\/wncri.org\/fr\/wp-json\/wp\/v2\/types\/post"}],"author":[{"embeddable":true,"href":"https:\/\/wncri.org\/fr\/wp-json\/wp\/v2\/users\/4"}],"replies":[{"embeddable":true,"href":"https:\/\/wncri.org\/fr\/wp-json\/wp\/v2\/comments?post=17621"}],"version-history":[{"count":1,"href":"https:\/\/wncri.org\/fr\/wp-json\/wp\/v2\/posts\/17621\/revisions"}],"predecessor-version":[{"id":17624,"href":"https:\/\/wncri.org\/fr\/wp-json\/wp\/v2\/posts\/17621\/revisions\/17624"}],"wp:featuredmedia":[{"embeddable":true,"href":"https:\/\/wncri.org\/fr\/wp-json\/wp\/v2\/media\/17622"}],"wp:attachment":[{"href":"https:\/\/wncri.org\/fr\/wp-json\/wp\/v2\/media?parent=17621"}],"wp:term":[{"taxonomy":"category","embeddable":true,"href":"https:\/\/wncri.org\/fr\/wp-json\/wp\/v2\/categories?post=17621"},{"taxonomy":"post_tag","embeddable":true,"href":"https:\/\/wncri.org\/fr\/wp-json\/wp\/v2\/tags?post=17621"}],"curies":[{"name":"wp","href":"https:\/\/api.w.org\/{rel}","templated":true}]}}