{"id":17602,"date":"2023-02-10T01:10:59","date_gmt":"2023-02-10T00:10:59","guid":{"rendered":"https:\/\/wncri.org\/fr\/?p=17602"},"modified":"2023-02-11T01:19:32","modified_gmt":"2023-02-11T00:19:32","slug":"dr-maryam-arvin","status":"publish","type":"post","link":"https:\/\/wncri.org\/fr\/2023\/02\/10\/dr-maryam-arvin\/","title":{"rendered":"Une avocate, le Dr Maryam Arvin, est enterr\u00e9e apr\u00e8s une mort suspecte"},"content":{"rendered":"\n<h3 class=\"wp-block-heading\">Une avocate, le Dr Maryam Arvin, est enterr\u00e9e apr\u00e8s une mort suspecte<\/h3>\n\n\n\n<p>Maryam Arvin n&#8217;est pas la premi\u00e8re d\u00e9tenue \u00e0 mourir apr\u00e8s avoir \u00e9t\u00e9 lib\u00e9r\u00e9e de prison.<\/p>\n\n\n\n<p>Le docteur Maryam Arvin a \u00e9t\u00e9 enterr\u00e9e aujourd&#8217;hui, vendredi 10 f\u00e9vrier 2023, quatre jours apr\u00e8s sa mort suspecte. Ses fun\u00e9railles ont eu lieu \u00e0 <a href=\"https:\/\/fr.wikipedia.org\/wiki\/Sirdjan\" target=\"_blank\" rel=\"noreferrer noopener\">Sirjan, dans la province de Kerman<\/a>, dans le sud de l&#8217;Iran.<\/p>\n\n\n\n<p>Maryam Arvin, avocate, est d\u00e9c\u00e9d\u00e9e deux mois apr\u00e8s avoir \u00e9t\u00e9 lib\u00e9r\u00e9e de prison, a annonc\u00e9 l&#8217;Association des avocats de Kerman le 7 f\u00e9vrier. La d\u00e9claration n&#8217;a pas pr\u00e9cis\u00e9 la raison du d\u00e9c\u00e8s de Maryam Arvin.<\/p>\n\n\n\n<p>Maryam Arvin a \u00e9t\u00e9 arr\u00eat\u00e9e le 26 novembre 2022, lors d&#8217;une s\u00e9ance du tribunal de Sirjan. Le pr\u00e9sident du tribunal a ordonn\u00e9 son arrestation pour avoir fait son travail professionnel de d\u00e9fense de son client.<\/p>\n\n\n\n<p>Le Dr Maryam Arvin a donn\u00e9 des conseils aux familles des manifestants d\u00e9tenus \u00e0 Sirjan.<\/p>\n\n\n\n<p>Des agents de s\u00e9curit\u00e9 ont attaqu\u00e9 Mme Arvin, lui ont arrach\u00e9 son voile et l&#8217;ont tra\u00een\u00e9e au sol.&nbsp;<\/p>\n\n\n<div class=\"wp-block-image\">\n<figure class=\"aligncenter size-full\"><img decoding=\"async\" src=\"data:image\/gif;base64,R0lGODlhAQABAIAAAAAAAP\/\/\/yH5BAEAAAAALAAAAAABAAEAAAIBRAA7\" data-src=\"https:\/\/wncri.org\/fr\/wp-content\/uploads\/2023\/02\/Dr.-Maryam-Arvin-and-her-mother-Tayyebeh-Nazari-min.jpg\" alt=\"Dr Maryam Arvin\" class=\"wp-image-17604 lazyload\"\/><noscript><img decoding=\"async\" width=\"750\" height=\"375\" src=\"https:\/\/wncri.org\/fr\/wp-content\/uploads\/2023\/02\/Dr.-Maryam-Arvin-and-her-mother-Tayyebeh-Nazari-min.jpg\" alt=\"Dr Maryam Arvin\" class=\"wp-image-17604 lazyload\" srcset=\"https:\/\/wncri.org\/fr\/wp-content\/uploads\/2023\/02\/Dr.-Maryam-Arvin-and-her-mother-Tayyebeh-Nazari-min.jpg 750w, https:\/\/wncri.org\/fr\/wp-content\/uploads\/2023\/02\/Dr.-Maryam-Arvin-and-her-mother-Tayyebeh-Nazari-min-300x150.jpg 300w, https:\/\/wncri.org\/fr\/wp-content\/uploads\/2023\/02\/Dr.-Maryam-Arvin-and-her-mother-Tayyebeh-Nazari-min-360x180.jpg 360w\" sizes=\"(max-width: 750px) 100vw, 750px\" \/><\/noscript><figcaption class=\"wp-element-caption\">Maryam Arvin et sa m\u00e8re Tayyebeh Nazari (photo de gauche).<\/figcaption><\/figure>\n<\/div>\n\n\n<p>Mme Tayyebeh Nazari, qui enseigne la litt\u00e9rature dans les lyc\u00e9es de Sirjan, a \u00e9galement \u00e9t\u00e9 arr\u00eat\u00e9e apr\u00e8s \u00eatre all\u00e9e s&#8217;enqu\u00e9rir de l&#8217;\u00e9tat de sant\u00e9 de sa fille.<\/p>\n\n\n\n<p>Le Dr Maryam Arvin et sa m\u00e8re ont \u00e9t\u00e9 temporairement lib\u00e9r\u00e9es sous caution le 13 d\u00e9cembre 2022.<\/p>\n\n\n\n<p>Selon l&#8217;oncle du Dr Arvin, elle a \u00e9t\u00e9 gravement brutalis\u00e9e lors de son arrestation.<\/p>\n\n\n\n<p>Le Dr Maryam Arvin \u00e9tait une \u00e9tudiante d&#8217;\u00e9lite devenant avocate \u00e0 25 ans et obtenant son doctorat en droit \u00e0 28 ans.<\/p>\n\n\n\n<p>Maryam Arvin aurait eu un conflit verbal avec le juge du tribunal r\u00e9volutionnaire en raison de sa d\u00e9fense des manifestants qui n&#8217;avaient pas les moyens d&#8217;engager un avocat.<\/p>\n\n\n\n<p>Le bureau du procureur public et r\u00e9volutionnaire de Sirjan a publi\u00e9 une d\u00e9claration aujourd&#8217;hui, vendredi 10 f\u00e9vrier 2023, affirmant que le Dr Maryam Arvin s&#8217;\u00e9tait suicid\u00e9e. Le procureur, Nikvarz, a d\u00e9clar\u00e9 qu&#8217;elle s&#8217;\u00e9tait suicid\u00e9e en utilisant un m\u00e9dicament.<\/p>\n\n\n<div class=\"wp-block-image\">\n<figure class=\"aligncenter size-full\"><img decoding=\"async\" src=\"data:image\/gif;base64,R0lGODlhAQABAIAAAAAAAP\/\/\/yH5BAEAAAAALAAAAAABAAEAAAIBRAA7\" data-src=\"https:\/\/wncri.org\/fr\/wp-content\/uploads\/2023\/02\/Maryam-Arvin-laid-to-rest-on-Friday-min.jpg\" alt=\"Dr Maryam Arvin\" class=\"wp-image-17605 lazyload\"\/><noscript><img decoding=\"async\" width=\"979\" height=\"375\" src=\"https:\/\/wncri.org\/fr\/wp-content\/uploads\/2023\/02\/Maryam-Arvin-laid-to-rest-on-Friday-min.jpg\" alt=\"Dr Maryam Arvin\" class=\"wp-image-17605 lazyload\" srcset=\"https:\/\/wncri.org\/fr\/wp-content\/uploads\/2023\/02\/Maryam-Arvin-laid-to-rest-on-Friday-min.jpg 979w, https:\/\/wncri.org\/fr\/wp-content\/uploads\/2023\/02\/Maryam-Arvin-laid-to-rest-on-Friday-min-300x115.jpg 300w, https:\/\/wncri.org\/fr\/wp-content\/uploads\/2023\/02\/Maryam-Arvin-laid-to-rest-on-Friday-min-768x294.jpg 768w, https:\/\/wncri.org\/fr\/wp-content\/uploads\/2023\/02\/Maryam-Arvin-laid-to-rest-on-Friday-min-750x287.jpg 750w\" sizes=\"(max-width: 979px) 100vw, 979px\" \/><\/noscript><figcaption class=\"wp-element-caption\">Le certificat de ses avocats et deux sc\u00e8nes des fun\u00e9railles d&#8217;aujourd&#8217;hui.<\/figcaption><\/figure>\n<\/div>\n\n\n<p>Maryam Arvin n&#8217;est pas le premier cas de d\u00e9tenu d\u00e9c\u00e9d\u00e9 apr\u00e8s avoir \u00e9t\u00e9 lib\u00e9r\u00e9 de prison.<\/p>\n\n\n\n<p>D&#8217;autres manifestants se sont \u00e9galement suicid\u00e9s apr\u00e8s avoir \u00e9t\u00e9 lib\u00e9r\u00e9s de prison. Parmi eux figurent <a href=\"https:\/\/wncri.org\/fr\/2022\/11\/14\/60eme-jour-du-soulevement-en-iran\/\" target=\"_blank\" rel=\"noreferrer noopener\">Yalda Aghafazli<\/a>, Arshia Imamgholi et Mohsen Jafari-Rad. On ignore si les autorit\u00e9s p\u00e9nitentiaires les nourrissent ou leur injectent une drogue mortelle avant de les lib\u00e9rer ou s&#8217;ils se suicident en raison des tortures qu&#8217;ils ont subies en d\u00e9tention.<\/p>\n","protected":false},"excerpt":{"rendered":"<p>Une avocate, le Dr Maryam Arvin, est enterr\u00e9e apr\u00e8s une mort suspecte Maryam Arvin n&#8217;est pas la premi\u00e8re d\u00e9tenue \u00e0 mourir apr\u00e8s avoir \u00e9t\u00e9 lib\u00e9r\u00e9e de prison. Le docteur Maryam Arvin a \u00e9t\u00e9 enterr\u00e9e aujourd&#8217;hui, vendredi 10 f\u00e9vrier 2023, quatre jours apr\u00e8s sa mort suspecte. Ses fun\u00e9railles ont eu lieu \u00e0 Sirjan, dans la province [&hellip;]<\/p>\n","protected":false},"author":4,"featured_media":17603,"comment_status":"closed","ping_status":"closed","sticky":false,"template":"","format":"standard","meta":{"jnews-multi-image_gallery":[],"jnews_single_post":{"subtitle":"","format":"standard","video":"","gallery":"","source_name":"","source_url":"","via_name":"","via_url":"","override_template":"0","override":[{"template":"7","single_blog_custom":"","parallax":"1","fullscreen":"1","layout":"right-sidebar","sidebar":"default-sidebar","second_sidebar":"default-sidebar","sticky_sidebar":"1","share_position":"floatbottom","share_float_style":"share-normal","show_share_counter":"1","show_view_counter":"1","show_featured":"1","show_post_meta":"1","show_post_author":"0","show_post_author_image":"1","show_post_date":"1","post_date_format":"default","post_date_format_custom":"Y\/m\/d","show_post_category":"1","show_post_reading_time":"0","post_reading_time_wpm":"300","show_zoom_button":"0","zoom_button_out_step":"2","zoom_button_in_step":"3","show_post_tag":"1","show_prev_next_post":"0","show_popup_post":"1","number_popup_post":"1","show_author_box":"0","show_post_related":"1","show_inline_post_related":"0"}],"override_image_size":"0","image_override":[{"single_post_thumbnail_size":"crop-500","single_post_gallery_size":"crop-500"}],"trending_post":"0","trending_post_position":"meta","trending_post_label":"Trending","sponsored_post":"0","sponsored_post_label":"Sponsored by","sponsored_post_name":"","sponsored_post_url":"","sponsored_post_logo_enable":"0","sponsored_post_logo":"","sponsored_post_desc":"","disable_ad":"0"},"jnews_primary_category":{"id":"","hide":""},"jnews_social_meta":{"fb_title":"","fb_description":"","fb_image":"","twitter_title":"","twitter_description":"","twitter_image":""},"jnews_override_counter":{"override_view_counter":"0","view_counter_number":"0","override_share_counter":"0","share_counter_number":"0","override_like_counter":"0","like_counter_number":"0","override_dislike_counter":"0","dislike_counter_number":"0"},"footnotes":""},"categories":[3],"tags":[369,376],"class_list":["post-17602","post","type-post","status-publish","format-standard","has-post-thumbnail","hentry","category-infos-des-femmes","tag-manifestations","tag-violence-contre-les-femmes"],"_links":{"self":[{"href":"https:\/\/wncri.org\/fr\/wp-json\/wp\/v2\/posts\/17602","targetHints":{"allow":["GET"]}}],"collection":[{"href":"https:\/\/wncri.org\/fr\/wp-json\/wp\/v2\/posts"}],"about":[{"href":"https:\/\/wncri.org\/fr\/wp-json\/wp\/v2\/types\/post"}],"author":[{"embeddable":true,"href":"https:\/\/wncri.org\/fr\/wp-json\/wp\/v2\/users\/4"}],"replies":[{"embeddable":true,"href":"https:\/\/wncri.org\/fr\/wp-json\/wp\/v2\/comments?post=17602"}],"version-history":[{"count":1,"href":"https:\/\/wncri.org\/fr\/wp-json\/wp\/v2\/posts\/17602\/revisions"}],"predecessor-version":[{"id":17606,"href":"https:\/\/wncri.org\/fr\/wp-json\/wp\/v2\/posts\/17602\/revisions\/17606"}],"wp:featuredmedia":[{"embeddable":true,"href":"https:\/\/wncri.org\/fr\/wp-json\/wp\/v2\/media\/17603"}],"wp:attachment":[{"href":"https:\/\/wncri.org\/fr\/wp-json\/wp\/v2\/media?parent=17602"}],"wp:term":[{"taxonomy":"category","embeddable":true,"href":"https:\/\/wncri.org\/fr\/wp-json\/wp\/v2\/categories?post=17602"},{"taxonomy":"post_tag","embeddable":true,"href":"https:\/\/wncri.org\/fr\/wp-json\/wp\/v2\/tags?post=17602"}],"curies":[{"name":"wp","href":"https:\/\/api.w.org\/{rel}","templated":true}]}}