{"id":17584,"date":"2023-02-09T14:36:18","date_gmt":"2023-02-09T13:36:18","guid":{"rendered":"https:\/\/wncri.org\/fr\/?p=17584"},"modified":"2023-02-10T14:54:00","modified_gmt":"2023-02-10T13:54:00","slug":"condamnee","status":"publish","type":"post","link":"https:\/\/wncri.org\/fr\/2023\/02\/09\/condamnee\/","title":{"rendered":"Neda Faragari condamn\u00e9e \u00e0 une amende et \u00e0 deux ans de prison"},"content":{"rendered":"\n<h3 class=\"wp-block-heading\">Neda Faragari condamn\u00e9e \u00e0 une amende et \u00e0 deux ans de prison<\/h3>\n\n\n\n<p>Neda Faragari, l&#8217;une des manifestantes d\u00e9tenues dans le cadre du soul\u00e8vement national de 2022, a \u00e9t\u00e9 condamn\u00e9e \u00e0 une amende et \u00e0 deux ans de prison par le tribunal r\u00e9volutionnaire d&#8217;Amol. Mme Faragari reste incarc\u00e9r\u00e9e \u00e0 la <a href=\"https:\/\/wncri.org\/fr\/2021\/12\/10\/les-conditions-des-femmes-prisons\/https:\/women.ncr-iran.org\/fr\/2021\/12\/10\/les-conditions-des-femmes-prisons\/\" target=\"_blank\" rel=\"noreferrer noopener\">prison d&#8217;Amol.<\/a><\/p>\n\n\n\n<p>La police de s\u00e9curit\u00e9 d&#8217;Amol a arr\u00eat\u00e9 Neda Faragari le 3 novembre 2022, pendant la c\u00e9r\u00e9monie comm\u00e9morative de 40 jours pour la manifestante assassin\u00e9e Ghazaleh Chelavi.<\/p>\n\n\n\n<p>Apr\u00e8s avoir subi un interrogatoire, elle a \u00e9t\u00e9 transf\u00e9r\u00e9e \u00e0 la prison d&#8217;Amol.<\/p>\n\n\n\n<p>Neda Faragari est accus\u00e9e d&#8217;avoir scand\u00e9 &#8220;Mort au dictateur&#8221; lors de la c\u00e9r\u00e9monie de comm\u00e9moration des 40 jours de Ghazaleh Chelavi. Ce slogan a \u00e9t\u00e9 consid\u00e9r\u00e9 par le tribunal comme un exemple d'&#8221;insulte aux dirigeants&#8221;.<\/p>\n\n\n\n<p>En outre, le juge qui a prononc\u00e9 la sentence a estim\u00e9 que certains des autres slogans scand\u00e9s par Neda Faragari \u00e9taient conformes \u00e0 l&#8217;accusation de &#8220;propagande contre l&#8217;\u00c9tat&#8221;. \u00c9tant donn\u00e9 que Neda Faragari et d&#8217;autres manifestants agissaient en l&#8217;absence d&#8217;un leader, le juge a consid\u00e9r\u00e9 ces actes comme une &#8220;collusion collective.&#8221;<\/p>\n\n\n\n<p>Le 22 d\u00e9cembre 2022, au tribunal r\u00e9volutionnaire d&#8217;Amol, Neda Faragari a \u00e9t\u00e9 condamn\u00e9e \u00e0 2 ans de prison pour &#8220;rassemblement et collusion.&#8221; Elle a \u00e9galement \u00e9t\u00e9 condamn\u00e9e \u00e0 payer une amende de 12 millions et 16 millions de tomans, respectivement, pour les accusations de &#8220;propagande contre l&#8217;\u00c9tat&#8221; et &#8220;d&#8217;insulte au dirigeant&#8221;.<\/p>\n\n\n<div class=\"wp-block-image\">\n<figure class=\"aligncenter size-full\"><img decoding=\"async\" src=\"data:image\/gif;base64,R0lGODlhAQABAIAAAAAAAP\/\/\/yH5BAEAAAAALAAAAAABAAEAAAIBRAA7\" data-src=\"https:\/\/wncri.org\/fr\/wp-content\/uploads\/2023\/02\/Sarveh-and-Suma-Pour-Mohammadi-min.jpg\" alt=\"Neda Faragari condamn\u00e9e \" class=\"wp-image-17589 lazyload\"\/><noscript><img decoding=\"async\" width=\"750\" height=\"375\" src=\"https:\/\/wncri.org\/fr\/wp-content\/uploads\/2023\/02\/Sarveh-and-Suma-Pour-Mohammadi-min.jpg\" alt=\"Neda Faragari condamn\u00e9e \" class=\"wp-image-17589 lazyload\" srcset=\"https:\/\/wncri.org\/fr\/wp-content\/uploads\/2023\/02\/Sarveh-and-Suma-Pour-Mohammadi-min.jpg 750w, https:\/\/wncri.org\/fr\/wp-content\/uploads\/2023\/02\/Sarveh-and-Suma-Pour-Mohammadi-min-300x150.jpg 300w, https:\/\/wncri.org\/fr\/wp-content\/uploads\/2023\/02\/Sarveh-and-Suma-Pour-Mohammadi-min-360x180.jpg 360w\" sizes=\"(max-width: 750px) 100vw, 750px\" \/><\/noscript><figcaption class=\"wp-element-caption\">Suma et Sarveh Pour-Mohammadi d\u00e9p\u00e9rissent en prison<\/figcaption><\/figure>\n<\/div>\n\n\n<h3 class=\"wp-block-heading\"><strong>Suma et Sarveh Pour-Mohammadi d\u00e9p\u00e9rissent en prison<\/strong><\/h3>\n\n\n\n<p>Suma et Sarveh Pour-Mohammadi sont toujours en d\u00e9tention sans avoir \u00e9t\u00e9 jug\u00e9es.<\/p>\n\n\n\n<p>Les deux s\u0153urs sont originaires de Sanandaj et membres de l&#8217;Association culturelle et sociale Nojin. Chaque jour, elles subissent des interrogatoires dans le centre de d\u00e9tention du d\u00e9partement des renseignements de Sanandaj. Le soir, elles sont renvoy\u00e9es au <a href=\"https:\/\/wncri.org\/fr\/2021\/12\/10\/les-conditions-des-femmes-prisons\/https:\/women.ncr-iran.org\/fr\/2021\/12\/10\/les-conditions-des-femmes-prisons\/\" target=\"_blank\" rel=\"noreferrer noopener\">centre correctionnel de Sanandaj.<\/a><\/p>\n\n\n\n<p>Sarveh Pour-Mohammadi dirige la branche de <a href=\"https:\/\/wncri.org\/fr\/2021\/02\/14\/jeunes-militantes\/\" target=\"_blank\" rel=\"noreferrer noopener\">l&#8217;association Nojin<\/a> \u00e0 Sanandaj. Elle a \u00e9t\u00e9 arr\u00eat\u00e9e le 29 janvier 2023, alors qu&#8217;elle s&#8217;\u00e9tait rendue au tribunal pour poursuivre les affaires d&#8217;autres membres de l&#8217;association arr\u00eat\u00e9s.<\/p>\n\n\n\n<p>Suma Pour-Mohammadi, s\u0153ur de Sarveh et membre du conseil d&#8217;administration de l&#8217;association Nojin, a \u00e9t\u00e9 arr\u00eat\u00e9e par les forces de s\u00e9curit\u00e9 le 18 janvier 2023. Elle se rendait au tribunal pour poursuivre l&#8217;affaire de son mari, Idris Menbari, \u00e9galement membre du conseil d&#8217;administration de l&#8217;association.<\/p>\n\n\n\n<p>Aucune information n&#8217;est disponible sur les charges retenues contre ces deux s\u0153urs et leurs conditions.<\/p>\n\n\n<div class=\"wp-block-image\">\n<figure class=\"aligncenter size-full\"><img decoding=\"async\" src=\"data:image\/gif;base64,R0lGODlhAQABAIAAAAAAAP\/\/\/yH5BAEAAAAALAAAAAABAAEAAAIBRAA7\" data-src=\"https:\/\/wncri.org\/fr\/wp-content\/uploads\/2023\/02\/Fereshteh-Hosseini-min.jpg\" alt=\"condamn\u00e9e\" class=\"wp-image-17585 lazyload\"\/><noscript><img decoding=\"async\" width=\"750\" height=\"375\" src=\"https:\/\/wncri.org\/fr\/wp-content\/uploads\/2023\/02\/Fereshteh-Hosseini-min.jpg\" alt=\"condamn\u00e9e\" class=\"wp-image-17585 lazyload\" srcset=\"https:\/\/wncri.org\/fr\/wp-content\/uploads\/2023\/02\/Fereshteh-Hosseini-min.jpg 750w, https:\/\/wncri.org\/fr\/wp-content\/uploads\/2023\/02\/Fereshteh-Hosseini-min-300x150.jpg 300w, https:\/\/wncri.org\/fr\/wp-content\/uploads\/2023\/02\/Fereshteh-Hosseini-min-360x180.jpg 360w\" sizes=\"(max-width: 750px) 100vw, 750px\" \/><\/noscript><figcaption class=\"wp-element-caption\">Fereshteh Hosseini condamn\u00e9e \u00e0 8 mois de prison<\/figcaption><\/figure>\n<\/div>\n\n\n<h3 class=\"wp-block-heading\"><strong>Fereshteh Hosseini condamn\u00e9e \u00e0 8 mois de prison<\/strong><\/h3>\n\n\n\n<p>La branche 101 de la Cour p\u00e9nale de Boukan a condamn\u00e9 Fereshteh Hosseini \u00e0 8 mois de prison pour &#8220;propagande contre l&#8217;Etat&#8221;.<\/p>\n\n\n\n<p>Fereshteh Hosseini, 38 ans, de Bukan, a \u00e9t\u00e9 arr\u00eat\u00e9e par les forces de renseignement le 24 ao\u00fbt 2022.<\/p>\n\n\n\n<p>Mme Hosseini a \u00e9t\u00e9 transf\u00e9r\u00e9e \u00e0 <a href=\"https:\/\/wncri.org\/fr\/2021\/12\/10\/les-conditions-des-femmes-prisons\/https:\/women.ncr-iran.org\/fr\/2021\/12\/10\/les-conditions-des-femmes-prisons\/\" target=\"_blank\" rel=\"noreferrer noopener\">la prison centrale d&#8217;Ourmia<\/a> apr\u00e8s avoir termin\u00e9 sa p\u00e9riode d&#8217;interrogatoire dans un centre de d\u00e9tention. Elle a \u00e9t\u00e9 lib\u00e9r\u00e9e temporairement apr\u00e8s 18 jours, le 11 septembre 2022, jusqu&#8217;\u00e0 la fin de la proc\u00e9dure, moyennant une caution de 100 millions de tomans.<\/p>\n\n\n\n<p>Pendant sa p\u00e9riode de d\u00e9tention et d&#8217;interrogatoire, Mme Hosseini a \u00e9t\u00e9 priv\u00e9e de ses droits fondamentaux, tels que l&#8217;acc\u00e8s \u00e0 un avocat et la rencontre avec sa famille.<\/p>\n\n\n<div class=\"wp-block-image\">\n<figure class=\"aligncenter size-full\"><img decoding=\"async\" src=\"data:image\/gif;base64,R0lGODlhAQABAIAAAAAAAP\/\/\/yH5BAEAAAAALAAAAAABAAEAAAIBRAA7\" data-src=\"https:\/\/wncri.org\/fr\/wp-content\/uploads\/2023\/02\/Fereshteh-Mansouri-min.jpg\" alt=\"Neda Faragari condamn\u00e9e \u00e0 une amende\" class=\"wp-image-17586 lazyload\"\/><noscript><img decoding=\"async\" width=\"750\" height=\"375\" src=\"https:\/\/wncri.org\/fr\/wp-content\/uploads\/2023\/02\/Fereshteh-Mansouri-min.jpg\" alt=\"Neda Faragari condamn\u00e9e \u00e0 une amende\" class=\"wp-image-17586 lazyload\" srcset=\"https:\/\/wncri.org\/fr\/wp-content\/uploads\/2023\/02\/Fereshteh-Mansouri-min.jpg 750w, https:\/\/wncri.org\/fr\/wp-content\/uploads\/2023\/02\/Fereshteh-Mansouri-min-300x150.jpg 300w, https:\/\/wncri.org\/fr\/wp-content\/uploads\/2023\/02\/Fereshteh-Mansouri-min-360x180.jpg 360w\" sizes=\"(max-width: 750px) 100vw, 750px\" \/><\/noscript><figcaption class=\"wp-element-caption\">Fereshteh Mansouri condamn\u00e9e \u00e0 6 mois de prison<\/figcaption><\/figure>\n<\/div>\n\n\n<h3 class=\"wp-block-heading\"><strong>Fereshteh Mansouri condamn\u00e9e \u00e0 6 mois de prison<\/strong><\/h3>\n\n\n\n<p>Fereshteh Mansouri a \u00e9t\u00e9 condamn\u00e9e \u00e0 6 mois de prison par la sixi\u00e8me branche de la Cour d&#8217;appel d&#8217;<a href=\"https:\/\/fr.wikipedia.org\/wiki\/Province_d%27Ilam\" target=\"_blank\" rel=\"noreferrer noopener\">Ilam<\/a>. La cour a inform\u00e9 Mme Mansouri de sa sentence.<\/p>\n\n\n\n<p>Fereshteh Mansouri, originaire d&#8217;Ilam, est chef de famille et a un jeune enfant.<\/p>\n\n\n\n<p>Mme Mansouri a \u00e9t\u00e9 arr\u00eat\u00e9e par les forces de s\u00e9curit\u00e9 \u00e0 Ilam le 23 octobre 2022. Deux semaines plus tard, apr\u00e8s avoir vers\u00e9 une caution de 55 millions de toumans, elle a \u00e9t\u00e9 temporairement lib\u00e9r\u00e9e jusqu&#8217;\u00e0 la fin de la proc\u00e9dure.<\/p>\n\n\n\n<p>Fereshteh Mansouri avait \u00e9t\u00e9 condamn\u00e9e pr\u00e9c\u00e9demment \u00e0 3 ans et 6 mois de prison par la premi\u00e8re branche du tribunal r\u00e9volutionnaire <a href=\"https:\/\/en.wikipedia.org\/wiki\/Sarableh\" target=\"_blank\" rel=\"noreferrer noopener\">Sarableh<\/a> d&#8217;Ilam pour &#8220;trouble de l&#8217;ordre et de la paix publics, insulte au dirigeant, et rassemblement et collusion contre la s\u00e9curit\u00e9 int\u00e9rieure.&#8221;<\/p>\n\n\n<div class=\"wp-block-image\">\n<figure class=\"aligncenter size-full\"><img decoding=\"async\" src=\"data:image\/gif;base64,R0lGODlhAQABAIAAAAAAAP\/\/\/yH5BAEAAAAALAAAAAABAAEAAAIBRAA7\" data-src=\"https:\/\/wncri.org\/fr\/wp-content\/uploads\/2023\/02\/Neda-Mostaghimi-min.jpg\" alt=\"Neda Faragari condamn\u00e9e \u00e0 une amende et \u00e0 deux\" class=\"wp-image-17588 lazyload\"\/><noscript><img decoding=\"async\" width=\"750\" height=\"375\" src=\"https:\/\/wncri.org\/fr\/wp-content\/uploads\/2023\/02\/Neda-Mostaghimi-min.jpg\" alt=\"Neda Faragari condamn\u00e9e \u00e0 une amende et \u00e0 deux\" class=\"wp-image-17588 lazyload\" srcset=\"https:\/\/wncri.org\/fr\/wp-content\/uploads\/2023\/02\/Neda-Mostaghimi-min.jpg 750w, https:\/\/wncri.org\/fr\/wp-content\/uploads\/2023\/02\/Neda-Mostaghimi-min-300x150.jpg 300w, https:\/\/wncri.org\/fr\/wp-content\/uploads\/2023\/02\/Neda-Mostaghimi-min-360x180.jpg 360w\" sizes=\"(max-width: 750px) 100vw, 750px\" \/><\/noscript><figcaption class=\"wp-element-caption\">Neda Mostaghimi<\/figcaption><\/figure>\n<\/div>\n\n\n<h3 class=\"wp-block-heading\"><strong>Arrestation de l&#8217;ancienne prisonni\u00e8re politique Neda Mostaghimi<\/strong><\/h3>\n\n\n\n<p>Les forces de s\u00e9curit\u00e9 de T\u00e9h\u00e9ran ont arr\u00eat\u00e9 l&#8217;ancienne prisonni\u00e8re politique Neda Mostaghimi le matin du 5 f\u00e9vrier 2023, sur son lieu de travail.<\/p>\n\n\n\n<p>Selon les m\u00e9dias sociaux, &#8220;Lors d&#8217;un appel t\u00e9l\u00e9phonique, des agents des services des renseignements ont dit \u00e0 Neda Mostaghimi qu&#8217;ils allaient se rendre chez elle pour lui poser des questions. Ils lui ont demand\u00e9 d&#8217;\u00eatre chez elle, mais les agents des services des renseignements se sont alors rendus sur son lieu de travail et l&#8217;ont arr\u00eat\u00e9e.&#8221;<\/p>\n\n\n\n<p>Mme Mostaghimi est une employ\u00e9e de l&#8217;une des cha\u00eenes de magasins Refah \u00e0 T\u00e9h\u00e9ran et a un enfant. Elle avait d\u00e9j\u00e0 \u00e9t\u00e9 arr\u00eat\u00e9e et condamn\u00e9e pour ses activit\u00e9s.<\/p>\n\n\n\n<p>Une \u00e9tudiante de l&#8217;\u00e9cole technique de Sanandaj arr\u00eat\u00e9e<\/p>\n\n\n\n<p>Baran Mohebbi, une \u00e9tudiante de l&#8217;\u00e9cole technique de Sanandaj, a \u00e9t\u00e9 arr\u00eat\u00e9e.<\/p>\n\n\n\n<p>Baran Mohebbi a \u00e9t\u00e9 arr\u00eat\u00e9e le dimanche 22 janvier 2023, alors qu&#8217;elle et sa famille quittaient son dortoir \u00e0 l&#8217;\u00e9cole technique de Sanandaj. Les forces de s\u00e9curit\u00e9 ont refus\u00e9 de proposer un autre h\u00e9bergement \u00e0 la famille de Baran Mohebbi.<\/p>\n\n\n\n<p>Baran Mohebbi, 18 ans, est originaire de <a href=\"https:\/\/fr.wikipedia.org\/wiki\/Boroudjerd\" target=\"_blank\" rel=\"noreferrer noopener\">Boroujerd<\/a>, dans la province de Lorestan, dans l&#8217;ouest de l&#8217;Iran.<\/p>\n","protected":false},"excerpt":{"rendered":"<p>Neda Faragari condamn\u00e9e \u00e0 une amende et \u00e0 deux ans de prison Neda Faragari, l&#8217;une des manifestantes d\u00e9tenues dans le cadre du soul\u00e8vement national de 2022, a \u00e9t\u00e9 condamn\u00e9e \u00e0 une amende et \u00e0 deux ans de prison par le tribunal r\u00e9volutionnaire d&#8217;Amol. Mme Faragari reste incarc\u00e9r\u00e9e \u00e0 la prison d&#8217;Amol. La police de s\u00e9curit\u00e9 [&hellip;]<\/p>\n","protected":false},"author":4,"featured_media":17587,"comment_status":"closed","ping_status":"closed","sticky":false,"template":"","format":"standard","meta":{"jnews-multi-image_gallery":[],"jnews_single_post":{"subtitle":"","format":"standard","video":"","gallery":"","source_name":"","source_url":"","via_name":"","via_url":"","override_template":"0","override":[{"template":"7","single_blog_custom":"","parallax":"1","fullscreen":"1","layout":"right-sidebar","sidebar":"default-sidebar","second_sidebar":"default-sidebar","sticky_sidebar":"1","share_position":"floatbottom","share_float_style":"share-normal","show_share_counter":"1","show_view_counter":"1","show_featured":"1","show_post_meta":"1","show_post_author":"0","show_post_author_image":"1","show_post_date":"1","post_date_format":"default","post_date_format_custom":"Y\/m\/d","show_post_category":"1","show_post_reading_time":"0","post_reading_time_wpm":"300","show_zoom_button":"0","zoom_button_out_step":"2","zoom_button_in_step":"3","show_post_tag":"1","show_prev_next_post":"0","show_popup_post":"1","number_popup_post":"1","show_author_box":"0","show_post_related":"1","show_inline_post_related":"0"}],"override_image_size":"0","image_override":[{"single_post_thumbnail_size":"crop-500","single_post_gallery_size":"crop-500"}],"trending_post":"0","trending_post_position":"meta","trending_post_label":"Trending","sponsored_post":"0","sponsored_post_label":"Sponsored by","sponsored_post_name":"","sponsored_post_url":"","sponsored_post_logo_enable":"0","sponsored_post_logo":"","sponsored_post_desc":"","disable_ad":"0"},"jnews_primary_category":{"id":"","hide":""},"jnews_social_meta":{"fb_title":"","fb_description":"","fb_image":"","twitter_title":"","twitter_description":"","twitter_image":""},"jnews_override_counter":{"override_view_counter":"0","view_counter_number":"0","override_share_counter":"0","share_counter_number":"0","override_like_counter":"0","like_counter_number":"0","override_dislike_counter":"0","dislike_counter_number":"0"},"footnotes":""},"categories":[3],"tags":[369,370,376],"class_list":["post-17584","post","type-post","status-publish","format-standard","has-post-thumbnail","hentry","category-infos-des-femmes","tag-manifestations","tag-prisonnieres","tag-violence-contre-les-femmes"],"_links":{"self":[{"href":"https:\/\/wncri.org\/fr\/wp-json\/wp\/v2\/posts\/17584","targetHints":{"allow":["GET"]}}],"collection":[{"href":"https:\/\/wncri.org\/fr\/wp-json\/wp\/v2\/posts"}],"about":[{"href":"https:\/\/wncri.org\/fr\/wp-json\/wp\/v2\/types\/post"}],"author":[{"embeddable":true,"href":"https:\/\/wncri.org\/fr\/wp-json\/wp\/v2\/users\/4"}],"replies":[{"embeddable":true,"href":"https:\/\/wncri.org\/fr\/wp-json\/wp\/v2\/comments?post=17584"}],"version-history":[{"count":1,"href":"https:\/\/wncri.org\/fr\/wp-json\/wp\/v2\/posts\/17584\/revisions"}],"predecessor-version":[{"id":17590,"href":"https:\/\/wncri.org\/fr\/wp-json\/wp\/v2\/posts\/17584\/revisions\/17590"}],"wp:featuredmedia":[{"embeddable":true,"href":"https:\/\/wncri.org\/fr\/wp-json\/wp\/v2\/media\/17587"}],"wp:attachment":[{"href":"https:\/\/wncri.org\/fr\/wp-json\/wp\/v2\/media?parent=17584"}],"wp:term":[{"taxonomy":"category","embeddable":true,"href":"https:\/\/wncri.org\/fr\/wp-json\/wp\/v2\/categories?post=17584"},{"taxonomy":"post_tag","embeddable":true,"href":"https:\/\/wncri.org\/fr\/wp-json\/wp\/v2\/tags?post=17584"}],"curies":[{"name":"wp","href":"https:\/\/api.w.org\/{rel}","templated":true}]}}