{"id":17561,"date":"2023-02-06T23:53:07","date_gmt":"2023-02-06T22:53:07","guid":{"rendered":"https:\/\/wncri.org\/fr\/?p=17561"},"modified":"2023-02-06T23:54:33","modified_gmt":"2023-02-06T22:54:33","slug":"74-coups-de-fouet","status":"publish","type":"post","link":"https:\/\/wncri.org\/fr\/2023\/02\/06\/74-coups-de-fouet\/","title":{"rendered":"Zahra Teymouri re\u00e7oit 74 coups de fouet avant d&#8217;\u00eatre assign\u00e9e \u00e0 r\u00e9sidence"},"content":{"rendered":"\n<h3 class=\"wp-block-heading\">Zahra Teymouri re\u00e7oit 74 coups de fouet avant d&#8217;\u00eatre assign\u00e9e \u00e0 r\u00e9sidence<\/h3>\n\n\n\n<p><em>Apr\u00e8s avoir re\u00e7u 74 coups de fouet, Zahra Teymouri rentre chez elle pour purger le reste de sa peine.<\/em><\/p>\n\n\n\n<p>Apr\u00e8s avoir purg\u00e9 4 mois d&#8217;emprisonnement et re\u00e7u 74 coups de fouet, Zahra Teymouri a \u00e9t\u00e9 assign\u00e9e \u00e0 r\u00e9sidence avec des bracelets aux pieds pour passer le reste de sa peine d&#8217;un an d&#8217;emprisonnement \u00e0 son domicile et dans ses environs dans un rayon de 500 m\u00e8tres.<\/p>\n\n\n\n<p>Zahra Teymouri, dipl\u00f4m\u00e9e de l&#8217;universit\u00e9 de T\u00e9h\u00e9ran, a \u00e9t\u00e9 condamn\u00e9e \u00e0 un an d&#8217;emprisonnement et \u00e0 74 coups de fouet par le tribunal de premi\u00e8re instance de la branche 105 du tribunal p\u00e9nal de Chahriar, dans la province de T\u00e9h\u00e9ran, pour &#8220;trouble \u00e0 l&#8217;ordre public&#8221;.<\/p>\n\n\n\n<p>Le jugement a rejet\u00e9 le d\u00e9p\u00f4t d&#8217;une caution et toute forme de conversion de la peine en amende pour Zahra Teymouri.<\/p>\n\n\n\n<p>Zahra Teymouri est dipl\u00f4m\u00e9e en psychologie \u00e0 T\u00e9h\u00e9ran. Les forces de s\u00e9curit\u00e9 l&#8217;ont arr\u00eat\u00e9e le 25 septembre 2022, \u00e0 Chahriar, \u00e0 T\u00e9h\u00e9ran.<\/p>\n\n\n<div class=\"wp-block-image\">\n<figure class=\"aligncenter size-full\"><img decoding=\"async\" src=\"data:image\/gif;base64,R0lGODlhAQABAIAAAAAAAP\/\/\/yH5BAEAAAAALAAAAAABAAEAAAIBRAA7\" data-src=\"https:\/\/wncri.org\/fr\/wp-content\/uploads\/2023\/02\/Zahra-Teymouri-under-house-arrest-after-receiving-74-lashes-min.jpg\" alt=\"Zahra Teymouri re\u00e7oit 74 coups \" class=\"wp-image-17565 lazyload\"\/><noscript><img decoding=\"async\" width=\"643\" height=\"932\" src=\"https:\/\/wncri.org\/fr\/wp-content\/uploads\/2023\/02\/Zahra-Teymouri-under-house-arrest-after-receiving-74-lashes-min.jpg\" alt=\"Zahra Teymouri re\u00e7oit 74 coups \" class=\"wp-image-17565 lazyload\" srcset=\"https:\/\/wncri.org\/fr\/wp-content\/uploads\/2023\/02\/Zahra-Teymouri-under-house-arrest-after-receiving-74-lashes-min.jpg 643w, https:\/\/wncri.org\/fr\/wp-content\/uploads\/2023\/02\/Zahra-Teymouri-under-house-arrest-after-receiving-74-lashes-min-207x300.jpg 207w\" sizes=\"(max-width: 643px) 100vw, 643px\" \/><\/noscript><figcaption class=\"wp-element-caption\">Zahra Teymouri avec son \u00e9tiquette de jambe \u00e0 la maison<\/figcaption><\/figure>\n<\/div>\n\n\n<h3 class=\"wp-block-heading\"><strong>Soheila Mataii condamn\u00e9e \u00e0 60 mois d&#8217;emprisonnement<\/strong><\/h3>\n\n\n\n<p>Le tribunal r\u00e9volutionnaire de Dehgolan a jug\u00e9 Soheila Mataii lors d&#8217;une session en ligne qui n&#8217;a dur\u00e9 que quelques minutes. Elle a \u00e9t\u00e9 transf\u00e9r\u00e9e \u00e0 la <a href=\"https:\/\/wncri.org\/fr\/2021\/12\/10\/les-conditions-des-femmes-prisons\/https:\/women.ncr-iran.org\/fr\/2021\/12\/10\/les-conditions-des-femmes-prisons\/\" target=\"_blank\" rel=\"noreferrer noopener\">prison pour femmes de Sanandaj.<\/a><\/p>\n\n\n\n<p>Soheila Mataii a \u00e9t\u00e9 arr\u00eat\u00e9e le 1er octobre 2022, lors de manifestations anti-r\u00e9gime au Kurdistan. Le 17 octobre, elle a \u00e9t\u00e9 temporairement lib\u00e9r\u00e9e sous caution.<\/p>\n\n\n\n<p>Mme Mataii a \u00e9t\u00e9 arr\u00eat\u00e9e une seconde fois le 12 novembre 2022 et d\u00e9tenue jusqu&#8217;\u00e0 l&#8217;ex\u00e9cution de sa peine.<\/p>\n\n\n\n<p>Le tribunal r\u00e9volutionnaire de <a href=\"https:\/\/en.wikipedia.org\/wiki\/Dehgolan\" target=\"_blank\" rel=\"noreferrer noopener\">Dehgolan<\/a>, dans la province du Kurdistan, a condamn\u00e9 Mme Mataii \u00e0 18 mois de prison pour &#8220;trouble de l&#8217;ordre public&#8221;, 15 mois d&#8217;emprisonnement pour &#8220;activit\u00e9s de propagande contre l&#8217;\u00c9tat&#8221;, 13 mois d&#8217;emprisonnement pour &#8220;trouble de l&#8217;opinion publique&#8221;, 5 mois d&#8217;emprisonnement pour &#8220;d\u00e9fi aux forces de s\u00e9curit\u00e9&#8221; et 9 mois d&#8217;emprisonnement pour &#8220;activit\u00e9s de propagande en faveur des partis et groupes d&#8217;opposition.&#8221;<\/p>\n\n\n\n<p>Selon la loi du r\u00e9gime, la peine maximale de 18 mois sera appliqu\u00e9e pour Soheila Mataii.<\/p>\n\n\n<div class=\"wp-block-image\">\n<figure class=\"aligncenter size-full\"><img decoding=\"async\" src=\"data:image\/gif;base64,R0lGODlhAQABAIAAAAAAAP\/\/\/yH5BAEAAAAALAAAAAABAAEAAAIBRAA7\" data-src=\"https:\/\/wncri.org\/fr\/wp-content\/uploads\/2023\/02\/Soheila-Mataii-min.jpg\" alt=\"74 coups de fouet\" class=\"wp-image-17562 lazyload\"\/><noscript><img decoding=\"async\" width=\"750\" height=\"375\" src=\"https:\/\/wncri.org\/fr\/wp-content\/uploads\/2023\/02\/Soheila-Mataii-min.jpg\" alt=\"74 coups de fouet\" class=\"wp-image-17562 lazyload\" srcset=\"https:\/\/wncri.org\/fr\/wp-content\/uploads\/2023\/02\/Soheila-Mataii-min.jpg 750w, https:\/\/wncri.org\/fr\/wp-content\/uploads\/2023\/02\/Soheila-Mataii-min-300x150.jpg 300w, https:\/\/wncri.org\/fr\/wp-content\/uploads\/2023\/02\/Soheila-Mataii-min-360x180.jpg 360w\" sizes=\"(max-width: 750px) 100vw, 750px\" \/><\/noscript><figcaption class=\"wp-element-caption\">Soheila Mataii passera 18 mois en prison<\/figcaption><\/figure>\n<\/div>\n\n\n<h3 class=\"wp-block-heading\"><strong>Une femme baloutche, Samineh Bolaideh, condamn\u00e9e \u00e0 un an de prison<\/strong><\/h3>\n\n\n\n<p>Samineh Bolaideh, une femme baloutche, a \u00e9t\u00e9 condamn\u00e9e \u00e0 un an de prison par la branche 2 du tribunal r\u00e9volutionnaire de Zahedan.<\/p>\n\n\n\n<p>\u00e9tudiante, Samina Bilideh,<\/p>\n\n\n\n<p>Samineh Bolaideh, 24 ans, \u00e9tudiante en informatique \u00e0 l&#8217;Universit\u00e9 Azad de Chabahar, a \u00e9t\u00e9 arr\u00eat\u00e9e par les forces des renseignements de l&#8217;IRGC le 1er octobre 2022 et d\u00e9tenue au centre de d\u00e9tention de l&#8217;IRGC. Mme Bolaideh a \u00e9t\u00e9 transf\u00e9r\u00e9e en quarantaine \u00e0 la prison centrale de Zahedan le 14 octobre 2022. Elle a \u00e9t\u00e9 lib\u00e9r\u00e9e temporairement le 25 octobre 2022, apr\u00e8s avoir pay\u00e9 une caution.<\/p>\n\n\n\n<p>Samineh Bolaideh a \u00e9t\u00e9 condamn\u00e9e \u00e0 1 an de prison par la branche 2 du tribunal r\u00e9volutionnaire de Zahedan pour &#8220;propagande contre l&#8217;\u00c9tat&#8221; et &#8220;soutien aux gr\u00e8ves nationales par la propagande dans le cyberespace.&#8221;<\/p>\n\n\n<div class=\"wp-block-image\">\n<figure class=\"aligncenter size-full\"><img decoding=\"async\" src=\"data:image\/gif;base64,R0lGODlhAQABAIAAAAAAAP\/\/\/yH5BAEAAAAALAAAAAABAAEAAAIBRAA7\" data-src=\"https:\/\/wncri.org\/fr\/wp-content\/uploads\/2023\/02\/Zahra-Mehrabi-min.jpg\" alt=\"Zahra Teymouri re\u00e7oit 74 coups de fouet avant\" class=\"wp-image-17563 lazyload\"\/><noscript><img decoding=\"async\" width=\"750\" height=\"375\" src=\"https:\/\/wncri.org\/fr\/wp-content\/uploads\/2023\/02\/Zahra-Mehrabi-min.jpg\" alt=\"Zahra Teymouri re\u00e7oit 74 coups de fouet avant\" class=\"wp-image-17563 lazyload\" srcset=\"https:\/\/wncri.org\/fr\/wp-content\/uploads\/2023\/02\/Zahra-Mehrabi-min.jpg 750w, https:\/\/wncri.org\/fr\/wp-content\/uploads\/2023\/02\/Zahra-Mehrabi-min-300x150.jpg 300w, https:\/\/wncri.org\/fr\/wp-content\/uploads\/2023\/02\/Zahra-Mehrabi-min-360x180.jpg 360w\" sizes=\"(max-width: 750px) 100vw, 750px\" \/><\/noscript><figcaption class=\"wp-element-caption\">Zahra Mehrabi condamn\u00e9e \u00e0 5 ans de prison avec sursis<\/figcaption><\/figure>\n<\/div>\n\n\n<h3 class=\"wp-block-heading\"><strong>Zahra Mehrabi condamn\u00e9e \u00e0 5 ans de prison avec sursis<\/strong><\/h3>\n\n\n\n<p>Zahra Mehrabi, \u00e9tudiante \u00e0 l&#8217;universit\u00e9 de T\u00e9h\u00e9ran, a \u00e9t\u00e9 condamn\u00e9e \u00e0 cinq ans d&#8217;emprisonnement avec sursis par la branche 29 du tribunal r\u00e9volutionnaire de T\u00e9h\u00e9ran.<\/p>\n\n\n\n<p>Zahra Mehrabi, \u00e9tudiante en conseil et orientation \u00e0 la facult\u00e9 de psychologie de l&#8217;universit\u00e9 de T\u00e9h\u00e9ran, a \u00e9t\u00e9 arr\u00eat\u00e9e par les forces de s\u00e9curit\u00e9 le 26 octobre 2022, pendant les manifestations \u00e0 T\u00e9h\u00e9ran. Elle a \u00e9t\u00e9 lib\u00e9r\u00e9e de la sinistre prison de <a href=\"https:\/\/wncri.org\/fr\/2020\/04\/20\/regard-sur-la-situation-tragique-a-la-prison-pour-femmes-de-qarchak-en-iran\/\" target=\"_blank\" rel=\"noreferrer noopener\">Qarchak<\/a> le 10 d\u00e9cembre 2022, apr\u00e8s avoir pay\u00e9 une caution.<\/p>\n\n\n\n<p><strong>Zahra Teymouri re\u00e7oit 74 coups de fouet avant d&#8217;\u00eatre assign\u00e9e \u00e0 r\u00e9sidence<\/strong><\/p>\n","protected":false},"excerpt":{"rendered":"<p>Zahra Teymouri re\u00e7oit 74 coups de fouet avant d&#8217;\u00eatre assign\u00e9e \u00e0 r\u00e9sidence Apr\u00e8s avoir re\u00e7u 74 coups de fouet, Zahra Teymouri rentre chez elle pour purger le reste de sa peine. Apr\u00e8s avoir purg\u00e9 4 mois d&#8217;emprisonnement et re\u00e7u 74 coups de fouet, Zahra Teymouri a \u00e9t\u00e9 assign\u00e9e \u00e0 r\u00e9sidence avec des bracelets aux pieds [&hellip;]<\/p>\n","protected":false},"author":4,"featured_media":17564,"comment_status":"closed","ping_status":"closed","sticky":false,"template":"","format":"standard","meta":{"jnews-multi-image_gallery":[],"jnews_single_post":{"subtitle":"","format":"standard","video":"","gallery":"","source_name":"","source_url":"","via_name":"","via_url":"","override_template":"0","override":[{"template":"7","single_blog_custom":"","parallax":"1","fullscreen":"1","layout":"right-sidebar","sidebar":"default-sidebar","second_sidebar":"default-sidebar","sticky_sidebar":"1","share_position":"floatbottom","share_float_style":"share-normal","show_share_counter":"1","show_view_counter":"1","show_featured":"1","show_post_meta":"1","show_post_author":"0","show_post_author_image":"1","show_post_date":"1","post_date_format":"default","post_date_format_custom":"Y\/m\/d","show_post_category":"1","show_post_reading_time":"0","post_reading_time_wpm":"300","show_zoom_button":"0","zoom_button_out_step":"2","zoom_button_in_step":"3","show_post_tag":"1","show_prev_next_post":"0","show_popup_post":"1","number_popup_post":"1","show_author_box":"0","show_post_related":"1","show_inline_post_related":"0"}],"override_image_size":"0","image_override":[{"single_post_thumbnail_size":"crop-500","single_post_gallery_size":"crop-500"}],"trending_post":"0","trending_post_position":"meta","trending_post_label":"Trending","sponsored_post":"0","sponsored_post_label":"Sponsored by","sponsored_post_name":"","sponsored_post_url":"","sponsored_post_logo_enable":"0","sponsored_post_logo":"","sponsored_post_desc":"","disable_ad":"0"},"jnews_primary_category":{"id":"","hide":""},"jnews_social_meta":{"fb_title":"","fb_description":"","fb_image":"","twitter_title":"","twitter_description":"","twitter_image":""},"jnews_override_counter":{"override_view_counter":"0","view_counter_number":"0","override_share_counter":"0","share_counter_number":"0","override_like_counter":"0","like_counter_number":"0","override_dislike_counter":"0","dislike_counter_number":"0"},"footnotes":""},"categories":[3],"tags":[369,370,376],"class_list":["post-17561","post","type-post","status-publish","format-standard","has-post-thumbnail","hentry","category-infos-des-femmes","tag-manifestations","tag-prisonnieres","tag-violence-contre-les-femmes"],"_links":{"self":[{"href":"https:\/\/wncri.org\/fr\/wp-json\/wp\/v2\/posts\/17561","targetHints":{"allow":["GET"]}}],"collection":[{"href":"https:\/\/wncri.org\/fr\/wp-json\/wp\/v2\/posts"}],"about":[{"href":"https:\/\/wncri.org\/fr\/wp-json\/wp\/v2\/types\/post"}],"author":[{"embeddable":true,"href":"https:\/\/wncri.org\/fr\/wp-json\/wp\/v2\/users\/4"}],"replies":[{"embeddable":true,"href":"https:\/\/wncri.org\/fr\/wp-json\/wp\/v2\/comments?post=17561"}],"version-history":[{"count":2,"href":"https:\/\/wncri.org\/fr\/wp-json\/wp\/v2\/posts\/17561\/revisions"}],"predecessor-version":[{"id":17567,"href":"https:\/\/wncri.org\/fr\/wp-json\/wp\/v2\/posts\/17561\/revisions\/17567"}],"wp:featuredmedia":[{"embeddable":true,"href":"https:\/\/wncri.org\/fr\/wp-json\/wp\/v2\/media\/17564"}],"wp:attachment":[{"href":"https:\/\/wncri.org\/fr\/wp-json\/wp\/v2\/media?parent=17561"}],"wp:term":[{"taxonomy":"category","embeddable":true,"href":"https:\/\/wncri.org\/fr\/wp-json\/wp\/v2\/categories?post=17561"},{"taxonomy":"post_tag","embeddable":true,"href":"https:\/\/wncri.org\/fr\/wp-json\/wp\/v2\/tags?post=17561"}],"curies":[{"name":"wp","href":"https:\/\/api.w.org\/{rel}","templated":true}]}}