{"id":17516,"date":"2023-02-01T21:00:41","date_gmt":"2023-02-01T20:00:41","guid":{"rendered":"https:\/\/wncri.org\/fr\/?p=17516"},"modified":"2023-02-01T21:02:13","modified_gmt":"2023-02-01T20:02:13","slug":"massoumeh-senobari","status":"publish","type":"post","link":"https:\/\/wncri.org\/fr\/2023\/02\/01\/massoumeh-senobari\/","title":{"rendered":"Massoumeh Senobari \u00e0 nouveau arr\u00eat\u00e9, les prisonni\u00e8res politiques de l&#8217;OMPI bannies"},"content":{"rendered":"\n<h3 class=\"wp-block-heading\">Massoumeh Senobari \u00e0 nouveau arr\u00eat\u00e9, les prisonni\u00e8res politiques de l&#8217;OMPI bannies<\/h3>\n\n\n\n<p><em>Massoumeh Senobari dans une prison redout\u00e9e de Karaj ; Les prisonni\u00e8res politiques Zahra Safaei et Parastou Moini sont bannies au lieu d&#8217;\u00eatre lib\u00e9r\u00e9es.<\/em><em><\/em><\/p>\n\n\n\n<p>Selon les informations publi\u00e9es ces derniers jours, Massoumeh Senobari a \u00e9t\u00e9 arr\u00eat\u00e9e le 31 d\u00e9cembre 2022 \u00e0 Karaj et transf\u00e9r\u00e9e \u00e0 la prison de Fardis (Kachouii) de la ville. La famille de Mme Senobari n&#8217;est pas au courant de son \u00e9tat de sant\u00e9 et s&#8217;inqui\u00e8te pour elle.<\/p>\n\n\n\n<p>Massoumeh Senobari, fille de Mohammad Ali, est n\u00e9e en 1988 \u00e0 Tabriz et a une fille. Elle avait \u00e9t\u00e9 condamn\u00e9e \u00e0 huit ans de prison pour &#8220;propagande contre l&#8217;\u00c9tat&#8221; et &#8220;insulte&#8221; au chef supr\u00eame des mollahs et \u00e9tait incarc\u00e9r\u00e9e dans <a href=\"https:\/\/wncri.org\/fr\/2021\/12\/10\/les-conditions-des-femmes-prisons\/https:\/women.ncr-iran.org\/fr\/2021\/12\/10\/les-conditions-des-femmes-prisons\/\" target=\"_blank\" rel=\"noreferrer noopener\">le quartier des femmes de la prison centrale de Tabriz.<\/a><\/p>\n\n\n\n<p>Massoumeh Senobari a \u00e9t\u00e9 arr\u00eat\u00e9e le 24 f\u00e9vrier 2019 et a \u00e9t\u00e9 transf\u00e9r\u00e9e au centre de d\u00e9tention du d\u00e9partement des renseignements de Tabriz. Elle a \u00e9t\u00e9 brutalement tortur\u00e9e pendant l&#8217;interrogatoire et n&#8217;a pas pu marcher en raison de fouets vicieux. En raison des coups port\u00e9s \u00e0 la t\u00eate, sa vision \u00e9tait brouill\u00e9e. Sa jambe s&#8217;est cass\u00e9e sous la torture et son talon s&#8217;est fissur\u00e9. Elle a \u00e9t\u00e9 lib\u00e9r\u00e9e en ao\u00fbt 2019 moyennant une caution de 600 millions de tomans jusqu&#8217;\u00e0 son proc\u00e8s.<\/p>\n\n\n\n<p>Massoumeh Senobari a \u00e9t\u00e9 de nouveau arr\u00eat\u00e9e le 5 f\u00e9vrier 2020, sans convocation pr\u00e9alable, au domicile de sa s\u0153ur et soumise \u00e0 de graves tortures. En octobre 2020, lors de l&#8217;\u00e9pid\u00e9mie de coronavirus dans la prison centrale de Tabriz, elle a \u00e9t\u00e9 infect\u00e9e par la maladie <a href=\"https:\/\/wncri.org\/fr\/2020\/10\/03\/prisonniere-politique-massoumeh-senobari\/\" target=\"_blank\" rel=\"noreferrer noopener\">Covid-19.<\/a><\/p>\n\n\n\n<p>La prisonni\u00e8re politique Massoumeh Senobari souffre \u00e9galement de probl\u00e8mes cardiaques, mais les <a href=\"https:\/\/wncri.org\/fr\/2021\/02\/11\/malgre-un-cancer\/\" target=\"_blank\" rel=\"noreferrer noopener\">autorit\u00e9s p\u00e9nitentiaires<\/a> de Tabriz ont emp\u00each\u00e9 de lui donner les m\u00e9dicaments fournis par sa famille. Elle a finalement \u00e9t\u00e9 lib\u00e9r\u00e9e de prison en 2021.<\/p>\n\n\n\n<p>Massoumeh Senobari a de nouveau <a href=\"https:\/\/iranhrs.org\/%d9%85%d8%b9%d8%b5%d9%88%d9%85%d9%87-%d8%b5%d9%86%d9%88%d8%a8%d8%b1%db%8c-%d8%a8%d8%a7%d8%b2%d8%af%d8%a7%d8%b4%d8%aa-%d8%af%d8%b1-%da%a9%d8%b1%d8%ac\/\" target=\"_blank\" rel=\"noreferrer noopener\">\u00e9t\u00e9 arr\u00eat\u00e9e \u00e0 Karaj<\/a> et transf\u00e9r\u00e9e \u00e0 la prison de Fardis (Kechoui) le 31 d\u00e9cembre 2022, et on ne dispose d&#8217;aucune information sur son \u00e9tat de sant\u00e9.<\/p>\n\n\n\n<h3 class=\"wp-block-heading\"><strong>Les prisonni\u00e8res politiques de l&#8217;OMPI, Zahra Safaei et Parastou Moini, ont \u00e9t\u00e9 notifi\u00e9es de leur bannissement<\/strong><strong><\/strong><\/h3>\n\n\n\n<p>Le 30 janvier 2023, le pouvoir judiciaire du r\u00e9gime cl\u00e9rical a inform\u00e9 les prisonni\u00e8res politiques de l\u2019OMPI, Zahra Safaei et Parastou Moini, qu&#8217;elles seraient bannies de la prison de Qom. Les deux prisonni\u00e8res politiques sont actuellement d\u00e9tenues \u00e0 la prison d&#8217;Evine.<\/p>\n\n\n\n<p>Les forces de s\u00e9curit\u00e9 ont arr\u00eat\u00e9 les prisonni\u00e8res politiques Zahra Safaei et Parastou Moini le 24 f\u00e9vrier 2020 et les ont transf\u00e9r\u00e9es dans les cellules d&#8217;isolement du quartier 209 de la prison d&#8217;Evine.<\/p>\n\n\n\n<p>Selon un verdict rendu le 23 janvier 2021, la prisonni\u00e8re politique Zahra Safaei, sa fille, Parastou Moini, et son fils, Mohammad Massoud Moini, ont \u00e9t\u00e9 <a href=\"https:\/\/wncri.org\/fr\/2021\/02\/08\/une-mere-et-ses-enfants\/\" target=\"_blank\" rel=\"noreferrer noopener\">condamn\u00e9s<\/a> \u00e0 huit ans, six ans et six ans d&#8217;emprisonnement, respectivement.<\/p>\n\n\n\n<p>Zahra Safaei et ses enfants sont accus\u00e9s de &#8220;rassemblement et conspiration pour agir contre la s\u00e9curit\u00e9 nationale par la communication avec les Moudjahidine (OMPI)&#8221;, de &#8220;r\u00e9alisation de leurs objectifs&#8221; et de &#8220;participation aux cercles et rassemblements des Moudjahidines&#8221;. L&#8217;autre chef d&#8217;accusation est &#8220;activit\u00e9 de propagande contre l&#8217;\u00c9tat par la r\u00e9daction de slogans, la lecture de d\u00e9clarations et de lettres, et l&#8217;installation de banni\u00e8res sur les voies publiques&#8221;.<\/p>\n\n\n\n<p><a href=\"https:\/\/iranhrs.org\/%d9%82%d8%b1%d8%a7%d8%b1-%d8%aa%d8%a8%d8%b9%db%8c%d8%af-%d8%b2%d9%87%d8%b1%d8%a7-%d8%b5%d9%81%d8%a7%db%8c%db%8c-%d9%88-%d9%be%d8%b1%d8%b3%d8%aa%d9%88-%d9%85%d8%b9%db%8c%d9%86%db%8c\/\" target=\"_blank\" rel=\"noreferrer noopener\">La d\u00e9cision de bannir<\/a> les prisonni\u00e8res politiques Zahra Safaei et Parastou Moini leur est communiqu\u00e9e lorsque les deux tiers de leur peine de prison sont pass\u00e9s et qu&#8217;elles devraient \u00eatre lib\u00e9r\u00e9es.<\/p>\n\n\n\n<p>Mme Safaei a \u00e9t\u00e9 emmen\u00e9e \u00e0 l&#8217;h\u00f4pital le 31 ao\u00fbt 2021 en raison d&#8217;une <a href=\"https:\/\/wncri.org\/fr\/2022\/07\/28\/prisonniere-politique-zahra-safaei\/\">crise car<\/a><a href=\"https:\/\/wncri.org\/fr\/2022\/07\/28\/prisonniere-politique-zahra-safaei\/\" target=\"_blank\" rel=\"noreferrer noopener\">d<\/a><a href=\"https:\/\/wncri.org\/fr\/2022\/07\/28\/prisonniere-politique-zahra-safaei\/\">iaque<\/a> apr\u00e8s de nombreux obstacles. Elle a alors subi une op\u00e9ration du c\u0153ur et, en raison de la fermeture de deux vaisseaux, deux ballons ont \u00e9t\u00e9 plac\u00e9s dans son corps. Malgr\u00e9 <a href=\"https:\/\/wncri.org\/fr\/2021\/09\/02\/transfert-durgence-de-la-prisonniere-politique-zahra-safai-a-lhopital\/\" target=\"_blank\" rel=\"noreferrer noopener\">ses conditions physiques difficiles<\/a> apr\u00e8s l&#8217;op\u00e9ration du c\u0153ur et malgr\u00e9 son incapacit\u00e9 \u00e0 supporter la prison, Zahra Safaei est toujours incarc\u00e9r\u00e9e.<\/p>\n\n\n\n<p>Zahra Safaei, n\u00e9e en 1962, est la fille de Hassan Ali Safaei, l&#8217;un des marchands les plus connus du Bazar de T\u00e9h\u00e9ran. M. Safaei \u00e9tait l&#8217;un des prisonniers politiques de l&#8217;\u00e9poque du chah d\u00e9chu, qui a \u00e9t\u00e9 ex\u00e9cut\u00e9 \u00e0 <a href=\"https:\/\/wncri.org\/fr\/2021\/12\/10\/les-conditions-des-femmes-prisons\/https:\/women.ncr-iran.org\/fr\/2021\/12\/10\/les-conditions-des-femmes-prisons\/\" target=\"_blank\" rel=\"noreferrer noopener\">la prison d&#8217;Evine<\/a> par le r\u00e9gime des mollahs en 1981 pour avoir soutenu l&#8217;OMPI.<\/p>\n\n\n\n<p>Zahra Safaei a \u00e9t\u00e9 prisonni\u00e8re politique dans les ann\u00e9es 1960 pendant huit ans dans les prisons d&#8217;Evine et de Qezel Hesar pour avoir soutenu l&#8217;Organisation des moudjahidine du peuple d&#8217;Iran (OMPI.<\/p>\n\n\n\n<p>Elle a \u00e9t\u00e9 arr\u00eat\u00e9e en 2019 en m\u00eame temps que ses deux enfants, Parastou et Mohammad Massoud. Parastou Moini, \u00e2g\u00e9 de 21 ans, est \u00e9tudiante en informatique.<\/p>\n","protected":false},"excerpt":{"rendered":"<p>Massoumeh Senobari \u00e0 nouveau arr\u00eat\u00e9, les prisonni\u00e8res politiques de l&#8217;OMPI bannies Massoumeh Senobari dans une prison redout\u00e9e de Karaj ; Les prisonni\u00e8res politiques Zahra Safaei et Parastou Moini sont bannies au lieu d&#8217;\u00eatre lib\u00e9r\u00e9es. Selon les informations publi\u00e9es ces derniers jours, Massoumeh Senobari a \u00e9t\u00e9 arr\u00eat\u00e9e le 31 d\u00e9cembre 2022 \u00e0 Karaj et transf\u00e9r\u00e9e \u00e0 [&hellip;]<\/p>\n","protected":false},"author":4,"featured_media":17517,"comment_status":"closed","ping_status":"closed","sticky":false,"template":"","format":"standard","meta":{"jnews-multi-image_gallery":[],"jnews_single_post":{"subtitle":"","format":"standard","video":"","gallery":"","source_name":"","source_url":"","via_name":"","via_url":"","override_template":"0","override":[{"template":"7","single_blog_custom":"","parallax":"1","fullscreen":"1","layout":"right-sidebar","sidebar":"default-sidebar","second_sidebar":"default-sidebar","sticky_sidebar":"1","share_position":"floatbottom","share_float_style":"share-normal","show_share_counter":"1","show_view_counter":"1","show_featured":"1","show_post_meta":"1","show_post_author":"0","show_post_author_image":"1","show_post_date":"1","post_date_format":"default","post_date_format_custom":"Y\/m\/d","show_post_category":"1","show_post_reading_time":"0","post_reading_time_wpm":"300","show_zoom_button":"0","zoom_button_out_step":"2","zoom_button_in_step":"3","show_post_tag":"1","show_prev_next_post":"0","show_popup_post":"1","number_popup_post":"1","show_author_box":"0","show_post_related":"1","show_inline_post_related":"0"}],"override_image_size":"0","image_override":[{"single_post_thumbnail_size":"crop-500","single_post_gallery_size":"crop-500"}],"trending_post":"0","trending_post_position":"meta","trending_post_label":"Trending","sponsored_post":"0","sponsored_post_label":"Sponsored by","sponsored_post_name":"","sponsored_post_url":"","sponsored_post_logo_enable":"0","sponsored_post_logo":"","sponsored_post_desc":"","disable_ad":"0"},"jnews_primary_category":{"id":"","hide":""},"jnews_social_meta":{"fb_title":"","fb_description":"","fb_image":"","twitter_title":"","twitter_description":"","twitter_image":""},"jnews_override_counter":{"override_view_counter":"0","view_counter_number":"0","override_share_counter":"0","share_counter_number":"0","override_like_counter":"0","like_counter_number":"0","override_dislike_counter":"0","dislike_counter_number":"0"},"footnotes":""},"categories":[3],"tags":[370,376],"class_list":["post-17516","post","type-post","status-publish","format-standard","has-post-thumbnail","hentry","category-infos-des-femmes","tag-prisonnieres","tag-violence-contre-les-femmes"],"_links":{"self":[{"href":"https:\/\/wncri.org\/fr\/wp-json\/wp\/v2\/posts\/17516","targetHints":{"allow":["GET"]}}],"collection":[{"href":"https:\/\/wncri.org\/fr\/wp-json\/wp\/v2\/posts"}],"about":[{"href":"https:\/\/wncri.org\/fr\/wp-json\/wp\/v2\/types\/post"}],"author":[{"embeddable":true,"href":"https:\/\/wncri.org\/fr\/wp-json\/wp\/v2\/users\/4"}],"replies":[{"embeddable":true,"href":"https:\/\/wncri.org\/fr\/wp-json\/wp\/v2\/comments?post=17516"}],"version-history":[{"count":1,"href":"https:\/\/wncri.org\/fr\/wp-json\/wp\/v2\/posts\/17516\/revisions"}],"predecessor-version":[{"id":17518,"href":"https:\/\/wncri.org\/fr\/wp-json\/wp\/v2\/posts\/17516\/revisions\/17518"}],"wp:featuredmedia":[{"embeddable":true,"href":"https:\/\/wncri.org\/fr\/wp-json\/wp\/v2\/media\/17517"}],"wp:attachment":[{"href":"https:\/\/wncri.org\/fr\/wp-json\/wp\/v2\/media?parent=17516"}],"wp:term":[{"taxonomy":"category","embeddable":true,"href":"https:\/\/wncri.org\/fr\/wp-json\/wp\/v2\/categories?post=17516"},{"taxonomy":"post_tag","embeddable":true,"href":"https:\/\/wncri.org\/fr\/wp-json\/wp\/v2\/tags?post=17516"}],"curies":[{"name":"wp","href":"https:\/\/api.w.org\/{rel}","templated":true}]}}