{"id":17506,"date":"2023-01-31T20:37:00","date_gmt":"2023-01-31T19:37:00","guid":{"rendered":"https:\/\/wncri.org\/fr\/?p=17506"},"modified":"2023-02-01T20:49:55","modified_gmt":"2023-02-01T19:49:55","slug":"militante-etudiante-niloufar-mirzaii","status":"publish","type":"post","link":"https:\/\/wncri.org\/fr\/2023\/01\/31\/militante-etudiante-niloufar-mirzaii\/","title":{"rendered":"La militante \u00e9tudiante Niloufar Mirzaii est jug\u00e9e sans avocat"},"content":{"rendered":"\n<h3 class=\"wp-block-heading\">La militante \u00e9tudiante Niloufar Mirzaii est jug\u00e9e sans avocat<\/h3>\n\n\n\n<p>La militante <em>\u00e9tudiante<\/em> Niloufar Mirzaii a \u00e9t\u00e9 enlev\u00e9e devant l&#8217;universit\u00e9.<\/p>\n\n\n\n<p>La branche 29 du tribunal r\u00e9volutionnaire de T\u00e9h\u00e9ran s&#8217;est r\u00e9unie le 30 janvier 2023 et a examin\u00e9 les accusations port\u00e9es contre la militante \u00e9tudiante Niloufar Mirzaii.<\/p>\n\n\n\n<p>militante \u00e9tudiante Niloufar Mirzaii est d\u00e9tenue depuis trois mois. Son proc\u00e8s s&#8217;est d\u00e9roul\u00e9 en l&#8217;absence d&#8217;un avocat. Le pr\u00e9sident du tribunal a refus\u00e9 de lui accorder une libert\u00e9 provisoire sous caution.<\/p>\n\n\n\n<p>La militante \u00e9tudiante Niloufar Mirzaii \u00e9tait \u00e9tudiante en deuxi\u00e8me ann\u00e9e d&#8217;arts graphiques \u00e0 l&#8217;universit\u00e9 Al-Zahra de T\u00e9h\u00e9ran. Avant d&#8217;\u00e9tudier les arts graphiques, elle avait obtenu une licence en botanique.<\/p>\n\n\n<div class=\"wp-block-image\">\n<figure class=\"aligncenter size-full\"><img decoding=\"async\" src=\"data:image\/gif;base64,R0lGODlhAQABAIAAAAAAAP\/\/\/yH5BAEAAAAALAAAAAABAAEAAAIBRAA7\" data-src=\"https:\/\/wncri.org\/fr\/wp-content\/uploads\/2023\/02\/Niloufar-Mirzaii-2.jpg\" alt=\"militante \u00e9tudiante Niloufar Mirzaii\" class=\"wp-image-17509 lazyload\"\/><noscript><img decoding=\"async\" width=\"750\" height=\"375\" src=\"https:\/\/wncri.org\/fr\/wp-content\/uploads\/2023\/02\/Niloufar-Mirzaii-2.jpg\" alt=\"militante \u00e9tudiante Niloufar Mirzaii\" class=\"wp-image-17509 lazyload\" srcset=\"https:\/\/wncri.org\/fr\/wp-content\/uploads\/2023\/02\/Niloufar-Mirzaii-2.jpg 750w, https:\/\/wncri.org\/fr\/wp-content\/uploads\/2023\/02\/Niloufar-Mirzaii-2-300x150.jpg 300w, https:\/\/wncri.org\/fr\/wp-content\/uploads\/2023\/02\/Niloufar-Mirzaii-2-360x180.jpg 360w\" sizes=\"(max-width: 750px) 100vw, 750px\" \/><\/noscript><figcaption class=\"wp-element-caption\">Niloufar Mirzaii<\/figcaption><\/figure>\n<\/div>\n\n\n<p>Des agents en civil l&#8217;ont enlev\u00e9e devant l&#8217;universit\u00e9 le 1er novembre 2022. Elle est actuellement d\u00e9tenue \u00e0 la <a href=\"https:\/\/wncri.org\/fr\/2021\/12\/10\/les-conditions-des-femmes-prisons\/https:\/women.ncr-iran.org\/fr\/2021\/12\/10\/les-conditions-des-femmes-prisons\/\" target=\"_blank\" rel=\"noreferrer noopener\">prison d&#8217;Evine<\/a>, apr\u00e8s avoir pass\u00e9 du temps dans la <a href=\"https:\/\/wncri.org\/fr\/2020\/04\/20\/regard-sur-la-situation-tragique-a-la-prison-pour-femmes-de-qarchak-en-iran\/\" target=\"_blank\" rel=\"noreferrer noopener\">notoire prison de Qarchak<\/a>. Aucune information n&#8217;est disponible sur les charges qui p\u00e8sent contre elle.<\/p>\n\n\n\n<p>Ses amis et d&#8217;anciens prisonniers politiques ont \u00e9crit dans leurs messages sur les r\u00e9seaux sociaux que sa m\u00e8re se rend chaque semaine \u00e0 T\u00e9h\u00e9ran depuis <a href=\"https:\/\/en.wikipedia.org\/wiki\/Kahnuj\" target=\"_blank\" rel=\"noreferrer noopener\">Kahnouj<\/a>, dans la province de Kerman (sud du pays), pour suivre son dossier, mais qu&#8217;elle revient d\u00e9\u00e7ue.<\/p>\n\n\n\n<p>La militante \u00e9tudiante Niloufar Mirzaii, qui souffre de probl\u00e8mes cardiaques, a \u00e9t\u00e9 envoy\u00e9e deux fois \u00e0 la clinique d&#8217;Evine apr\u00e8s avoir \u00e9t\u00e9 interrog\u00e9e.<\/p>\n\n\n<div class=\"wp-block-image\">\n<figure class=\"aligncenter size-full\"><img decoding=\"async\" src=\"data:image\/gif;base64,R0lGODlhAQABAIAAAAAAAP\/\/\/yH5BAEAAAAALAAAAAABAAEAAAIBRAA7\" data-src=\"https:\/\/wncri.org\/fr\/wp-content\/uploads\/2023\/02\/Fatemeh-Rahmati.jpg\" alt=\"La militante \u00e9tudiante Niloufar Mirzaii est jug\u00e9e \" class=\"wp-image-17507 lazyload\"\/><noscript><img decoding=\"async\" width=\"748\" height=\"374\" src=\"https:\/\/wncri.org\/fr\/wp-content\/uploads\/2023\/02\/Fatemeh-Rahmati.jpg\" alt=\"La militante \u00e9tudiante Niloufar Mirzaii est jug\u00e9e \" class=\"wp-image-17507 lazyload\" srcset=\"https:\/\/wncri.org\/fr\/wp-content\/uploads\/2023\/02\/Fatemeh-Rahmati.jpg 748w, https:\/\/wncri.org\/fr\/wp-content\/uploads\/2023\/02\/Fatemeh-Rahmati-300x150.jpg 300w, https:\/\/wncri.org\/fr\/wp-content\/uploads\/2023\/02\/Fatemeh-Rahmati-360x180.jpg 360w\" sizes=\"(max-width: 748px) 100vw, 748px\" \/><\/noscript><figcaption class=\"wp-element-caption\">Fatemeh Rahmati a \u00e9t\u00e9 battue et arr\u00eat\u00e9e alors qu&#8217;elle se rendait \u00e0 l&#8217;universit\u00e9<\/figcaption><\/figure>\n<\/div>\n\n\n<h3 class=\"wp-block-heading\"><strong>Fatemeh Rahmati a \u00e9t\u00e9 battue et arr\u00eat\u00e9e alors qu&#8217;elle se rendait \u00e0 l&#8217;universit\u00e9<\/strong><\/h3>\n\n\n\n<p>Fatemeh Rahmati, 19 ans, a \u00e9t\u00e9 enlev\u00e9e par des individus arm\u00e9s le 14 janvier 2023. Elle se rendait \u00e0 l&#8217;universit\u00e9 dans le quartier de Sadeh, \u00e0 Ebadan. Fatemeh a \u00e9t\u00e9 violemment enlev\u00e9e et tra\u00een\u00e9e sur le sol. Selon des t\u00e9moins oculaires, Fatemeh Rahmati a cri\u00e9 tout au long de son arrestation. Elle a \u00e9t\u00e9 transf\u00e9r\u00e9e \u00e0 la prison de Sepidar, \u00e0 Ahvaz. Fatemeh Rahmati est originaire d&#8217;Abadan et \u00e9tudiait la comptabilit\u00e9 \u00e0 l&#8217;Universit\u00e9 Azad d&#8217;Ebadan.<\/p>\n\n\n<div class=\"wp-block-image\">\n<figure class=\"aligncenter size-full\"><img decoding=\"async\" src=\"data:image\/gif;base64,R0lGODlhAQABAIAAAAAAAP\/\/\/yH5BAEAAAAALAAAAAABAAEAAAIBRAA7\" data-src=\"https:\/\/wncri.org\/fr\/wp-content\/uploads\/2023\/02\/Sara-Javidan.jpg\" alt=\"La militante \u00e9tudiante Niloufar Mirzaii est jug\u00e9e sans avocat\" class=\"wp-image-17512 lazyload\"\/><noscript><img decoding=\"async\" width=\"750\" height=\"375\" src=\"https:\/\/wncri.org\/fr\/wp-content\/uploads\/2023\/02\/Sara-Javidan.jpg\" alt=\"La militante \u00e9tudiante Niloufar Mirzaii est jug\u00e9e sans avocat\" class=\"wp-image-17512 lazyload\" srcset=\"https:\/\/wncri.org\/fr\/wp-content\/uploads\/2023\/02\/Sara-Javidan.jpg 750w, https:\/\/wncri.org\/fr\/wp-content\/uploads\/2023\/02\/Sara-Javidan-300x150.jpg 300w, https:\/\/wncri.org\/fr\/wp-content\/uploads\/2023\/02\/Sara-Javidan-360x180.jpg 360w\" sizes=\"(max-width: 750px) 100vw, 750px\" \/><\/noscript><figcaption class=\"wp-element-caption\">Sara Javidan victime d&#8217;un enl\u00e8vement<\/figcaption><\/figure>\n<\/div>\n\n\n<h3 class=\"wp-block-heading\"><strong>Sara Javidan victime d&#8217;un enl\u00e8vement<\/strong><\/h3>\n\n\n\n<p>Sara Javidan, une jeune femme de 18 ans originaire de Karaj, a \u00e9t\u00e9 arr\u00eat\u00e9e dans la rue le 24 d\u00e9cembre 2022. \u00c0 ce jour, il n&#8217;y a aucune information sur l&#8217;endroit o\u00f9 elle se trouve et sa famille est tr\u00e8s inqui\u00e8te.<\/p>\n\n\n<div class=\"wp-block-image\">\n<figure class=\"aligncenter size-full\"><img decoding=\"async\" src=\"data:image\/gif;base64,R0lGODlhAQABAIAAAAAAAP\/\/\/yH5BAEAAAAALAAAAAABAAEAAAIBRAA7\" data-src=\"https:\/\/wncri.org\/fr\/wp-content\/uploads\/2023\/02\/Medical-student-Taraneh-Zolabi.jpg\" alt=\"Sara Javidan \" class=\"wp-image-17508 lazyload\"\/><noscript><img decoding=\"async\" width=\"746\" height=\"373\" src=\"https:\/\/wncri.org\/fr\/wp-content\/uploads\/2023\/02\/Medical-student-Taraneh-Zolabi.jpg\" alt=\"Sara Javidan \" class=\"wp-image-17508 lazyload\" srcset=\"https:\/\/wncri.org\/fr\/wp-content\/uploads\/2023\/02\/Medical-student-Taraneh-Zolabi.jpg 746w, https:\/\/wncri.org\/fr\/wp-content\/uploads\/2023\/02\/Medical-student-Taraneh-Zolabi-300x150.jpg 300w, https:\/\/wncri.org\/fr\/wp-content\/uploads\/2023\/02\/Medical-student-Taraneh-Zolabi-360x180.jpg 360w\" sizes=\"(max-width: 746px) 100vw, 746px\" \/><\/noscript><figcaption class=\"wp-element-caption\">Taraneh Zolabi refuse de c\u00e9der <\/figcaption><\/figure>\n<\/div>\n\n\n<h3 class=\"wp-block-heading\"><strong>Taraneh Zolabi refuse de c\u00e9der<\/strong><\/h3>\n\n\n\n<p>Taraneh Zolabi, \u00e9tudiante en m\u00e9decine au troisi\u00e8me semestre de l&#8217;Universit\u00e9 des sciences m\u00e9dicales du Kurdistan, a \u00e9t\u00e9 enlev\u00e9e dans les derniers jours de novembre et est toujours en captivit\u00e9.<\/p>\n\n\n\n<p>Les gens citent la chanson de Zolabi : &#8220;Abandonner et renoncer ne sont pas dans ma dignit\u00e9, et je dois absolument atteindre mon but&#8221;.<\/p>\n\n\n<div class=\"wp-block-image\">\n<figure class=\"aligncenter size-full\"><img decoding=\"async\" src=\"data:image\/gif;base64,R0lGODlhAQABAIAAAAAAAP\/\/\/yH5BAEAAAAALAAAAAABAAEAAAIBRAA7\" data-src=\"https:\/\/wncri.org\/fr\/wp-content\/uploads\/2023\/02\/Sahar-Berlouii.jpg\" alt=\"Sahar Berlouii enlev\u00e9e dans le quartier d'Ekbatan \u00e0 T\u00e9h\u00e9ran\" class=\"wp-image-17511 lazyload\"\/><noscript><img decoding=\"async\" width=\"750\" height=\"375\" src=\"https:\/\/wncri.org\/fr\/wp-content\/uploads\/2023\/02\/Sahar-Berlouii.jpg\" alt=\"Sahar Berlouii enlev\u00e9e dans le quartier d'Ekbatan \u00e0 T\u00e9h\u00e9ran\" class=\"wp-image-17511 lazyload\" srcset=\"https:\/\/wncri.org\/fr\/wp-content\/uploads\/2023\/02\/Sahar-Berlouii.jpg 750w, https:\/\/wncri.org\/fr\/wp-content\/uploads\/2023\/02\/Sahar-Berlouii-300x150.jpg 300w, https:\/\/wncri.org\/fr\/wp-content\/uploads\/2023\/02\/Sahar-Berlouii-360x180.jpg 360w\" sizes=\"(max-width: 750px) 100vw, 750px\" \/><\/noscript><figcaption class=\"wp-element-caption\">Sahar Berlouii enlev\u00e9e dans le quartier d&#8217;Ekbatan \u00e0 T\u00e9h\u00e9ran<\/figcaption><\/figure>\n<\/div>\n\n\n<h3 class=\"wp-block-heading\"><strong>Sahar Berlouii enlev\u00e9e dans le quartier d&#8217;Ekbatan \u00e0 T\u00e9h\u00e9ran<\/strong><\/h3>\n\n\n\n<p>Sahar Berlouii a \u00e9t\u00e9 arr\u00eat\u00e9e par les forces de s\u00e9curit\u00e9 \u00e0 son domicile le 23 novembre 2022, dans le cadre des manifestations nationales.<\/p>\n\n\n\n<p>Les forces de s\u00e9curit\u00e9 ont fouill\u00e9 sa maison et ont saisi son t\u00e9l\u00e9phone portable et un ordinateur portable. Sahar Berlouii, \u00e2g\u00e9e de 34 ans et r\u00e9sidant \u00e0 <a href=\"https:\/\/wncri.org\/fr\/2022\/12\/27\/ekbatan\/\" target=\"_blank\" rel=\"noreferrer noopener\">Ekbatan<\/a>, \u00e0 T\u00e9h\u00e9ran, est toujours en d\u00e9tention et l&#8217;on ignore quand elle sera lib\u00e9r\u00e9e.<\/p>\n\n\n\n<p>\u00c0 ce jour, aucune information n&#8217;a \u00e9t\u00e9 communiqu\u00e9e sur l&#8217;endroit o\u00f9 elle se trouve ni sur les charges retenues contre elle.<\/p>\n","protected":false},"excerpt":{"rendered":"<p>La militante \u00e9tudiante Niloufar Mirzaii est jug\u00e9e sans avocat La militante \u00e9tudiante Niloufar Mirzaii a \u00e9t\u00e9 enlev\u00e9e devant l&#8217;universit\u00e9. La branche 29 du tribunal r\u00e9volutionnaire de T\u00e9h\u00e9ran s&#8217;est r\u00e9unie le 30 janvier 2023 et a examin\u00e9 les accusations port\u00e9es contre la militante \u00e9tudiante Niloufar Mirzaii. militante \u00e9tudiante Niloufar Mirzaii est d\u00e9tenue depuis trois mois. Son [&hellip;]<\/p>\n","protected":false},"author":4,"featured_media":17510,"comment_status":"closed","ping_status":"closed","sticky":false,"template":"","format":"standard","meta":{"jnews-multi-image_gallery":[],"jnews_single_post":{"subtitle":"","format":"standard","video":"","gallery":"","source_name":"","source_url":"","via_name":"","via_url":"","override_template":"0","override":[{"template":"7","single_blog_custom":"","parallax":"1","fullscreen":"1","layout":"right-sidebar","sidebar":"default-sidebar","second_sidebar":"default-sidebar","sticky_sidebar":"1","share_position":"floatbottom","share_float_style":"share-normal","show_share_counter":"1","show_view_counter":"1","show_featured":"1","show_post_meta":"1","show_post_author":"0","show_post_author_image":"1","show_post_date":"1","post_date_format":"default","post_date_format_custom":"Y\/m\/d","show_post_category":"1","show_post_reading_time":"0","post_reading_time_wpm":"300","show_zoom_button":"0","zoom_button_out_step":"2","zoom_button_in_step":"3","show_post_tag":"1","show_prev_next_post":"0","show_popup_post":"1","number_popup_post":"1","show_author_box":"0","show_post_related":"1","show_inline_post_related":"0"}],"override_image_size":"0","image_override":[{"single_post_thumbnail_size":"crop-500","single_post_gallery_size":"crop-500"}],"trending_post":"0","trending_post_position":"meta","trending_post_label":"Trending","sponsored_post":"0","sponsored_post_label":"Sponsored by","sponsored_post_name":"","sponsored_post_url":"","sponsored_post_logo_enable":"0","sponsored_post_logo":"","sponsored_post_desc":"","disable_ad":"0"},"jnews_primary_category":{"id":"","hide":""},"jnews_social_meta":{"fb_title":"","fb_description":"","fb_image":"","twitter_title":"","twitter_description":"","twitter_image":""},"jnews_override_counter":{"override_view_counter":"0","view_counter_number":"0","override_share_counter":"0","share_counter_number":"0","override_like_counter":"0","like_counter_number":"0","override_dislike_counter":"0","dislike_counter_number":"0"},"footnotes":""},"categories":[3],"tags":[369,370,376],"class_list":["post-17506","post","type-post","status-publish","format-standard","has-post-thumbnail","hentry","category-infos-des-femmes","tag-manifestations","tag-prisonnieres","tag-violence-contre-les-femmes"],"_links":{"self":[{"href":"https:\/\/wncri.org\/fr\/wp-json\/wp\/v2\/posts\/17506","targetHints":{"allow":["GET"]}}],"collection":[{"href":"https:\/\/wncri.org\/fr\/wp-json\/wp\/v2\/posts"}],"about":[{"href":"https:\/\/wncri.org\/fr\/wp-json\/wp\/v2\/types\/post"}],"author":[{"embeddable":true,"href":"https:\/\/wncri.org\/fr\/wp-json\/wp\/v2\/users\/4"}],"replies":[{"embeddable":true,"href":"https:\/\/wncri.org\/fr\/wp-json\/wp\/v2\/comments?post=17506"}],"version-history":[{"count":2,"href":"https:\/\/wncri.org\/fr\/wp-json\/wp\/v2\/posts\/17506\/revisions"}],"predecessor-version":[{"id":17515,"href":"https:\/\/wncri.org\/fr\/wp-json\/wp\/v2\/posts\/17506\/revisions\/17515"}],"wp:featuredmedia":[{"embeddable":true,"href":"https:\/\/wncri.org\/fr\/wp-json\/wp\/v2\/media\/17510"}],"wp:attachment":[{"href":"https:\/\/wncri.org\/fr\/wp-json\/wp\/v2\/media?parent=17506"}],"wp:term":[{"taxonomy":"category","embeddable":true,"href":"https:\/\/wncri.org\/fr\/wp-json\/wp\/v2\/categories?post=17506"},{"taxonomy":"post_tag","embeddable":true,"href":"https:\/\/wncri.org\/fr\/wp-json\/wp\/v2\/tags?post=17506"}],"curies":[{"name":"wp","href":"https:\/\/api.w.org\/{rel}","templated":true}]}}