{"id":17501,"date":"2023-01-28T22:26:33","date_gmt":"2023-01-28T21:26:33","guid":{"rendered":"https:\/\/wncri.org\/fr\/?p=17501"},"modified":"2023-01-30T22:32:50","modified_gmt":"2023-01-30T21:32:50","slug":"lhopital","status":"publish","type":"post","link":"https:\/\/wncri.org\/fr\/2023\/01\/28\/lhopital\/","title":{"rendered":"<strong>Au lieu de l&#8217;h\u00f4pital, Zohreh Sarv est emmen\u00e9e \u00e0 la prison de Qarchak<\/strong>"},"content":{"rendered":"\n<h3 class=\"wp-block-heading\"><strong>Au lieu de l&#8217;h\u00f4pital, Zohreh Sarv est emmen\u00e9e \u00e0 la prison de Qarchak<\/strong><\/h3>\n\n\n\n<p><strong><em>Zohreh Sarv est emmen\u00e9e \u00e0 la prison de Qarchak au lieu de l&#8217;h\u00f4pital<\/em><\/strong><strong><em><\/em><\/strong><\/p>\n\n\n\n<p>La prisonni\u00e8re politique Zohreh Sarv a \u00e9t\u00e9 emmen\u00e9e de la prison d&#8217;Evine, le 24 janvier 2023, \u00e0 la <a href=\"https:\/\/wncri.org\/fr\/2020\/04\/20\/regard-sur-la-situation-tragique-a-la-prison-pour-femmes-de-qarchak-en-iran\/\" target=\"_blank\" rel=\"noreferrer noopener\">prison de Qarchak<\/a> au lieu de l&#8217;h\u00f4pital de Taleghani. <\/p>\n\n\n\n<p>Selon les m\u00e9dias sociaux, Zohreh Sarv a \u00e9t\u00e9 <a href=\"https:\/\/wncri.org\/fr\/2022\/08\/20\/la-prisonniere-politique-zohreh\/\" target=\"_blank\" rel=\"noreferrer noopener\">infect\u00e9e<\/a> par le coronavirus \u00e0 la <a href=\"https:\/\/wncri.org\/fr\/2021\/12\/10\/les-conditions-des-femmes-prisons\/https:\/women.ncr-iran.org\/fr\/2021\/12\/10\/les-conditions-des-femmes-prisons\/\" target=\"_blank\" rel=\"noreferrer noopener\">prison d&#8217;Evine.<\/a> La clinique de la prison a diagnostiqu\u00e9 par erreur sa maladie comme un rhume, et elle a \u00e9t\u00e9 priv\u00e9e de traitement pendant longtemps. <\/p>\n\n\n\n<p>Apr\u00e8s un long refus de traitement, Zohreh Sarv a \u00e9t\u00e9 transf\u00e9r\u00e9e \u00e0 l&#8217;h\u00f4pital Chohada de T\u00e9h\u00e9ran, \u00e0 <a href=\"https:\/\/fr.wikipedia.org\/wiki\/Tajrish\" target=\"_blank\" rel=\"noreferrer noopener\">Tajrish<\/a>. Apr\u00e8s avoir effectu\u00e9 des tests, il a \u00e9t\u00e9 d\u00e9termin\u00e9 que l&#8217;infection caus\u00e9e par le coronavirus \u00e9tait rest\u00e9e dans son organisme, faute de traitement en temps voulu. Finalement, elle a \u00e9t\u00e9 trait\u00e9e par la prescription de comprim\u00e9s d&#8217;antibiotiques, ce qui ne lui a pas permis de se r\u00e9tablir compl\u00e8tement.<\/p>\n\n\n\n<p>La famille de Zohreh Sarv a d\u00e9clar\u00e9 : En raison de la persistance de la maladie, la troisi\u00e8me dose du vaccin contre le coronavirus lui a \u00e9t\u00e9 refus\u00e9e. Par cons\u00e9quent, ils s&#8217;inqui\u00e8tent de la propagation de cette infection au c\u0153ur et aux poumons de Mme Sarv.<\/p>\n\n\n\n<p>Concernant le transfert de Mme Sarv \u00e0 la prison de Qarchak, une source a d\u00e9clar\u00e9 : &#8220;Nous ne savons toujours pas pourquoi Mme Sarv a \u00e9t\u00e9 transf\u00e9r\u00e9e de la <a href=\"https:\/\/wncri.org\/fr\/2021\/12\/10\/les-conditions-des-femmes-prisons\/https:\/women.ncr-iran.org\/fr\/2021\/12\/10\/les-conditions-des-femmes-prisons\/\" target=\"_blank\" rel=\"noreferrer noopener\">prison d&#8217;Evine<\/a> \u00e0 la prison de Qarchak sous pr\u00e9texte de l&#8217;envoyer \u00e0 l&#8217;h\u00f4pital de Taleghani.&#8221;<\/p>\n\n\n\n<p>La militante en ligne a \u00e9t\u00e9 arr\u00eat\u00e9e le 24 d\u00e9cembre 2019 par des agents des services de renseignement du Corps des gardiens de la r\u00e9volution islamique (CGRI) pour avoir pr\u00e9tendument op\u00e9r\u00e9 dans le cyberespace et g\u00e9r\u00e9 une page Instagram. Apr\u00e8s avoir \u00e9t\u00e9 transf\u00e9r\u00e9e au quartier 1A et pendant les proc\u00e9dures d&#8217;interrogatoire et de mise en accusation, elle a \u00e9t\u00e9 transf\u00e9r\u00e9e \u00e0 <a href=\"https:\/\/wncri.org\/2021\/03\/04\/ncri-womens-committee-annual-report-2021-on-women-in-iran\/\" target=\"_blank\" rel=\"noreferrer noopener\">la prison de Qarchak<\/a> le 11 janvier 2020.<\/p>\n\n\n<div class=\"wp-block-image\">\n<figure class=\"aligncenter size-full\"><img decoding=\"async\" src=\"data:image\/gif;base64,R0lGODlhAQABAIAAAAAAAP\/\/\/yH5BAEAAAAALAAAAAABAAEAAAIBRAA7\" data-src=\"https:\/\/wncri.org\/fr\/wp-content\/uploads\/2022\/09\/Zohreh-Sarv-political-prisoner-min.jpg\" alt=\"Condition de la prisonni\u00e8re politique Zohreh Sarv\" class=\"wp-image-16525 lazyload\"\/><noscript><img decoding=\"async\" width=\"750\" height=\"375\" src=\"https:\/\/wncri.org\/fr\/wp-content\/uploads\/2022\/09\/Zohreh-Sarv-political-prisoner-min.jpg\" alt=\"Condition de la prisonni\u00e8re politique Zohreh Sarv\" class=\"wp-image-16525 lazyload\" srcset=\"https:\/\/wncri.org\/fr\/wp-content\/uploads\/2022\/09\/Zohreh-Sarv-political-prisoner-min.jpg 750w, https:\/\/wncri.org\/fr\/wp-content\/uploads\/2022\/09\/Zohreh-Sarv-political-prisoner-min-300x150.jpg 300w, https:\/\/wncri.org\/fr\/wp-content\/uploads\/2022\/09\/Zohreh-Sarv-political-prisoner-min-360x180.jpg 360w\" sizes=\"(max-width: 750px) 100vw, 750px\" \/><\/noscript><\/figure>\n<\/div>\n\n\n<p>La prisonni\u00e8re politique Zohreh Sarv a \u00e9t\u00e9 condamn\u00e9e \u00e0 une amende et \u00e0 74 coups de fouet pour possession de boissons alcoolis\u00e9es. La sentence a \u00e9t\u00e9 prononc\u00e9e par la branche 2 du tribunal p\u00e9nal de T\u00e9h\u00e9ran. La prisonni\u00e8re politique Zohreh Sarv a \u00e9t\u00e9 fouett\u00e9e 74 fois le 5 avril 2021. Avant cette date, elle avait \u00e9t\u00e9 condamn\u00e9e \u00e0 payer une amende au lieu d&#8217;\u00eatre fouett\u00e9e. Cependant, apr\u00e8s avoir pay\u00e9 l&#8217;amende et remis le re\u00e7u \u00e0 la Division de l&#8217;ex\u00e9cution, elle a d\u00e9couvert que son dossier avait d\u00e9j\u00e0 \u00e9t\u00e9 class\u00e9.<\/p>\n\n\n\n<p>La prisonni\u00e8re politique Zohreh Sarv a \u00e9t\u00e9 condamn\u00e9e \u00e0 huit ans d&#8217;emprisonnement par la branche 26 du tribunal r\u00e9volutionnaire de T\u00e9h\u00e9ran pour &#8220;insulte \u00e0 la direction, propagande contre l&#8217;\u00c9tat, rassemblement et collusion avec l&#8217;intention d&#8217;agir contre la s\u00e9curit\u00e9 du pays&#8221;. La sentence a \u00e9t\u00e9 rendue d\u00e9finitive par la Cour d&#8217;appel de la province de T\u00e9h\u00e9ran \u00e0 5 ans d&#8217;emprisonnement.<\/p>\n","protected":false},"excerpt":{"rendered":"<p>Au lieu de l&#8217;h\u00f4pital, Zohreh Sarv est emmen\u00e9e \u00e0 la prison de Qarchak Zohreh Sarv est emmen\u00e9e \u00e0 la prison de Qarchak au lieu de l&#8217;h\u00f4pital La prisonni\u00e8re politique Zohreh Sarv a \u00e9t\u00e9 emmen\u00e9e de la prison d&#8217;Evine, le 24 janvier 2023, \u00e0 la prison de Qarchak au lieu de l&#8217;h\u00f4pital de Taleghani. Selon les [&hellip;]<\/p>\n","protected":false},"author":4,"featured_media":17502,"comment_status":"closed","ping_status":"closed","sticky":false,"template":"","format":"standard","meta":{"jnews-multi-image_gallery":[],"jnews_single_post":{"subtitle":"","format":"standard","video":"","gallery":"","source_name":"","source_url":"","via_name":"","via_url":"","override_template":"0","override":[{"template":"7","single_blog_custom":"","parallax":"1","fullscreen":"1","layout":"right-sidebar","sidebar":"default-sidebar","second_sidebar":"default-sidebar","sticky_sidebar":"1","share_position":"floatbottom","share_float_style":"share-normal","show_share_counter":"1","show_view_counter":"1","show_featured":"1","show_post_meta":"1","show_post_author":"0","show_post_author_image":"1","show_post_date":"1","post_date_format":"default","post_date_format_custom":"Y\/m\/d","show_post_category":"1","show_post_reading_time":"0","post_reading_time_wpm":"300","show_zoom_button":"0","zoom_button_out_step":"2","zoom_button_in_step":"3","show_post_tag":"1","show_prev_next_post":"0","show_popup_post":"1","number_popup_post":"1","show_author_box":"0","show_post_related":"1","show_inline_post_related":"0"}],"override_image_size":"0","image_override":[{"single_post_thumbnail_size":"crop-500","single_post_gallery_size":"crop-500"}],"trending_post":"0","trending_post_position":"meta","trending_post_label":"Trending","sponsored_post":"0","sponsored_post_label":"Sponsored by","sponsored_post_name":"","sponsored_post_url":"","sponsored_post_logo_enable":"0","sponsored_post_logo":"","sponsored_post_desc":"","disable_ad":"0"},"jnews_primary_category":{"id":"","hide":""},"jnews_social_meta":{"fb_title":"","fb_description":"","fb_image":"","twitter_title":"","twitter_description":"","twitter_image":""},"jnews_override_counter":{"override_view_counter":"0","view_counter_number":"0","override_share_counter":"0","share_counter_number":"0","override_like_counter":"0","like_counter_number":"0","override_dislike_counter":"0","dislike_counter_number":"0"},"footnotes":""},"categories":[3],"tags":[369,370,376],"class_list":["post-17501","post","type-post","status-publish","format-standard","has-post-thumbnail","hentry","category-infos-des-femmes","tag-manifestations","tag-prisonnieres","tag-violence-contre-les-femmes"],"_links":{"self":[{"href":"https:\/\/wncri.org\/fr\/wp-json\/wp\/v2\/posts\/17501","targetHints":{"allow":["GET"]}}],"collection":[{"href":"https:\/\/wncri.org\/fr\/wp-json\/wp\/v2\/posts"}],"about":[{"href":"https:\/\/wncri.org\/fr\/wp-json\/wp\/v2\/types\/post"}],"author":[{"embeddable":true,"href":"https:\/\/wncri.org\/fr\/wp-json\/wp\/v2\/users\/4"}],"replies":[{"embeddable":true,"href":"https:\/\/wncri.org\/fr\/wp-json\/wp\/v2\/comments?post=17501"}],"version-history":[{"count":1,"href":"https:\/\/wncri.org\/fr\/wp-json\/wp\/v2\/posts\/17501\/revisions"}],"predecessor-version":[{"id":17503,"href":"https:\/\/wncri.org\/fr\/wp-json\/wp\/v2\/posts\/17501\/revisions\/17503"}],"wp:featuredmedia":[{"embeddable":true,"href":"https:\/\/wncri.org\/fr\/wp-json\/wp\/v2\/media\/17502"}],"wp:attachment":[{"href":"https:\/\/wncri.org\/fr\/wp-json\/wp\/v2\/media?parent=17501"}],"wp:term":[{"taxonomy":"category","embeddable":true,"href":"https:\/\/wncri.org\/fr\/wp-json\/wp\/v2\/categories?post=17501"},{"taxonomy":"post_tag","embeddable":true,"href":"https:\/\/wncri.org\/fr\/wp-json\/wp\/v2\/tags?post=17501"}],"curies":[{"name":"wp","href":"https:\/\/api.w.org\/{rel}","templated":true}]}}