{"id":17495,"date":"2023-01-29T22:19:17","date_gmt":"2023-01-29T21:19:17","guid":{"rendered":"https:\/\/wncri.org\/fr\/?p=17495"},"modified":"2023-01-30T22:25:11","modified_gmt":"2023-01-30T21:25:11","slug":"atefeh-ahmadi","status":"publish","type":"post","link":"https:\/\/wncri.org\/fr\/2023\/01\/29\/atefeh-ahmadi\/","title":{"rendered":"La skieuse iranienne Atefeh Ahmadi demande l&#8217;asile en Allemagne"},"content":{"rendered":"\n<h3 class=\"wp-block-heading\">La skieuse iranienne Atefeh Ahmadi demande l&#8217;asile en Allemagne<\/h3>\n\n\n\n<p><em>Atefeh Ahmadi \u00e9tait l&#8217;une des meilleures skieuses d&#8217;Iran<\/em><\/p>\n\n\n\n<p>Atefeh Ahmadi, membre de l&#8217;\u00e9quipe nationale de ski d&#8217;Iran, a fait d\u00e9fection et demand\u00e9 l&#8217;asile en Allemagne.<\/p>\n\n\n\n<p>Atefeh Ahmadi, porte-drapeau de l&#8217;\u00e9quipe nationale iranienne de ski aux Jeux olympiques d&#8217;hiver de P\u00e9kin en 2022 et meilleur skieur iranien, a demand\u00e9 l&#8217;asile en Allemagne.<\/p>\n\n\n<div class=\"wp-block-image\">\n<figure class=\"aligncenter size-full\"><img decoding=\"async\" src=\"data:image\/gif;base64,R0lGODlhAQABAIAAAAAAAP\/\/\/yH5BAEAAAAALAAAAAABAAEAAAIBRAA7\" data-src=\"https:\/\/wncri.org\/fr\/wp-content\/uploads\/2023\/01\/Atefeh-Ahmadi-2-min.jpg\" alt=\"Atefeh Ahmadi\" class=\"wp-image-17497 lazyload\"\/><noscript><img decoding=\"async\" width=\"750\" height=\"375\" src=\"https:\/\/wncri.org\/fr\/wp-content\/uploads\/2023\/01\/Atefeh-Ahmadi-2-min.jpg\" alt=\"Atefeh Ahmadi\" class=\"wp-image-17497 lazyload\" srcset=\"https:\/\/wncri.org\/fr\/wp-content\/uploads\/2023\/01\/Atefeh-Ahmadi-2-min.jpg 750w, https:\/\/wncri.org\/fr\/wp-content\/uploads\/2023\/01\/Atefeh-Ahmadi-2-min-300x150.jpg 300w, https:\/\/wncri.org\/fr\/wp-content\/uploads\/2023\/01\/Atefeh-Ahmadi-2-min-360x180.jpg 360w\" sizes=\"(max-width: 750px) 100vw, 750px\" \/><\/noscript><figcaption class=\"wp-element-caption\">Atefeh Ahmadi<\/figcaption><\/figure>\n<\/div>\n\n\n<p>Selon certaines sources, cette skieuse nationale iranienne de 22 ans s&#8217;est rendue en Allemagne il y a quelques jours pour pr\u00e9parer sa participation aux championnats du monde en France. Elle a ensuite d\u00e9clar\u00e9 qu&#8217;elle n&#8217;avait pas l&#8217;intention de participer \u00e0 ces comp\u00e9titions avec d&#8217;autres membres de l&#8217;\u00e9quipe nationale iranienne de ski et qu&#8217;elle avait demand\u00e9 l&#8217;asile en Allemagne.<\/p>\n\n\n\n<p>Atefeh Ahmadi est n\u00e9e en 2000 \u00e0 Ab-Ali, \u00e0 l&#8217;est de T\u00e9h\u00e9ran. Elle a remport\u00e9 la m\u00e9daille d&#8217;or lors de la comp\u00e9tition internationale de <a href=\"https:\/\/fr.wikipedia.org\/wiki\/Ski_alpin\" target=\"_blank\" rel=\"noreferrer noopener\">ski alpin<\/a> en Turquie en 2017.<\/p>\n\n\n\n<p>Atefeh Ahmadi, deuxi\u00e8me meilleure skieuse d&#8217;Iran, s&#8217;est qualifi\u00e9e pour les Jeux olympiques d&#8217;hiver de P\u00e9kin de 2021 et \u00e9tait la seule repr\u00e9sentante du ski f\u00e9minin iranien aux Jeux olympiques d&#8217;hiver de P\u00e9kin de 2022. Elle a atteint la deuxi\u00e8me \u00e9tape de la comp\u00e9tition de ski alpin.<\/p>\n\n\n\n<p>Atefeh Ahmadi est laur\u00e9ate de 5 m\u00e9dailles asiatiques et de plusieurs m\u00e9dailles d&#8217;or.<\/p>\n\n\n\n<p>Atefeh Ahmadi a commenc\u00e9 \u00e0 skier \u00e0 l&#8217;\u00e2ge de trois ans, et \u00e0 l&#8217;\u00e2ge de 10 ans, elle s&#8217;est rendue au Kazakhstan pour la premi\u00e8re fois pour des comp\u00e9titions \u00e0 l&#8217;\u00e9tranger. Elle a rejoint l&#8217;\u00e9quipe nationale iranienne de ski \u00e0 l&#8217;\u00e2ge de 16 ans. Elle \u00e9tait \u00e9tudiante en sciences du sport \u00e0 l&#8217;universit\u00e9 Al-Zahra de T\u00e9h\u00e9ran.<\/p>\n\n\n\n<p>Dans une interview, Atefeh Ahmadi a d\u00e9clar\u00e9 : &#8220;Il est tr\u00e8s difficile d&#8217;\u00eatre loin de ma famille, mais je promets d&#8217;atteindre l&#8217;objectif pour lequel j&#8217;ai quitt\u00e9 l&#8217;Iran.&#8221;<\/p>\n\n\n<div class=\"wp-block-image\">\n<figure class=\"aligncenter size-full\"><img decoding=\"async\" src=\"data:image\/gif;base64,R0lGODlhAQABAIAAAAAAAP\/\/\/yH5BAEAAAAALAAAAAABAAEAAAIBRAA7\" data-src=\"https:\/\/wncri.org\/fr\/wp-content\/uploads\/2023\/01\/Atefeh-Ahmadi-3-min.jpg\" alt=\"Atefeh Ahmadi\" class=\"wp-image-17498 lazyload\"\/><noscript><img decoding=\"async\" width=\"750\" height=\"375\" src=\"https:\/\/wncri.org\/fr\/wp-content\/uploads\/2023\/01\/Atefeh-Ahmadi-3-min.jpg\" alt=\"Atefeh Ahmadi\" class=\"wp-image-17498 lazyload\" srcset=\"https:\/\/wncri.org\/fr\/wp-content\/uploads\/2023\/01\/Atefeh-Ahmadi-3-min.jpg 750w, https:\/\/wncri.org\/fr\/wp-content\/uploads\/2023\/01\/Atefeh-Ahmadi-3-min-300x150.jpg 300w, https:\/\/wncri.org\/fr\/wp-content\/uploads\/2023\/01\/Atefeh-Ahmadi-3-min-360x180.jpg 360w\" sizes=\"(max-width: 750px) 100vw, 750px\" \/><\/noscript><figcaption class=\"wp-element-caption\">Atefeh Ahmadi<\/figcaption><\/figure>\n<\/div>\n\n\n<p>En r\u00e9ponse \u00e0 l&#8217;asile d&#8217;Atefeh Ahmadi, Abbas Nazarian, chef de la F\u00e9d\u00e9ration de ski, a d\u00e9clar\u00e9 : &#8220;Nous sommes choqu\u00e9s en ce moment. Nous esp\u00e9rons que cette nouvelle n&#8217;est pas vraie. Elle \u00e9tait l&#8217;une des meilleures d&#8217;Iran&#8221;.<\/p>\n\n\n\n<p>Plusieurs athl\u00e8tes f\u00e9minines et membres de l&#8217;\u00e9quipe nationale iranienne ont fait d\u00e9fection et ont cherch\u00e9 refuge dans d&#8217;autres pays en raison des lois misogynes et r\u00e9pressives de l&#8217;Iran.<\/p>\n\n\n\n<p>En Iran, les athl\u00e8tes f\u00e9minines sont confront\u00e9es \u00e0 de <a href=\"https:\/\/wncri.org\/fr\/2022\/04\/06\/sports-egalite-sociale\/\" target=\"_blank\" rel=\"noreferrer noopener\">nombreux obstacles et d\u00e9fis<\/a>. Elles doivent obtenir la permission de fonctionnaires (corrompus) du gouvernement cl\u00e9rical pour participer \u00e0 l&#8217;ar\u00e8ne internationale et pratiquer leurs sports favoris.<\/p>\n\n\n\n<p>Le r\u00e9gime a interdit aux <a href=\"https:\/\/wncri.org\/fr\/2022\/04\/06\/sports-egalite-sociale\/\" target=\"_blank\" rel=\"noreferrer noopener\">femmes<\/a> de participer \u00e0 des comp\u00e9titions internationales dans certains domaines, comme la natation. Les femmes peuvent participer \u00e0 d&#8217;autres domaines, comme les comp\u00e9titions organis\u00e9es hors d&#8217;Iran, si elles voyagent avec un hijab approuv\u00e9 par le r\u00e9gime iranien et avec l&#8217;approbation de leur mari ou de leur p\u00e8re.<\/p>\n\n\n\n<p>Ce sont l\u00e0 quelques-unes des <a href=\"https:\/\/wncri.org\/2021\/04\/05\/iranian-womens-sports-remain-far-from-international-standards\/\">restrictions o<\/a><a href=\"https:\/\/wncri.org\/2021\/04\/05\/iranian-womens-sports-remain-far-from-international-standards\/\" target=\"_blank\" rel=\"noreferrer noopener\">f<\/a><a href=\"https:\/\/wncri.org\/2021\/04\/05\/iranian-womens-sports-remain-far-from-international-standards\/\">ficielles<\/a> et des lois institutionnalis\u00e9es du r\u00e9gime cl\u00e9rical. En raison de ces restrictions, plusieurs championnes sportives ont \u00e9t\u00e9 interdites de participation \u00e0 des comp\u00e9titions importantes.<\/p>\n\n\n<div class=\"wp-block-image\">\n<figure class=\"aligncenter size-full\"><img decoding=\"async\" src=\"data:image\/gif;base64,R0lGODlhAQABAIAAAAAAAP\/\/\/yH5BAEAAAAALAAAAAABAAEAAAIBRAA7\" data-src=\"https:\/\/wncri.org\/fr\/wp-content\/uploads\/2023\/01\/Atefeh-Ahmadi-4-min.jpg\" alt=\"Atefeh Ahmadi\" class=\"wp-image-17499 lazyload\"\/><noscript><img decoding=\"async\" width=\"750\" height=\"375\" src=\"https:\/\/wncri.org\/fr\/wp-content\/uploads\/2023\/01\/Atefeh-Ahmadi-4-min.jpg\" alt=\"Atefeh Ahmadi\" class=\"wp-image-17499 lazyload\" srcset=\"https:\/\/wncri.org\/fr\/wp-content\/uploads\/2023\/01\/Atefeh-Ahmadi-4-min.jpg 750w, https:\/\/wncri.org\/fr\/wp-content\/uploads\/2023\/01\/Atefeh-Ahmadi-4-min-300x150.jpg 300w, https:\/\/wncri.org\/fr\/wp-content\/uploads\/2023\/01\/Atefeh-Ahmadi-4-min-360x180.jpg 360w\" sizes=\"(max-width: 750px) 100vw, 750px\" \/><\/noscript><figcaption class=\"wp-element-caption\">Atefeh Ahmadi<\/figcaption><\/figure>\n<\/div>\n\n\n<p>En mars 2021, <a href=\"https:\/\/wncri.org\/fr\/2021\/03\/03\/la-coach-de-ski\/\" target=\"_blank\" rel=\"noreferrer noopener\">Samira Zargari<\/a>, entra\u00eeneuse en chef de l&#8217;\u00e9quipe de ski alpin, s&#8217;est vu interdire de quitter le pays en raison des protestations de son mari. Elle n&#8217;a donc pas pu se rendre en Italie avec son \u00e9quipe. Samira n&#8217;est pas la premi\u00e8re athl\u00e8te iranienne dont le mari lui a interdit de quitter le pays pour participer \u00e0 des comp\u00e9titions mondiales. Avant elle, Niloufar Ardalan, capitaine de l&#8217;\u00e9quipe nationale f\u00e9minine de futsal, et Zahra Nemati, triple championne paralympique de tir \u00e0 l&#8217;arc, ont \u00e9galement \u00e9t\u00e9 interdites de quitter le pays par leurs maris (Deutsche Welle &#8211; 17 f\u00e9vrier 2021).<\/p>\n\n\n\n<p>M\u00eame l&#8217;alpinisme et la randonn\u00e9e sont restreints pour les femmes mari\u00e9es et c\u00e9libataires. Le conseil d&#8217;alpinisme de Khorassan Razavi a annonc\u00e9 cette directive aux clubs des provinces en novembre 2018.<\/p>\n\n\n\n<p>En outre, la diffusion de toute comp\u00e9tition sportive f\u00e9minine dans les m\u00e9dias iraniens est interdite. Ainsi, les \u00e9quipes sportives f\u00e9minines ne re\u00e7oivent pas de <a href=\"https:\/\/wncri.org\/fr\/2019\/05\/08\/le-sport-feminin-en-iran-manque-de-sponsors\/\" target=\"_blank\" rel=\"noreferrer noopener\">parrainage<\/a> puisque les matchs f\u00e9minins ne sont <a href=\"https:\/\/wncri.org\/fr\/2019\/05\/08\/le-sport-feminin-en-iran-manque-de-sponsors\/\" target=\"_blank\" rel=\"noreferrer noopener\">pas diffus\u00e9s<\/a> \u00e0 la t\u00e9l\u00e9vision d&#8217;\u00c9tat.<\/p>\n\n\n\n<p>Seuls les v\u00eatements amples sont autoris\u00e9s, m\u00eame s&#8217;ils peuvent ralentir les mouvements athl\u00e9tiques et emp\u00eachent les athl\u00e8tes f\u00e9minines iraniennes de concourir \u00e0 leur meilleur niveau.<\/p>\n","protected":false},"excerpt":{"rendered":"<p>La skieuse iranienne Atefeh Ahmadi demande l&#8217;asile en Allemagne Atefeh Ahmadi \u00e9tait l&#8217;une des meilleures skieuses d&#8217;Iran Atefeh Ahmadi, membre de l&#8217;\u00e9quipe nationale de ski d&#8217;Iran, a fait d\u00e9fection et demand\u00e9 l&#8217;asile en Allemagne. Atefeh Ahmadi, porte-drapeau de l&#8217;\u00e9quipe nationale iranienne de ski aux Jeux olympiques d&#8217;hiver de P\u00e9kin en 2022 et meilleur skieur iranien, [&hellip;]<\/p>\n","protected":false},"author":4,"featured_media":17496,"comment_status":"closed","ping_status":"closed","sticky":false,"template":"","format":"standard","meta":{"jnews-multi-image_gallery":[],"jnews_single_post":{"subtitle":"","format":"standard","video":"","gallery":"","source_name":"","source_url":"","via_name":"","via_url":"","override_template":"0","override":[{"template":"7","single_blog_custom":"","parallax":"1","fullscreen":"1","layout":"right-sidebar","sidebar":"default-sidebar","second_sidebar":"default-sidebar","sticky_sidebar":"1","share_position":"floatbottom","share_float_style":"share-normal","show_share_counter":"1","show_view_counter":"1","show_featured":"1","show_post_meta":"1","show_post_author":"0","show_post_author_image":"1","show_post_date":"1","post_date_format":"default","post_date_format_custom":"Y\/m\/d","show_post_category":"1","show_post_reading_time":"0","post_reading_time_wpm":"300","show_zoom_button":"0","zoom_button_out_step":"2","zoom_button_in_step":"3","show_post_tag":"1","show_prev_next_post":"0","show_popup_post":"1","number_popup_post":"1","show_author_box":"0","show_post_related":"1","show_inline_post_related":"0"}],"override_image_size":"0","image_override":[{"single_post_thumbnail_size":"crop-500","single_post_gallery_size":"crop-500"}],"trending_post":"0","trending_post_position":"meta","trending_post_label":"Trending","sponsored_post":"0","sponsored_post_label":"Sponsored by","sponsored_post_name":"","sponsored_post_url":"","sponsored_post_logo_enable":"0","sponsored_post_logo":"","sponsored_post_desc":"","disable_ad":"0"},"jnews_primary_category":{"id":"","hide":""},"jnews_social_meta":{"fb_title":"","fb_description":"","fb_image":"","twitter_title":"","twitter_description":"","twitter_image":""},"jnews_override_counter":{"override_view_counter":"0","view_counter_number":"0","override_share_counter":"0","share_counter_number":"0","override_like_counter":"0","like_counter_number":"0","override_dislike_counter":"0","dislike_counter_number":"0"},"footnotes":""},"categories":[3],"tags":[369],"class_list":["post-17495","post","type-post","status-publish","format-standard","has-post-thumbnail","hentry","category-infos-des-femmes","tag-manifestations"],"_links":{"self":[{"href":"https:\/\/wncri.org\/fr\/wp-json\/wp\/v2\/posts\/17495","targetHints":{"allow":["GET"]}}],"collection":[{"href":"https:\/\/wncri.org\/fr\/wp-json\/wp\/v2\/posts"}],"about":[{"href":"https:\/\/wncri.org\/fr\/wp-json\/wp\/v2\/types\/post"}],"author":[{"embeddable":true,"href":"https:\/\/wncri.org\/fr\/wp-json\/wp\/v2\/users\/4"}],"replies":[{"embeddable":true,"href":"https:\/\/wncri.org\/fr\/wp-json\/wp\/v2\/comments?post=17495"}],"version-history":[{"count":1,"href":"https:\/\/wncri.org\/fr\/wp-json\/wp\/v2\/posts\/17495\/revisions"}],"predecessor-version":[{"id":17500,"href":"https:\/\/wncri.org\/fr\/wp-json\/wp\/v2\/posts\/17495\/revisions\/17500"}],"wp:featuredmedia":[{"embeddable":true,"href":"https:\/\/wncri.org\/fr\/wp-json\/wp\/v2\/media\/17496"}],"wp:attachment":[{"href":"https:\/\/wncri.org\/fr\/wp-json\/wp\/v2\/media?parent=17495"}],"wp:term":[{"taxonomy":"category","embeddable":true,"href":"https:\/\/wncri.org\/fr\/wp-json\/wp\/v2\/categories?post=17495"},{"taxonomy":"post_tag","embeddable":true,"href":"https:\/\/wncri.org\/fr\/wp-json\/wp\/v2\/tags?post=17495"}],"curies":[{"name":"wp","href":"https:\/\/api.w.org\/{rel}","templated":true}]}}