{"id":17489,"date":"2023-01-30T22:11:12","date_gmt":"2023-01-30T21:11:12","guid":{"rendered":"https:\/\/wncri.org\/fr\/?p=17489"},"modified":"2023-02-07T11:30:41","modified_gmt":"2023-02-07T10:30:41","slug":"accusations-darmita-abbasi","status":"publish","type":"post","link":"https:\/\/wncri.org\/fr\/2023\/01\/30\/accusations-darmita-abbasi\/","title":{"rendered":"Les accusations d&#8217;Armita Abbasi examin\u00e9es lors de la premi\u00e8re session du tribunal"},"content":{"rendered":"\n<h3 class=\"wp-block-heading\">Les accusations d&#8217;Armita Abbasi examin\u00e9es lors de la premi\u00e8re session du tribunal<\/h3>\n\n\n\n<p><em>La premi\u00e8re audience du tribunal examinant les charges d&#8217;Armita Abbasi<\/em><\/p>\n\n\n\n<p>L&#8217;audience examinant les accusations d&#8217;Armita Abbasi s&#8217;est tenue le dimanche 29 janvier 2023, \u00e0 la premi\u00e8re section du Tribunal r\u00e9volutionnaire de Karaj.<\/p>\n\n\n\n<p>Selon les m\u00e9dias sociaux, le p\u00e8re d&#8217;Armita Abbasi a \u00e9crit sur son Instagram que la session du tribunal examinant les charges d&#8217;Armita Abbasi s&#8217;\u00e9tait r\u00e9unie dimanche.<\/p>\n\n\n\n<p>La manifestante d\u00e9tenue Armita Abbasi a \u00e9t\u00e9 arr\u00eat\u00e9e d\u00e9but octobre lors de manifestations nationales. Pendant sa d\u00e9tention et avant d&#8217;\u00eatre transf\u00e9r\u00e9e \u00e0 la prison de Fardis (Kachouii) \u00e0 Karaj, elle a \u00e9t\u00e9 <a href=\"https:\/\/wncri.org\/fr\/2022\/12\/05\/violence\/\" target=\"_blank\" rel=\"noreferrer noopener\">gravement tortur\u00e9e<\/a> pendant une semaine et a subi de <a href=\"https:\/\/edition.cnn.com\/interactive\/2022\/11\/middleeast\/iran-protests-sexual-assault\/index.html\" target=\"_blank\" rel=\"noreferrer noopener\">multiples viols collectifs.<\/a><\/p>\n\n\n\n<p>Le nom d&#8217;Armita Abbasi a \u00e9t\u00e9 divulgu\u00e9 pour la premi\u00e8re fois sur les m\u00e9dias sociaux lorsqu&#8217;elle a \u00e9t\u00e9 emmen\u00e9e \u00e0 l&#8217;h\u00f4pital Imam Ali de Karaj alors qu&#8217;elle tremblait et saignait. Les m\u00e9decins et le personnel m\u00e9dical ont d&#8217;abord pens\u00e9 qu&#8217;elle avait un cancer, mais apr\u00e8s l&#8217;examen, on a d\u00e9couvert qu&#8217;elle avait \u00e9t\u00e9 viol\u00e9e \u00e0 de nombreuses reprises. Sa t\u00eate avait \u00e9t\u00e9 ras\u00e9e et elle saignait du rectum. Elle \u00e9tait terrifi\u00e9e. Les agents en civil qui l&#8217;accompagnaient ont insist\u00e9 pour que les m\u00e9decins enregistrent le viol comme quelque chose qui s&#8217;\u00e9tait produit avant son arrestation.<\/p>\n\n\n\n<p>Avant que sa famille ne puisse atteindre l&#8217;h\u00f4pital, les agents de s\u00e9curit\u00e9 l&#8217;ont enlev\u00e9e et emmen\u00e9e.<\/p>\n\n\n\n<p>Selon les utilisateurs des m\u00e9dias sociaux, l&#8217;arrestation d&#8217;Armita a \u00e9t\u00e9 motiv\u00e9e par ses publications dans le cyberespace.<\/p>\n\n\n\n<p>Mme Abbasi a entam\u00e9 une gr\u00e8ve de la faim avec 14 autres manifestantes d\u00e9tenues \u00e0 la prison de Fardis (Kachouii) de Karaj le 2 janvier 2023.<\/p>\n\n\n\n<p>Les avocats de la manifestante d\u00e9tenue Armita Abbasi, Mohammad Esmailbeigi et Sonia Mohammadi, ont <a href=\"https:\/\/wncri.org\/fr\/2023\/01\/24\/manifestante-armita-abbasi\/\" target=\"_blank\" rel=\"noreferrer noopener\">d\u00e9missionn\u00e9<\/a> le 23 janvier 2023, \u00e0 la veille de l&#8217;audience du tribunal, parce qu&#8217;ils n&#8217;avaient pas pu rencontrer Armita en personne.<\/p>\n\n\n\n<p>Lors de l&#8217;audience du dimanche 29 janvier 2023, \u00e0 la branche 1 du tribunal r\u00e9volutionnaire de Karaj, Shahla Oroji a particip\u00e9 en tant qu&#8217;avocate de la d\u00e9fense d&#8217;Armita Abbasi. Jusqu&#8217;\u00e0 pr\u00e9sent, il n&#8217;y a pas d&#8217;information sur les charges retenues contre Armita Abbasi.<\/p>\n\n\n\n<p><strong>Les accusations d&#8217;Armita Abbasi examin\u00e9es lors de la premi\u00e8re session du tribunal<\/strong><\/p>\n","protected":false},"excerpt":{"rendered":"<p>Les accusations d&#8217;Armita Abbasi examin\u00e9es lors de la premi\u00e8re session du tribunal La premi\u00e8re audience du tribunal examinant les charges d&#8217;Armita Abbasi L&#8217;audience examinant les accusations d&#8217;Armita Abbasi s&#8217;est tenue le dimanche 29 janvier 2023, \u00e0 la premi\u00e8re section du Tribunal r\u00e9volutionnaire de Karaj. Selon les m\u00e9dias sociaux, le p\u00e8re d&#8217;Armita Abbasi a \u00e9crit sur [&hellip;]<\/p>\n","protected":false},"author":4,"featured_media":17490,"comment_status":"closed","ping_status":"closed","sticky":false,"template":"","format":"standard","meta":{"jnews-multi-image_gallery":[],"jnews_single_post":{"subtitle":"","format":"standard","video":"","gallery":"","source_name":"","source_url":"","via_name":"","via_url":"","override_template":"0","override":[{"template":"7","single_blog_custom":"","parallax":"1","fullscreen":"1","layout":"right-sidebar","sidebar":"default-sidebar","second_sidebar":"default-sidebar","sticky_sidebar":"1","share_position":"floatbottom","share_float_style":"share-normal","show_share_counter":"1","show_view_counter":"1","show_featured":"1","show_post_meta":"1","show_post_author":"0","show_post_author_image":"1","show_post_date":"1","post_date_format":"default","post_date_format_custom":"Y\/m\/d","show_post_category":"1","show_post_reading_time":"0","post_reading_time_wpm":"300","show_zoom_button":"0","zoom_button_out_step":"2","zoom_button_in_step":"3","show_post_tag":"1","show_prev_next_post":"0","show_popup_post":"1","number_popup_post":"1","show_author_box":"0","show_post_related":"1","show_inline_post_related":"0"}],"override_image_size":"0","image_override":[{"single_post_thumbnail_size":"crop-500","single_post_gallery_size":"crop-500"}],"trending_post":"0","trending_post_position":"meta","trending_post_label":"Trending","sponsored_post":"0","sponsored_post_label":"Sponsored by","sponsored_post_name":"","sponsored_post_url":"","sponsored_post_logo_enable":"0","sponsored_post_logo":"","sponsored_post_desc":"","disable_ad":"0"},"jnews_primary_category":{"id":"","hide":""},"jnews_social_meta":{"fb_title":"","fb_description":"","fb_image":"","twitter_title":"","twitter_description":"","twitter_image":""},"jnews_override_counter":{"override_view_counter":"0","view_counter_number":"0","override_share_counter":"0","share_counter_number":"0","override_like_counter":"0","like_counter_number":"0","override_dislike_counter":"0","dislike_counter_number":"0"},"footnotes":""},"categories":[3],"tags":[369,370,376],"class_list":["post-17489","post","type-post","status-publish","format-standard","has-post-thumbnail","hentry","category-infos-des-femmes","tag-manifestations","tag-prisonnieres","tag-violence-contre-les-femmes"],"_links":{"self":[{"href":"https:\/\/wncri.org\/fr\/wp-json\/wp\/v2\/posts\/17489","targetHints":{"allow":["GET"]}}],"collection":[{"href":"https:\/\/wncri.org\/fr\/wp-json\/wp\/v2\/posts"}],"about":[{"href":"https:\/\/wncri.org\/fr\/wp-json\/wp\/v2\/types\/post"}],"author":[{"embeddable":true,"href":"https:\/\/wncri.org\/fr\/wp-json\/wp\/v2\/users\/4"}],"replies":[{"embeddable":true,"href":"https:\/\/wncri.org\/fr\/wp-json\/wp\/v2\/comments?post=17489"}],"version-history":[{"count":2,"href":"https:\/\/wncri.org\/fr\/wp-json\/wp\/v2\/posts\/17489\/revisions"}],"predecessor-version":[{"id":17494,"href":"https:\/\/wncri.org\/fr\/wp-json\/wp\/v2\/posts\/17489\/revisions\/17494"}],"wp:featuredmedia":[{"embeddable":true,"href":"https:\/\/wncri.org\/fr\/wp-json\/wp\/v2\/media\/17490"}],"wp:attachment":[{"href":"https:\/\/wncri.org\/fr\/wp-json\/wp\/v2\/media?parent=17489"}],"wp:term":[{"taxonomy":"category","embeddable":true,"href":"https:\/\/wncri.org\/fr\/wp-json\/wp\/v2\/categories?post=17489"},{"taxonomy":"post_tag","embeddable":true,"href":"https:\/\/wncri.org\/fr\/wp-json\/wp\/v2\/tags?post=17489"}],"curies":[{"name":"wp","href":"https:\/\/api.w.org\/{rel}","templated":true}]}}