{"id":17484,"date":"2023-01-27T15:09:11","date_gmt":"2023-01-27T14:09:11","guid":{"rendered":"https:\/\/wncri.org\/fr\/?p=17484"},"modified":"2023-01-28T15:14:42","modified_gmt":"2023-01-28T14:14:42","slug":"maryam-derisi","status":"publish","type":"post","link":"https:\/\/wncri.org\/fr\/2023\/01\/27\/maryam-derisi\/","title":{"rendered":"Maryam Derisi condamn\u00e9e \u00e0 22 mois de prison et 74 coups de fouet"},"content":{"rendered":"\n<h3 class=\"wp-block-heading\">Maryam Derisi condamn\u00e9e \u00e0 22 mois de prison et 74 coups de fouet<\/h3>\n\n\n\n<p>La Cour de r\u00e9vision de la province de Fars a condamn\u00e9 Maryam Derisi \u00e0 22 mois et 17 jours de prison et \u00e0 74 coups de fouet.<\/p>\n\n\n\n<p>Maryam Derisi, originaire de Kazeroun, est <a href=\"https:\/\/wncri.org\/fr\/2022\/11\/29\/davantage-de-femmes\/\" target=\"_blank\" rel=\"noreferrer noopener\">\u00e9tudiante en ma\u00eetrise de langue<\/a> et de litt\u00e9rature anglaise \u00e0 l&#8217;universit\u00e9 de Saveh. Les forces de s\u00e9curit\u00e9 ont <a href=\"https:\/\/wncri.org\/fr\/2022\/11\/03\/des-milliers\/\" target=\"_blank\" rel=\"noreferrer noopener\">arr\u00eat\u00e9<\/a> Maryam Derisi le 15 octobre 2022, \u00e0 Chiraz. Elle est rest\u00e9e huit jours \u00e0 l&#8217;isolement dans le centre de d\u00e9tention du D\u00e9partement des renseignements de Chiraz, puis a \u00e9t\u00e9 transf\u00e9r\u00e9e \u00e0 <a href=\"https:\/\/wncri.org\/fr\/2021\/12\/10\/les-conditions-des-femmes-prisons\/\" target=\"_blank\" rel=\"noreferrer noopener\">la prison d&#8217;Adelabad<\/a> ou \u00e0 la prison centrale de Chiraz. Elle a \u00e9t\u00e9 lib\u00e9r\u00e9e sous caution le 2 novembre 2022.<\/p>\n\n\n\n<p>Le 26 janvier 2023, le tribunal de r\u00e9vision de la province de Fars l&#8217;a condamn\u00e9e \u00e0 15 mois et un jour pour &#8220;insulte au guide&#8221;, et \u00e0 7 mois et 16 jours pour &#8220;propagande contre l&#8217;\u00c9tat&#8221;, soit un total de 22 mois et 17 jours d&#8217;emprisonnement.<\/p>\n\n\n\n<p>La peine tient compte des premiers jours de d\u00e9tention et serait commu\u00e9e en 15 mois d&#8217;emprisonnement, conform\u00e9ment \u00e0 l&#8217;article 134 du Code p\u00e9nal.<\/p>\n\n\n\n<p>Auparavant, le 14 novembre 2022, la branche 103 du Tribunal r\u00e9volutionnaire de Kazeroun a condamn\u00e9 Maryam Derisi \u00e0 un an de prison pour &#8220;perturbation de l&#8217;ordre et de la paix publique&#8221; et \u00e0 74 coups de fouet pour avoir &#8220;commis un acte interdit en retirant son voile.&#8221;<\/p>\n\n\n\n<p>Le 16 novembre 2022, la branche 102 du tribunal r\u00e9volutionnaire de Kazeroun a condamn\u00e9 Maryam Derisi \u00e0 deux ans de prison pour &#8220;insulte au dirigeant&#8221; et \u00e0 un an de prison pour &#8220;propagande contre l&#8217;\u00c9tat&#8221;, soit un total de trois ans.<\/p>\n\n\n<div class=\"wp-block-image\">\n<figure class=\"aligncenter size-full\"><img decoding=\"async\" src=\"data:image\/gif;base64,R0lGODlhAQABAIAAAAAAAP\/\/\/yH5BAEAAAAALAAAAAABAAEAAAIBRAA7\" data-src=\"https:\/\/wncri.org\/fr\/wp-content\/uploads\/2023\/01\/Saeedeh-Mir-Qorbani-min.jpg\" alt=\"Maryam Derisi condamn\u00e9e \u00e0 22 mois de prison\" class=\"wp-image-17487 lazyload\"\/><noscript><img decoding=\"async\" width=\"750\" height=\"375\" src=\"https:\/\/wncri.org\/fr\/wp-content\/uploads\/2023\/01\/Saeedeh-Mir-Qorbani-min.jpg\" alt=\"Maryam Derisi condamn\u00e9e \u00e0 22 mois de prison\" class=\"wp-image-17487 lazyload\" srcset=\"https:\/\/wncri.org\/fr\/wp-content\/uploads\/2023\/01\/Saeedeh-Mir-Qorbani-min.jpg 750w, https:\/\/wncri.org\/fr\/wp-content\/uploads\/2023\/01\/Saeedeh-Mir-Qorbani-min-300x150.jpg 300w, https:\/\/wncri.org\/fr\/wp-content\/uploads\/2023\/01\/Saeedeh-Mir-Qorbani-min-360x180.jpg 360w\" sizes=\"(max-width: 750px) 100vw, 750px\" \/><\/noscript><figcaption class=\"wp-element-caption\">Saeedeh Mir-Qorbani<\/figcaption><\/figure>\n<\/div>\n\n\n<h3 class=\"wp-block-heading\"><strong>Arrestation et statut ind\u00e9cis de Saeedeh Mir-Qorbani, avocate<\/strong><\/h3>\n\n\n\n<p>Le d\u00e9partement de la police de s\u00e9curit\u00e9 de Babolssar a convoqu\u00e9 une avocate, Saeedeh Mir-Qorbani, 32 ans, de Babolssar (province de Mazadaran). La police de s\u00e9curit\u00e9 lui a demand\u00e9 de s&#8217;excuser pour ses activit\u00e9s sur les r\u00e9seaux sociaux. Lorsqu&#8217;elle a refus\u00e9 de s&#8217;excuser, elle a \u00e9t\u00e9 arr\u00eat\u00e9e.<\/p>\n\n\n\n<p>Les forces de s\u00e9curit\u00e9 ont arr\u00eat\u00e9 Saeedeh Mir-Qorbani le 3 d\u00e9cembre 2022. \u00c0 ce jour, il n&#8217;existe aucune information sur l&#8217;endroit o\u00f9 elle se trouve ou sur les charges qui p\u00e8sent contre elle.<\/p>\n\n\n<div class=\"wp-block-image\">\n<figure class=\"aligncenter size-full\"><img decoding=\"async\" src=\"data:image\/gif;base64,R0lGODlhAQABAIAAAAAAAP\/\/\/yH5BAEAAAAALAAAAAABAAEAAAIBRAA7\" data-src=\"https:\/\/wncri.org\/fr\/wp-content\/uploads\/2023\/01\/Parvin-Abdollah-Panah-min.jpg\" alt=\"Maryam Derisi condamn\u00e9e \u00e0 22 mois de prison et 74 coups\" class=\"wp-image-17486 lazyload\"\/><noscript><img decoding=\"async\" width=\"750\" height=\"375\" src=\"https:\/\/wncri.org\/fr\/wp-content\/uploads\/2023\/01\/Parvin-Abdollah-Panah-min.jpg\" alt=\"Maryam Derisi condamn\u00e9e \u00e0 22 mois de prison et 74 coups\" class=\"wp-image-17486 lazyload\" srcset=\"https:\/\/wncri.org\/fr\/wp-content\/uploads\/2023\/01\/Parvin-Abdollah-Panah-min.jpg 750w, https:\/\/wncri.org\/fr\/wp-content\/uploads\/2023\/01\/Parvin-Abdollah-Panah-min-300x150.jpg 300w, https:\/\/wncri.org\/fr\/wp-content\/uploads\/2023\/01\/Parvin-Abdollah-Panah-min-360x180.jpg 360w\" sizes=\"(max-width: 750px) 100vw, 750px\" \/><\/noscript><figcaption class=\"wp-element-caption\">Parvin Abdollah Panah <\/figcaption><\/figure>\n<\/div>\n\n\n<h3 class=\"wp-block-heading\"><strong>Parvin Abdollah Panah condamn\u00e9 \u00e0 deux mois de prison<\/strong><\/h3>\n\n\n\n<p>La branche 1 du tribunal r\u00e9volutionnaire de <a href=\"https:\/\/fr.wikipedia.org\/wiki\/Saqqez\" target=\"_blank\" rel=\"noreferrer noopener\">Saqqez<\/a>, bas\u00e9 \u00e0 Baneh, a condamn\u00e9 Parvin Abdollah Panah \u00e0 huit mois de prison.<\/p>\n\n\n\n<p>Selon le verdict, elle a \u00e9t\u00e9 condamn\u00e9e \u00e0 deux mois de prison et \u00e0 six mois de prison avec sursis pendant deux ans. Elle a \u00e9t\u00e9 officiellement notifi\u00e9e.<\/p>\n\n\n\n<p>Parvin Abdollah Panah a \u00e9t\u00e9 lib\u00e9r\u00e9e temporairement du <a href=\"https:\/\/wncri.org\/fr\/2021\/12\/10\/les-conditions-des-femmes-prisons\/https:\/women.ncr-iran.org\/fr\/2021\/12\/10\/les-conditions-des-femmes-prisons\/\" target=\"_blank\" rel=\"noreferrer noopener\">centre correctionnel de Sanandaj<\/a> le 18 juin 2022, apr\u00e8s 55 jours de d\u00e9tention et le d\u00e9p\u00f4t d&#8217;une caution de 300 millions de tomans. Mme Abdollah Panah s&#8217;est vu refuser le droit \u00e0 un avocat pendant sa d\u00e9tention.<\/p>\n","protected":false},"excerpt":{"rendered":"<p>Maryam Derisi condamn\u00e9e \u00e0 22 mois de prison et 74 coups de fouet La Cour de r\u00e9vision de la province de Fars a condamn\u00e9 Maryam Derisi \u00e0 22 mois et 17 jours de prison et \u00e0 74 coups de fouet. Maryam Derisi, originaire de Kazeroun, est \u00e9tudiante en ma\u00eetrise de langue et de litt\u00e9rature anglaise [&hellip;]<\/p>\n","protected":false},"author":4,"featured_media":17485,"comment_status":"closed","ping_status":"closed","sticky":false,"template":"","format":"standard","meta":{"jnews-multi-image_gallery":[],"jnews_single_post":{"subtitle":"","format":"standard","video":"","gallery":"","source_name":"","source_url":"","via_name":"","via_url":"","override_template":"0","override":[{"template":"7","single_blog_custom":"","parallax":"1","fullscreen":"1","layout":"right-sidebar","sidebar":"default-sidebar","second_sidebar":"default-sidebar","sticky_sidebar":"1","share_position":"floatbottom","share_float_style":"share-normal","show_share_counter":"1","show_view_counter":"1","show_featured":"1","show_post_meta":"1","show_post_author":"0","show_post_author_image":"1","show_post_date":"1","post_date_format":"default","post_date_format_custom":"Y\/m\/d","show_post_category":"1","show_post_reading_time":"0","post_reading_time_wpm":"300","show_zoom_button":"0","zoom_button_out_step":"2","zoom_button_in_step":"3","show_post_tag":"1","show_prev_next_post":"0","show_popup_post":"1","number_popup_post":"1","show_author_box":"0","show_post_related":"1","show_inline_post_related":"0"}],"override_image_size":"0","image_override":[{"single_post_thumbnail_size":"crop-500","single_post_gallery_size":"crop-500"}],"trending_post":"0","trending_post_position":"meta","trending_post_label":"Trending","sponsored_post":"0","sponsored_post_label":"Sponsored by","sponsored_post_name":"","sponsored_post_url":"","sponsored_post_logo_enable":"0","sponsored_post_logo":"","sponsored_post_desc":"","disable_ad":"0"},"jnews_primary_category":{"id":"","hide":""},"jnews_social_meta":{"fb_title":"","fb_description":"","fb_image":"","twitter_title":"","twitter_description":"","twitter_image":""},"jnews_override_counter":{"override_view_counter":"0","view_counter_number":"0","override_share_counter":"0","share_counter_number":"0","override_like_counter":"0","like_counter_number":"0","override_dislike_counter":"0","dislike_counter_number":"0"},"footnotes":""},"categories":[3],"tags":[369,370,376],"class_list":["post-17484","post","type-post","status-publish","format-standard","has-post-thumbnail","hentry","category-infos-des-femmes","tag-manifestations","tag-prisonnieres","tag-violence-contre-les-femmes"],"_links":{"self":[{"href":"https:\/\/wncri.org\/fr\/wp-json\/wp\/v2\/posts\/17484","targetHints":{"allow":["GET"]}}],"collection":[{"href":"https:\/\/wncri.org\/fr\/wp-json\/wp\/v2\/posts"}],"about":[{"href":"https:\/\/wncri.org\/fr\/wp-json\/wp\/v2\/types\/post"}],"author":[{"embeddable":true,"href":"https:\/\/wncri.org\/fr\/wp-json\/wp\/v2\/users\/4"}],"replies":[{"embeddable":true,"href":"https:\/\/wncri.org\/fr\/wp-json\/wp\/v2\/comments?post=17484"}],"version-history":[{"count":1,"href":"https:\/\/wncri.org\/fr\/wp-json\/wp\/v2\/posts\/17484\/revisions"}],"predecessor-version":[{"id":17488,"href":"https:\/\/wncri.org\/fr\/wp-json\/wp\/v2\/posts\/17484\/revisions\/17488"}],"wp:featuredmedia":[{"embeddable":true,"href":"https:\/\/wncri.org\/fr\/wp-json\/wp\/v2\/media\/17485"}],"wp:attachment":[{"href":"https:\/\/wncri.org\/fr\/wp-json\/wp\/v2\/media?parent=17484"}],"wp:term":[{"taxonomy":"category","embeddable":true,"href":"https:\/\/wncri.org\/fr\/wp-json\/wp\/v2\/categories?post=17484"},{"taxonomy":"post_tag","embeddable":true,"href":"https:\/\/wncri.org\/fr\/wp-json\/wp\/v2\/tags?post=17484"}],"curies":[{"name":"wp","href":"https:\/\/api.w.org\/{rel}","templated":true}]}}