{"id":17474,"date":"2023-01-25T12:35:49","date_gmt":"2023-01-25T11:35:49","guid":{"rendered":"https:\/\/wncri.org\/fr\/?p=17474"},"modified":"2023-01-26T12:44:09","modified_gmt":"2023-01-26T11:44:09","slug":"tahereh-bejervani","status":"publish","type":"post","link":"https:\/\/wncri.org\/fr\/2023\/01\/25\/tahereh-bejervani\/","title":{"rendered":"La d\u00e9tention de Tahereh Bejervani est prolong\u00e9e d&#8217;un mois"},"content":{"rendered":"\n<h3 class=\"wp-block-heading\">La d\u00e9tention de Tahereh Bejervani est prolong\u00e9e d&#8217;un mois<\/h3>\n\n\n\n<p>La d\u00e9tention de Tahereh Bejervani a \u00e9t\u00e9 prolong\u00e9e d&#8217;un mois parce qu&#8217;elle a r\u00e9sist\u00e9 aux interrogatoires et refus\u00e9 de faire des aveux forc\u00e9s.<\/p>\n\n\n\n<p>Tahereh Bejervani est la veuve d&#8217;Ali Fotouhi, qui a \u00e9t\u00e9 directement abattu par les forces de s\u00e9curit\u00e9 lors du soul\u00e8vement de novembre 2019.<\/p>\n\n\n\n<p>Tahereh Bejervani fait partie des familles des victimes tu\u00e9es pendant le <a href=\"https:\/\/wncri.org\/fr\/2019\/12\/23\/1500-personnes-dont-400-femmes-tuees-dans-le-soulevement-en-iran-reuters\/\" target=\"_blank\" rel=\"noreferrer noopener\">soul\u00e8vement de novembre 2019<\/a> qui demandent justice pour leurs proches. Elle a \u00e9t\u00e9 arr\u00eat\u00e9e le 21 d\u00e9cembre 2022 sur son lieu de travail \u00e0 Chahrak-e Qods, dans la banlieue de T\u00e9h\u00e9ran.<\/p>\n\n\n\n<p>Le 1er janvier 2023, Tahereh Bejervani a appel\u00e9 sa famille pour lui dire qu&#8217;elle \u00e9tait d\u00e9tenue dans le quartier 209 de la prison d&#8217;Evine. Elle a d\u00e9clar\u00e9 que pendant sa d\u00e9tention, elle n&#8217;avait \u00e9t\u00e9 interrog\u00e9e qu&#8217;une seule fois.<\/p>\n\n\n\n<p>Les m\u00e9dias sociaux indiquent que Mme Bejervani a subi des pressions pour accepter des accusations forg\u00e9es de toutes pi\u00e8ces par les forces de s\u00e9curit\u00e9.<\/p>\n\n\n<div class=\"wp-block-image\">\n<figure class=\"aligncenter size-full\"><img decoding=\"async\" src=\"data:image\/gif;base64,R0lGODlhAQABAIAAAAAAAP\/\/\/yH5BAEAAAAALAAAAAABAAEAAAIBRAA7\" data-src=\"https:\/\/wncri.org\/fr\/wp-content\/uploads\/2023\/01\/Niloufar-Mohandes-min.jpg\" alt=\"Tahereh Bejervani\" class=\"wp-image-17477 lazyload\"\/><noscript><img decoding=\"async\" width=\"750\" height=\"375\" src=\"https:\/\/wncri.org\/fr\/wp-content\/uploads\/2023\/01\/Niloufar-Mohandes-min.jpg\" alt=\"Tahereh Bejervani\" class=\"wp-image-17477 lazyload\" srcset=\"https:\/\/wncri.org\/fr\/wp-content\/uploads\/2023\/01\/Niloufar-Mohandes-min.jpg 750w, https:\/\/wncri.org\/fr\/wp-content\/uploads\/2023\/01\/Niloufar-Mohandes-min-300x150.jpg 300w, https:\/\/wncri.org\/fr\/wp-content\/uploads\/2023\/01\/Niloufar-Mohandes-min-360x180.jpg 360w\" sizes=\"(max-width: 750px) 100vw, 750px\" \/><\/noscript><figcaption class=\"wp-element-caption\">Niloufar Mohandes <\/figcaption><\/figure>\n<\/div>\n\n\n<h3 class=\"wp-block-heading\"><strong>Niloufar Mohandes arr\u00eat\u00e9e lors d&#8217;une manifestation devant la prison de Gohardacht<\/strong><\/h3>\n\n\n\n<p>Niloufar Mohandes, 17 ans, a \u00e9t\u00e9 arr\u00eat\u00e9e lors d&#8217;une manifestation organis\u00e9e par les familles de manifestants d\u00e9tenus devant la prison de Gohardacht (Rajaii Chahr) \u00e0 Karaj et emmen\u00e9e dans un lieu inconnu.<\/p>\n\n\n\n<p>Aux premi\u00e8res heures du 12 janvier 2023, les familles de prisonniers et de nombreux jeunes se sont rassembl\u00e9s devant la prison de Gohardacht pour emp\u00eacher l&#8217;ex\u00e9cution des manifestants d\u00e9tenus <a href=\"https:\/\/english.mojahedin.org\/news\/live-report-irans-nationwide-uprising-on-the-verge-of-entering-its-fifth-month\/\" target=\"_blank\" rel=\"noreferrer noopener\">Mohammad Ghobadlou<\/a> et Mohammad Broghani. Ils ont scand\u00e9 des slogans jusqu&#8217;\u00e0 l&#8217;aube, demandant d&#8217;emp\u00eacher son ex\u00e9cution.<\/p>\n\n\n\n<p>Niloufar Mohandes avait rejoint le rassemblement devant la prison de Gohardacht pour protester contre l&#8217;ex\u00e9cution de Mohammad Ghobadlou et Mohammad Broghani, mais elle a \u00e9t\u00e9 arr\u00eat\u00e9e.<\/p>\n\n\n\n<p>\u00c0 ce jour, aucune institution n&#8217;a assum\u00e9 la responsabilit\u00e9 de cette arrestation et n&#8217;a r\u00e9pondu \u00e0 sa famille.<\/p>\n\n\n<div class=\"wp-block-image\">\n<figure class=\"aligncenter size-full\"><img decoding=\"async\" src=\"data:image\/gif;base64,R0lGODlhAQABAIAAAAAAAP\/\/\/yH5BAEAAAAALAAAAAABAAEAAAIBRAA7\" data-src=\"https:\/\/wncri.org\/fr\/wp-content\/uploads\/2023\/01\/Mahboubeh-Mousavi-min.jpg\" alt=\"La d\u00e9tention de Tahereh Bejervani est prolong\u00e9e\" class=\"wp-image-17475 lazyload\"\/><noscript><img decoding=\"async\" width=\"750\" height=\"375\" src=\"https:\/\/wncri.org\/fr\/wp-content\/uploads\/2023\/01\/Mahboubeh-Mousavi-min.jpg\" alt=\"La d\u00e9tention de Tahereh Bejervani est prolong\u00e9e\" class=\"wp-image-17475 lazyload\" srcset=\"https:\/\/wncri.org\/fr\/wp-content\/uploads\/2023\/01\/Mahboubeh-Mousavi-min.jpg 750w, https:\/\/wncri.org\/fr\/wp-content\/uploads\/2023\/01\/Mahboubeh-Mousavi-min-300x150.jpg 300w, https:\/\/wncri.org\/fr\/wp-content\/uploads\/2023\/01\/Mahboubeh-Mousavi-min-360x180.jpg 360w\" sizes=\"(max-width: 750px) 100vw, 750px\" \/><\/noscript><figcaption class=\"wp-element-caption\">Mahboubeh Mousavi <\/figcaption><\/figure>\n<\/div>\n\n\n<h3 class=\"wp-block-heading\"><strong>Mahboubeh Mousavi a disparu apr\u00e8s avoir \u00e9t\u00e9 poursuivie par des agents du r\u00e9gime<\/strong><\/h3>\n\n\n\n<p>Mahboubeh Mousavi, 26 ans, a \u00e9t\u00e9 bless\u00e9e par derri\u00e8re lors d&#8217;une manifestation dans le quartier de Padadchahr \u00e0 Ahvaz, puis a disparu.<\/p>\n\n\n\n<p>Mahboubeh Mousavi, originaire d&#8217;Ahvaz, a \u00e9t\u00e9 bless\u00e9e par les forces de police le 11 d\u00e9cembre 2022, lors des manifestations nationales. Mahboubeh Mousavi est entr\u00e9 dans un appartement apr\u00e8s avoir \u00e9t\u00e9 bless\u00e9e et a disparu depuis.<\/p>\n\n\n<div class=\"wp-block-image\">\n<figure class=\"aligncenter size-full\"><img decoding=\"async\" src=\"data:image\/gif;base64,R0lGODlhAQABAIAAAAAAAP\/\/\/yH5BAEAAAAALAAAAAABAAEAAAIBRAA7\" data-src=\"https:\/\/wncri.org\/fr\/wp-content\/uploads\/2023\/01\/Mahsa-Salehi-min.jpg\" alt=\"La d\u00e9tention de Tahereh Bejervani est prolong\u00e9e d'un mois\" class=\"wp-image-17476 lazyload\"\/><noscript><img decoding=\"async\" width=\"750\" height=\"375\" src=\"https:\/\/wncri.org\/fr\/wp-content\/uploads\/2023\/01\/Mahsa-Salehi-min.jpg\" alt=\"La d\u00e9tention de Tahereh Bejervani est prolong\u00e9e d'un mois\" class=\"wp-image-17476 lazyload\" srcset=\"https:\/\/wncri.org\/fr\/wp-content\/uploads\/2023\/01\/Mahsa-Salehi-min.jpg 750w, https:\/\/wncri.org\/fr\/wp-content\/uploads\/2023\/01\/Mahsa-Salehi-min-300x150.jpg 300w, https:\/\/wncri.org\/fr\/wp-content\/uploads\/2023\/01\/Mahsa-Salehi-min-360x180.jpg 360w\" sizes=\"(max-width: 750px) 100vw, 750px\" \/><\/noscript><figcaption class=\"wp-element-caption\">Mahsa Salehi <\/figcaption><\/figure>\n<\/div>\n\n\n<h3 class=\"wp-block-heading\"><strong>Mahsa Salehi arr\u00eat\u00e9e sur la place de la Libert\u00e9<\/strong><\/h3>\n\n\n\n<p>Mahsa Salehi, 17 ans, a \u00e9t\u00e9 arr\u00eat\u00e9e sur la place de la Libert\u00e9 le 8 janvier 2023, pour avoir aid\u00e9 des manifestants arr\u00eat\u00e9s \u00e0 s&#8217;\u00e9chapper d&#8217;un fourgon de police pendant les manifestations nationales. Elle a \u00e9t\u00e9 emmen\u00e9e \u00e0 la prison d&#8217;Evine, o\u00f9 des agents de s\u00e9curit\u00e9 lui ont cass\u00e9 le nez et la main gauche, et ont tent\u00e9 (en vain) de lui extorquer des aveux forc\u00e9s.<\/p>\n\n\n\n<p>Selon certaines informations, Mahsa Salehi est en mauvaise condition physique et ses blessures se sont infect\u00e9es. Elle n&#8217;est pas autoris\u00e9e \u00e0 recevoir des visites.<\/p>\n","protected":false},"excerpt":{"rendered":"<p>La d\u00e9tention de Tahereh Bejervani est prolong\u00e9e d&#8217;un mois La d\u00e9tention de Tahereh Bejervani a \u00e9t\u00e9 prolong\u00e9e d&#8217;un mois parce qu&#8217;elle a r\u00e9sist\u00e9 aux interrogatoires et refus\u00e9 de faire des aveux forc\u00e9s. Tahereh Bejervani est la veuve d&#8217;Ali Fotouhi, qui a \u00e9t\u00e9 directement abattu par les forces de s\u00e9curit\u00e9 lors du soul\u00e8vement de novembre 2019. [&hellip;]<\/p>\n","protected":false},"author":4,"featured_media":17478,"comment_status":"closed","ping_status":"closed","sticky":false,"template":"","format":"standard","meta":{"jnews-multi-image_gallery":[],"jnews_single_post":{"subtitle":"","format":"standard","video":"","gallery":"","source_name":"","source_url":"","via_name":"","via_url":"","override_template":"0","override":[{"template":"7","single_blog_custom":"","parallax":"1","fullscreen":"1","layout":"right-sidebar","sidebar":"default-sidebar","second_sidebar":"default-sidebar","sticky_sidebar":"1","share_position":"floatbottom","share_float_style":"share-normal","show_share_counter":"1","show_view_counter":"1","show_featured":"1","show_post_meta":"1","show_post_author":"0","show_post_author_image":"1","show_post_date":"1","post_date_format":"default","post_date_format_custom":"Y\/m\/d","show_post_category":"1","show_post_reading_time":"0","post_reading_time_wpm":"300","show_zoom_button":"0","zoom_button_out_step":"2","zoom_button_in_step":"3","show_post_tag":"1","show_prev_next_post":"0","show_popup_post":"1","number_popup_post":"1","show_author_box":"0","show_post_related":"1","show_inline_post_related":"0"}],"override_image_size":"0","image_override":[{"single_post_thumbnail_size":"crop-500","single_post_gallery_size":"crop-500"}],"trending_post":"0","trending_post_position":"meta","trending_post_label":"Trending","sponsored_post":"0","sponsored_post_label":"Sponsored by","sponsored_post_name":"","sponsored_post_url":"","sponsored_post_logo_enable":"0","sponsored_post_logo":"","sponsored_post_desc":"","disable_ad":"0"},"jnews_primary_category":{"id":"","hide":""},"jnews_social_meta":{"fb_title":"","fb_description":"","fb_image":"","twitter_title":"","twitter_description":"","twitter_image":""},"jnews_override_counter":{"override_view_counter":"0","view_counter_number":"0","override_share_counter":"0","share_counter_number":"0","override_like_counter":"0","like_counter_number":"0","override_dislike_counter":"0","dislike_counter_number":"0"},"footnotes":""},"categories":[3],"tags":[369,370,376],"class_list":["post-17474","post","type-post","status-publish","format-standard","has-post-thumbnail","hentry","category-infos-des-femmes","tag-manifestations","tag-prisonnieres","tag-violence-contre-les-femmes"],"_links":{"self":[{"href":"https:\/\/wncri.org\/fr\/wp-json\/wp\/v2\/posts\/17474","targetHints":{"allow":["GET"]}}],"collection":[{"href":"https:\/\/wncri.org\/fr\/wp-json\/wp\/v2\/posts"}],"about":[{"href":"https:\/\/wncri.org\/fr\/wp-json\/wp\/v2\/types\/post"}],"author":[{"embeddable":true,"href":"https:\/\/wncri.org\/fr\/wp-json\/wp\/v2\/users\/4"}],"replies":[{"embeddable":true,"href":"https:\/\/wncri.org\/fr\/wp-json\/wp\/v2\/comments?post=17474"}],"version-history":[{"count":1,"href":"https:\/\/wncri.org\/fr\/wp-json\/wp\/v2\/posts\/17474\/revisions"}],"predecessor-version":[{"id":17479,"href":"https:\/\/wncri.org\/fr\/wp-json\/wp\/v2\/posts\/17474\/revisions\/17479"}],"wp:featuredmedia":[{"embeddable":true,"href":"https:\/\/wncri.org\/fr\/wp-json\/wp\/v2\/media\/17478"}],"wp:attachment":[{"href":"https:\/\/wncri.org\/fr\/wp-json\/wp\/v2\/media?parent=17474"}],"wp:term":[{"taxonomy":"category","embeddable":true,"href":"https:\/\/wncri.org\/fr\/wp-json\/wp\/v2\/categories?post=17474"},{"taxonomy":"post_tag","embeddable":true,"href":"https:\/\/wncri.org\/fr\/wp-json\/wp\/v2\/tags?post=17474"}],"curies":[{"name":"wp","href":"https:\/\/api.w.org\/{rel}","templated":true}]}}