{"id":17462,"date":"2023-01-24T20:45:39","date_gmt":"2023-01-24T19:45:39","guid":{"rendered":"https:\/\/wncri.org\/fr\/?p=17462"},"modified":"2023-01-25T20:55:16","modified_gmt":"2023-01-25T19:55:16","slug":"manifestante-armita-abbasi","status":"publish","type":"post","link":"https:\/\/wncri.org\/fr\/2023\/01\/24\/manifestante-armita-abbasi\/","title":{"rendered":"Les avocats de la manifestante Armita Abbasi d\u00e9missionnent six jours avant son proc\u00e8s"},"content":{"rendered":"\n<h3 class=\"wp-block-heading\">Les avocats de la manifestante Armita Abbasi d\u00e9missionnent six jours avant son proc\u00e8s<\/h3>\n\n\n\n<p>Les avocats de la manifestante Armita Abbasi ont d\u00e9missionn\u00e9, le tribunal ayant refus\u00e9 de rencontrer la d\u00e9fenderesse en personne.<\/p>\n\n\n\n<p>Les avocats de la manifestante Armita Abbasi ont d\u00e9missionn\u00e9 le 23 janvier 2023, \u00e0 la veille de son proc\u00e8s.<\/p>\n\n\n\n<p>Mohammad Esmailbeigi l&#8217;a annonc\u00e9 dans un tweet : &#8220;Compte tenu de notre demande de rencontre en face \u00e0 face \u00e0 laquelle il n&#8217;a pas \u00e9t\u00e9 r\u00e9pondu jusqu&#8217;\u00e0 ce moment, et du manque de temps qui rend impossible la d\u00e9fense ad\u00e9quate de notre cliente, Mme Sonia Mohammadi et moi-m\u00eame d\u00e9clarons notre d\u00e9mission de la d\u00e9fense de Mme Armita Abbasi.&#8221;<\/p>\n\n\n\n<p>106 jours se sont \u00e9coul\u00e9s depuis l&#8217;arrestation d&#8217;Armita Abbasi. Son proc\u00e8s est pr\u00e9vu pour le 29 janvier 2023. Auparavant, son proc\u00e8s \u00e9tait cens\u00e9 se tenir le 26, mais cette date a \u00e9t\u00e9 report\u00e9e de trois jours.<\/p>\n\n\n\n<p>Le p\u00e8re d&#8217;Armita a \u00e9crit dans son journal sur sa page Instagram : &#8220;Jusqu&#8217;\u00e0 ce moment, moi, en tant que p\u00e8re d&#8217;Armita, je ne suis pas au courant de ses accusations ; son avocat n&#8217;a pas \u00e9t\u00e9 accept\u00e9, et ils n&#8217;ont pas accept\u00e9 de la lib\u00e9rer sous caution. Avec toutes ces privations et ce manque de connaissances, comment puis-je assurer une d\u00e9fense \u00e9quitable pour ma ch\u00e8re fille ?&#8221;<\/p>\n\n\n<div class=\"wp-block-image\">\n<figure class=\"aligncenter size-full\"><img decoding=\"async\" src=\"data:image\/gif;base64,R0lGODlhAQABAIAAAAAAAP\/\/\/yH5BAEAAAAALAAAAAABAAEAAAIBRAA7\" data-src=\"https:\/\/wncri.org\/fr\/wp-content\/uploads\/2023\/01\/Armita-Abbasi-and-her-father-min.jpg\" alt=\"manifestante Armita Abbasi \" class=\"wp-image-17463 lazyload\"\/><noscript><img decoding=\"async\" width=\"750\" height=\"375\" src=\"https:\/\/wncri.org\/fr\/wp-content\/uploads\/2023\/01\/Armita-Abbasi-and-her-father-min.jpg\" alt=\"manifestante Armita Abbasi \" class=\"wp-image-17463 lazyload\" srcset=\"https:\/\/wncri.org\/fr\/wp-content\/uploads\/2023\/01\/Armita-Abbasi-and-her-father-min.jpg 750w, https:\/\/wncri.org\/fr\/wp-content\/uploads\/2023\/01\/Armita-Abbasi-and-her-father-min-300x150.jpg 300w, https:\/\/wncri.org\/fr\/wp-content\/uploads\/2023\/01\/Armita-Abbasi-and-her-father-min-360x180.jpg 360w\" sizes=\"(max-width: 750px) 100vw, 750px\" \/><\/noscript><figcaption class=\"wp-element-caption\">Armita Abbasi, manifestante d\u00e9tenue, et son p\u00e8re.<\/figcaption><\/figure>\n<\/div>\n\n\n<h3 class=\"wp-block-heading\"><strong>Armita Abbasi, manifestante d\u00e9tenue, victime d&#8217;une agression sexuelle assimil\u00e9e \u00e0 de la torture<\/strong><\/h3>\n\n\n\n<p>La manifestante d\u00e9tenue Armita Abbasi a \u00e9t\u00e9 arr\u00eat\u00e9e d\u00e9but octobre lors de manifestations nationales. Pendant sa d\u00e9tention et avant d&#8217;\u00eatre transf\u00e9r\u00e9e \u00e0 la prison de Fardis (Kachouii) \u00e0 Karaj, elle a \u00e9t\u00e9 <a href=\"https:\/\/wncri.org\/fr\/2022\/12\/05\/violence\/\" target=\"_blank\" rel=\"noreferrer noopener\">gravement tortur\u00e9e<\/a> pendant une semaine et a subi de <a href=\"https:\/\/edition.cnn.com\/interactive\/2022\/11\/middleeast\/iran-protests-sexual-assault\/index.html\" target=\"_blank\" rel=\"noreferrer noopener\">nombreux viols<\/a> collectifs.<\/p>\n\n\n\n<p>Le nom d&#8217;Armita Abbasi a \u00e9t\u00e9 divulgu\u00e9 pour la premi\u00e8re fois sur les m\u00e9dias sociaux lorsqu&#8217;elle a \u00e9t\u00e9 emmen\u00e9e \u00e0 l&#8217;h\u00f4pital Imam Ali de Karaj alors qu&#8217;elle tremblait et saignait. Au d\u00e9but, les m\u00e9decins et le personnel m\u00e9dical ont pens\u00e9 qu&#8217;elle avait un cancer, mais apr\u00e8s l&#8217;examen, on a d\u00e9couvert qu&#8217;elle avait \u00e9t\u00e9 viol\u00e9e \u00e0 de nombreuses reprises. Sa t\u00eate avait \u00e9t\u00e9 ras\u00e9e et elle saignait du rectum. Elle \u00e9tait terrifi\u00e9e. Les agents en civil qui l&#8217;accompagnaient ont insist\u00e9 pour que les m\u00e9decins enregistrent le viol comme quelque chose qui s&#8217;\u00e9tait produit avant son arrestation.<\/p>\n\n\n<div class=\"wp-block-image\">\n<figure class=\"aligncenter size-full\"><img decoding=\"async\" src=\"data:image\/gif;base64,R0lGODlhAQABAIAAAAAAAP\/\/\/yH5BAEAAAAALAAAAAABAAEAAAIBRAA7\" data-src=\"https:\/\/wncri.org\/fr\/wp-content\/uploads\/2023\/01\/Detained-protester-Armita-Abbasi2-min.jpg\" alt=\"Les avocats de la manifestante Armita Abbasi \" class=\"wp-image-17464 lazyload\"\/><noscript><img decoding=\"async\" width=\"750\" height=\"375\" src=\"https:\/\/wncri.org\/fr\/wp-content\/uploads\/2023\/01\/Detained-protester-Armita-Abbasi2-min.jpg\" alt=\"Les avocats de la manifestante Armita Abbasi \" class=\"wp-image-17464 lazyload\" srcset=\"https:\/\/wncri.org\/fr\/wp-content\/uploads\/2023\/01\/Detained-protester-Armita-Abbasi2-min.jpg 750w, https:\/\/wncri.org\/fr\/wp-content\/uploads\/2023\/01\/Detained-protester-Armita-Abbasi2-min-300x150.jpg 300w, https:\/\/wncri.org\/fr\/wp-content\/uploads\/2023\/01\/Detained-protester-Armita-Abbasi2-min-360x180.jpg 360w\" sizes=\"(max-width: 750px) 100vw, 750px\" \/><\/noscript><\/figure>\n<\/div>\n\n\n<p>Avant que sa famille ne puisse atteindre l&#8217;h\u00f4pital, les agents de s\u00e9curit\u00e9 l&#8217;ont enlev\u00e9e et emmen\u00e9e.<\/p>\n\n\n\n<p>Armita Abbasi est actuellement d\u00e9tenue \u00e0 la prison de Fardiss, \u00e0 Karaj. Des nouvelles de cette prison indiquent <a href=\"https:\/\/wncri.org\/fr\/2023\/01\/06\/armita-abbasi\/\" target=\"_blank\" rel=\"noreferrer noopener\">qu&#8217;Armita et ses cod\u00e9tenues ont \u00e9t\u00e9 s\u00e9v\u00e8rement battues<\/a> en r\u00e9ponse \u00e0 leur protestation contre les conditions insalubres de la prison. <a href=\"https:\/\/wncri.org\/fr\/2023\/01\/11\/15-jeunes-femmes\/\" target=\"_blank\" rel=\"noreferrer noopener\">Ces 15 femmes ont entam\u00e9 une gr\u00e8ve de la faim<\/a> le 2 janvier pour protester contre le passage \u00e0 tabac et la prolongation de leur d\u00e9tention, ainsi que contre l&#8217;incapacit\u00e9 du syst\u00e8me judiciaire \u00e0 d\u00e9terminer leur statut. En guise de repr\u00e9sailles, les autorit\u00e9s de la prison de Fardis ont interdit aux gr\u00e9vistes le droit d&#8217;appeler et de rendre visite.<\/p>\n\n\n\n<p>Aujourd&#8217;hui, avec la d\u00e9mission de ses avocats, la vie de la manifestante Armita Abbasi est en danger car le tribunal se tiendra sans la pr\u00e9sence d&#8217;un avocat.<\/p>\n\n\n<div class=\"wp-block-image\">\n<figure class=\"aligncenter size-large\"><img decoding=\"async\" src=\"data:image\/gif;base64,R0lGODlhAQABAIAAAAAAAP\/\/\/yH5BAEAAAAALAAAAAABAAEAAAIBRAA7\" data-src=\"https:\/\/wncri.org\/fr\/wp-content\/uploads\/2023\/01\/Tweet-of-Armita-Abbasis-lawyer-min-593x1024.jpg\" alt=\"Les avocats de la manifestante Armita Abbasi d\u00e9missionnent\" class=\"wp-image-17466 lazyload\"\/><noscript><img decoding=\"async\" width=\"593\" height=\"1024\" src=\"https:\/\/wncri.org\/fr\/wp-content\/uploads\/2023\/01\/Tweet-of-Armita-Abbasis-lawyer-min-593x1024.jpg\" alt=\"Les avocats de la manifestante Armita Abbasi d\u00e9missionnent\" class=\"wp-image-17466 lazyload\" srcset=\"https:\/\/wncri.org\/fr\/wp-content\/uploads\/2023\/01\/Tweet-of-Armita-Abbasis-lawyer-min-593x1024.jpg 593w, https:\/\/wncri.org\/fr\/wp-content\/uploads\/2023\/01\/Tweet-of-Armita-Abbasis-lawyer-min-174x300.jpg 174w, https:\/\/wncri.org\/fr\/wp-content\/uploads\/2023\/01\/Tweet-of-Armita-Abbasis-lawyer-min-768x1326.jpg 768w, https:\/\/wncri.org\/fr\/wp-content\/uploads\/2023\/01\/Tweet-of-Armita-Abbasis-lawyer-min-890x1536.jpg 890w, https:\/\/wncri.org\/fr\/wp-content\/uploads\/2023\/01\/Tweet-of-Armita-Abbasis-lawyer-min-750x1294.jpg 750w, https:\/\/wncri.org\/fr\/wp-content\/uploads\/2023\/01\/Tweet-of-Armita-Abbasis-lawyer-min.jpg 1080w\" sizes=\"(max-width: 593px) 100vw, 593px\" \/><\/noscript><\/figure>\n<\/div>\n\n\n<p><\/p>\n","protected":false},"excerpt":{"rendered":"<p>Les avocats de la manifestante Armita Abbasi d\u00e9missionnent six jours avant son proc\u00e8s Les avocats de la manifestante Armita Abbasi ont d\u00e9missionn\u00e9, le tribunal ayant refus\u00e9 de rencontrer la d\u00e9fenderesse en personne. Les avocats de la manifestante Armita Abbasi ont d\u00e9missionn\u00e9 le 23 janvier 2023, \u00e0 la veille de son proc\u00e8s. Mohammad Esmailbeigi l&#8217;a annonc\u00e9 [&hellip;]<\/p>\n","protected":false},"author":4,"featured_media":17465,"comment_status":"closed","ping_status":"closed","sticky":false,"template":"","format":"standard","meta":{"jnews-multi-image_gallery":[],"jnews_single_post":{"subtitle":"","format":"standard","video":"","gallery":"","source_name":"","source_url":"","via_name":"","via_url":"","override_template":"0","override":[{"template":"7","single_blog_custom":"","parallax":"1","fullscreen":"1","layout":"right-sidebar","sidebar":"default-sidebar","second_sidebar":"default-sidebar","sticky_sidebar":"1","share_position":"floatbottom","share_float_style":"share-normal","show_share_counter":"1","show_view_counter":"1","show_featured":"1","show_post_meta":"1","show_post_author":"0","show_post_author_image":"1","show_post_date":"1","post_date_format":"default","post_date_format_custom":"Y\/m\/d","show_post_category":"1","show_post_reading_time":"0","post_reading_time_wpm":"300","show_zoom_button":"0","zoom_button_out_step":"2","zoom_button_in_step":"3","show_post_tag":"1","show_prev_next_post":"0","show_popup_post":"1","number_popup_post":"1","show_author_box":"0","show_post_related":"1","show_inline_post_related":"0"}],"override_image_size":"0","image_override":[{"single_post_thumbnail_size":"crop-500","single_post_gallery_size":"crop-500"}],"trending_post":"0","trending_post_position":"meta","trending_post_label":"Trending","sponsored_post":"0","sponsored_post_label":"Sponsored by","sponsored_post_name":"","sponsored_post_url":"","sponsored_post_logo_enable":"0","sponsored_post_logo":"","sponsored_post_desc":"","disable_ad":"0"},"jnews_primary_category":{"id":"","hide":""},"jnews_social_meta":{"fb_title":"","fb_description":"","fb_image":"","twitter_title":"","twitter_description":"","twitter_image":""},"jnews_override_counter":{"override_view_counter":"0","view_counter_number":"0","override_share_counter":"0","share_counter_number":"0","override_like_counter":"0","like_counter_number":"0","override_dislike_counter":"0","dislike_counter_number":"0"},"footnotes":""},"categories":[3],"tags":[369,370,376],"class_list":["post-17462","post","type-post","status-publish","format-standard","has-post-thumbnail","hentry","category-infos-des-femmes","tag-manifestations","tag-prisonnieres","tag-violence-contre-les-femmes"],"_links":{"self":[{"href":"https:\/\/wncri.org\/fr\/wp-json\/wp\/v2\/posts\/17462","targetHints":{"allow":["GET"]}}],"collection":[{"href":"https:\/\/wncri.org\/fr\/wp-json\/wp\/v2\/posts"}],"about":[{"href":"https:\/\/wncri.org\/fr\/wp-json\/wp\/v2\/types\/post"}],"author":[{"embeddable":true,"href":"https:\/\/wncri.org\/fr\/wp-json\/wp\/v2\/users\/4"}],"replies":[{"embeddable":true,"href":"https:\/\/wncri.org\/fr\/wp-json\/wp\/v2\/comments?post=17462"}],"version-history":[{"count":1,"href":"https:\/\/wncri.org\/fr\/wp-json\/wp\/v2\/posts\/17462\/revisions"}],"predecessor-version":[{"id":17467,"href":"https:\/\/wncri.org\/fr\/wp-json\/wp\/v2\/posts\/17462\/revisions\/17467"}],"wp:featuredmedia":[{"embeddable":true,"href":"https:\/\/wncri.org\/fr\/wp-json\/wp\/v2\/media\/17465"}],"wp:attachment":[{"href":"https:\/\/wncri.org\/fr\/wp-json\/wp\/v2\/media?parent=17462"}],"wp:term":[{"taxonomy":"category","embeddable":true,"href":"https:\/\/wncri.org\/fr\/wp-json\/wp\/v2\/categories?post=17462"},{"taxonomy":"post_tag","embeddable":true,"href":"https:\/\/wncri.org\/fr\/wp-json\/wp\/v2\/tags?post=17462"}],"curies":[{"name":"wp","href":"https:\/\/api.w.org\/{rel}","templated":true}]}}