{"id":17456,"date":"2023-01-23T15:36:49","date_gmt":"2023-01-23T14:36:49","guid":{"rendered":"https:\/\/wncri.org\/fr\/?p=17456"},"modified":"2023-01-23T15:38:48","modified_gmt":"2023-01-23T14:38:48","slug":"dr-ayda-rostami","status":"publish","type":"post","link":"https:\/\/wncri.org\/fr\/2023\/01\/23\/dr-ayda-rostami\/","title":{"rendered":"Dr. Ayda Rostami, les agents de l&#8217;\u00c9tat emp\u00eachent la c\u00e9r\u00e9monie comm\u00e9morative des 40 jours"},"content":{"rendered":"\n<h3 class=\"wp-block-heading\">Dr. Ayda Rostami, les agents de l&#8217;\u00c9tat emp\u00eachent la c\u00e9r\u00e9monie comm\u00e9morative des 40 jours<\/h3>\n\n\n\n<p>Les habitants de Gorgan ont particip\u00e9 \u00e0 la c\u00e9r\u00e9monie comm\u00e9morative de 40 jours pour le Dr. Ayda Rostami malgr\u00e9 l&#8217;attaque brutale des agents de s\u00e9curit\u00e9 et en civil.<\/p>\n\n\n\n<p>Vendredi matin, 20 janvier 2023, les gens se sont rassembl\u00e9s au cimeti\u00e8re Imamzadeh Abdullah de Gorgan. Cependant, les forces r\u00e9pressives du r\u00e9gime cl\u00e9rical les ont attaqu\u00e9s et brutalis\u00e9s, arr\u00eatant plusieurs participants. Elles ont ainsi emp\u00each\u00e9 la c\u00e9r\u00e9monie de comm\u00e9moration du Dr Ayda Rostami.<\/p>\n\n\n\n<p>Selon les m\u00e9dias sociaux, le fr\u00e8re du Dr. Ayda Rostami faisait partie des personnes arr\u00eat\u00e9es dans le cimeti\u00e8re.<\/p>\n\n\n\n<p>Le docteur Ayda Rostami \u00e9tait une m\u00e9decin consciencieuse qui <a href=\"https:\/\/wncri.org\/fr\/2023\/01\/04\/diffuser-de-faux-recits\/\" target=\"_blank\" rel=\"noreferrer noopener\">soignait secr\u00e8tement les manifestants<\/a> bless\u00e9s \u00e0 leur domicile. Dans la nuit du 12 d\u00e9cembre, les services de s\u00e9curit\u00e9 du r\u00e9gime l&#8217;ont identifi\u00e9e et enlev\u00e9e, et l&#8217;ont tu\u00e9e sous la torture.<\/p>\n\n\n<div class=\"wp-block-image\">\n<figure class=\"aligncenter size-full\"><img decoding=\"async\" src=\"data:image\/gif;base64,R0lGODlhAQABAIAAAAAAAP\/\/\/yH5BAEAAAAALAAAAAABAAEAAAIBRAA7\" data-src=\"https:\/\/wncri.org\/fr\/wp-content\/uploads\/2023\/01\/Dr.-Ayda-Rostami-min.jpg\" alt=\"Dr. Ayda Rostami\" class=\"wp-image-17458 lazyload\"\/><noscript><img decoding=\"async\" width=\"750\" height=\"375\" src=\"https:\/\/wncri.org\/fr\/wp-content\/uploads\/2023\/01\/Dr.-Ayda-Rostami-min.jpg\" alt=\"Dr. Ayda Rostami\" class=\"wp-image-17458 lazyload\" srcset=\"https:\/\/wncri.org\/fr\/wp-content\/uploads\/2023\/01\/Dr.-Ayda-Rostami-min.jpg 750w, https:\/\/wncri.org\/fr\/wp-content\/uploads\/2023\/01\/Dr.-Ayda-Rostami-min-300x150.jpg 300w, https:\/\/wncri.org\/fr\/wp-content\/uploads\/2023\/01\/Dr.-Ayda-Rostami-min-360x180.jpg 360w\" sizes=\"(max-width: 750px) 100vw, 750px\" \/><\/noscript><figcaption class=\"wp-element-caption\">Le Dr Ayda Rostami, 36 ans, a \u00e9t\u00e9 tu\u00e9e sous la torture.<\/figcaption><\/figure>\n<\/div>\n\n\n<h3 class=\"wp-block-heading\">Faux r\u00e9cits sur la mort du Dr. Ayda Rostami<\/h3>\n\n\n\n<p>Le docteur\u00a0<a href=\"https:\/\/wncri.org\/fr\/2022\/12\/16\/ayda-rostami\/\" target=\"_blank\" rel=\"noreferrer noopener\">Ayda Rostami,<\/a> 36 ans, faisait partie des <a href=\"https:\/\/wncri.org\/fr\/2022\/12\/16\/ayda-rostami\/\" target=\"_blank\" rel=\"noreferrer noopener\">m\u00e9decins de confiance<\/a> qui sont all\u00e9s de maison en maison pour soigner les manifestants bless\u00e9s.<\/p>\n\n\n\n<p>De nombreuses personnes bless\u00e9es lors des manifestations ne se rendent pas dans un h\u00f4pital pour y \u00eatre soign\u00e9es, car les services des renseignements et les agents en civil enl\u00e8vent les bless\u00e9s sur leur lit d\u2019h\u00f4pital. C\u2019\u00e9tait le cas lors du soul\u00e8vement de novembre 2019 et ce que le r\u00e9gime a \u00e9galement fait dans les ann\u00e9es 1980.<\/p>\n\n\n\n<p>Par cons\u00e9quent, tous les manifestants bless\u00e9s pendant les manifestations ne se rendent pas \u00e0 l\u2019h\u00f4pital. Ils restent chez eux et demandent \u00e0 un m\u00e9decin de confiance de leur rendre visite \u00e0 domicile. Le docteur Dr. Ayda Rostami \u00e9tait une <a href=\"https:\/\/www.unionesarda.it\/en\/world\/tehran-aida-rostami-the-doctor-who-treated-injured-protesters-tortured-and-killed-ln5fg0m0\" target=\"_blank\" rel=\"noreferrer noopener\">m\u00e9decin de confiance<\/a> qui voyait des patients dans le quartier <a href=\"https:\/\/wncri.org\/fr\/2022\/12\/27\/ekbatan\/\" target=\"_blank\" rel=\"noreferrer noopener\">d\u2019Ekbatan<\/a>, l\u2019un des foyers de protestation de T\u00e9h\u00e9ran.\u00a0<\/p>\n\n\n\n<p>Le lundi 12 d\u00e9cembre, elle rendait visite \u00e0 des patients lorsqu\u2019elle s\u2019est rendu compte qu\u2019elle avait fini son bandage et sa gaze. Elle est donc sortie pour aller en chercher dans une pharmacie, mais n\u2019est pas revenue.&nbsp;<\/p>\n\n\n\n<p>\u00c0 midi, le mardi 13 d\u00e9cembre 2022, ils ont appel\u00e9 sa famille depuis le poste de police. Ils les ont inform\u00e9s qu\u2019Ayda \u00e9tait morte dans un accident de voiture la nuit pr\u00e9c\u00e9dente et qu\u2019ils devaient se rendre au principal cimeti\u00e8re de T\u00e9h\u00e9ran, Behesht-e Zahra, pour recevoir son corps.<\/p>\n\n\n\n<p>Le bureau du m\u00e9decin l\u00e9giste avait re\u00e7u l\u2019ordre d\u2019\u00e9crire que la raison de la mort \u00e9tait \u201cfrapp\u00e9e par un objet dur\u201d dans \u201cun accident\u201d. Les autorit\u00e9s ne voulaient pas montrer le corps du Dr. Ayda Rostami \u00e0 sa famille, mais celle-ci a insist\u00e9 pour le voir.<\/p>\n\n\n\n<p>Lorsqu\u2019elle a ouvert l\u2019emballage, la famille a \u00e9t\u00e9 choqu\u00e9e de voir le Dr Rostami avec le visage et le nez fracass\u00e9s, les bras cass\u00e9s et un \u0153il \u00e9nucl\u00e9\u00e9. Son corps \u00e9tait \u00e9galement meurtri dans sa partie inf\u00e9rieure, ce qui indique les cicatrices d\u2019une agression sexuelle. Elle a \u00e9t\u00e9 tu\u00e9e sous la torture. Et la police n\u2019a toujours pas montr\u00e9 le lieu de l\u2019accident ni la voiture d\u2019Ayda \u00e0 sa famille.<\/p>\n\n\n\n<p>Les circonstances de la mort du Dr Rostami ont indign\u00e9 le public, si bien que le pouvoir judiciaire a donn\u00e9 une explication le 17 d\u00e9cembre. Selon cette explication, le Dr Ayda Rostami s\u2019\u00e9tait jet\u00e9e d\u2019un pont pi\u00e9tonnier apr\u00e8s s\u2019\u00eatre disput\u00e9e avec un homme qu\u2019ils disaient \u00eatre son petit ami. (Le site d\u2019\u00c9tat Tasnimnews.com, 20 d\u00e9cembre 2022)<\/p>\n","protected":false},"excerpt":{"rendered":"<p>Dr. Ayda Rostami, les agents de l&#8217;\u00c9tat emp\u00eachent la c\u00e9r\u00e9monie comm\u00e9morative des 40 jours Les habitants de Gorgan ont particip\u00e9 \u00e0 la c\u00e9r\u00e9monie comm\u00e9morative de 40 jours pour le Dr. Ayda Rostami malgr\u00e9 l&#8217;attaque brutale des agents de s\u00e9curit\u00e9 et en civil. Vendredi matin, 20 janvier 2023, les gens se sont rassembl\u00e9s au cimeti\u00e8re Imamzadeh [&hellip;]<\/p>\n","protected":false},"author":4,"featured_media":17457,"comment_status":"closed","ping_status":"closed","sticky":false,"template":"","format":"standard","meta":{"jnews-multi-image_gallery":[],"jnews_single_post":{"subtitle":"","format":"standard","video":"","gallery":"","source_name":"","source_url":"","via_name":"","via_url":"","override_template":"0","override":[{"template":"7","single_blog_custom":"","parallax":"1","fullscreen":"1","layout":"right-sidebar","sidebar":"default-sidebar","second_sidebar":"default-sidebar","sticky_sidebar":"1","share_position":"floatbottom","share_float_style":"share-normal","show_share_counter":"1","show_view_counter":"1","show_featured":"1","show_post_meta":"1","show_post_author":"0","show_post_author_image":"1","show_post_date":"1","post_date_format":"default","post_date_format_custom":"Y\/m\/d","show_post_category":"1","show_post_reading_time":"0","post_reading_time_wpm":"300","show_zoom_button":"0","zoom_button_out_step":"2","zoom_button_in_step":"3","show_post_tag":"1","show_prev_next_post":"0","show_popup_post":"1","number_popup_post":"1","show_author_box":"0","show_post_related":"1","show_inline_post_related":"0"}],"override_image_size":"0","image_override":[{"single_post_thumbnail_size":"crop-500","single_post_gallery_size":"crop-500"}],"trending_post":"0","trending_post_position":"meta","trending_post_label":"Trending","sponsored_post":"0","sponsored_post_label":"Sponsored by","sponsored_post_name":"","sponsored_post_url":"","sponsored_post_logo_enable":"0","sponsored_post_logo":"","sponsored_post_desc":"","disable_ad":"0"},"jnews_primary_category":{"id":"","hide":""},"jnews_social_meta":{"fb_title":"","fb_description":"","fb_image":"","twitter_title":"","twitter_description":"","twitter_image":""},"jnews_override_counter":{"override_view_counter":"0","view_counter_number":"0","override_share_counter":"0","share_counter_number":"0","override_like_counter":"0","like_counter_number":"0","override_dislike_counter":"0","dislike_counter_number":"0"},"footnotes":""},"categories":[3],"tags":[369,376],"class_list":["post-17456","post","type-post","status-publish","format-standard","has-post-thumbnail","hentry","category-infos-des-femmes","tag-manifestations","tag-violence-contre-les-femmes"],"_links":{"self":[{"href":"https:\/\/wncri.org\/fr\/wp-json\/wp\/v2\/posts\/17456","targetHints":{"allow":["GET"]}}],"collection":[{"href":"https:\/\/wncri.org\/fr\/wp-json\/wp\/v2\/posts"}],"about":[{"href":"https:\/\/wncri.org\/fr\/wp-json\/wp\/v2\/types\/post"}],"author":[{"embeddable":true,"href":"https:\/\/wncri.org\/fr\/wp-json\/wp\/v2\/users\/4"}],"replies":[{"embeddable":true,"href":"https:\/\/wncri.org\/fr\/wp-json\/wp\/v2\/comments?post=17456"}],"version-history":[{"count":1,"href":"https:\/\/wncri.org\/fr\/wp-json\/wp\/v2\/posts\/17456\/revisions"}],"predecessor-version":[{"id":17459,"href":"https:\/\/wncri.org\/fr\/wp-json\/wp\/v2\/posts\/17456\/revisions\/17459"}],"wp:featuredmedia":[{"embeddable":true,"href":"https:\/\/wncri.org\/fr\/wp-json\/wp\/v2\/media\/17457"}],"wp:attachment":[{"href":"https:\/\/wncri.org\/fr\/wp-json\/wp\/v2\/media?parent=17456"}],"wp:term":[{"taxonomy":"category","embeddable":true,"href":"https:\/\/wncri.org\/fr\/wp-json\/wp\/v2\/categories?post=17456"},{"taxonomy":"post_tag","embeddable":true,"href":"https:\/\/wncri.org\/fr\/wp-json\/wp\/v2\/tags?post=17456"}],"curies":[{"name":"wp","href":"https:\/\/api.w.org\/{rel}","templated":true}]}}