{"id":17451,"date":"2023-01-21T16:43:48","date_gmt":"2023-01-21T15:43:48","guid":{"rendered":"https:\/\/wncri.org\/fr\/?p=17451"},"modified":"2023-01-22T16:53:41","modified_gmt":"2023-01-22T15:53:41","slug":"mojgan-keshavarz","status":"publish","type":"post","link":"https:\/\/wncri.org\/fr\/2023\/01\/21\/mojgan-keshavarz\/","title":{"rendered":"Mojgan Keshavarz fait face \u00e0 une accusation funeste de &#8220;corruption sur terre&#8221;"},"content":{"rendered":"\n<h3 class=\"wp-block-heading\">Mojgan Keshavarz fait face \u00e0 une accusation funeste de &#8220;corruption sur terre&#8221;<\/h3>\n\n\n\n<p><em>Mojgan Keshavarz avait d\u00e9j\u00e0 \u00e9t\u00e9 condamn\u00e9e \u00e0 23 ans et six mois de prison pour s&#8217;\u00eatre oppos\u00e9e au voile obligatoire.<\/em><\/p>\n\n\n\n<p>Mojgan Keshavarz, militante des droits des femmes, est accus\u00e9e de &#8220;corruption sur terre&#8221;, ce qui pourrait la rendre passible de la peine de mort.<\/p>\n\n\n\n<p>Mojgan Keshavarz est une opposante au voile obligatoire. Elle avait d\u00e9j\u00e0 \u00e9t\u00e9 condamn\u00e9e \u00e0 une peine de 23,5 ans en 2019 pour s&#8217;\u00eatre ouvertement oppos\u00e9e au voile obligatoire, mais a \u00e9t\u00e9 temporairement lib\u00e9r\u00e9e en raison d&#8217;une maladie qui rendait les conditions de d\u00e9tention insupportables.<\/p>\n\n\n\n<p>Son avocat, Mohammad Moghimi, a annonc\u00e9 le 17 janvier que &#8220;la vie de Mojgan Keshavarz est en danger.&#8221; Une nouvelle proc\u00e9dure a \u00e9t\u00e9 engag\u00e9e contre elle pour &#8220;corruption sur terre&#8221;, a d\u00e9clar\u00e9 M. Moghimi.<\/p>\n\n\n\n<p>Mojgan Keshavarz, qui a une fille de 12 ans, a \u00e9t\u00e9 arr\u00eat\u00e9e \u00e0 son domicile \u00e0 T\u00e9h\u00e9ran le 25 avril 2019. Elle a \u00e9t\u00e9 battue devant sa fille, puis emmen\u00e9e dans un lieu inconnu. Juste avant d&#8217;\u00eatre arr\u00eat\u00e9e, Mme Keshavarz travaillait comme b\u00e9n\u00e9vole pour aider les habitants du Lorestan victimes d&#8217;inondations.<\/p>\n\n\n<div class=\"wp-block-image\">\n<figure class=\"aligncenter size-full\"><img decoding=\"async\" src=\"data:image\/gif;base64,R0lGODlhAQABAIAAAAAAAP\/\/\/yH5BAEAAAAALAAAAAABAAEAAAIBRAA7\" data-src=\"https:\/\/wncri.org\/fr\/wp-content\/uploads\/2023\/01\/Mojgan-Keshavarz2-min.jpg\" alt=\"Mojgan Keshavarz\" class=\"wp-image-17452 lazyload\"\/><noscript><img decoding=\"async\" width=\"750\" height=\"375\" src=\"https:\/\/wncri.org\/fr\/wp-content\/uploads\/2023\/01\/Mojgan-Keshavarz2-min.jpg\" alt=\"Mojgan Keshavarz\" class=\"wp-image-17452 lazyload\" srcset=\"https:\/\/wncri.org\/fr\/wp-content\/uploads\/2023\/01\/Mojgan-Keshavarz2-min.jpg 750w, https:\/\/wncri.org\/fr\/wp-content\/uploads\/2023\/01\/Mojgan-Keshavarz2-min-300x150.jpg 300w, https:\/\/wncri.org\/fr\/wp-content\/uploads\/2023\/01\/Mojgan-Keshavarz2-min-360x180.jpg 360w\" sizes=\"(max-width: 750px) 100vw, 750px\" \/><\/noscript><figcaption class=\"wp-element-caption\">Mojgan Keshavarz<\/figcaption><\/figure>\n<\/div>\n\n\n<p>Mme Keshavarz et deux autres manifestants pour le port du voile, Yasaman Aryani et Monireh Arabshahi, ont \u00e9t\u00e9 condamn\u00e9es \u00e0 55 ans et six mois de prison. Le tribunal r\u00e9volutionnaire de T\u00e9h\u00e9ran a inform\u00e9 Yasaman Aryani, Monireh Arabshahi et Mojgan Keshavar de leurs peines en l&#8217;absence de leurs avocats le 31 juillet 2019.<\/p>\n\n\n\n<p>La branche 28 du tribunal r\u00e9volutionnaire de T\u00e9h\u00e9ran, pr\u00e9sid\u00e9e par le tristement c\u00e9l\u00e8bre juge Mohammad Moghiseh, a <a href=\"https:\/\/wncri.org\/fr\/2019\/08\/15\/iran-un-total-de-55-ans-de-prison-pour-trois-militantes-des-droits-des-femmes\/\" target=\"_blank\" rel=\"noreferrer noopener\">condamn\u00e9<\/a> chacun de ces prisonniers \u00e0 5 ans de prison pour &#8220;rassemblement et collusion contre la s\u00e9curit\u00e9 nationale&#8221;, un an pour &#8220;diffusion de propagande contre l&#8217;\u00c9tat&#8221;, et dix ans pour &#8220;encouragement et pr\u00e9paration du terrain pour la corruption et la prostitution.&#8221;<\/p>\n\n\n\n<p>En plus de ces chefs d&#8217;accusation, Mojgan Keshavarz a \u00e9t\u00e9 condamn\u00e9e \u00e0 7,5 ans pour &#8220;insulte aux saints&#8221;. Ces peines totalisent <a href=\"https:\/\/wncri.org\/2019\/08\/01\/55-years-for-three-womens-rights-activists-parvin-advaii-arrested\/\" target=\"_blank\" rel=\"noreferrer noopener\">55 ans et six mois<\/a> d&#8217;emprisonnement pour les militants des droits des femmes.<\/p>\n\n\n\n<p><a href=\"https:\/\/www.amnesty.org\/fr\/documents\/mde13\/0656\/2019\/fr\/\" target=\"_blank\" rel=\"noreferrer noopener\">Amnesty International<\/a> a publi\u00e9 une d\u00e9claration sur les trois militants des droits des femmes dont les arrestations sont li\u00e9es \u00e0 un clip vid\u00e9o les montrant en train de <a href=\"https:\/\/wncri.org\/fr\/2019\/08\/18\/tolle-mondial-apres-les-lourdes-peines-contre-des-militantes-en-iran\/\" target=\"_blank\" rel=\"noreferrer noopener\">remettre des fleurs<\/a> \u00e0 des femmes dans un wagon de m\u00e9tro lors de la Journ\u00e9e internationale de la femme. Amnesty International a \u00e9crit : &#8220;Faire des criminels des femmes et des filles qui refusent de porter le voile est une forme extr\u00eame de discrimination.&#8221;<\/p>\n\n\n<div class=\"wp-block-image\">\n<figure class=\"aligncenter size-full\"><img decoding=\"async\" src=\"data:image\/gif;base64,R0lGODlhAQABAIAAAAAAAP\/\/\/yH5BAEAAAAALAAAAAABAAEAAAIBRAA7\" data-src=\"https:\/\/wncri.org\/fr\/wp-content\/uploads\/2023\/01\/Mojgan-Keshavarz3-min.jpg\" alt=\"Mojgan Keshavarz fait face \u00e0 une accusation funeste\" class=\"wp-image-17453 lazyload\"\/><noscript><img decoding=\"async\" width=\"750\" height=\"375\" src=\"https:\/\/wncri.org\/fr\/wp-content\/uploads\/2023\/01\/Mojgan-Keshavarz3-min.jpg\" alt=\"Mojgan Keshavarz fait face \u00e0 une accusation funeste\" class=\"wp-image-17453 lazyload\" srcset=\"https:\/\/wncri.org\/fr\/wp-content\/uploads\/2023\/01\/Mojgan-Keshavarz3-min.jpg 750w, https:\/\/wncri.org\/fr\/wp-content\/uploads\/2023\/01\/Mojgan-Keshavarz3-min-300x150.jpg 300w, https:\/\/wncri.org\/fr\/wp-content\/uploads\/2023\/01\/Mojgan-Keshavarz3-min-360x180.jpg 360w\" sizes=\"(max-width: 750px) 100vw, 750px\" \/><\/noscript><figcaption class=\"wp-element-caption\">Mojgan Keshavarz<\/figcaption><\/figure>\n<\/div>\n\n\n<h3 class=\"wp-block-heading\"><strong>L&#8217;assassin de Mona Heydari condamn\u00e9 \u00e0 8 ans et 3 mois de prison<\/strong><\/h3>\n\n\n\n<p>Dans un d\u00e9veloppement choquant, alors que Mme Keshavarz a \u00e9t\u00e9 condamn\u00e9e \u00e0 plus de 23 ans de prison pour s&#8217;\u00eatre oppos\u00e9e au voile obligatoire, et que les manifestants arr\u00eat\u00e9s pour avoir mis le feu \u00e0 la poubelle risquent la peine de mort et la prison \u00e0 vie, le mari de Mona Heydari, qui a coup\u00e9 la t\u00eate de sa femme et a parad\u00e9 dans les rues avec, a \u00e9t\u00e9 condamn\u00e9 \u00e0 8 ans et deux mois de prison le 18 janvier.<\/p>\n\n\n\n<p>\u00c0 15 heures, le samedi 7 f\u00e9vrier 2022, Sajjad Heydari, le mari et cousin de Mona, a d\u00e9fil\u00e9 sur la place Khashayar \u00e0 Ahvaz, la capitale de la province du Khouzestan, dans le sud-ouest de l&#8217;Iran. Avec un sourire mauvais sur le visage, il tenait la t\u00eate de Mona dans sa main.<\/p>\n\n\n\n<p><a href=\"https:\/\/wncri.org\/fr\/2022\/02\/11\/le-meurtre-atroce-de-mona-heydari-produit-de-la-misogynie-des-mollahs\/\" target=\"_blank\" rel=\"noreferrer noopener\">Mona Heydari,<\/a> dont le vrai nom est Ghazal et qui n&#8217;avait que 17 ans, a \u00e9t\u00e9 mari\u00e9e de force \u00e0 l&#8217;\u00e2ge de 12 ans et a eu un fils de 3 ans qui vit maintenant avec sa grand-m\u00e8re.<\/p>\n\n\n\n<p>Mona a \u00e9t\u00e9 victime de <a href=\"https:\/\/wncri.org\/fr\/2020\/11\/23\/la-violence-faite-aux-femmes-en-iran-parrainee-et-institutionnalisee-par-letat\/\" target=\"_blank\" rel=\"noreferrer noopener\">violences domestiques<\/a>. Elle a demand\u00e9 le divorce plusieurs fois, mais sa famille l&#8217;a persuad\u00e9e de continuer \u00e0 vivre avec son mari pour le bien de son enfant. Finalement, Mona a fui en Turquie pour \u00e9chapper \u00e0 la violence de son mari.<\/p>\n\n\n\n<p>Selon Abbas Hosseini Pouya, le procureur d&#8217;Ahvaz, le p\u00e8re de Mona l&#8217;a ramen\u00e9e en Iran. Lorsque son mari a d\u00e9couvert que Mona \u00e9tait \u00e0 Ahvaz, il a os\u00e9 la tuer (Agence de presse publique IMNA &#8211; 8 f\u00e9vrier 2022).<\/p>\n\n\n<div class=\"wp-block-image\">\n<figure class=\"aligncenter size-full\"><img decoding=\"async\" src=\"data:image\/gif;base64,R0lGODlhAQABAIAAAAAAAP\/\/\/yH5BAEAAAAALAAAAAABAAEAAAIBRAA7\" data-src=\"https:\/\/wncri.org\/fr\/wp-content\/uploads\/2022\/02\/Mona-Heydari-a-victim-of-honor-killings.jpg\" alt=\"Mojgan Keshavarz\" class=\"wp-image-15241 lazyload\"\/><noscript><img decoding=\"async\" width=\"750\" height=\"375\" src=\"https:\/\/wncri.org\/fr\/wp-content\/uploads\/2022\/02\/Mona-Heydari-a-victim-of-honor-killings.jpg\" alt=\"Mojgan Keshavarz\" class=\"wp-image-15241 lazyload\" srcset=\"https:\/\/wncri.org\/fr\/wp-content\/uploads\/2022\/02\/Mona-Heydari-a-victim-of-honor-killings.jpg 750w, https:\/\/wncri.org\/fr\/wp-content\/uploads\/2022\/02\/Mona-Heydari-a-victim-of-honor-killings-300x150.jpg 300w, https:\/\/wncri.org\/fr\/wp-content\/uploads\/2022\/02\/Mona-Heydari-a-victim-of-honor-killings-360x180.jpg 360w\" sizes=\"(max-width: 750px) 100vw, 750px\" \/><\/noscript><figcaption class=\"wp-element-caption\">Mona Heydari, victime de crimes d&#8217;honneur et de mariages forc\u00e9s d&#8217;enfants<\/figcaption><\/figure>\n<\/div>\n\n\n<p><\/p>\n","protected":false},"excerpt":{"rendered":"<p>Mojgan Keshavarz fait face \u00e0 une accusation funeste de &#8220;corruption sur terre&#8221; Mojgan Keshavarz avait d\u00e9j\u00e0 \u00e9t\u00e9 condamn\u00e9e \u00e0 23 ans et six mois de prison pour s&#8217;\u00eatre oppos\u00e9e au voile obligatoire. Mojgan Keshavarz, militante des droits des femmes, est accus\u00e9e de &#8220;corruption sur terre&#8221;, ce qui pourrait la rendre passible de la peine de [&hellip;]<\/p>\n","protected":false},"author":4,"featured_media":17454,"comment_status":"closed","ping_status":"closed","sticky":false,"template":"","format":"standard","meta":{"jnews-multi-image_gallery":[],"jnews_single_post":{"subtitle":"","format":"standard","video":"","gallery":"","source_name":"","source_url":"","via_name":"","via_url":"","override_template":"0","override":[{"template":"7","single_blog_custom":"","parallax":"1","fullscreen":"1","layout":"right-sidebar","sidebar":"default-sidebar","second_sidebar":"default-sidebar","sticky_sidebar":"1","share_position":"floatbottom","share_float_style":"share-normal","show_share_counter":"1","show_view_counter":"1","show_featured":"1","show_post_meta":"1","show_post_author":"0","show_post_author_image":"1","show_post_date":"1","post_date_format":"default","post_date_format_custom":"Y\/m\/d","show_post_category":"1","show_post_reading_time":"0","post_reading_time_wpm":"300","show_zoom_button":"0","zoom_button_out_step":"2","zoom_button_in_step":"3","show_post_tag":"1","show_prev_next_post":"0","show_popup_post":"1","number_popup_post":"1","show_author_box":"0","show_post_related":"1","show_inline_post_related":"0"}],"override_image_size":"0","image_override":[{"single_post_thumbnail_size":"crop-500","single_post_gallery_size":"crop-500"}],"trending_post":"0","trending_post_position":"meta","trending_post_label":"Trending","sponsored_post":"0","sponsored_post_label":"Sponsored by","sponsored_post_name":"","sponsored_post_url":"","sponsored_post_logo_enable":"0","sponsored_post_logo":"","sponsored_post_desc":"","disable_ad":"0"},"jnews_primary_category":{"id":"","hide":""},"jnews_social_meta":{"fb_title":"","fb_description":"","fb_image":"","twitter_title":"","twitter_description":"","twitter_image":""},"jnews_override_counter":{"override_view_counter":"0","view_counter_number":"0","override_share_counter":"0","share_counter_number":"0","override_like_counter":"0","like_counter_number":"0","override_dislike_counter":"0","dislike_counter_number":"0"},"footnotes":""},"categories":[3],"tags":[381,369,370,376],"class_list":["post-17451","post","type-post","status-publish","format-standard","has-post-thumbnail","hentry","category-infos-des-femmes","tag-crimes-dhonneur","tag-manifestations","tag-prisonnieres","tag-violence-contre-les-femmes"],"_links":{"self":[{"href":"https:\/\/wncri.org\/fr\/wp-json\/wp\/v2\/posts\/17451","targetHints":{"allow":["GET"]}}],"collection":[{"href":"https:\/\/wncri.org\/fr\/wp-json\/wp\/v2\/posts"}],"about":[{"href":"https:\/\/wncri.org\/fr\/wp-json\/wp\/v2\/types\/post"}],"author":[{"embeddable":true,"href":"https:\/\/wncri.org\/fr\/wp-json\/wp\/v2\/users\/4"}],"replies":[{"embeddable":true,"href":"https:\/\/wncri.org\/fr\/wp-json\/wp\/v2\/comments?post=17451"}],"version-history":[{"count":1,"href":"https:\/\/wncri.org\/fr\/wp-json\/wp\/v2\/posts\/17451\/revisions"}],"predecessor-version":[{"id":17455,"href":"https:\/\/wncri.org\/fr\/wp-json\/wp\/v2\/posts\/17451\/revisions\/17455"}],"wp:featuredmedia":[{"embeddable":true,"href":"https:\/\/wncri.org\/fr\/wp-json\/wp\/v2\/media\/17454"}],"wp:attachment":[{"href":"https:\/\/wncri.org\/fr\/wp-json\/wp\/v2\/media?parent=17451"}],"wp:term":[{"taxonomy":"category","embeddable":true,"href":"https:\/\/wncri.org\/fr\/wp-json\/wp\/v2\/categories?post=17451"},{"taxonomy":"post_tag","embeddable":true,"href":"https:\/\/wncri.org\/fr\/wp-json\/wp\/v2\/tags?post=17451"}],"curies":[{"name":"wp","href":"https:\/\/api.w.org\/{rel}","templated":true}]}}