{"id":17440,"date":"2023-01-19T22:44:25","date_gmt":"2023-01-19T21:44:25","guid":{"rendered":"https:\/\/wncri.org\/fr\/?p=17440"},"modified":"2023-01-20T22:51:03","modified_gmt":"2023-01-20T21:51:03","slug":"farnaz-hosseinzadeh","status":"publish","type":"post","link":"https:\/\/wncri.org\/fr\/2023\/01\/19\/farnaz-hosseinzadeh\/","title":{"rendered":"Farnaz Hosseinzadeh condamn\u00e9 \u00e0 4 ans de prison et \u00e0 la flagellation"},"content":{"rendered":"\n<h3 class=\"wp-block-heading\">Farnaz Hosseinzadeh condamn\u00e9 \u00e0 4 ans de prison et \u00e0 la flagellation<\/h3>\n\n\n\n<p><em>Farnaz Hosseinzadeh, Narges Hosseini et Sara Siahpour sont condamn\u00e9es \u00e0 des peines de prison<\/em><\/p>\n\n\n\n<p>Farnaz Hosseinzadeh a \u00e9t\u00e9 condamn\u00e9e \u00e0 4 ans, huit mois d&#8217;emprisonnement et 74 coups de fouet par la branche 26 du tribunal r\u00e9volutionnaire de T\u00e9h\u00e9ran.<\/p>\n\n\n\n<p>Farnaz Hosseinzadeh, 30 ans, originaire de T\u00e9h\u00e9ran et cr\u00e9ateur de v\u00eatements, a \u00e9t\u00e9 arr\u00eat\u00e9 par les forces de s\u00e9curit\u00e9 dans la rue Sattar Khan \u00e0 T\u00e9h\u00e9ran le 26 octobre 2022, lors de manifestations nationales, et emmen\u00e9 \u00e0 la prison d&#8217;Evine. Apr\u00e8s 20 jours, Farnaz Hosseinzadeh a \u00e9t\u00e9 transf\u00e9r\u00e9e du centre de d\u00e9tention du minist\u00e8re des Renseignements, <a href=\"https:\/\/wncri.org\/fr\/2021\/12\/10\/les-conditions-des-femmes-prisons\/\" target=\"_blank\" rel=\"noreferrer noopener\">quartier 209 de la prison d&#8217;Evine<\/a>, \u00e0 la <a href=\"https:\/\/wncri.org\/fr\/2020\/04\/20\/regard-sur-la-situation-tragique-a-la-prison-pour-femmes-de-qarchak-en-iran\/\" target=\"_blank\" rel=\"noreferrer noopener\">prison de Qarchak<\/a>. Le 24 d\u00e9cembre 2022, elle a \u00e9t\u00e9 lib\u00e9r\u00e9e temporairement de la prison de Qarchak apr\u00e8s avoir vers\u00e9 une caution de 800 millions de tomans. Le 16 janvier 2023, la branche 26 du tribunal r\u00e9volutionnaire de T\u00e9h\u00e9ran a condamn\u00e9 Farnaz Hosseinzadeh \u00e0 4 ans, huit mois d&#8217;emprisonnement et 74 coups de fouet pour &#8220;trouble \u00e0 l&#8217;ordre public&#8221; et &#8220;rassemblement et collusion contre la s\u00e9curit\u00e9 nationale.&#8221;<\/p>\n\n\n<div class=\"wp-block-image\">\n<figure class=\"aligncenter size-full\"><img decoding=\"async\" src=\"data:image\/gif;base64,R0lGODlhAQABAIAAAAAAAP\/\/\/yH5BAEAAAAALAAAAAABAAEAAAIBRAA7\" data-src=\"https:\/\/wncri.org\/fr\/wp-content\/uploads\/2023\/01\/Narges-Hosseini-min.jpg\" alt=\"Farnaz Hosseinzadeh condamn\u00e9 \u00e0 4 ans\" class=\"wp-image-17442 lazyload\"\/><noscript><img decoding=\"async\" width=\"750\" height=\"375\" src=\"https:\/\/wncri.org\/fr\/wp-content\/uploads\/2023\/01\/Narges-Hosseini-min.jpg\" alt=\"Farnaz Hosseinzadeh condamn\u00e9 \u00e0 4 ans\" class=\"wp-image-17442 lazyload\" srcset=\"https:\/\/wncri.org\/fr\/wp-content\/uploads\/2023\/01\/Narges-Hosseini-min.jpg 750w, https:\/\/wncri.org\/fr\/wp-content\/uploads\/2023\/01\/Narges-Hosseini-min-300x150.jpg 300w, https:\/\/wncri.org\/fr\/wp-content\/uploads\/2023\/01\/Narges-Hosseini-min-360x180.jpg 360w\" sizes=\"(max-width: 750px) 100vw, 750px\" \/><\/noscript><figcaption class=\"wp-element-caption\">Narges Hosseini condamn\u00e9e \u00e0 4 mois de prison<\/figcaption><\/figure>\n<\/div>\n\n\n<h3 class=\"wp-block-heading\"><strong>Narges Hosseini condamn\u00e9e \u00e0 4 mois de prison<\/strong><\/h3>\n\n\n\n<p>La branche 36 de la Cour d&#8217;appel d&#8217;Ispahan a condamn\u00e9 Narges Hosseini \u00e0 4 mois de prison.<\/p>\n\n\n\n<p>Narges Hosseini a \u00e9t\u00e9 arr\u00eat\u00e9e par les forces de s\u00e9curit\u00e9 \u00e0 Kachan (une des villes de la province d&#8217;Ispahan) le 21 septembre 2022, et a \u00e9t\u00e9 emmen\u00e9e \u00e0 la prison de Kachan. Le 26 d\u00e9cembre, elle a \u00e9t\u00e9 lib\u00e9r\u00e9e de la prison de Kachan apr\u00e8s avoir vers\u00e9 une caution d&#8217;un milliard de tomans. Auparavant, le 20 novembre 2022, le tribunal r\u00e9volutionnaire de Kachan avait condamn\u00e9 Narges Hosseini \u00e0 3 ans et un jour d&#8217;emprisonnement pour &#8220;appartenance \u00e0 un groupe ou une association ayant pour but de perturber la s\u00e9curit\u00e9 du pays&#8221;, et \u00e0 7 mois et un jour pour &#8220;propagande contre l&#8217;\u00c9tat&#8221;.<\/p>\n\n\n\n<p>En revanche, la cour d&#8217;appel de la province d&#8217;Ispahan l&#8217;a acquitt\u00e9e de l&#8217;accusation de &#8220;rassemblement et collusion&#8221;. Elle l&#8217;a condamn\u00e9e \u00e0 quatre mois de prison pour &#8220;propagande contre l&#8217;\u00c9tat&#8221;. Narges Hosseini avait d\u00e9j\u00e0 \u00e9t\u00e9 arr\u00eat\u00e9e et condamn\u00e9e en raison de ses activit\u00e9s.<\/p>\n\n\n<div class=\"wp-block-image\">\n<figure class=\"aligncenter size-full\"><img decoding=\"async\" src=\"data:image\/gif;base64,R0lGODlhAQABAIAAAAAAAP\/\/\/yH5BAEAAAAALAAAAAABAAEAAAIBRAA7\" data-src=\"https:\/\/wncri.org\/fr\/wp-content\/uploads\/2023\/01\/Sara-Siahpour-min.jpg\" alt=\"Farnaz Hosseinzadeh condamn\u00e9 \u00e0 4 ans de prison\" class=\"wp-image-17444 lazyload\"\/><noscript><img decoding=\"async\" width=\"750\" height=\"375\" src=\"https:\/\/wncri.org\/fr\/wp-content\/uploads\/2023\/01\/Sara-Siahpour-min.jpg\" alt=\"Farnaz Hosseinzadeh condamn\u00e9 \u00e0 4 ans de prison\" class=\"wp-image-17444 lazyload\" srcset=\"https:\/\/wncri.org\/fr\/wp-content\/uploads\/2023\/01\/Sara-Siahpour-min.jpg 750w, https:\/\/wncri.org\/fr\/wp-content\/uploads\/2023\/01\/Sara-Siahpour-min-300x150.jpg 300w, https:\/\/wncri.org\/fr\/wp-content\/uploads\/2023\/01\/Sara-Siahpour-min-360x180.jpg 360w\" sizes=\"(max-width: 750px) 100vw, 750px\" \/><\/noscript><figcaption class=\"wp-element-caption\">Sara Siahpour condamn\u00e9e \u00e0 six ans de prison<\/figcaption><\/figure>\n<\/div>\n\n\n<h3 class=\"wp-block-heading\"><strong>Sara Siahpour condamn\u00e9e \u00e0 six ans de prison<\/strong><\/h3>\n\n\n\n<p>Sara Siahpour, une militante du <a href=\"https:\/\/www.maryam-rajavi.com\/fr\/manifestations-des-enseignants-dans-22-provinces-diran\/\" target=\"_blank\" rel=\"noreferrer noopener\">syndicat des enseignants de T\u00e9h\u00e9ran<\/a>, a \u00e9t\u00e9 condamn\u00e9e \u00e0 six ans de prison et \u00e0 deux ans d&#8217;interdiction de quitter le pays et de privation sociale par la 15e branche du tribunal r\u00e9volutionnaire de T\u00e9h\u00e9ran. Si ce verdict est approuv\u00e9 en appel en appliquant l&#8217;article 134 du Code p\u00e9nal du r\u00e9gime, la peine la plus s\u00e9v\u00e8re, \u00e0 savoir cinq ans d&#8217;emprisonnement, sera applicable.<\/p>\n\n\n\n<p>Les forces de s\u00e9curit\u00e9 ont arr\u00eat\u00e9 Sara Siahpour devant son domicile le 24 ao\u00fbt 2022, et elle a \u00e9t\u00e9 lib\u00e9r\u00e9e le samedi 3 septembre, apr\u00e8s avoir pay\u00e9 une caution.<\/p>\n\n\n\n<p>Mme Siahpour a \u00e9t\u00e9 condamn\u00e9e \u00e0 cinq ans de prison pour &#8220;rassemblement et collusion&#8221; et \u00e0 un an pour &#8220;activit\u00e9 de propagande contre l&#8217;\u00c9tat.&#8221; Sara Siahpour a \u00e9galement \u00e9t\u00e9 condamn\u00e9e \u00e0 une interdiction de quitter le pays pendant deux ans, \u00e0 l&#8217;adh\u00e9sion \u00e0 des partis, factions et groupes politiques et \u00e0 des activit\u00e9s dans le cyberespace.<\/p>\n\n\n\n<p>L&#8217;audience du tribunal concernant les accusations s&#8217;est tenue le 2 janvier 2023, sans la pr\u00e9sence d&#8217;un avocat, et le verdict a \u00e9t\u00e9 rendu \u00e0 Sara Siahpour le 16 janvier.<\/p>\n\n\n<div class=\"wp-block-image\">\n<figure class=\"aligncenter size-full\"><img decoding=\"async\" src=\"data:image\/gif;base64,R0lGODlhAQABAIAAAAAAAP\/\/\/yH5BAEAAAAALAAAAAABAAEAAAIBRAA7\" data-src=\"https:\/\/wncri.org\/fr\/wp-content\/uploads\/2023\/01\/Sara-Siahpour-2-min.jpg\" alt=\"Farnaz Hosseinzadeh\" class=\"wp-image-17443 lazyload\"\/><noscript><img decoding=\"async\" width=\"750\" height=\"375\" src=\"https:\/\/wncri.org\/fr\/wp-content\/uploads\/2023\/01\/Sara-Siahpour-2-min.jpg\" alt=\"Farnaz Hosseinzadeh\" class=\"wp-image-17443 lazyload\" srcset=\"https:\/\/wncri.org\/fr\/wp-content\/uploads\/2023\/01\/Sara-Siahpour-2-min.jpg 750w, https:\/\/wncri.org\/fr\/wp-content\/uploads\/2023\/01\/Sara-Siahpour-2-min-300x150.jpg 300w, https:\/\/wncri.org\/fr\/wp-content\/uploads\/2023\/01\/Sara-Siahpour-2-min-360x180.jpg 360w\" sizes=\"(max-width: 750px) 100vw, 750px\" \/><\/noscript><figcaption class=\"wp-element-caption\">Sara Siahpour lors d&#8217;une manifestation<\/figcaption><\/figure>\n<\/div>\n\n\n<p><\/p>\n","protected":false},"excerpt":{"rendered":"<p>Farnaz Hosseinzadeh condamn\u00e9 \u00e0 4 ans de prison et \u00e0 la flagellation Farnaz Hosseinzadeh, Narges Hosseini et Sara Siahpour sont condamn\u00e9es \u00e0 des peines de prison Farnaz Hosseinzadeh a \u00e9t\u00e9 condamn\u00e9e \u00e0 4 ans, huit mois d&#8217;emprisonnement et 74 coups de fouet par la branche 26 du tribunal r\u00e9volutionnaire de T\u00e9h\u00e9ran. Farnaz Hosseinzadeh, 30 ans, [&hellip;]<\/p>\n","protected":false},"author":4,"featured_media":17441,"comment_status":"closed","ping_status":"closed","sticky":false,"template":"","format":"standard","meta":{"jnews-multi-image_gallery":[],"jnews_single_post":{"subtitle":"","format":"standard","video":"","gallery":"","source_name":"","source_url":"","via_name":"","via_url":"","override_template":"0","override":[{"template":"7","single_blog_custom":"","parallax":"1","fullscreen":"1","layout":"right-sidebar","sidebar":"default-sidebar","second_sidebar":"default-sidebar","sticky_sidebar":"1","share_position":"floatbottom","share_float_style":"share-normal","show_share_counter":"1","show_view_counter":"1","show_featured":"1","show_post_meta":"1","show_post_author":"0","show_post_author_image":"1","show_post_date":"1","post_date_format":"default","post_date_format_custom":"Y\/m\/d","show_post_category":"1","show_post_reading_time":"0","post_reading_time_wpm":"300","show_zoom_button":"0","zoom_button_out_step":"2","zoom_button_in_step":"3","show_post_tag":"1","show_prev_next_post":"0","show_popup_post":"1","number_popup_post":"1","show_author_box":"0","show_post_related":"1","show_inline_post_related":"0"}],"override_image_size":"0","image_override":[{"single_post_thumbnail_size":"crop-500","single_post_gallery_size":"crop-500"}],"trending_post":"0","trending_post_position":"meta","trending_post_label":"Trending","sponsored_post":"0","sponsored_post_label":"Sponsored by","sponsored_post_name":"","sponsored_post_url":"","sponsored_post_logo_enable":"0","sponsored_post_logo":"","sponsored_post_desc":"","disable_ad":"0"},"jnews_primary_category":{"id":"","hide":""},"jnews_social_meta":{"fb_title":"","fb_description":"","fb_image":"","twitter_title":"","twitter_description":"","twitter_image":""},"jnews_override_counter":{"override_view_counter":"0","view_counter_number":"0","override_share_counter":"0","share_counter_number":"0","override_like_counter":"0","like_counter_number":"0","override_dislike_counter":"0","dislike_counter_number":"0"},"footnotes":""},"categories":[3],"tags":[369,370,376],"class_list":["post-17440","post","type-post","status-publish","format-standard","has-post-thumbnail","hentry","category-infos-des-femmes","tag-manifestations","tag-prisonnieres","tag-violence-contre-les-femmes"],"_links":{"self":[{"href":"https:\/\/wncri.org\/fr\/wp-json\/wp\/v2\/posts\/17440","targetHints":{"allow":["GET"]}}],"collection":[{"href":"https:\/\/wncri.org\/fr\/wp-json\/wp\/v2\/posts"}],"about":[{"href":"https:\/\/wncri.org\/fr\/wp-json\/wp\/v2\/types\/post"}],"author":[{"embeddable":true,"href":"https:\/\/wncri.org\/fr\/wp-json\/wp\/v2\/users\/4"}],"replies":[{"embeddable":true,"href":"https:\/\/wncri.org\/fr\/wp-json\/wp\/v2\/comments?post=17440"}],"version-history":[{"count":1,"href":"https:\/\/wncri.org\/fr\/wp-json\/wp\/v2\/posts\/17440\/revisions"}],"predecessor-version":[{"id":17445,"href":"https:\/\/wncri.org\/fr\/wp-json\/wp\/v2\/posts\/17440\/revisions\/17445"}],"wp:featuredmedia":[{"embeddable":true,"href":"https:\/\/wncri.org\/fr\/wp-json\/wp\/v2\/media\/17441"}],"wp:attachment":[{"href":"https:\/\/wncri.org\/fr\/wp-json\/wp\/v2\/media?parent=17440"}],"wp:term":[{"taxonomy":"category","embeddable":true,"href":"https:\/\/wncri.org\/fr\/wp-json\/wp\/v2\/categories?post=17440"},{"taxonomy":"post_tag","embeddable":true,"href":"https:\/\/wncri.org\/fr\/wp-json\/wp\/v2\/tags?post=17440"}],"curies":[{"name":"wp","href":"https:\/\/api.w.org\/{rel}","templated":true}]}}