{"id":17436,"date":"2023-01-18T22:00:42","date_gmt":"2023-01-18T21:00:42","guid":{"rendered":"https:\/\/wncri.org\/fr\/?p=17436"},"modified":"2023-01-19T22:06:24","modified_gmt":"2023-01-19T21:06:24","slug":"zahra-nabizadeh","status":"publish","type":"post","link":"https:\/\/wncri.org\/fr\/2023\/01\/18\/zahra-nabizadeh\/","title":{"rendered":"Zahra Nabizadeh avorte sous la torture de son f\u0153tus de six mois et est condamn\u00e9e \u00e0 mort"},"content":{"rendered":"\n<h3 class=\"wp-block-heading\">Zahra Nabizadeh avorte sous la torture de son f\u0153tus de six mois et est condamn\u00e9e \u00e0 mort<\/h3>\n\n\n\n<p>Selon les informations circulant sur les m\u00e9dias sociaux, Zahra , une femme enceinte enlev\u00e9e \u00e0 Mahabad il y a environ trois semaines, a \u00e9t\u00e9 condamn\u00e9e \u00e0 mort et attend son ex\u00e9cution.<\/p>\n\n\n\n<p>Zahra Nabizadeh, originaire de Mahabad, a \u00e9t\u00e9 <a href=\"https:\/\/hengaw.net\/en\/news\/2022\/12\/iranian-government-forces-abducted-a-pregnant-woman-from-mahabad\" target=\"_blank\" rel=\"noreferrer noopener\">enlev\u00e9e<\/a> dans la soir\u00e9e du 25 d\u00e9cembre 2022 par les forces de s\u00e9curit\u00e9 du r\u00e9gime cl\u00e9rical sans mandat d&#8217;arr\u00eat et emmen\u00e9e dans un lieu tenu secret. Zahra Nabizadeh \u00e9tait enceinte de six mois au moment de son arrestation. Les interrogateurs lui ont donn\u00e9 des coups de pied dans l&#8217;abdomen. Elle a fait une fausse couche sous la torture et souffre actuellement de graves h\u00e9morragies.<\/p>\n\n\n\n<p>La nuit pr\u00e9c\u00e9dant l&#8217;arrestation de Zahra Nabizadeh, dans le quartier de &#8220;Bari Madrasa&#8221; o\u00f9 elle vit, des femmes mahabadi sont descendues dans la rue avec le slogan &#8220;Femmes, vie, libert\u00e9&#8221;.<\/p>\n\n\n\n<p>Les utilisateurs des m\u00e9dias sociaux ont exprim\u00e9 leur sympathie pour cette manifestante emprisonn\u00e9e. Ils ont comment\u00e9 que le r\u00e9gime des mollahs avait <a href=\"https:\/\/wncri.org\/2022\/07\/09\/population-growth\/\" target=\"_blank\" rel=\"noreferrer noopener\">interdit l&#8217;avortement<\/a>, mais qu&#8217;ils torturent et n&#8217;ont aucune piti\u00e9 pour une <a href=\"https:\/\/wncri.org\/2015\/08\/18\/the-names-of-some-of-the-pmoi-women-who-were-executed-while-pregnant-by-the-iranian-regime\/\" target=\"_blank\" rel=\"noreferrer noopener\">femme enceinte<\/a> qui se bat pour la libert\u00e9.<\/p>\n","protected":false},"excerpt":{"rendered":"<p>Zahra Nabizadeh avorte sous la torture de son f\u0153tus de six mois et est condamn\u00e9e \u00e0 mort Selon les informations circulant sur les m\u00e9dias sociaux, Zahra , une femme enceinte enlev\u00e9e \u00e0 Mahabad il y a environ trois semaines, a \u00e9t\u00e9 condamn\u00e9e \u00e0 mort et attend son ex\u00e9cution. Zahra Nabizadeh, originaire de Mahabad, a \u00e9t\u00e9 [&hellip;]<\/p>\n","protected":false},"author":4,"featured_media":17437,"comment_status":"closed","ping_status":"closed","sticky":false,"template":"","format":"standard","meta":{"jnews-multi-image_gallery":[],"jnews_single_post":{"subtitle":"","format":"standard","video":"","gallery":"","source_name":"","source_url":"","via_name":"","via_url":"","override_template":"0","override":[{"template":"7","single_blog_custom":"","parallax":"1","fullscreen":"1","layout":"right-sidebar","sidebar":"default-sidebar","second_sidebar":"default-sidebar","sticky_sidebar":"1","share_position":"floatbottom","share_float_style":"share-normal","show_share_counter":"1","show_view_counter":"1","show_featured":"1","show_post_meta":"1","show_post_author":"0","show_post_author_image":"1","show_post_date":"1","post_date_format":"default","post_date_format_custom":"Y\/m\/d","show_post_category":"1","show_post_reading_time":"0","post_reading_time_wpm":"300","show_zoom_button":"0","zoom_button_out_step":"2","zoom_button_in_step":"3","show_post_tag":"1","show_prev_next_post":"0","show_popup_post":"1","number_popup_post":"1","show_author_box":"0","show_post_related":"1","show_inline_post_related":"0"}],"override_image_size":"0","image_override":[{"single_post_thumbnail_size":"crop-500","single_post_gallery_size":"crop-500"}],"trending_post":"0","trending_post_position":"meta","trending_post_label":"Trending","sponsored_post":"0","sponsored_post_label":"Sponsored by","sponsored_post_name":"","sponsored_post_url":"","sponsored_post_logo_enable":"0","sponsored_post_logo":"","sponsored_post_desc":"","disable_ad":"0"},"jnews_primary_category":{"id":"","hide":""},"jnews_social_meta":{"fb_title":"","fb_description":"","fb_image":"","twitter_title":"","twitter_description":"","twitter_image":""},"jnews_override_counter":{"override_view_counter":"0","view_counter_number":"0","override_share_counter":"0","share_counter_number":"0","override_like_counter":"0","like_counter_number":"0","override_dislike_counter":"0","dislike_counter_number":"0"},"footnotes":""},"categories":[3],"tags":[369,370,376],"class_list":["post-17436","post","type-post","status-publish","format-standard","has-post-thumbnail","hentry","category-infos-des-femmes","tag-manifestations","tag-prisonnieres","tag-violence-contre-les-femmes"],"_links":{"self":[{"href":"https:\/\/wncri.org\/fr\/wp-json\/wp\/v2\/posts\/17436","targetHints":{"allow":["GET"]}}],"collection":[{"href":"https:\/\/wncri.org\/fr\/wp-json\/wp\/v2\/posts"}],"about":[{"href":"https:\/\/wncri.org\/fr\/wp-json\/wp\/v2\/types\/post"}],"author":[{"embeddable":true,"href":"https:\/\/wncri.org\/fr\/wp-json\/wp\/v2\/users\/4"}],"replies":[{"embeddable":true,"href":"https:\/\/wncri.org\/fr\/wp-json\/wp\/v2\/comments?post=17436"}],"version-history":[{"count":1,"href":"https:\/\/wncri.org\/fr\/wp-json\/wp\/v2\/posts\/17436\/revisions"}],"predecessor-version":[{"id":17438,"href":"https:\/\/wncri.org\/fr\/wp-json\/wp\/v2\/posts\/17436\/revisions\/17438"}],"wp:featuredmedia":[{"embeddable":true,"href":"https:\/\/wncri.org\/fr\/wp-json\/wp\/v2\/media\/17437"}],"wp:attachment":[{"href":"https:\/\/wncri.org\/fr\/wp-json\/wp\/v2\/media?parent=17436"}],"wp:term":[{"taxonomy":"category","embeddable":true,"href":"https:\/\/wncri.org\/fr\/wp-json\/wp\/v2\/categories?post=17436"},{"taxonomy":"post_tag","embeddable":true,"href":"https:\/\/wncri.org\/fr\/wp-json\/wp\/v2\/tags?post=17436"}],"curies":[{"name":"wp","href":"https:\/\/api.w.org\/{rel}","templated":true}]}}