{"id":17431,"date":"2023-01-17T20:57:11","date_gmt":"2023-01-17T19:57:11","guid":{"rendered":"https:\/\/wncri.org\/fr\/?p=17431"},"modified":"2023-01-19T22:14:07","modified_gmt":"2023-01-19T21:14:07","slug":"femmes-iraniennes-courageuses","status":"publish","type":"post","link":"https:\/\/wncri.org\/fr\/2023\/01\/17\/femmes-iraniennes-courageuses\/","title":{"rendered":"Les femmes iraniennes courageuses perdent leurs yeux, mais leur c\u0153ur bat toujours pour l&#8217;Iran"},"content":{"rendered":"\n<h3 class=\"wp-block-heading\">Les femmes iraniennes courageuses perdent leurs yeux, mais leur c\u0153ur bat toujours pour l&#8217;Iran<\/h3>\n\n\n\n<p>Ghazal Ranjkesh : Je n&#8217;ai toujours pas vu le jour que je &#8220;dois&#8221; voir, je sais qu&#8217;il est proche. Tr\u00e8s proche<\/p>\n\n\n\n<p>De nombreux moments inspirants ont \u00e9t\u00e9 cr\u00e9\u00e9s au cours du soul\u00e8vement iranien, qui se poursuit sans rel\u00e2che depuis quatre mois. Des parents endeuill\u00e9s mais fiers qui c\u00e9l\u00e8brent la mort de leurs enfants pour la libert\u00e9 de leur pays \u00e0 c\u00f4t\u00e9 de leurs tombes, aux femmes et aux filles qui crient &#8220;Les martyrs ne meurent jamais&#8221; sur les tombes de leurs maris et de leurs p\u00e8res, en passant par les courageuses Iraniennes qui, malgr\u00e9 la perte de leurs yeux et de leur vision, cherchent toujours \u00e0 lib\u00e9rer leur peuple et leur pays.<\/p>\n\n\n\n<p>Il n&#8217;y a pas longtemps, nous avons publi\u00e9 un article sur la c\u00e9cit\u00e9 de certaines de ces courageuses femmes iraniennes. L&#8217;une de ces femmes iraniennes courageuses est <a href=\"https:\/\/wncri.org\/fr\/2022\/11\/28\/ghazal-ranjkesh\/\" target=\"_blank\" rel=\"noreferrer noopener\">Ghazal Ranjkesh<\/a>, une \u00e9tudiante en droit de Bandar Abbas. Le 15 novembre 2022, alors qu&#8217;elle rentrait chez elle avec sa m\u00e8re, les forces de s\u00e9curit\u00e9 lui ont tir\u00e9 une balle dans l&#8217;\u0153il droit.<\/p>\n\n\n\n<p>Apr\u00e8s une op\u00e9ration de 3 heures pour retirer les balles de son \u0153il droit, elle a \u00e9crit dans un post sur Instagram : &#8220;La derni\u00e8re image que mon \u0153il droit a enregistr\u00e9e ; c&#8217;\u00e9tait le sourire de l&#8217;homme qui me tirait dessus&#8221;.<\/p>\n\n\n\n<p>De nombreux plombs ont d\u00e9truit le globe oculaire, sa paupi\u00e8re et une partie de son visage.<\/p>\n\n\n\n<p>Elle a publi\u00e9 un r\u00e9cit le 12 janvier 2023. \u00c0 la veille de son op\u00e9ration d&#8217;\u00e9nucl\u00e9ation pour pr\u00e9parer une greffe d&#8217;\u0153il artificiel, elle \u00e9crit dans ce post :<\/p>\n\n\n\n<p>&#8220;Aujourd&#8217;hui, c&#8217;est le moment de dire au revoir aux derniers vestiges de mon \u0153il&#8230;.<\/p>\n\n\n\n<p>Des cils br\u00fbl\u00e9s dont il ne reste que quelques brins, une petite partie de ma paupi\u00e8re maintenue par la chirurgie plastique, une corn\u00e9e toujours pas en place avec quarante points de suture, et une lentille m\u00e9dicale !<\/p>\n\n\n\n<p>Voil\u00e0 tout ce qui reste de mes yeux, et demain il faudra les drainer. Ils devront drainer le sang pour que l&#8217;\u0153il artificiel prenne leur place.<\/p>\n\n\n\n<p>D&#8217;autres seraient peut-\u00eatre heureux de retrouver leur beaut\u00e9, mais moi j&#8217;ai une grosse rancune aujourd&#8217;hui.<\/p>\n\n\n\n<p>C&#8217;est vrai qu&#8217;il (mon \u0153il droit) n&#8217;avait pas de vision, il ne sentait pas la lumi\u00e8re, et il avait perdu sa beaut\u00e9 ; m\u00eame quand j&#8217;allais devant le miroir, j&#8217;ouvrais mes paupi\u00e8res et mon \u0153il avec ma main pour voir \u00e0 l&#8217;int\u00e9rieur : je voyais une corn\u00e9e pleine de points de suture et d\u00e9chir\u00e9e au milieu d&#8217;une mer de sang. Je l&#8217;appelais et lui disais : ne me regarde pas si m\u00e9chamment, tu as toujours \u00e9t\u00e9 plein d&#8217;amour. Peu importe s&#8217;il ne me regardait pas, je l&#8217;aimais quand m\u00eame.<\/p>\n\n\n\n<p>C&#8217;est dur de supporter qu&#8217;un \u00e9tranger vienne s&#8217;asseoir \u00e0 sa place&#8230;<\/p>\n\n\n\n<p>Mais je m&#8217;y habituerai parce que j&#8217;ai surv\u00e9cu, et je dois vivre ;<\/p>\n\n\n\n<p>Parce que j&#8217;ai une histoire qui se poursuit&#8230;<\/p>\n\n\n\n<p>Parce que je n&#8217;ai pas encore vu le jour que je &#8220;dois&#8221; voir, je sais qu&#8217;il est proche. Tr\u00e8s proche.<\/p>\n\n\n<div class=\"wp-block-image\">\n<figure class=\"aligncenter size-full\"><img decoding=\"async\" src=\"data:image\/gif;base64,R0lGODlhAQABAIAAAAAAAP\/\/\/yH5BAEAAAAALAAAAAABAAEAAAIBRAA7\" data-src=\"https:\/\/wncri.org\/fr\/wp-content\/uploads\/2023\/01\/Brave-Iranian-women-Ghazal-Ranjkesh2-min.jpg\" alt=\"Les femmes iraniennes courageuses perdent leurs yeux\" class=\"wp-image-17423 lazyload\"\/><noscript><img decoding=\"async\" width=\"750\" height=\"750\" src=\"https:\/\/wncri.org\/fr\/wp-content\/uploads\/2023\/01\/Brave-Iranian-women-Ghazal-Ranjkesh2-min.jpg\" alt=\"Les femmes iraniennes courageuses perdent leurs yeux\" class=\"wp-image-17423 lazyload\" srcset=\"https:\/\/wncri.org\/fr\/wp-content\/uploads\/2023\/01\/Brave-Iranian-women-Ghazal-Ranjkesh2-min.jpg 750w, https:\/\/wncri.org\/fr\/wp-content\/uploads\/2023\/01\/Brave-Iranian-women-Ghazal-Ranjkesh2-min-300x300.jpg 300w, https:\/\/wncri.org\/fr\/wp-content\/uploads\/2023\/01\/Brave-Iranian-women-Ghazal-Ranjkesh2-min-150x150.jpg 150w, https:\/\/wncri.org\/fr\/wp-content\/uploads\/2023\/01\/Brave-Iranian-women-Ghazal-Ranjkesh2-min-75x75.jpg 75w, https:\/\/wncri.org\/fr\/wp-content\/uploads\/2023\/01\/Brave-Iranian-women-Ghazal-Ranjkesh2-min-350x350.jpg 350w\" sizes=\"(max-width: 750px) 100vw, 750px\" \/><\/noscript><figcaption class=\"wp-element-caption\">Ghazal Ranjkesh <\/figcaption><\/figure>\n<\/div>\n\n\n<p>Les utilisateurs des m\u00e9dias sociaux lui ont \u00e9crit : &#8220;Ch\u00e8re Ghazal, tu as donn\u00e9 tes yeux, mais tu as ouvert beaucoup de yeux&#8230; J&#8217;esp\u00e8re qu&#8217;ensemble nous verrons le jour promis que nous attendons tous.&#8221;<\/p>\n\n\n\n<p><\/p>\n\n\n\n<h3 class=\"wp-block-heading\"><strong>L&#8217;aveuglement, l&#8217;un des moyens inhumains utilis\u00e9s par les mollahs pour \u00e9craser le soul\u00e8vement<\/strong><\/h3>\n\n\n\n<p>L&#8217;un des effets les plus irr\u00e9versibles des efforts d\u00e9ploy\u00e9s par le r\u00e9gime iranien pour \u00e9craser le soul\u00e8vement a \u00e9t\u00e9 la c\u00e9cit\u00e9 des participants. Dans tout l&#8217;Iran, des dizaines de manifestants sont all\u00e9s \u00e0 l&#8217;h\u00f4pital avec les yeux crev\u00e9s par les boulettes de m\u00e9tal et les balles en caoutchouc tir\u00e9es par les forces de s\u00e9curit\u00e9.<\/p>\n\n\n\n<p>Selon le <a href=\"https:\/\/www.nytimes.com\/2022\/11\/19\/world\/asia\/iran-protesters-eye-injuries.html\" target=\"_blank\" rel=\"noreferrer noopener\">New York Times<\/a> du 19 novembre 2022, des centaines de victimes ont subi de graves blessures aux yeux inflig\u00e9es par les forces de s\u00e9curit\u00e9 iraniennes depuis la mi-septembre, selon les m\u00e9decins et les \u00e9tablissements m\u00e9dicaux. &#8220;L&#8217;ampleur des blessures en Iran a \u00e9t\u00e9 largement dissimul\u00e9e par la coupure d&#8217;Internet dans ce pays. Mais les preuves m\u00e9dicales fournies au Times par des m\u00e9decins, des manifestants, des membres des familles des patients et des groupes de d\u00e9fense des droits ont r\u00e9v\u00e9l\u00e9 que les services d&#8217;ophtalmologie des h\u00f4pitaux ont \u00e9t\u00e9 inond\u00e9s de centaines de victimes de blessures oculaires. Les r\u00e9cits de t\u00e9moins oculaires et plus de 80 pages de dossiers m\u00e9dicaux provenant de plusieurs h\u00f4pitaux et cliniques ont montr\u00e9 que l&#8217;\u00e9ventail des blessures comprenait des r\u00e9tines mutil\u00e9es, des nerfs optiques sectionn\u00e9s et des iris perfor\u00e9s.&#8221;<\/p>\n\n\n\n<p>Vous trouverez ci-dessous les photos, les sp\u00e9cifications et les \u00e9crits de quelques courageuses femmes iraniennes qui ont perdu leurs yeux pendant les manifestations. En lisant leurs \u00e9crits, nous nous rendons compte de la hauteur de la conscience et de l&#8217;esprit de ces femmes iraniennes courageuses qui sont pr\u00eates \u00e0 payer n&#8217;importe quel prix pour leur libert\u00e9 et leur peuple.<\/p>\n\n\n<div class=\"wp-block-image\">\n<figure class=\"aligncenter size-full\"><img decoding=\"async\" src=\"data:image\/gif;base64,R0lGODlhAQABAIAAAAAAAP\/\/\/yH5BAEAAAAALAAAAAABAAEAAAIBRAA7\" data-src=\"https:\/\/wncri.org\/fr\/wp-content\/uploads\/2023\/01\/Brave-Iranian-women-Elaheh-Tavakkolian-min.jpg\" alt=\"Les femmes iraniennes courageuses perdent leurs yeux\" class=\"wp-image-17421 lazyload\"\/><noscript><img decoding=\"async\" width=\"750\" height=\"375\" src=\"https:\/\/wncri.org\/fr\/wp-content\/uploads\/2023\/01\/Brave-Iranian-women-Elaheh-Tavakkolian-min.jpg\" alt=\"Les femmes iraniennes courageuses perdent leurs yeux\" class=\"wp-image-17421 lazyload\" srcset=\"https:\/\/wncri.org\/fr\/wp-content\/uploads\/2023\/01\/Brave-Iranian-women-Elaheh-Tavakkolian-min.jpg 750w, https:\/\/wncri.org\/fr\/wp-content\/uploads\/2023\/01\/Brave-Iranian-women-Elaheh-Tavakkolian-min-300x150.jpg 300w, https:\/\/wncri.org\/fr\/wp-content\/uploads\/2023\/01\/Brave-Iranian-women-Elaheh-Tavakkolian-min-360x180.jpg 360w\" sizes=\"(max-width: 750px) 100vw, 750px\" \/><\/noscript><figcaption class=\"wp-element-caption\">Elaheh Tavakkolian : Vous avez vis\u00e9 mon \u0153il, mais mon c\u0153ur bat toujours pour l&#8217;Iran !<\/figcaption><\/figure>\n<\/div>\n\n\n<p>Elaheh Tavakkolian, une doctorante de Khorassan, a perdu la vue d&#8217;un \u0153il \u00e0 la mi-septembre, dans les premiers jours du soul\u00e8vement iranien, apr\u00e8s avoir \u00e9t\u00e9 touch\u00e9e par des fusils \u00e0 plomb. Elle a \u00e9crit dans un post Instagram : &#8220;Trois mois se sont \u00e9coul\u00e9s et apr\u00e8s trois op\u00e9rations des yeux, je suis toujours souriante. Et pour la derni\u00e8re op\u00e9ration dans les prochains jours, je vais encore sourire, m\u00eame si mon \u0153il n&#8217;a plus de lumi\u00e8re.&#8221;<\/p>\n\n\n\n<p>Elaheh Tavakkolian a \u00e9crit dans un autre post : &#8220;Vous avez vis\u00e9 mon \u0153il, mais mon c\u0153ur bat toujours pour l&#8217;Iran !&#8221;.<\/p>\n\n\n<div class=\"wp-block-image\">\n<figure class=\"aligncenter size-full\"><img decoding=\"async\" src=\"data:image\/gif;base64,R0lGODlhAQABAIAAAAAAAP\/\/\/yH5BAEAAAAALAAAAAABAAEAAAIBRAA7\" data-src=\"https:\/\/wncri.org\/fr\/wp-content\/uploads\/2023\/01\/Brave-Iranian-women-Raheleh-Amiri-min.jpg\" alt=\"Les femmes iraniennes courageuses perdent leurs yeux, mais leur c\u0153ur\" class=\"wp-image-17427 lazyload\"\/><noscript><img decoding=\"async\" width=\"750\" height=\"375\" src=\"https:\/\/wncri.org\/fr\/wp-content\/uploads\/2023\/01\/Brave-Iranian-women-Raheleh-Amiri-min.jpg\" alt=\"Les femmes iraniennes courageuses perdent leurs yeux, mais leur c\u0153ur\" class=\"wp-image-17427 lazyload\" srcset=\"https:\/\/wncri.org\/fr\/wp-content\/uploads\/2023\/01\/Brave-Iranian-women-Raheleh-Amiri-min.jpg 750w, https:\/\/wncri.org\/fr\/wp-content\/uploads\/2023\/01\/Brave-Iranian-women-Raheleh-Amiri-min-300x150.jpg 300w, https:\/\/wncri.org\/fr\/wp-content\/uploads\/2023\/01\/Brave-Iranian-women-Raheleh-Amiri-min-360x180.jpg 360w\" sizes=\"(max-width: 750px) 100vw, 750px\" \/><\/noscript><figcaption class=\"wp-element-caption\">Raheleh Amiri : &#8220;Aujourd&#8217;hui, quelqu&#8217;un m&#8217;a demand\u00e9 : Est-ce que \u00e7a en valait la peine ? J&#8217;ai r\u00e9pondu : Oui, absolument.&#8221;<\/figcaption><\/figure>\n<\/div>\n\n\n<p>Raheleh Amiri, psychologue, a perdu la vue de son \u0153il droit pendant les manifestations nationales, il y a environ un mois et demi, lorsque les forces de s\u00e9curit\u00e9 ont tir\u00e9 directement sur son \u0153il. Elle a \u00e9crit dans un article dat\u00e9 du 17 janvier : &#8220;Aujourd&#8217;hui, quelqu&#8217;un m&#8217;a demand\u00e9 : Cela en valait-il la peine ? J&#8217;ai r\u00e9pondu : Oui, absolument.&#8221;<\/p>\n\n\n<div class=\"wp-block-image\">\n<figure class=\"aligncenter size-full\"><img decoding=\"async\" src=\"data:image\/gif;base64,R0lGODlhAQABAIAAAAAAAP\/\/\/yH5BAEAAAAALAAAAAABAAEAAAIBRAA7\" data-src=\"https:\/\/wncri.org\/fr\/wp-content\/uploads\/2023\/01\/Brave-Iranian-women-Niloufar-Aghaii-min.jpg\" alt=\"Les femmes iraniennes courageuses perdent \" class=\"wp-image-17426 lazyload\"\/><noscript><img decoding=\"async\" width=\"750\" height=\"375\" src=\"https:\/\/wncri.org\/fr\/wp-content\/uploads\/2023\/01\/Brave-Iranian-women-Niloufar-Aghaii-min.jpg\" alt=\"Les femmes iraniennes courageuses perdent \" class=\"wp-image-17426 lazyload\" srcset=\"https:\/\/wncri.org\/fr\/wp-content\/uploads\/2023\/01\/Brave-Iranian-women-Niloufar-Aghaii-min.jpg 750w, https:\/\/wncri.org\/fr\/wp-content\/uploads\/2023\/01\/Brave-Iranian-women-Niloufar-Aghaii-min-300x150.jpg 300w, https:\/\/wncri.org\/fr\/wp-content\/uploads\/2023\/01\/Brave-Iranian-women-Niloufar-Aghaii-min-360x180.jpg 360w\" sizes=\"(max-width: 750px) 100vw, 750px\" \/><\/noscript><figcaption class=\"wp-element-caption\">Niloufar Aghaii, une sage-femme, poursuit ses t\u00e2ches en souriant.<\/figcaption><\/figure>\n<\/div>\n\n\n<p><a href=\"https:\/\/wncri.org\/2022\/11\/28\/solidarity-with-ghazal-ranjkesh\/\" target=\"_blank\" rel=\"noreferrer noopener\">Niloufar Aghaii<\/a>, une sage-femme, a re\u00e7u une balle dans l&#8217;\u0153il en octobre lors de la manifestation des m\u00e9decins \u00e0 T\u00e9h\u00e9ran devant le b\u00e2timent de l&#8217;Organisation m\u00e9dicale. N\u00e9anmoins, elle r\u00e9pand l&#8217;espoir en continuant \u00e0 exercer ses fonctions, et en gardant le sourire.<\/p>\n\n\n<div class=\"wp-block-image\">\n<figure class=\"aligncenter size-full\"><img decoding=\"async\" src=\"data:image\/gif;base64,R0lGODlhAQABAIAAAAAAAP\/\/\/yH5BAEAAAAALAAAAAABAAEAAAIBRAA7\" data-src=\"https:\/\/wncri.org\/fr\/wp-content\/uploads\/2023\/01\/Brave-Iranian-women-Zoha-from-Isfahan-min.jpg\" alt=\"femmes iraniennes courageuses\" class=\"wp-image-17429 lazyload\"\/><noscript><img decoding=\"async\" width=\"750\" height=\"375\" src=\"https:\/\/wncri.org\/fr\/wp-content\/uploads\/2023\/01\/Brave-Iranian-women-Zoha-from-Isfahan-min.jpg\" alt=\"femmes iraniennes courageuses\" class=\"wp-image-17429 lazyload\" srcset=\"https:\/\/wncri.org\/fr\/wp-content\/uploads\/2023\/01\/Brave-Iranian-women-Zoha-from-Isfahan-min.jpg 750w, https:\/\/wncri.org\/fr\/wp-content\/uploads\/2023\/01\/Brave-Iranian-women-Zoha-from-Isfahan-min-300x150.jpg 300w, https:\/\/wncri.org\/fr\/wp-content\/uploads\/2023\/01\/Brave-Iranian-women-Zoha-from-Isfahan-min-360x180.jpg 360w\" sizes=\"(max-width: 750px) 100vw, 750px\" \/><\/noscript><figcaption class=\"wp-element-caption\">Zoha, 25 ans, originaire d&#8217;Isfahan<\/figcaption><\/figure>\n<\/div>\n\n\n<p>Zoha, 25 ans, a re\u00e7u une balle des forces de s\u00e9curit\u00e9 pendant les manifestations \u00e0 Ispahan et a perdu un \u0153il.<\/p>\n\n\n<div class=\"wp-block-image\">\n<figure class=\"aligncenter size-full\"><img decoding=\"async\" src=\"data:image\/gif;base64,R0lGODlhAQABAIAAAAAAAP\/\/\/yH5BAEAAAAALAAAAAABAAEAAAIBRAA7\" data-src=\"https:\/\/wncri.org\/fr\/wp-content\/uploads\/2023\/01\/Brave-Iranian-women-Kimia-Zand-min.jpg\" alt=\"Kimia Zand\" class=\"wp-image-17425 lazyload\"\/><noscript><img decoding=\"async\" width=\"750\" height=\"375\" src=\"https:\/\/wncri.org\/fr\/wp-content\/uploads\/2023\/01\/Brave-Iranian-women-Kimia-Zand-min.jpg\" alt=\"Kimia Zand\" class=\"wp-image-17425 lazyload\" srcset=\"https:\/\/wncri.org\/fr\/wp-content\/uploads\/2023\/01\/Brave-Iranian-women-Kimia-Zand-min.jpg 750w, https:\/\/wncri.org\/fr\/wp-content\/uploads\/2023\/01\/Brave-Iranian-women-Kimia-Zand-min-300x150.jpg 300w, https:\/\/wncri.org\/fr\/wp-content\/uploads\/2023\/01\/Brave-Iranian-women-Kimia-Zand-min-360x180.jpg 360w\" sizes=\"(max-width: 750px) 100vw, 750px\" \/><\/noscript><figcaption class=\"wp-element-caption\">Kimia Zand<\/figcaption><\/figure>\n<\/div>\n\n\n<p>Kimia Zand, une jeune femme qui sourit toujours malgr\u00e9 la perte de son \u0153il pendant les manifestations.<\/p>\n\n\n<div class=\"wp-block-image\">\n<figure class=\"aligncenter size-full\"><img decoding=\"async\" src=\"data:image\/gif;base64,R0lGODlhAQABAIAAAAAAAP\/\/\/yH5BAEAAAAALAAAAAABAAEAAAIBRAA7\" data-src=\"https:\/\/wncri.org\/fr\/wp-content\/uploads\/2023\/01\/Bita-Kiani-min.jpg\" alt=\"Bita Kiani a re\u00e7u une balle dans l'\u0153il alors qu'elle jouait sur le balcon.\" class=\"wp-image-17420 lazyload\"\/><noscript><img decoding=\"async\" width=\"750\" height=\"375\" src=\"https:\/\/wncri.org\/fr\/wp-content\/uploads\/2023\/01\/Bita-Kiani-min.jpg\" alt=\"Bita Kiani a re\u00e7u une balle dans l'\u0153il alors qu'elle jouait sur le balcon.\" class=\"wp-image-17420 lazyload\" srcset=\"https:\/\/wncri.org\/fr\/wp-content\/uploads\/2023\/01\/Bita-Kiani-min.jpg 750w, https:\/\/wncri.org\/fr\/wp-content\/uploads\/2023\/01\/Bita-Kiani-min-300x150.jpg 300w, https:\/\/wncri.org\/fr\/wp-content\/uploads\/2023\/01\/Bita-Kiani-min-360x180.jpg 360w\" sizes=\"(max-width: 750px) 100vw, 750px\" \/><\/noscript><figcaption class=\"wp-element-caption\">Bita Kiani a re\u00e7u une balle dans l&#8217;\u0153il alors qu&#8217;elle jouait sur le balcon.<\/figcaption><\/figure>\n<\/div>\n\n\n<p>Le 30 novembre 2022, les m\u00e9dias sociaux ont appris qu&#8217;une fillette de six ans, <a href=\"https:\/\/wncri.org\/fr\/2022\/12\/01\/mere-de-trois-enfants\/\" target=\"_blank\" rel=\"noreferrer noopener\">Bita Kiani<\/a>, avait \u00e9t\u00e9 bless\u00e9e \u00e0 l&#8217;\u0153il par des agents de l&#8217;\u00c9tat utilisant des fusils \u00e0 plomb. Elle jouait sur le balcon de leur maison \u00e0 Malekchahr, Ispahan. Bita a maintenant perdu son \u0153il droit.<\/p>\n\n\n<div class=\"wp-block-image\">\n<figure class=\"aligncenter size-full\"><img decoding=\"async\" src=\"data:image\/gif;base64,R0lGODlhAQABAIAAAAAAAP\/\/\/yH5BAEAAAAALAAAAAABAAEAAAIBRAA7\" data-src=\"https:\/\/wncri.org\/fr\/wp-content\/uploads\/2023\/01\/Brave-Iranian-women-Farideh-Salavatipour-min.jpg\" alt=\"Farideh Salvatipour\" class=\"wp-image-17422 lazyload\"\/><noscript><img decoding=\"async\" width=\"750\" height=\"375\" src=\"https:\/\/wncri.org\/fr\/wp-content\/uploads\/2023\/01\/Brave-Iranian-women-Farideh-Salavatipour-min.jpg\" alt=\"Farideh Salvatipour\" class=\"wp-image-17422 lazyload\" srcset=\"https:\/\/wncri.org\/fr\/wp-content\/uploads\/2023\/01\/Brave-Iranian-women-Farideh-Salavatipour-min.jpg 750w, https:\/\/wncri.org\/fr\/wp-content\/uploads\/2023\/01\/Brave-Iranian-women-Farideh-Salavatipour-min-300x150.jpg 300w, https:\/\/wncri.org\/fr\/wp-content\/uploads\/2023\/01\/Brave-Iranian-women-Farideh-Salavatipour-min-360x180.jpg 360w\" sizes=\"(max-width: 750px) 100vw, 750px\" \/><\/noscript><figcaption class=\"wp-element-caption\">Farideh Salvatipour<\/figcaption><\/figure>\n<\/div>\n\n\n<p>Farideh Salvatipour, de Sanandaj, a perdu la vue le 17 novembre 2022, apr\u00e8s que les forces de s\u00e9curit\u00e9 lui ont tir\u00e9 dans les yeux avec des fusils \u00e0 plomb. Il n&#8217;y a aucun espoir pour son traitement.<\/p>\n\n\n<div class=\"wp-block-image\">\n<figure class=\"aligncenter size-full\"><img decoding=\"async\" src=\"data:image\/gif;base64,R0lGODlhAQABAIAAAAAAAP\/\/\/yH5BAEAAAAALAAAAAABAAEAAAIBRAA7\" data-src=\"https:\/\/wncri.org\/fr\/wp-content\/uploads\/2023\/01\/Brave-Iranian-women-Shokoufeh-Goudarzi-min.jpg\" alt=\"Shokoufeh Goudarzi\" class=\"wp-image-17428 lazyload\"\/><noscript><img decoding=\"async\" width=\"750\" height=\"375\" src=\"https:\/\/wncri.org\/fr\/wp-content\/uploads\/2023\/01\/Brave-Iranian-women-Shokoufeh-Goudarzi-min.jpg\" alt=\"Shokoufeh Goudarzi\" class=\"wp-image-17428 lazyload\" srcset=\"https:\/\/wncri.org\/fr\/wp-content\/uploads\/2023\/01\/Brave-Iranian-women-Shokoufeh-Goudarzi-min.jpg 750w, https:\/\/wncri.org\/fr\/wp-content\/uploads\/2023\/01\/Brave-Iranian-women-Shokoufeh-Goudarzi-min-300x150.jpg 300w, https:\/\/wncri.org\/fr\/wp-content\/uploads\/2023\/01\/Brave-Iranian-women-Shokoufeh-Goudarzi-min-360x180.jpg 360w\" sizes=\"(max-width: 750px) 100vw, 750px\" \/><\/noscript><figcaption class=\"wp-element-caption\">Shokoufeh Goudarzi<\/figcaption><\/figure>\n<\/div>\n\n\n<p>Shokoufeh Goudarzi, une m\u00e8re de 59 ans, a tent\u00e9 de sauver un jeune homme et une jeune femme de l&#8217;arrestation par les forces de s\u00e9curit\u00e9 le 15 d\u00e9cembre dans la rue Sanaii \u00e0 T\u00e9h\u00e9ran. Elle s&#8217;est heurt\u00e9e \u00e0 des agents en civil. Elle a perdu la vue d&#8217;un \u0153il \u00e0 cause d&#8217;une balle de paintball tir\u00e9e \u00e0 bout portant par les forces de s\u00e9curit\u00e9.<\/p>\n\n\n\n<p><\/p>\n","protected":false},"excerpt":{"rendered":"<p>Les femmes iraniennes courageuses perdent leurs yeux, mais leur c\u0153ur bat toujours pour l&#8217;Iran Ghazal Ranjkesh : Je n&#8217;ai toujours pas vu le jour que je &#8220;dois&#8221; voir, je sais qu&#8217;il est proche. Tr\u00e8s proche De nombreux moments inspirants ont \u00e9t\u00e9 cr\u00e9\u00e9s au cours du soul\u00e8vement iranien, qui se poursuit sans rel\u00e2che depuis quatre mois. [&hellip;]<\/p>\n","protected":false},"author":4,"featured_media":17424,"comment_status":"closed","ping_status":"closed","sticky":false,"template":"","format":"standard","meta":{"jnews-multi-image_gallery":[],"jnews_single_post":{"subtitle":"","format":"standard","video":"","gallery":"","source_name":"","source_url":"","via_name":"","via_url":"","override_template":"0","override":[{"template":"7","single_blog_custom":"","parallax":"1","fullscreen":"1","layout":"right-sidebar","sidebar":"default-sidebar","second_sidebar":"default-sidebar","sticky_sidebar":"1","share_position":"floatbottom","share_float_style":"share-normal","show_share_counter":"1","show_view_counter":"1","show_featured":"1","show_post_meta":"1","show_post_author":"0","show_post_author_image":"1","show_post_date":"1","post_date_format":"default","post_date_format_custom":"Y\/m\/d","show_post_category":"1","show_post_reading_time":"0","post_reading_time_wpm":"300","show_zoom_button":"0","zoom_button_out_step":"2","zoom_button_in_step":"3","show_post_tag":"1","show_prev_next_post":"0","show_popup_post":"1","number_popup_post":"1","show_author_box":"0","show_post_related":"1","show_inline_post_related":"0"}],"override_image_size":"0","image_override":[{"single_post_thumbnail_size":"crop-500","single_post_gallery_size":"crop-500"}],"trending_post":"0","trending_post_position":"meta","trending_post_label":"Trending","sponsored_post":"0","sponsored_post_label":"Sponsored by","sponsored_post_name":"","sponsored_post_url":"","sponsored_post_logo_enable":"0","sponsored_post_logo":"","sponsored_post_desc":"","disable_ad":"0"},"jnews_primary_category":{"id":"","hide":""},"jnews_social_meta":{"fb_title":"","fb_description":"","fb_image":"","twitter_title":"","twitter_description":"","twitter_image":""},"jnews_override_counter":{"override_view_counter":"0","view_counter_number":"0","override_share_counter":"0","share_counter_number":"0","override_like_counter":"0","like_counter_number":"0","override_dislike_counter":"0","dislike_counter_number":"0"},"footnotes":""},"categories":[8],"tags":[369,376],"class_list":["post-17431","post","type-post","status-publish","format-standard","has-post-thumbnail","hentry","category-articles","tag-manifestations","tag-violence-contre-les-femmes"],"_links":{"self":[{"href":"https:\/\/wncri.org\/fr\/wp-json\/wp\/v2\/posts\/17431","targetHints":{"allow":["GET"]}}],"collection":[{"href":"https:\/\/wncri.org\/fr\/wp-json\/wp\/v2\/posts"}],"about":[{"href":"https:\/\/wncri.org\/fr\/wp-json\/wp\/v2\/types\/post"}],"author":[{"embeddable":true,"href":"https:\/\/wncri.org\/fr\/wp-json\/wp\/v2\/users\/4"}],"replies":[{"embeddable":true,"href":"https:\/\/wncri.org\/fr\/wp-json\/wp\/v2\/comments?post=17431"}],"version-history":[{"count":2,"href":"https:\/\/wncri.org\/fr\/wp-json\/wp\/v2\/posts\/17431\/revisions"}],"predecessor-version":[{"id":17434,"href":"https:\/\/wncri.org\/fr\/wp-json\/wp\/v2\/posts\/17431\/revisions\/17434"}],"wp:featuredmedia":[{"embeddable":true,"href":"https:\/\/wncri.org\/fr\/wp-json\/wp\/v2\/media\/17424"}],"wp:attachment":[{"href":"https:\/\/wncri.org\/fr\/wp-json\/wp\/v2\/media?parent=17431"}],"wp:term":[{"taxonomy":"category","embeddable":true,"href":"https:\/\/wncri.org\/fr\/wp-json\/wp\/v2\/categories?post=17431"},{"taxonomy":"post_tag","embeddable":true,"href":"https:\/\/wncri.org\/fr\/wp-json\/wp\/v2\/tags?post=17431"}],"curies":[{"name":"wp","href":"https:\/\/api.w.org\/{rel}","templated":true}]}}