{"id":17412,"date":"2023-01-16T20:12:24","date_gmt":"2023-01-16T19:12:24","guid":{"rendered":"https:\/\/wncri.org\/fr\/?p=17412"},"modified":"2023-01-17T20:17:50","modified_gmt":"2023-01-17T19:17:50","slug":"bita-haqqani-nasimi","status":"publish","type":"post","link":"https:\/\/wncri.org\/fr\/2023\/01\/16\/bita-haqqani-nasimi\/","title":{"rendered":"Bita Haqqani Nasimi a \u00e9t\u00e9 condamn\u00e9e \u00e0 18 ans de prison"},"content":{"rendered":"\n<h3 class=\"wp-block-heading\">Bita Haqqani Nasimi a \u00e9t\u00e9 condamn\u00e9e \u00e0 18 ans de prison<\/h3>\n\n\n\n<p>La premi\u00e8re branche du tribunal r\u00e9volutionnaire de Sari a condamn\u00e9 Bita Haqqani Nasimi \u00e0 18 ans de prison, \u00e0 deux ans d&#8217;interdiction de quitter le pays et \u00e0 la confiscation des &#8220;outils permettant de commettre des crimes&#8221; en faveur du gouvernement et a notifi\u00e9 son avocat.<\/p>\n\n\n\n<p>Sari est la capitale de la province de Mazandaran, dans le nord de l&#8217;Iran, le long de la mer Caspienne.<\/p>\n\n\n\n<p>Majid Kaveh, l&#8217;avocat de Bita Haqqani Nasimi, a publi\u00e9 un post annon\u00e7ant que le verdict est contestable.<\/p>\n\n\n\n<p>Bita Haqqani Nasimi, 22 ans, originaire de Sari, est une blogueuse et une \u00e9tudiante en arts graphiques \u00e0 Sari. Les forces de s\u00e9curit\u00e9 l&#8217;ont arr\u00eat\u00e9e le 18 octobre 2022, lors de manifestations nationales. Apr\u00e8s avoir \u00e9t\u00e9 interrog\u00e9e, elle a \u00e9t\u00e9 transf\u00e9r\u00e9e \u00e0 <a href=\"https:\/\/wncri.org\/fr\/2021\/12\/10\/les-conditions-des-femmes-prisons\/\" target=\"_blank\" rel=\"noreferrer noopener\">la prison de Qaemchahr.<\/a><\/p>\n\n\n\n<p>Pendant l&#8217;interrogatoire, Bita Haqqani Nasimi a \u00e9t\u00e9 accus\u00e9e de &#8220;<a href=\"https:\/\/en.wikipedia.org\/wiki\/Mofsed-e-filarz\" target=\"_blank\" rel=\"noreferrer noopener\">Corruption sur terre<\/a>&#8220;.<\/p>\n\n\n<div class=\"wp-block-image\">\n<figure class=\"aligncenter size-full\"><img decoding=\"async\" src=\"data:image\/gif;base64,R0lGODlhAQABAIAAAAAAAP\/\/\/yH5BAEAAAAALAAAAAABAAEAAAIBRAA7\" data-src=\"https:\/\/wncri.org\/fr\/wp-content\/uploads\/2023\/01\/Bita-Haqqani-Nasimi-2-min.jpg\" alt=\"Bita Haqqani Nasimi \" class=\"wp-image-17413 lazyload\"\/><noscript><img decoding=\"async\" width=\"750\" height=\"750\" src=\"https:\/\/wncri.org\/fr\/wp-content\/uploads\/2023\/01\/Bita-Haqqani-Nasimi-2-min.jpg\" alt=\"Bita Haqqani Nasimi \" class=\"wp-image-17413 lazyload\" srcset=\"https:\/\/wncri.org\/fr\/wp-content\/uploads\/2023\/01\/Bita-Haqqani-Nasimi-2-min.jpg 750w, https:\/\/wncri.org\/fr\/wp-content\/uploads\/2023\/01\/Bita-Haqqani-Nasimi-2-min-300x300.jpg 300w, https:\/\/wncri.org\/fr\/wp-content\/uploads\/2023\/01\/Bita-Haqqani-Nasimi-2-min-150x150.jpg 150w, https:\/\/wncri.org\/fr\/wp-content\/uploads\/2023\/01\/Bita-Haqqani-Nasimi-2-min-75x75.jpg 75w, https:\/\/wncri.org\/fr\/wp-content\/uploads\/2023\/01\/Bita-Haqqani-Nasimi-2-min-350x350.jpg 350w\" sizes=\"(max-width: 750px) 100vw, 750px\" \/><\/noscript><figcaption class=\"wp-element-caption\">Bita Haqqani Nasimi <\/figcaption><\/figure>\n<\/div>\n\n\n<h3 class=\"wp-block-heading\"><strong>Nazli Saeedi condamn\u00e9e \u00e0 15 mois de prison et \u00e0 une amende<\/strong><\/h3>\n\n\n\n<p>Le tribunal de premi\u00e8re instance de la branche I du tribunal r\u00e9volutionnaire de Tabriz a condamn\u00e9 Nazli Saeedi \u00e0 15 mois de prison pour &#8220;rassemblement et collusion contre la s\u00e9curit\u00e9 nationale&#8221; et \u00e0 payer une amende de 10 millions de tomans et une interdiction de quitter le pays pendant deux ans pour &#8220;propagande contre l&#8217;\u00c9tat&#8221;. Le jugement doit encore \u00eatre confirm\u00e9 par une cour d&#8217;appel.<\/p>\n\n\n\n<p>Nazli Saeedi est \u00e9tudiante en quatri\u00e8me ann\u00e9e de m\u00e9decine \u00e0 l&#8217;universit\u00e9 d&#8217;Ardabil et \u00e9tudiante invit\u00e9e en septi\u00e8me semestre \u00e0 l&#8217;universit\u00e9 des sciences m\u00e9dicales de Tabriz.<\/p>\n\n\n<div class=\"wp-block-image\">\n<figure class=\"aligncenter size-full\"><img decoding=\"async\" src=\"data:image\/gif;base64,R0lGODlhAQABAIAAAAAAAP\/\/\/yH5BAEAAAAALAAAAAABAAEAAAIBRAA7\" data-src=\"https:\/\/wncri.org\/fr\/wp-content\/uploads\/2023\/01\/Nazli-Saeedi-min.jpg\" alt=\"Bita Haqqani Nasimi a \u00e9t\u00e9 condamn\u00e9e \u00e0 18 ans \" class=\"wp-image-17415 lazyload\"\/><noscript><img decoding=\"async\" width=\"750\" height=\"375\" src=\"https:\/\/wncri.org\/fr\/wp-content\/uploads\/2023\/01\/Nazli-Saeedi-min.jpg\" alt=\"Bita Haqqani Nasimi a \u00e9t\u00e9 condamn\u00e9e \u00e0 18 ans \" class=\"wp-image-17415 lazyload\" srcset=\"https:\/\/wncri.org\/fr\/wp-content\/uploads\/2023\/01\/Nazli-Saeedi-min.jpg 750w, https:\/\/wncri.org\/fr\/wp-content\/uploads\/2023\/01\/Nazli-Saeedi-min-300x150.jpg 300w, https:\/\/wncri.org\/fr\/wp-content\/uploads\/2023\/01\/Nazli-Saeedi-min-360x180.jpg 360w\" sizes=\"(max-width: 750px) 100vw, 750px\" \/><\/noscript><figcaption class=\"wp-element-caption\">Nazli Saeedi condamn\u00e9e \u00e0 15 mois de prison et \u00e0 une amende<\/figcaption><\/figure>\n<\/div>\n\n\n<p>Le 26 octobre 2022, Nazli Saeedi a \u00e9t\u00e9 arr\u00eat\u00e9e pour avoir port\u00e9 des tracts et retir\u00e9 le <a href=\"https:\/\/wncri.org\/2018\/12\/13\/the-compulsory-veil\/\" target=\"_blank\" rel=\"noreferrer noopener\">voile obligatoire<\/a> lors de manifestations nationales. Le 19 d\u00e9cembre 2022, elle a \u00e9t\u00e9 temporairement lib\u00e9r\u00e9e sous caution en tenant compte de son dossier m\u00e9dical et de son incapacit\u00e9 \u00e0 supporter l&#8217;emprisonnement.<\/p>\n\n\n\n<p>Plus de 30 000 manifestants ont \u00e9t\u00e9 emprisonn\u00e9s et tortur\u00e9s au cours du soul\u00e8vement iranien qui a d\u00e9but\u00e9 <a href=\"http:\/\/Mots%20cl\u00e9s%20:%20Bita%20Haqqani%20Nasimi\" target=\"_blank\" rel=\"noreferrer noopener\">il y a quatre mois<\/a>, le 16 septembre. Un nombre important de ces prisonniers sont des femmes et des filles courageuses d&#8217;Iran.<\/p>\n","protected":false},"excerpt":{"rendered":"<p>Bita Haqqani Nasimi a \u00e9t\u00e9 condamn\u00e9e \u00e0 18 ans de prison La premi\u00e8re branche du tribunal r\u00e9volutionnaire de Sari a condamn\u00e9 Bita Haqqani Nasimi \u00e0 18 ans de prison, \u00e0 deux ans d&#8217;interdiction de quitter le pays et \u00e0 la confiscation des &#8220;outils permettant de commettre des crimes&#8221; en faveur du gouvernement et a notifi\u00e9 [&hellip;]<\/p>\n","protected":false},"author":4,"featured_media":17414,"comment_status":"closed","ping_status":"closed","sticky":false,"template":"","format":"standard","meta":{"jnews-multi-image_gallery":[],"jnews_single_post":{"subtitle":"","format":"standard","video":"","gallery":"","source_name":"","source_url":"","via_name":"","via_url":"","override_template":"0","override":[{"template":"7","single_blog_custom":"","parallax":"1","fullscreen":"1","layout":"right-sidebar","sidebar":"default-sidebar","second_sidebar":"default-sidebar","sticky_sidebar":"1","share_position":"floatbottom","share_float_style":"share-normal","show_share_counter":"1","show_view_counter":"1","show_featured":"1","show_post_meta":"1","show_post_author":"0","show_post_author_image":"1","show_post_date":"1","post_date_format":"default","post_date_format_custom":"Y\/m\/d","show_post_category":"1","show_post_reading_time":"0","post_reading_time_wpm":"300","show_zoom_button":"0","zoom_button_out_step":"2","zoom_button_in_step":"3","show_post_tag":"1","show_prev_next_post":"0","show_popup_post":"1","number_popup_post":"1","show_author_box":"0","show_post_related":"1","show_inline_post_related":"0"}],"override_image_size":"0","image_override":[{"single_post_thumbnail_size":"crop-500","single_post_gallery_size":"crop-500"}],"trending_post":"0","trending_post_position":"meta","trending_post_label":"Trending","sponsored_post":"0","sponsored_post_label":"Sponsored by","sponsored_post_name":"","sponsored_post_url":"","sponsored_post_logo_enable":"0","sponsored_post_logo":"","sponsored_post_desc":"","disable_ad":"0"},"jnews_primary_category":{"id":"","hide":""},"jnews_social_meta":{"fb_title":"","fb_description":"","fb_image":"","twitter_title":"","twitter_description":"","twitter_image":""},"jnews_override_counter":{"override_view_counter":"0","view_counter_number":"0","override_share_counter":"0","share_counter_number":"0","override_like_counter":"0","like_counter_number":"0","override_dislike_counter":"0","dislike_counter_number":"0"},"footnotes":""},"categories":[3],"tags":[369,370,376],"class_list":["post-17412","post","type-post","status-publish","format-standard","has-post-thumbnail","hentry","category-infos-des-femmes","tag-manifestations","tag-prisonnieres","tag-violence-contre-les-femmes"],"_links":{"self":[{"href":"https:\/\/wncri.org\/fr\/wp-json\/wp\/v2\/posts\/17412","targetHints":{"allow":["GET"]}}],"collection":[{"href":"https:\/\/wncri.org\/fr\/wp-json\/wp\/v2\/posts"}],"about":[{"href":"https:\/\/wncri.org\/fr\/wp-json\/wp\/v2\/types\/post"}],"author":[{"embeddable":true,"href":"https:\/\/wncri.org\/fr\/wp-json\/wp\/v2\/users\/4"}],"replies":[{"embeddable":true,"href":"https:\/\/wncri.org\/fr\/wp-json\/wp\/v2\/comments?post=17412"}],"version-history":[{"count":1,"href":"https:\/\/wncri.org\/fr\/wp-json\/wp\/v2\/posts\/17412\/revisions"}],"predecessor-version":[{"id":17416,"href":"https:\/\/wncri.org\/fr\/wp-json\/wp\/v2\/posts\/17412\/revisions\/17416"}],"wp:featuredmedia":[{"embeddable":true,"href":"https:\/\/wncri.org\/fr\/wp-json\/wp\/v2\/media\/17414"}],"wp:attachment":[{"href":"https:\/\/wncri.org\/fr\/wp-json\/wp\/v2\/media?parent=17412"}],"wp:term":[{"taxonomy":"category","embeddable":true,"href":"https:\/\/wncri.org\/fr\/wp-json\/wp\/v2\/categories?post=17412"},{"taxonomy":"post_tag","embeddable":true,"href":"https:\/\/wncri.org\/fr\/wp-json\/wp\/v2\/tags?post=17412"}],"curies":[{"name":"wp","href":"https:\/\/api.w.org\/{rel}","templated":true}]}}