{"id":17401,"date":"2023-01-14T20:26:33","date_gmt":"2023-01-14T19:26:33","guid":{"rendered":"https:\/\/wncri.org\/fr\/?p=17401"},"modified":"2023-01-16T20:31:40","modified_gmt":"2023-01-16T19:31:40","slug":"prisonniere-politique-fatemeh","status":"publish","type":"post","link":"https:\/\/wncri.org\/fr\/2023\/01\/14\/prisonniere-politique-fatemeh\/","title":{"rendered":"La prisonni\u00e8re politique Fatemeh Mosanna survit gr\u00e2ce \u00e0 la perfusion"},"content":{"rendered":"\n<h3 class=\"wp-block-heading\">La prisonni\u00e8re politique Fatemeh Mosanna survit gr\u00e2ce \u00e0 la perfusion<\/h3>\n\n\n\n<p>La prisonni\u00e8re politique Fatemeh Mosanna survit gr\u00e2ce \u00e0 une injection <a href=\"https:\/\/www.medicalnewstoday.com\/articles\/intravenous-injection\" target=\"_blank\" rel=\"noreferrer noopener\">intraveineuse<\/a> (IV).<\/p>\n\n\n\n<p>Fatemeh Mosanna, 53 ans, m\u00e8re de deux enfants, est en prison depuis sept ans. Son \u00e9tat de sant\u00e9 est catastrophique et sa vie est en danger.<\/p>\n\n\n\n<p>Fatemeh Mosanna souffre actuellement d&#8217;une fi\u00e8vre ent\u00e9rique, et ses <a href=\"https:\/\/wncri.org\/fr\/2021\/01\/25\/la-prisonniere-politique-fatemeh-mosanna\/\" target=\"_blank\" rel=\"noreferrer noopener\">intestins<\/a> ne peuvent pas absorber de nourriture. Deux poches de s\u00e9rum lui sont inject\u00e9es quotidiennement, et elle est hospitalis\u00e9e ou en route pour l&#8217;h\u00f4pital.<\/p>\n\n\n\n<p>Le diagnostic des m\u00e9decins est que Fatemeh Mosanna ne devrait pas \u00eatre soumise au stress et qu&#8217;elle ne peut pas supporter les conditions de d\u00e9tention. Fatemeh Mosanna a perdu connaissance \u00e0 plusieurs reprises en raison de douleurs intenses. Les m\u00e9decins ont augment\u00e9 \u00e0 plusieurs reprises la dose de ses m\u00e9dicaments et ont d\u00e9clar\u00e9 que son traitement en prison ne serait pas utile car elle ne devrait pas \u00eatre stress\u00e9e.<\/p>\n\n\n\n<p>N\u00e9anmoins, elle est toujours emprisonn\u00e9e, et les autorit\u00e9s emp\u00eachent sa lib\u00e9ration.<\/p>\n\n\n\n<p>La prisonni\u00e8re politique Fatemeh Mosanna doit \u00eatre lib\u00e9r\u00e9e imm\u00e9diatement et sans condition pour recevoir un traitement m\u00e9dical urgent.<\/p>\n\n\n\n<p>Fatemeh Mosanna et son mari, <a href=\"https:\/\/wncri.org\/fr\/2019\/11\/05\/la-prisonniere-politique-fatemeh-mosanna-privee-de-visite-a-son-mari\/\" target=\"_blank\" rel=\"noreferrer noopener\">Hassan Sadeqi<\/a>, ont \u00e9t\u00e9 arr\u00eat\u00e9s le 9 avril 2014 pour avoir organis\u00e9 une c\u00e9r\u00e9monie fun\u00e9raire pour son p\u00e8re d\u00e9c\u00e9d\u00e9 le 29 janvier 2014 \u00e0 <a href=\"https:\/\/mek-iran.com\/camp-ashraf-camp-liberty\/\" target=\"_blank\" rel=\"noreferrer noopener\">Camp Liberty<\/a>, en Irak, o\u00f9 les membres de l&#8217;OMPI \u00e9taient maintenus sous blocus.<\/p>\n\n\n\n<p>Le couple a ensuite \u00e9t\u00e9 condamn\u00e9 \u00e0 15 ans de prison pour avoir eu des contacts avec l&#8217;Organisation des moudjahidines du peuple d&#8217;Iran. Le r\u00e9gime iranien a confisqu\u00e9 leur maison et leur magasin en mars 2019. Le couple a \u00e9t\u00e9 <a href=\"https:\/\/wncri.org\/fr\/2019\/11\/05\/la-prisonniere-politique-fatemeh-mosanna-privee-de-visite-a-son-mari\/\" target=\"_blank\" rel=\"noreferrer noopener\">priv\u00e9 de visites<\/a> pendant une longue p\u00e9riode.<\/p>\n\n\n\n<p>Fatemeh Mosanna a \u00e9t\u00e9 prisonni\u00e8re politique en 1981 et a \u00e9t\u00e9 d\u00e9tenue pendant deux ans alors qu&#8217;elle n&#8217;avait que 13 ans. Trois de ses fr\u00e8res ont \u00e9t\u00e9 ex\u00e9cut\u00e9s cette ann\u00e9e-l\u00e0 par le r\u00e9gime cl\u00e9rical.<\/p>\n","protected":false},"excerpt":{"rendered":"<p>La prisonni\u00e8re politique Fatemeh Mosanna survit gr\u00e2ce \u00e0 la perfusion La prisonni\u00e8re politique Fatemeh Mosanna survit gr\u00e2ce \u00e0 une injection intraveineuse (IV). Fatemeh Mosanna, 53 ans, m\u00e8re de deux enfants, est en prison depuis sept ans. Son \u00e9tat de sant\u00e9 est catastrophique et sa vie est en danger. Fatemeh Mosanna souffre actuellement d&#8217;une fi\u00e8vre ent\u00e9rique, [&hellip;]<\/p>\n","protected":false},"author":4,"featured_media":17402,"comment_status":"closed","ping_status":"closed","sticky":false,"template":"","format":"standard","meta":{"jnews-multi-image_gallery":[],"jnews_single_post":{"subtitle":"","format":"standard","video":"","gallery":"","source_name":"","source_url":"","via_name":"","via_url":"","override_template":"0","override":[{"template":"7","single_blog_custom":"","parallax":"1","fullscreen":"1","layout":"right-sidebar","sidebar":"default-sidebar","second_sidebar":"default-sidebar","sticky_sidebar":"1","share_position":"floatbottom","share_float_style":"share-normal","show_share_counter":"1","show_view_counter":"1","show_featured":"1","show_post_meta":"1","show_post_author":"0","show_post_author_image":"1","show_post_date":"1","post_date_format":"default","post_date_format_custom":"Y\/m\/d","show_post_category":"1","show_post_reading_time":"0","post_reading_time_wpm":"300","show_zoom_button":"0","zoom_button_out_step":"2","zoom_button_in_step":"3","show_post_tag":"1","show_prev_next_post":"0","show_popup_post":"1","number_popup_post":"1","show_author_box":"0","show_post_related":"1","show_inline_post_related":"0"}],"override_image_size":"0","image_override":[{"single_post_thumbnail_size":"crop-500","single_post_gallery_size":"crop-500"}],"trending_post":"0","trending_post_position":"meta","trending_post_label":"Trending","sponsored_post":"0","sponsored_post_label":"Sponsored by","sponsored_post_name":"","sponsored_post_url":"","sponsored_post_logo_enable":"0","sponsored_post_logo":"","sponsored_post_desc":"","disable_ad":"0"},"jnews_primary_category":{"id":"","hide":""},"jnews_social_meta":{"fb_title":"","fb_description":"","fb_image":"","twitter_title":"","twitter_description":"","twitter_image":""},"jnews_override_counter":{"override_view_counter":"0","view_counter_number":"0","override_share_counter":"0","share_counter_number":"0","override_like_counter":"0","like_counter_number":"0","override_dislike_counter":"0","dislike_counter_number":"0"},"footnotes":""},"categories":[3],"tags":[370,376],"class_list":["post-17401","post","type-post","status-publish","format-standard","has-post-thumbnail","hentry","category-infos-des-femmes","tag-prisonnieres","tag-violence-contre-les-femmes"],"_links":{"self":[{"href":"https:\/\/wncri.org\/fr\/wp-json\/wp\/v2\/posts\/17401","targetHints":{"allow":["GET"]}}],"collection":[{"href":"https:\/\/wncri.org\/fr\/wp-json\/wp\/v2\/posts"}],"about":[{"href":"https:\/\/wncri.org\/fr\/wp-json\/wp\/v2\/types\/post"}],"author":[{"embeddable":true,"href":"https:\/\/wncri.org\/fr\/wp-json\/wp\/v2\/users\/4"}],"replies":[{"embeddable":true,"href":"https:\/\/wncri.org\/fr\/wp-json\/wp\/v2\/comments?post=17401"}],"version-history":[{"count":1,"href":"https:\/\/wncri.org\/fr\/wp-json\/wp\/v2\/posts\/17401\/revisions"}],"predecessor-version":[{"id":17403,"href":"https:\/\/wncri.org\/fr\/wp-json\/wp\/v2\/posts\/17401\/revisions\/17403"}],"wp:featuredmedia":[{"embeddable":true,"href":"https:\/\/wncri.org\/fr\/wp-json\/wp\/v2\/media\/17402"}],"wp:attachment":[{"href":"https:\/\/wncri.org\/fr\/wp-json\/wp\/v2\/media?parent=17401"}],"wp:term":[{"taxonomy":"category","embeddable":true,"href":"https:\/\/wncri.org\/fr\/wp-json\/wp\/v2\/categories?post=17401"},{"taxonomy":"post_tag","embeddable":true,"href":"https:\/\/wncri.org\/fr\/wp-json\/wp\/v2\/tags?post=17401"}],"curies":[{"name":"wp","href":"https:\/\/api.w.org\/{rel}","templated":true}]}}