{"id":17393,"date":"2023-01-13T21:35:38","date_gmt":"2023-01-13T20:35:38","guid":{"rendered":"https:\/\/wncri.org\/fr\/?p=17393"},"modified":"2023-01-14T22:05:20","modified_gmt":"2023-01-14T21:05:20","slug":"fatemeh-harbi","status":"publish","type":"post","link":"https:\/\/wncri.org\/fr\/2023\/01\/13\/fatemeh-harbi\/","title":{"rendered":"Fatemeh Harbi condamn\u00e9e \u00e0 5 ans de prison, 2 ans de bannissement"},"content":{"rendered":"\n<h3 class=\"wp-block-heading\">Fatemeh Harbi condamn\u00e9e \u00e0 5 ans de prison, 2 ans de bannissement<\/h3>\n\n\n\n<p>Le Tribunal r\u00e9volutionnaire de Karaj a condamn\u00e9 Fatemeh Harbi \u00e0 cinq ans de prison et deux ans bannissement.<\/p>\n\n\n\n<p>Le juge Asef Al-Hosseini, connu sous le nom de &#8220;juge de la mort&#8221;, a condamn\u00e9 Fatemeh Harbi \u00e0 cinq ans de prison et deux ans bannissement le 12 janvier 2023. Le verdict lui a \u00e9t\u00e9 communiqu\u00e9 oralement, et non officiellement. Pour cette raison, sa famille ne peut pas faire appel.<\/p>\n\n\n\n<p>Fatemeh Harbi, 38 ans, et m\u00e8re de deux enfants de 17 et 8 ans, est vendeuse dans une entreprise de cosm\u00e9tiques. Elle souffre de probl\u00e8mes cardiaques mais a \u00e9t\u00e9 battue et tortur\u00e9e pendant l&#8217;interrogatoire.<\/p>\n\n\n\n<p>Les agents de s\u00e9curit\u00e9 ont arr\u00eat\u00e9 Fatemeh Harbi le 12 octobre 2022, avec l&#8217;une de ses coll\u00e8gues, et les ont transf\u00e9r\u00e9es \u00e0 la police de s\u00e9curit\u00e9 de Gohardacht, puis \u00e0 <a href=\"https:\/\/wncri.org\/fr\/2021\/12\/10\/les-conditions-des-femmes-prisons\/\" target=\"_blank\" rel=\"noreferrer noopener\">la prison de Fardis (Kachouii) \u00e0 Karaj<\/a>. Deux semaines plus tard, elle a \u00e9t\u00e9 lib\u00e9r\u00e9e sous caution.<\/p>\n\n\n\n<p>Fatemeh Harbi a \u00e9t\u00e9 jug\u00e9e en ligne le 14 d\u00e9cembre 2022, devant le tribunal r\u00e9volutionnaire du premier district de Karaj. Sa famille n&#8217;a pas \u00e9t\u00e9 autoris\u00e9e \u00e0 assister au proc\u00e8s, et son avocat n&#8217;\u00e9tait pas non plus pr\u00e9sent.<\/p>\n\n\n\n<p>Malgr\u00e9 un mois apr\u00e8s l&#8217;annonce du verdict, elle reste en quarantaine dans la prison et n&#8217;est pas transf\u00e9r\u00e9e dans le service g\u00e9n\u00e9ral.<\/p>\n\n\n\n<p>Fatemeh Harbi est l&#8217;une des 15 manifestantes en <a href=\"https:\/\/wncri.org\/fr\/2023\/01\/11\/15-jeunes-femmes\/\" target=\"_blank\" rel=\"noreferrer noopener\">gr\u00e8ve de la faim<\/a> \u00e0 la prison de Fardis. Ses gencives et son intestin ont \u00e9t\u00e9 infect\u00e9s en prison. Son \u00e9tat cardiaque s&#8217;est d\u00e9t\u00e9rior\u00e9 en prison.<\/p>\n\n\n<div class=\"wp-block-image\">\n<figure class=\"aligncenter size-full\"><img decoding=\"async\" src=\"data:image\/gif;base64,R0lGODlhAQABAIAAAAAAAP\/\/\/yH5BAEAAAAALAAAAAABAAEAAAIBRAA7\" data-src=\"https:\/\/wncri.org\/fr\/wp-content\/uploads\/2023\/01\/Fatemeh-Mosleh-Heydarzadeh-min.jpg\" alt=\"Fatemeh Harbi condamn\u00e9e \u00e0 5 ans de prison\" class=\"wp-image-17396 lazyload\"\/><noscript><img decoding=\"async\" width=\"750\" height=\"375\" src=\"https:\/\/wncri.org\/fr\/wp-content\/uploads\/2023\/01\/Fatemeh-Mosleh-Heydarzadeh-min.jpg\" alt=\"Fatemeh Harbi condamn\u00e9e \u00e0 5 ans de prison\" class=\"wp-image-17396 lazyload\" srcset=\"https:\/\/wncri.org\/fr\/wp-content\/uploads\/2023\/01\/Fatemeh-Mosleh-Heydarzadeh-min.jpg 750w, https:\/\/wncri.org\/fr\/wp-content\/uploads\/2023\/01\/Fatemeh-Mosleh-Heydarzadeh-min-300x150.jpg 300w, https:\/\/wncri.org\/fr\/wp-content\/uploads\/2023\/01\/Fatemeh-Mosleh-Heydarzadeh-min-360x180.jpg 360w\" sizes=\"(max-width: 750px) 100vw, 750px\" \/><\/noscript><figcaption class=\"wp-element-caption\">Fatemeh Mosleh Heydarzadeh <\/figcaption><\/figure>\n<\/div>\n\n\n<h3 class=\"wp-block-heading\"><strong>Fatemeh Mosleh Heydarzadeh a \u00e9t\u00e9 condamn\u00e9e \u00e0 cinq ans de prison et \u00e0 deux ans de bannissement<\/strong><\/h3>\n\n\n\n<p>Fatemeh Mosleh Heydarzadeh a \u00e9t\u00e9 condamn\u00e9e \u00e0 cinq ans de prison, deux ans de bannissement \u00e0 Ardabil et deux ans d&#8217;\u00e9loignement de T\u00e9h\u00e9ran et de Karaj pour avoir bloqu\u00e9 la route, insult\u00e9 les forces de s\u00e9curit\u00e9 et br\u00fbl\u00e9 son foulard.<\/p>\n\n\n\n<p>Fatemeh Mosleh Heydarzadeh est l&#8217;une des <a href=\"https:\/\/wncri.org\/fr\/2023\/01\/11\/15-jeunes-femmes\/\" target=\"_blank\" rel=\"noreferrer noopener\">15 manifestantes<\/a> en gr\u00e8ve de la faim \u00e0 la <a href=\"https:\/\/wncri.org\/fr\/2021\/12\/10\/les-conditions-des-femmes-prisons\/\" target=\"_blank\" rel=\"noreferrer noopener\">prison de Fardis (Kachouii) de Karaj<\/a>.<\/p>\n\n\n\n<p>Elle a \u00e9t\u00e9 arr\u00eat\u00e9e le 19 septembre 2022 \u00e0 Gohardacht de Karaj et transf\u00e9r\u00e9e \u00e0 la prison de Kachouii.<\/p>\n\n\n<div class=\"wp-block-image\">\n<figure class=\"aligncenter size-full\"><img decoding=\"async\" src=\"data:image\/gif;base64,R0lGODlhAQABAIAAAAAAAP\/\/\/yH5BAEAAAAALAAAAAABAAEAAAIBRAA7\" data-src=\"https:\/\/wncri.org\/fr\/wp-content\/uploads\/2023\/01\/Nazanin-Kaynejad-min.jpg\" alt=\"Fatemeh Harbi condamn\u00e9e \" class=\"wp-image-17398 lazyload\"\/><noscript><img decoding=\"async\" width=\"750\" height=\"375\" src=\"https:\/\/wncri.org\/fr\/wp-content\/uploads\/2023\/01\/Nazanin-Kaynejad-min.jpg\" alt=\"Fatemeh Harbi condamn\u00e9e \" class=\"wp-image-17398 lazyload\" srcset=\"https:\/\/wncri.org\/fr\/wp-content\/uploads\/2023\/01\/Nazanin-Kaynejad-min.jpg 750w, https:\/\/wncri.org\/fr\/wp-content\/uploads\/2023\/01\/Nazanin-Kaynejad-min-300x150.jpg 300w, https:\/\/wncri.org\/fr\/wp-content\/uploads\/2023\/01\/Nazanin-Kaynejad-min-360x180.jpg 360w\" sizes=\"(max-width: 750px) 100vw, 750px\" \/><\/noscript><figcaption class=\"wp-element-caption\">Nazanin Kaynejad <\/figcaption><\/figure>\n<\/div>\n\n\n<h3 class=\"wp-block-heading\"><strong>Nazanin Kaynejad condamn\u00e9e \u00e0 quatre ans de prison<\/strong><\/h3>\n\n\n\n<p>La 15e branche du tribunal r\u00e9volutionnaire de T\u00e9h\u00e9ran, dirig\u00e9e par le juge Salvati, a condamn\u00e9 Nazanin Kaynejad \u00e0 quatre ans de prison.<\/p>\n\n\n\n<p>Nazanin Kaynejad, traductrice, journaliste et militante dans le domaine de la publicit\u00e9 et du marketing, a \u00e9t\u00e9 condamn\u00e9e \u00e0 4 ans de prison, \u00e0 deux ans d&#8217;interdiction de quitter le pays, \u00e0 deux ans d&#8217;interdiction de rejoindre des partis et des groupes et \u00e0 deux ans d&#8217;interdiction d&#8217;activit\u00e9s en ligne.<\/p>\n\n\n\n<p>Dans un appel \u00e0 sa famille, Nazanin Kaynejad a d\u00e9crit la situation de la sinistre <a href=\"https:\/\/wncri.org\/fr\/2020\/04\/20\/regard-sur-la-situation-tragique-a-la-prison-pour-femmes-de-qarchak-en-iran\/\" target=\"_blank\" rel=\"noreferrer noopener\">prison de Qarchak<\/a>. Elle a d\u00e9clar\u00e9 que les agents de s\u00e9curit\u00e9 exer\u00e7aient des pressions sur les prisonni\u00e8res de diff\u00e9rentes mani\u00e8res.<\/p>\n\n\n\n<p>Nazanin Kaynejad est la tutrice de sa fille unique, Bahar, qui est tr\u00e8s perturb\u00e9e par l&#8217;arrestation de sa m\u00e8re.<\/p>\n\n\n<div class=\"wp-block-image\">\n<figure class=\"aligncenter size-full\"><img decoding=\"async\" src=\"data:image\/gif;base64,R0lGODlhAQABAIAAAAAAAP\/\/\/yH5BAEAAAAALAAAAAABAAEAAAIBRAA7\" data-src=\"https:\/\/wncri.org\/fr\/wp-content\/uploads\/2023\/01\/Leila-Mansour-min.jpg\" alt=\"Fatemeh Harbi\" class=\"wp-image-17397 lazyload\"\/><noscript><img decoding=\"async\" width=\"750\" height=\"375\" src=\"https:\/\/wncri.org\/fr\/wp-content\/uploads\/2023\/01\/Leila-Mansour-min.jpg\" alt=\"Fatemeh Harbi\" class=\"wp-image-17397 lazyload\" srcset=\"https:\/\/wncri.org\/fr\/wp-content\/uploads\/2023\/01\/Leila-Mansour-min.jpg 750w, https:\/\/wncri.org\/fr\/wp-content\/uploads\/2023\/01\/Leila-Mansour-min-300x150.jpg 300w, https:\/\/wncri.org\/fr\/wp-content\/uploads\/2023\/01\/Leila-Mansour-min-360x180.jpg 360w\" sizes=\"(max-width: 750px) 100vw, 750px\" \/><\/noscript><figcaption class=\"wp-element-caption\">Leila Mansour <\/figcaption><\/figure>\n<\/div>\n\n\n<h3 class=\"wp-block-heading\"><strong>Leila Mansour condamn\u00e9e \u00e0 la prison et \u00e0 50 coups de fouet<\/strong><\/h3>\n\n\n\n<p>Le tribunal r\u00e9volutionnaire de T\u00e9h\u00e9ran a condamn\u00e9 la militante des <a href=\"https:\/\/www.maryam-rajavi.com\/fr\/points-de-vue\/droits-femmes-en-iran\/\" target=\"_blank\" rel=\"noreferrer noopener\">droits des femmes<\/a> Leila Mansour \u00e0 un an d&#8217;emprisonnement et \u00e0 50 coups de fouet.<\/p>\n\n\n\n<p>Les forces de s\u00e9curit\u00e9 ont arr\u00eat\u00e9 Leila Mansour \u00e0 T\u00e9h\u00e9ran le 16 novembre 2022 et l&#8217;ont emmen\u00e9e \u00e0 <a href=\"https:\/\/wncri.org\/fr\/2021\/12\/10\/les-conditions-des-femmes-prisons\/\" target=\"_blank\" rel=\"noreferrer noopener\">la prison d&#8217;Evine<\/a>. Le 26 d\u00e9cembre, elle a \u00e9t\u00e9 temporairement lib\u00e9r\u00e9e sous caution jusqu&#8217;\u00e0 la fin de la proc\u00e9dure judiciaire.<\/p>\n\n\n\n<p>Le 9 janvier 2023, la branche 26 du tribunal r\u00e9volutionnaire de T\u00e9h\u00e9ran, pr\u00e9sid\u00e9e par le juge Iman Afshari, a condamn\u00e9 Leila Mansour \u00e0 1 an de prison, 50 coups de fouet, l&#8217;interdiction de quitter le pays, l&#8217;interdiction de s\u00e9journer \u00e0 T\u00e9h\u00e9ran pendant deux ans, l&#8217;interdiction d&#8217;adh\u00e9rer \u00e0 des partis, groupes et organisations politiques ou sociales pour trouble \u00e0 l&#8217;ordre public. Le verdict a \u00e9t\u00e9 communiqu\u00e9 par \u00e9crit \u00e0 Mme Mansour.<\/p>\n\n\n<div class=\"wp-block-image\">\n<figure class=\"aligncenter size-full\"><img decoding=\"async\" src=\"data:image\/gif;base64,R0lGODlhAQABAIAAAAAAAP\/\/\/yH5BAEAAAAALAAAAAABAAEAAAIBRAA7\" data-src=\"https:\/\/wncri.org\/fr\/wp-content\/uploads\/2023\/01\/Paniz-Karami-min.jpg\" alt=\"Fatemeh Harbi condamn\u00e9e \u00e0 5 \" class=\"wp-image-17399 lazyload\"\/><noscript><img decoding=\"async\" width=\"750\" height=\"375\" src=\"https:\/\/wncri.org\/fr\/wp-content\/uploads\/2023\/01\/Paniz-Karami-min.jpg\" alt=\"Fatemeh Harbi condamn\u00e9e \u00e0 5 \" class=\"wp-image-17399 lazyload\" srcset=\"https:\/\/wncri.org\/fr\/wp-content\/uploads\/2023\/01\/Paniz-Karami-min.jpg 750w, https:\/\/wncri.org\/fr\/wp-content\/uploads\/2023\/01\/Paniz-Karami-min-300x150.jpg 300w, https:\/\/wncri.org\/fr\/wp-content\/uploads\/2023\/01\/Paniz-Karami-min-360x180.jpg 360w\" sizes=\"(max-width: 750px) 100vw, 750px\" \/><\/noscript><figcaption class=\"wp-element-caption\">Paniz Karami <\/figcaption><\/figure>\n<\/div>\n\n\n<h3 class=\"wp-block-heading\"><strong>Aucune information sur les conditions de vie de Paniz Karami et le lieu o\u00f9 il se trouve<\/strong><\/h3>\n\n\n\n<p>Le 10 janvier 2023, les forces de s\u00e9curit\u00e9 ont arr\u00eat\u00e9 Paniz Karami, accus\u00e9 d&#8217;\u00e9meute dans le cyberespace.<\/p>\n\n\n\n<p>Paniz Karami, 25 ans, originaire de T\u00e9h\u00e9ran, est un blogueur musical actif dans l&#8217;espace virtuel et sur Twitter.<\/p>\n\n\n\n<p>Paniz Karami est un ami de <a href=\"https:\/\/wncri.org\/fr\/2022\/10\/05\/nika-chakarami\/\" target=\"_blank\" rel=\"noreferrer noopener\">Nika Shakarami<\/a>, qui a trouv\u00e9 la mort lors des manifestations nationales. Dans l&#8217;espace virtuel, Paniz Karami est consid\u00e9r\u00e9 comme un blogueur courageux et un combattant dont toutes les activit\u00e9s \u00e9taient ax\u00e9es sur les conditions de vie en Iran et sur le peuple iranien.<\/p>\n\n\n\n<p>Il n&#8217;y a aucune information sur l&#8217;\u00e9tat de sant\u00e9 de Paniz Karami ni sur son lieu de captivit\u00e9.<\/p>\n\n\n<div class=\"wp-block-image\">\n<figure class=\"aligncenter size-full\"><img decoding=\"async\" src=\"data:image\/gif;base64,R0lGODlhAQABAIAAAAAAAP\/\/\/yH5BAEAAAAALAAAAAABAAEAAAIBRAA7\" data-src=\"https:\/\/wncri.org\/fr\/wp-content\/uploads\/2023\/01\/Fariba-Kamali-min.jpg\" alt=\"Fatemeh Harbi\" class=\"wp-image-17394 lazyload\"\/><noscript><img decoding=\"async\" width=\"750\" height=\"375\" src=\"https:\/\/wncri.org\/fr\/wp-content\/uploads\/2023\/01\/Fariba-Kamali-min.jpg\" alt=\"Fatemeh Harbi\" class=\"wp-image-17394 lazyload\" srcset=\"https:\/\/wncri.org\/fr\/wp-content\/uploads\/2023\/01\/Fariba-Kamali-min.jpg 750w, https:\/\/wncri.org\/fr\/wp-content\/uploads\/2023\/01\/Fariba-Kamali-min-300x150.jpg 300w, https:\/\/wncri.org\/fr\/wp-content\/uploads\/2023\/01\/Fariba-Kamali-min-360x180.jpg 360w\" sizes=\"(max-width: 750px) 100vw, 750px\" \/><\/noscript><figcaption class=\"wp-element-caption\">Fariba Kamali <\/figcaption><\/figure>\n<\/div>\n\n\n<h3 class=\"wp-block-heading\"><strong>Fariba Kamali au q<\/strong><strong>uartier<\/strong><strong> 209 de la prison d&#8217;Evine<\/strong><\/h3>\n\n\n\n<p>Fariba Kamali est toujours en \u00e9tat d&#8217;arrestation et d\u00e9tenue dans des conditions ind\u00e9termin\u00e9es \u00e0 la prison d&#8217;Evine.<\/p>\n\n\n\n<p>Les forces de s\u00e9curit\u00e9 ont fait irruption au domicile de Fariba Kamali le 18 d\u00e9cembre 2023, et l&#8217;ont violemment arr\u00eat\u00e9e et transf\u00e9r\u00e9e au centre de d\u00e9tention du minist\u00e8re des Renseignements, dans le <a href=\"https:\/\/wncri.org\/fr\/2021\/12\/10\/les-conditions-des-femmes-prisons\/\" target=\"_blank\" rel=\"noreferrer noopener\">quartier 209 de la prison d&#8217;Evine.<\/a><\/p>\n\n\n\n<p>Fariba Kamali, 44 ans, militante des droits des enfants et des femmes, n&#8217;a pas acc\u00e8s \u00e0 l&#8217;avocat de son choix. Aucune information n&#8217;est disponible sur les charges retenues contre elle.<\/p>\n","protected":false},"excerpt":{"rendered":"<p>Fatemeh Harbi condamn\u00e9e \u00e0 5 ans de prison, 2 ans de bannissement Le Tribunal r\u00e9volutionnaire de Karaj a condamn\u00e9 Fatemeh Harbi \u00e0 cinq ans de prison et deux ans bannissement. Le juge Asef Al-Hosseini, connu sous le nom de &#8220;juge de la mort&#8221;, a condamn\u00e9 Fatemeh Harbi \u00e0 cinq ans de prison et deux ans [&hellip;]<\/p>\n","protected":false},"author":4,"featured_media":17395,"comment_status":"closed","ping_status":"closed","sticky":false,"template":"","format":"standard","meta":{"jnews-multi-image_gallery":[],"jnews_single_post":{"subtitle":"","format":"standard","video":"","gallery":"","source_name":"","source_url":"","via_name":"","via_url":"","override_template":"0","override":[{"template":"7","single_blog_custom":"","parallax":"1","fullscreen":"1","layout":"right-sidebar","sidebar":"default-sidebar","second_sidebar":"default-sidebar","sticky_sidebar":"1","share_position":"floatbottom","share_float_style":"share-normal","show_share_counter":"1","show_view_counter":"1","show_featured":"1","show_post_meta":"1","show_post_author":"0","show_post_author_image":"1","show_post_date":"1","post_date_format":"default","post_date_format_custom":"Y\/m\/d","show_post_category":"1","show_post_reading_time":"0","post_reading_time_wpm":"300","show_zoom_button":"0","zoom_button_out_step":"2","zoom_button_in_step":"3","show_post_tag":"1","show_prev_next_post":"0","show_popup_post":"1","number_popup_post":"1","show_author_box":"0","show_post_related":"1","show_inline_post_related":"0"}],"override_image_size":"0","image_override":[{"single_post_thumbnail_size":"crop-500","single_post_gallery_size":"crop-500"}],"trending_post":"0","trending_post_position":"meta","trending_post_label":"Trending","sponsored_post":"0","sponsored_post_label":"Sponsored by","sponsored_post_name":"","sponsored_post_url":"","sponsored_post_logo_enable":"0","sponsored_post_logo":"","sponsored_post_desc":"","disable_ad":"0"},"jnews_primary_category":{"id":"","hide":""},"jnews_social_meta":{"fb_title":"","fb_description":"","fb_image":"","twitter_title":"","twitter_description":"","twitter_image":""},"jnews_override_counter":{"override_view_counter":"0","view_counter_number":"0","override_share_counter":"0","share_counter_number":"0","override_like_counter":"0","like_counter_number":"0","override_dislike_counter":"0","dislike_counter_number":"0"},"footnotes":""},"categories":[3],"tags":[369,370,376],"class_list":["post-17393","post","type-post","status-publish","format-standard","has-post-thumbnail","hentry","category-infos-des-femmes","tag-manifestations","tag-prisonnieres","tag-violence-contre-les-femmes"],"_links":{"self":[{"href":"https:\/\/wncri.org\/fr\/wp-json\/wp\/v2\/posts\/17393","targetHints":{"allow":["GET"]}}],"collection":[{"href":"https:\/\/wncri.org\/fr\/wp-json\/wp\/v2\/posts"}],"about":[{"href":"https:\/\/wncri.org\/fr\/wp-json\/wp\/v2\/types\/post"}],"author":[{"embeddable":true,"href":"https:\/\/wncri.org\/fr\/wp-json\/wp\/v2\/users\/4"}],"replies":[{"embeddable":true,"href":"https:\/\/wncri.org\/fr\/wp-json\/wp\/v2\/comments?post=17393"}],"version-history":[{"count":1,"href":"https:\/\/wncri.org\/fr\/wp-json\/wp\/v2\/posts\/17393\/revisions"}],"predecessor-version":[{"id":17400,"href":"https:\/\/wncri.org\/fr\/wp-json\/wp\/v2\/posts\/17393\/revisions\/17400"}],"wp:featuredmedia":[{"embeddable":true,"href":"https:\/\/wncri.org\/fr\/wp-json\/wp\/v2\/media\/17395"}],"wp:attachment":[{"href":"https:\/\/wncri.org\/fr\/wp-json\/wp\/v2\/media?parent=17393"}],"wp:term":[{"taxonomy":"category","embeddable":true,"href":"https:\/\/wncri.org\/fr\/wp-json\/wp\/v2\/categories?post=17393"},{"taxonomy":"post_tag","embeddable":true,"href":"https:\/\/wncri.org\/fr\/wp-json\/wp\/v2\/tags?post=17393"}],"curies":[{"name":"wp","href":"https:\/\/api.w.org\/{rel}","templated":true}]}}