{"id":17388,"date":"2023-01-12T16:36:13","date_gmt":"2023-01-12T15:36:13","guid":{"rendered":"https:\/\/wncri.org\/fr\/?p=17388"},"modified":"2023-01-12T16:36:52","modified_gmt":"2023-01-12T15:36:52","slug":"ghazal-pakzad","status":"publish","type":"post","link":"https:\/\/wncri.org\/fr\/2023\/01\/12\/ghazal-pakzad\/","title":{"rendered":"Reyhaneh et Ghazal Pakzad arr\u00eat\u00e9es et emmen\u00e9es dans un lieu inconnu"},"content":{"rendered":"\n<h3 class=\"wp-block-heading\">Reyhaneh et Ghazal Pakzad arr\u00eat\u00e9es et emmen\u00e9es dans un lieu inconnu<\/h3>\n\n\n\n<p>Reyhaneh et Ghazal Pakzad, deux s\u0153urs originaires de Zaboul, ont \u00e9t\u00e9 arr\u00eat\u00e9es les 2 et 3 janvier 2023 et emmen\u00e9es dans un lieu non divulgu\u00e9.<\/p>\n\n\n\n<p>Selon les informations des m\u00e9dias sociaux, le 2 janvier 2023, les forces des renseignements de l&#8217;<a href=\"https:\/\/www.maryam-rajavi.com\/en\/maryam-rajavi-punishment-expulsion-clerical-regime-intelligence-mercenaries-revolutionary-guards\/\" target=\"_blank\" rel=\"noreferrer noopener\">IRGC<\/a> \u00e0 Zahedan ont attaqu\u00e9 le domicile de Mme Ghazal Pakzad et l&#8217;ont arr\u00eat\u00e9e. Ghazal Pakzad est une cr\u00e9atrice de v\u00eatements \u00e2g\u00e9e de 30 ans. Elle a \u00e9t\u00e9 d\u00e9tenue pour activit\u00e9 dans le cyberespace et pour avoir publi\u00e9 des messages de soutien au soul\u00e8vement national du peuple iranien.<\/p>\n\n\n\n<p>Par ailleurs, Reyhaneh Pakzad, r\u00e9sidente de <a href=\"https:\/\/fr.wikipedia.org\/wiki\/Zahedan\" target=\"_blank\" rel=\"noopener\">Zahedan<\/a> et entra\u00eeneuse de natation f\u00e9minine, a \u00e9t\u00e9 arr\u00eat\u00e9e \u00e0 son domicile le 3 janvier 2023 par les forces des renseignements de l&#8217;IRGC et emmen\u00e9e dans un lieu inconnu. Elle est accus\u00e9e d'&#8221;activit\u00e9 de propagande contre l&#8217;\u00c9tat dans le cyberespace&#8221;, et sa page Instagram a \u00e9galement \u00e9t\u00e9 interdite.<\/p>\n\n\n\n<p>La m\u00e8re de Reyhaneh et Ghazal Pakzad a \u00e9t\u00e9 hospitalis\u00e9e en raison d&#8217;un manque d&#8217;informations et d&#8217;inqui\u00e9tudes concernant l&#8217;\u00e9tat de sant\u00e9 de ses filles.<\/p>\n\n\n<div class=\"wp-block-image\">\n<figure class=\"aligncenter size-full\"><img decoding=\"async\" src=\"data:image\/gif;base64,R0lGODlhAQABAIAAAAAAAP\/\/\/yH5BAEAAAAALAAAAAABAAEAAAIBRAA7\" data-src=\"https:\/\/wncri.org\/fr\/wp-content\/uploads\/2023\/01\/Sanaz-Tafazzoli.jpg\" alt=\"Ghazal Pakzad\" class=\"wp-image-17391 lazyload\"\/><noscript><img decoding=\"async\" width=\"750\" height=\"375\" src=\"https:\/\/wncri.org\/fr\/wp-content\/uploads\/2023\/01\/Sanaz-Tafazzoli.jpg\" alt=\"Ghazal Pakzad\" class=\"wp-image-17391 lazyload\" srcset=\"https:\/\/wncri.org\/fr\/wp-content\/uploads\/2023\/01\/Sanaz-Tafazzoli.jpg 750w, https:\/\/wncri.org\/fr\/wp-content\/uploads\/2023\/01\/Sanaz-Tafazzoli-300x150.jpg 300w, https:\/\/wncri.org\/fr\/wp-content\/uploads\/2023\/01\/Sanaz-Tafazzoli-360x180.jpg 360w\" sizes=\"(max-width: 750px) 100vw, 750px\" \/><\/noscript><figcaption class=\"wp-element-caption\">Sanaz Tafazzoli<\/figcaption><\/figure>\n<\/div>\n\n\n<h3 class=\"wp-block-heading\"><strong>Emp\u00eacher la lib\u00e9ration temporaire de Sanaz Tafazzoli<\/strong><\/h3>\n\n\n\n<p>Les responsables de la prison centrale de Machad, \u00e9galement connue sous le nom de Vakilabad, ont emp\u00each\u00e9 la lib\u00e9ration de Mme Sanaz Tafazzoli.<\/p>\n\n\n\n<p>Le d\u00e9partement des renseignements de Machad a arr\u00eat\u00e9 Mme Sanaz Tafazzoli le 22 novembre 2022, et apr\u00e8s 35 jours, elle a \u00e9t\u00e9 transf\u00e9r\u00e9e du d\u00e9partement des renseignements \u00e0 la <a href=\"https:\/\/wncri.org\/fr\/2021\/12\/10\/les-conditions-des-femmes-prisons\/\" target=\"_blank\" rel=\"noreferrer noopener\">prison centrale de Machad.<\/a><\/p>\n\n\n\n<p>Les chefs d&#8217;accusation de Mme Tafazzoli n&#8217;ont pas encore \u00e9t\u00e9 enti\u00e8rement annonc\u00e9s, mais l&#8217;enqu\u00eateur de l&#8217;affaire a mentionn\u00e9 qu&#8217;elle \u00e9tait accus\u00e9e de &#8220;propagande contre l&#8217;\u00c9tat&#8221;.<\/p>\n\n\n\n<p>La branche 903 du tribunal a annonc\u00e9 une lourde caution de dix milliards de tomans pour la lib\u00e9ration temporaire de Sanaz Tafazzoli.<\/p>\n\n\n\n<p>Le mardi 3 janvier 2023, le tribunal a accept\u00e9 la caution de dix milliards de tomans et a ordonn\u00e9 la lib\u00e9ration de Mme Tafazzoli de la prison de Vakilabad \u00e0 Machad. Mais apr\u00e8s que la famille se soit rendue \u00e0 la prison de Vakilabad, les autorit\u00e9s ont refus\u00e9 de la lib\u00e9rer en raison de l&#8217;objection de l&#8217;enqu\u00eateur. Dans le m\u00eame temps, la caution n&#8217;a pas \u00e9t\u00e9 rendue, et le tribunal l&#8217;a confisqu\u00e9e.<\/p>\n\n\n<div class=\"wp-block-image\">\n<figure class=\"aligncenter size-full\"><img decoding=\"async\" src=\"data:image\/gif;base64,R0lGODlhAQABAIAAAAAAAP\/\/\/yH5BAEAAAAALAAAAAABAAEAAAIBRAA7\" data-src=\"https:\/\/wncri.org\/fr\/wp-content\/uploads\/2023\/01\/Faezeh-Abdipour.jpg\" alt=\"Reyhaneh et Ghazal Pakzad arr\u00eat\u00e9es\" class=\"wp-image-17389 lazyload\"\/><noscript><img decoding=\"async\" width=\"750\" height=\"375\" src=\"https:\/\/wncri.org\/fr\/wp-content\/uploads\/2023\/01\/Faezeh-Abdipour.jpg\" alt=\"Reyhaneh et Ghazal Pakzad arr\u00eat\u00e9es\" class=\"wp-image-17389 lazyload\" srcset=\"https:\/\/wncri.org\/fr\/wp-content\/uploads\/2023\/01\/Faezeh-Abdipour.jpg 750w, https:\/\/wncri.org\/fr\/wp-content\/uploads\/2023\/01\/Faezeh-Abdipour-300x150.jpg 300w, https:\/\/wncri.org\/fr\/wp-content\/uploads\/2023\/01\/Faezeh-Abdipour-360x180.jpg 360w\" sizes=\"(max-width: 750px) 100vw, 750px\" \/><\/noscript><figcaption class=\"wp-element-caption\">Faezeh Abdipour<\/figcaption><\/figure>\n<\/div>\n\n\n<h3 class=\"wp-block-heading\"><strong>Faezeh Abdipour condamn\u00e9e \u00e0 7 ans de prison<\/strong><\/h3>\n\n\n\n<p>Le tribunal r\u00e9volutionnaire de Gorgan a condamn\u00e9 la militante \u00e9tudiante Faezeh Abdipour \u00e0 7 ans de prison.<\/p>\n\n\n\n<p>Faezeh Abdipour est originaire de Gachsaran et est dipl\u00f4m\u00e9e de l&#8217;universit\u00e9 Allameh Tabatabai de Mazandaran. Le 22 novembre 2022, les forces de s\u00e9curit\u00e9 l&#8217;ont arr\u00eat\u00e9e et emmen\u00e9e pour interrogatoire.<\/p>\n\n\n\n<p>Faezedh Abdipour a \u00e9t\u00e9 transf\u00e9r\u00e9e \u00e0 la <a href=\"https:\/\/wncri.org\/fr\/2021\/12\/10\/les-conditions-des-femmes-prisons\/\" target=\"_blank\" rel=\"noreferrer noopener\">prison de Gorgan<\/a> apr\u00e8s avoir \u00e9t\u00e9 interrog\u00e9e. Apr\u00e8s 45 jours, elle a \u00e9t\u00e9 lib\u00e9r\u00e9e de la prison d&#8217;Amin Abad \u00e0 Gorgan moyennant une caution de 300 millions de tomans et une garantie de 60 millions de tomans le 5 janvier.<\/p>\n\n\n\n<p>La peine de Mme Abdipour comprend quatre ans d&#8217;emprisonnement pour s\u00e9duction et incitation au meurtre et \u00e0 la guerre contre la s\u00e9curit\u00e9 nationale, un an pour propagande contre l&#8217;\u00c9tat, deux ans pour publication de mensonges, et une amende de deux millions de tomans.<\/p>\n\n\n\n<p>Le mari de Mme Abdipour, Mohammad Sharifi Moghaddam, purge \u00e9galement sa peine en prison.<\/p>\n","protected":false},"excerpt":{"rendered":"<p>Reyhaneh et Ghazal Pakzad arr\u00eat\u00e9es et emmen\u00e9es dans un lieu inconnu Reyhaneh et Ghazal Pakzad, deux s\u0153urs originaires de Zaboul, ont \u00e9t\u00e9 arr\u00eat\u00e9es les 2 et 3 janvier 2023 et emmen\u00e9es dans un lieu non divulgu\u00e9. Selon les informations des m\u00e9dias sociaux, le 2 janvier 2023, les forces des renseignements de l&#8217;IRGC \u00e0 Zahedan ont [&hellip;]<\/p>\n","protected":false},"author":4,"featured_media":17390,"comment_status":"closed","ping_status":"closed","sticky":false,"template":"","format":"standard","meta":{"jnews-multi-image_gallery":[],"jnews_single_post":{"subtitle":"","format":"standard","video":"","gallery":"","source_name":"","source_url":"","via_name":"","via_url":"","override_template":"0","override":[{"template":"7","single_blog_custom":"","parallax":"1","fullscreen":"1","layout":"right-sidebar","sidebar":"default-sidebar","second_sidebar":"default-sidebar","sticky_sidebar":"1","share_position":"floatbottom","share_float_style":"share-normal","show_share_counter":"1","show_view_counter":"1","show_featured":"1","show_post_meta":"1","show_post_author":"0","show_post_author_image":"1","show_post_date":"1","post_date_format":"default","post_date_format_custom":"Y\/m\/d","show_post_category":"1","show_post_reading_time":"0","post_reading_time_wpm":"300","show_zoom_button":"0","zoom_button_out_step":"2","zoom_button_in_step":"3","show_post_tag":"1","show_prev_next_post":"0","show_popup_post":"1","number_popup_post":"1","show_author_box":"0","show_post_related":"1","show_inline_post_related":"0"}],"override_image_size":"0","image_override":[{"single_post_thumbnail_size":"crop-500","single_post_gallery_size":"crop-500"}],"trending_post":"0","trending_post_position":"meta","trending_post_label":"Trending","sponsored_post":"0","sponsored_post_label":"Sponsored by","sponsored_post_name":"","sponsored_post_url":"","sponsored_post_logo_enable":"0","sponsored_post_logo":"","sponsored_post_desc":"","disable_ad":"0"},"jnews_primary_category":{"id":"","hide":""},"jnews_social_meta":{"fb_title":"","fb_description":"","fb_image":"","twitter_title":"","twitter_description":"","twitter_image":""},"jnews_override_counter":{"override_view_counter":"0","view_counter_number":"0","override_share_counter":"0","share_counter_number":"0","override_like_counter":"0","like_counter_number":"0","override_dislike_counter":"0","dislike_counter_number":"0"},"footnotes":""},"categories":[3],"tags":[369,370,376],"class_list":["post-17388","post","type-post","status-publish","format-standard","has-post-thumbnail","hentry","category-infos-des-femmes","tag-manifestations","tag-prisonnieres","tag-violence-contre-les-femmes"],"_links":{"self":[{"href":"https:\/\/wncri.org\/fr\/wp-json\/wp\/v2\/posts\/17388","targetHints":{"allow":["GET"]}}],"collection":[{"href":"https:\/\/wncri.org\/fr\/wp-json\/wp\/v2\/posts"}],"about":[{"href":"https:\/\/wncri.org\/fr\/wp-json\/wp\/v2\/types\/post"}],"author":[{"embeddable":true,"href":"https:\/\/wncri.org\/fr\/wp-json\/wp\/v2\/users\/4"}],"replies":[{"embeddable":true,"href":"https:\/\/wncri.org\/fr\/wp-json\/wp\/v2\/comments?post=17388"}],"version-history":[{"count":1,"href":"https:\/\/wncri.org\/fr\/wp-json\/wp\/v2\/posts\/17388\/revisions"}],"predecessor-version":[{"id":17392,"href":"https:\/\/wncri.org\/fr\/wp-json\/wp\/v2\/posts\/17388\/revisions\/17392"}],"wp:featuredmedia":[{"embeddable":true,"href":"https:\/\/wncri.org\/fr\/wp-json\/wp\/v2\/media\/17390"}],"wp:attachment":[{"href":"https:\/\/wncri.org\/fr\/wp-json\/wp\/v2\/media?parent=17388"}],"wp:term":[{"taxonomy":"category","embeddable":true,"href":"https:\/\/wncri.org\/fr\/wp-json\/wp\/v2\/categories?post=17388"},{"taxonomy":"post_tag","embeddable":true,"href":"https:\/\/wncri.org\/fr\/wp-json\/wp\/v2\/tags?post=17388"}],"curies":[{"name":"wp","href":"https:\/\/api.w.org\/{rel}","templated":true}]}}