{"id":17371,"date":"2023-01-11T15:58:40","date_gmt":"2023-01-11T14:58:40","guid":{"rendered":"https:\/\/wncri.org\/fr\/?p=17371"},"modified":"2023-01-21T12:18:17","modified_gmt":"2023-01-21T11:18:17","slug":"15-jeunes-femmes","status":"publish","type":"post","link":"https:\/\/wncri.org\/fr\/2023\/01\/11\/15-jeunes-femmes\/","title":{"rendered":"Apprendre \u00e0 conna\u00eetre les 15 jeunes femmes qui font une gr\u00e8ve de la faim"},"content":{"rendered":"\n<h3 class=\"wp-block-heading\">Apprendre \u00e0 conna\u00eetre les 15 jeunes femmes qui font une gr\u00e8ve de la faim<\/h3>\n\n\n\n<p>Le lundi 9 janvier, 15 jeunes femmes d\u00e9tenues \u00e0 la prison de Fardis (Kachouii) \u00e0 Karaj ont entam\u00e9 une gr\u00e8ve de la faim s\u00e8che. Les 15 jeunes femmes protestent contre la prolongation de leur d\u00e9tention, leur statut ind\u00e9cis, l&#8217;absence d&#8217;examen de leur cas et le manque de soins m\u00e9dicaux. Mais m\u00eame ainsi, elles ont \u00e9t\u00e9 priv\u00e9es du droit d&#8217;appeler et de rendre visite \u00e0 leur famille.<\/p>\n\n\n\n<p>Selon les informations des m\u00e9dias sociaux, ces manifestantes d\u00e9tenues ont protest\u00e9 contre les conditions insalubres de la prison mais ont \u00e9t\u00e9 brutalis\u00e9es et battues. Elles ont donc entam\u00e9 une gr\u00e8ve de la faim s\u00e8che le 2 janvier 2023.<\/p>\n\n\n\n<p>Il convient de noter que le juge qui pr\u00e9side leur affaire est Asef Al-Hosseini, le m\u00eame homme qui a \u00e9mis des d\u00e9crets de mort pour des dizaines de manifestants, dont Mohammad Mehdi Karami, 22 ans, et Seyed Mohammad Hosseini, 39 ans, qui ont \u00e9t\u00e9 ex\u00e9cut\u00e9s t\u00f4t le matin du samedi 7 janvier.<\/p>\n\n\n\n<p>Les familles des 15 jeunes femmes qui avaient organis\u00e9 un rassemblement \u00e0 l&#8217;ext\u00e9rieur de la prison ont \u00e9t\u00e9 arr\u00eat\u00e9es le dimanche 8 janvier, puis rel\u00e2ch\u00e9es apr\u00e8s plusieurs heures.<\/p>\n\n\n\n<p>Chacune des 15 jeunes femmes en gr\u00e8ve de la faim a une histoire qui lui est propre et qui nous aide \u00e0 en apprendre davantage sur le v\u00e9ritable caract\u00e8re des courageuses h\u00e9ro\u00efnes iraniennes qui ont men\u00e9 le soul\u00e8vement et la r\u00e9volution en Iran.<\/p>\n\n\n<div class=\"wp-block-image\">\n<figure class=\"aligncenter size-full\"><img decoding=\"async\" src=\"data:image\/gif;base64,R0lGODlhAQABAIAAAAAAAP\/\/\/yH5BAEAAAAALAAAAAABAAEAAAIBRAA7\" data-src=\"https:\/\/wncri.org\/fr\/wp-content\/uploads\/2023\/01\/Armita-Abbasi-min-2.jpg\" alt=\"Apprendre \u00e0 conna\u00eetre les 15 jeunes femmes\" class=\"wp-image-17374 lazyload\"\/><noscript><img decoding=\"async\" width=\"750\" height=\"375\" src=\"https:\/\/wncri.org\/fr\/wp-content\/uploads\/2023\/01\/Armita-Abbasi-min-2.jpg\" alt=\"Apprendre \u00e0 conna\u00eetre les 15 jeunes femmes\" class=\"wp-image-17374 lazyload\" srcset=\"https:\/\/wncri.org\/fr\/wp-content\/uploads\/2023\/01\/Armita-Abbasi-min-2.jpg 750w, https:\/\/wncri.org\/fr\/wp-content\/uploads\/2023\/01\/Armita-Abbasi-min-2-300x150.jpg 300w, https:\/\/wncri.org\/fr\/wp-content\/uploads\/2023\/01\/Armita-Abbasi-min-2-360x180.jpg 360w\" sizes=\"(max-width: 750px) 100vw, 750px\" \/><\/noscript><figcaption class=\"wp-element-caption\">Armita Abbasi <\/figcaption><\/figure>\n<\/div>\n\n\n<h3 class=\"wp-block-heading\"><strong>Armita Abbasi<\/strong><\/h3>\n\n\n\n<p>La plus c\u00e9l\u00e8bre de ces d\u00e9tenues est <a href=\"https:\/\/wncri.org\/fr\/2023\/01\/06\/armita-abbasi\/\" target=\"_blank\" rel=\"noreferrer noopener\">Armita Abbasi<\/a>, 21 ans, dont l&#8217;histoire d&#8217;abus sexuels et de viols collectifs a boulevers\u00e9 tout \u00eatre humain consciencieux. Nous ne r\u00e9p\u00e9terons pas cette trag\u00e9die am\u00e8re. Mais imaginez combien une jeune femme peut \u00eatre r\u00e9sistante et robuste et combien elle est lib\u00e9r\u00e9e des cha\u00eenes des tabous des si\u00e8cles pour oser d\u00e9fendre ses droits en faisant une gr\u00e8ve de la faim apr\u00e8s avoir travers\u00e9 une telle \u00e9preuve. Elle est un mod\u00e8le de pers\u00e9v\u00e9rance.<\/p>\n\n\n\n<p>Les parents d&#8217;Armita Abbasi font partie des familles qui se sont rassembl\u00e9es devant la prison de Kachouii, pour r\u00e9clamer la libert\u00e9 de leurs proches. Les parents d&#8217;Armita ont d\u00e9clar\u00e9 que la tension art\u00e9rielle d&#8217;Armita avait baiss\u00e9.<\/p>\n\n\n\n<p>Un message de la m\u00e8re d&#8217;Armita r\u00e9v\u00e8le les pressions exerc\u00e9es par le r\u00e9gime sur les familles des manifestants d\u00e9tenus. S&#8217;adressant aux responsables judiciaires de la province de Karaj et d&#8217;Alborz, elle \u00e9crit : &#8221; Je suis venue en personne mais personne n&#8217;\u00e9tait disponible. J&#8217;ai pos\u00e9 des questions et je n&#8217;ai re\u00e7u aucune r\u00e9ponse claire. J&#8217;ai engag\u00e9 un avocat, mais vous n&#8217;avez pas accept\u00e9. Je n&#8217;ai parl\u00e9 \u00e0 aucun m\u00e9dia pour que vous ne puissiez pas dire que j&#8217;ai enfreint les lois. Aujourd&#8217;hui, apr\u00e8s 82 jours, j&#8217;ai d\u00e9cid\u00e9 d&#8217;\u00e9crire ma demande de cette mani\u00e8re, puisse-t-elle vous parvenir&#8230; avant qu&#8217;il ne soit trop tard !&#8221;<\/p>\n\n\n<div class=\"wp-block-image\">\n<figure class=\"aligncenter size-full\"><img decoding=\"async\" src=\"data:image\/gif;base64,R0lGODlhAQABAIAAAAAAAP\/\/\/yH5BAEAAAAALAAAAAABAAEAAAIBRAA7\" data-src=\"https:\/\/wncri.org\/fr\/wp-content\/uploads\/2023\/01\/Elham-Modarresi-min-1.jpg\" alt=\"15 jeunes femmes\" class=\"wp-image-17375 lazyload\"\/><noscript><img decoding=\"async\" width=\"750\" height=\"375\" src=\"https:\/\/wncri.org\/fr\/wp-content\/uploads\/2023\/01\/Elham-Modarresi-min-1.jpg\" alt=\"15 jeunes femmes\" class=\"wp-image-17375 lazyload\" srcset=\"https:\/\/wncri.org\/fr\/wp-content\/uploads\/2023\/01\/Elham-Modarresi-min-1.jpg 750w, https:\/\/wncri.org\/fr\/wp-content\/uploads\/2023\/01\/Elham-Modarresi-min-1-300x150.jpg 300w, https:\/\/wncri.org\/fr\/wp-content\/uploads\/2023\/01\/Elham-Modarresi-min-1-360x180.jpg 360w\" sizes=\"(max-width: 750px) 100vw, 750px\" \/><\/noscript><figcaption class=\"wp-element-caption\">Elham Modarresi<\/figcaption><\/figure>\n<\/div>\n\n\n<h3 class=\"wp-block-heading\"><strong>Elham<\/strong> <strong>Modarresi<\/strong><\/h3>\n\n\n\n<p>Une autre gr\u00e9viste de la faim est <a href=\"https:\/\/wncri.org\/fr\/2022\/12\/21\/elham-modarresi\/\" target=\"_blank\" rel=\"noreferrer noopener\">Elham Modarresi<\/a>, 32 ans. Elle est peintre \u00e0 Sanandaj et s&#8217;est occup\u00e9e de sa m\u00e8re et de son fr\u00e8re malade. Les informations indiquent qu&#8217;Elham a \u00e9t\u00e9 soumise \u00e0 de graves tortures et abus psychologiques en prison et a \u00e9t\u00e9 interrog\u00e9e les yeux band\u00e9s pendant de longues heures. Ils lui ont dit que son fr\u00e8re malade se trouvait dans la pi\u00e8ce voisine et que si elle n&#8217;avouait pas, ils le tueraient.<\/p>\n\n\n\n<p>Elham Modarresi a \u00e9t\u00e9 arr\u00eat\u00e9e le 2 novembre \u00e0 son domicile de Fardis, \u00e0 Karaj, et transf\u00e9r\u00e9e \u00e0 <a href=\"https:\/\/wncri.org\/fr\/2021\/12\/10\/les-conditions-des-femmes-prisons\/\" target=\"_blank\" rel=\"noreferrer noopener\">la prison de Kachouii<\/a>. Pendant sa d\u00e9tention, elle s&#8217;est vu refuser l&#8217;acc\u00e8s \u00e0 un avocat. Elle souffre d&#8217;une maladie g\u00e9n\u00e9tique du foie et des intestins qui peut entra\u00eener la mort sous la pression.<\/p>\n\n\n\n<p>Elle souffre d&#8217;une grave chute de tension et d&#8217;un engourdissement du corps, mais les interrogateurs lui ont dit qu&#8217;ils ne l&#8217;enverraient \u00e0 l&#8217;h\u00f4pital que si elle coop\u00e9rait avec eux et admettait qu&#8217;elle \u00e9tait la meneuse des manifestations.<\/p>\n\n\n\n<p>Des r\u00e9centes informations indiquent qu&#8217;Elham Modarresi a \u00e9t\u00e9 s\u00e9v\u00e8rement battue pour mettre fin \u00e0 sa gr\u00e8ve de la faim.<\/p>\n\n\n<div class=\"wp-block-image\">\n<figure class=\"aligncenter size-full\"><img decoding=\"async\" src=\"data:image\/gif;base64,R0lGODlhAQABAIAAAAAAAP\/\/\/yH5BAEAAAAALAAAAAABAAEAAAIBRAA7\" data-src=\"https:\/\/wncri.org\/fr\/wp-content\/uploads\/2023\/01\/Hamideh-Zeraii-min.jpg\" alt=\"15 jeunes femmes qui font une gr\u00e8ve de la faim \" class=\"wp-image-17380 lazyload\"\/><noscript><img decoding=\"async\" width=\"750\" height=\"375\" src=\"https:\/\/wncri.org\/fr\/wp-content\/uploads\/2023\/01\/Hamideh-Zeraii-min.jpg\" alt=\"15 jeunes femmes qui font une gr\u00e8ve de la faim \" class=\"wp-image-17380 lazyload\" srcset=\"https:\/\/wncri.org\/fr\/wp-content\/uploads\/2023\/01\/Hamideh-Zeraii-min.jpg 750w, https:\/\/wncri.org\/fr\/wp-content\/uploads\/2023\/01\/Hamideh-Zeraii-min-300x150.jpg 300w, https:\/\/wncri.org\/fr\/wp-content\/uploads\/2023\/01\/Hamideh-Zeraii-min-360x180.jpg 360w\" sizes=\"(max-width: 750px) 100vw, 750px\" \/><\/noscript><figcaption class=\"wp-element-caption\">Hamideh Zeraii<\/figcaption><\/figure>\n<\/div>\n\n\n<h3 class=\"wp-block-heading\"><strong>Hamideh Zeraii<\/strong><\/h3>\n\n\n\n<p>Hamideh Zeraii, 37 ans, originaire de Racht, est une autre des 15 jeunes femmes qui ont entam\u00e9 une gr\u00e8ve de la faim malgr\u00e9 leur an\u00e9mie.<\/p>\n\n\n\n<p>Elle \u00e9tait \u00e9tudiante en ma\u00eetrise \u00e0 l&#8217;Universit\u00e9 Azad de T\u00e9h\u00e9ran, branche recherche et sciences. Elle a \u00e9t\u00e9 arr\u00eat\u00e9e le 3 novembre, lors de la comm\u00e9moration des 40 jours de Hadis Najafi \u00e0 Karaj, et est actuellement incarc\u00e9r\u00e9e \u00e0 la <a href=\"https:\/\/wncri.org\/fr\/2021\/12\/10\/les-conditions-des-femmes-prisons\/\" target=\"_blank\" rel=\"noreferrer noopener\">prison de Kachouii.<\/a><\/p>\n\n\n\n<p>Hamideh Zeraii et d&#8217;autres femmes arr\u00eat\u00e9es ont eu les yeux band\u00e9s et ont \u00e9t\u00e9 battues pendant 15 heures.<\/p>\n\n\n\n<p>Comme la plupart des prisonniers, elle s&#8217;est vu refuser le droit de b\u00e9n\u00e9ficier des services d&#8217;un avocat. Son proc\u00e8s s&#8217;est tenu le 29 d\u00e9cembre 2022, dans la branche 1 du tribunal r\u00e9volutionnaire de T\u00e9h\u00e9ran. De fausses accusations telles que meurtre de masse et blocage de la rue ont \u00e9t\u00e9 port\u00e9es contre elle.<\/p>\n\n\n<div class=\"wp-block-image\">\n<figure class=\"aligncenter size-full\"><img decoding=\"async\" src=\"data:image\/gif;base64,R0lGODlhAQABAIAAAAAAAP\/\/\/yH5BAEAAAAALAAAAAABAAEAAAIBRAA7\" data-src=\"https:\/\/wncri.org\/fr\/wp-content\/uploads\/2023\/01\/Fatemeh-Nazari-Nejad-min.jpg\" alt=\"Apprendre \u00e0 conna\u00eetre les 15 jeunes femmes qui font\" class=\"wp-image-17379 lazyload\"\/><noscript><img decoding=\"async\" width=\"750\" height=\"375\" src=\"https:\/\/wncri.org\/fr\/wp-content\/uploads\/2023\/01\/Fatemeh-Nazari-Nejad-min.jpg\" alt=\"Apprendre \u00e0 conna\u00eetre les 15 jeunes femmes qui font\" class=\"wp-image-17379 lazyload\" srcset=\"https:\/\/wncri.org\/fr\/wp-content\/uploads\/2023\/01\/Fatemeh-Nazari-Nejad-min.jpg 750w, https:\/\/wncri.org\/fr\/wp-content\/uploads\/2023\/01\/Fatemeh-Nazari-Nejad-min-300x150.jpg 300w, https:\/\/wncri.org\/fr\/wp-content\/uploads\/2023\/01\/Fatemeh-Nazari-Nejad-min-360x180.jpg 360w\" sizes=\"(max-width: 750px) 100vw, 750px\" \/><\/noscript><figcaption class=\"wp-element-caption\">Fatemeh Nazari-Nejad<\/figcaption><\/figure>\n<\/div>\n\n\n<h3 class=\"wp-block-heading\"><strong>Fatemeh Nazari-Nejad<\/strong><\/h3>\n\n\n\n<p>Fatemeh Nazari-Nejad, 39 ans, originaire de Karaj, a \u00e9t\u00e9 arr\u00eat\u00e9e pendant les 40 jours de comm\u00e9moration de Hadis Najafi, le 3 novembre 2022, et emmen\u00e9e \u00e0 la prison de Kachouii. Pendant sa d\u00e9tention, elle a d\u00e9velopp\u00e9 des maladies digestives et n&#8217;est pas en bon \u00e9tat, ce qui inqui\u00e8te sa famille.<\/p>\n\n\n<div class=\"wp-block-image\">\n<figure class=\"aligncenter size-full\"><img decoding=\"async\" src=\"data:image\/gif;base64,R0lGODlhAQABAIAAAAAAAP\/\/\/yH5BAEAAAAALAAAAAABAAEAAAIBRAA7\" data-src=\"https:\/\/wncri.org\/fr\/wp-content\/uploads\/2023\/01\/Niloufar-Shakeri-min.jpg\" alt=\"Apprendre \u00e0 conna\u00eetre les 15 jeunes femmes qui font une gr\u00e8ve de la faim \" class=\"wp-image-17384 lazyload\"\/><noscript><img decoding=\"async\" width=\"750\" height=\"375\" src=\"https:\/\/wncri.org\/fr\/wp-content\/uploads\/2023\/01\/Niloufar-Shakeri-min.jpg\" alt=\"Apprendre \u00e0 conna\u00eetre les 15 jeunes femmes qui font une gr\u00e8ve de la faim \" class=\"wp-image-17384 lazyload\" srcset=\"https:\/\/wncri.org\/fr\/wp-content\/uploads\/2023\/01\/Niloufar-Shakeri-min.jpg 750w, https:\/\/wncri.org\/fr\/wp-content\/uploads\/2023\/01\/Niloufar-Shakeri-min-300x150.jpg 300w, https:\/\/wncri.org\/fr\/wp-content\/uploads\/2023\/01\/Niloufar-Shakeri-min-360x180.jpg 360w\" sizes=\"(max-width: 750px) 100vw, 750px\" \/><\/noscript><figcaption class=\"wp-element-caption\">Niloufar Shakeri<\/figcaption><\/figure>\n<\/div>\n\n\n<h3 class=\"wp-block-heading\"><strong>Niloufar Shakeri<\/strong><\/h3>\n\n\n\n<p>Niloufar Shakeri, 29 ans, a \u00e9t\u00e9 enlev\u00e9e \u00e0 son domicile de Gohardacht, \u00e0 Karaj, \u00e0 22 heures, le 11 octobre 2022. Elle a \u00e9t\u00e9 interrog\u00e9e et d\u00e9tenue jusqu&#8217;au 24 d\u00e9cembre. Elle a ensuite \u00e9t\u00e9 transf\u00e9r\u00e9e \u00e0 la prison de Kachouii. Niloufar souffre d&#8217;an\u00e9mie et a un \u00e9tat physique grave. Elle doit \u00eatre soign\u00e9e pour une h\u00e9morragie intestinale.<\/p>\n\n\n\n<p>La d\u00e9tention de Niloufar Shakeri \u00e9tait pr\u00e9vue pour 30 jours, mais elle est en prison depuis deux mois, et ils ne la lib\u00e8rent pas. Selon la m\u00e8re de Niloufar, de graves accusations ont \u00e9t\u00e9 port\u00e9es contre elle, et son proc\u00e8s a eu lieu le 5 janvier.<\/p>\n\n\n<div class=\"wp-block-image\">\n<figure class=\"aligncenter size-full\"><img decoding=\"async\" src=\"data:image\/gif;base64,R0lGODlhAQABAIAAAAAAAP\/\/\/yH5BAEAAAAALAAAAAABAAEAAAIBRAA7\" data-src=\"https:\/\/wncri.org\/fr\/wp-content\/uploads\/2023\/01\/Afsaneh-Kardouni-min.jpg\" alt=\"Niloufar Kardouni\" class=\"wp-image-17373 lazyload\"\/><noscript><img decoding=\"async\" width=\"750\" height=\"375\" src=\"https:\/\/wncri.org\/fr\/wp-content\/uploads\/2023\/01\/Afsaneh-Kardouni-min.jpg\" alt=\"Niloufar Kardouni\" class=\"wp-image-17373 lazyload\" srcset=\"https:\/\/wncri.org\/fr\/wp-content\/uploads\/2023\/01\/Afsaneh-Kardouni-min.jpg 750w, https:\/\/wncri.org\/fr\/wp-content\/uploads\/2023\/01\/Afsaneh-Kardouni-min-300x150.jpg 300w, https:\/\/wncri.org\/fr\/wp-content\/uploads\/2023\/01\/Afsaneh-Kardouni-min-360x180.jpg 360w\" sizes=\"(max-width: 750px) 100vw, 750px\" \/><\/noscript><figcaption class=\"wp-element-caption\">Niloufar Kardouni<\/figcaption><\/figure>\n<\/div>\n\n\n<h3 class=\"wp-block-heading\"><strong>Niloufar Kardouni<\/strong><\/h3>\n\n\n\n<p>Niloufar Kardouni, 26 ans, originaire de Karaj, a \u00e9t\u00e9 arr\u00eat\u00e9e \u00e0 Karaj le 18 septembre 2022. Elle est m\u00e8re d&#8217;une petite fille. Elle a \u00e9t\u00e9 condamn\u00e9e \u00e0 cinq ans de prison lors d&#8217;un proc\u00e8s en ligne.<\/p>\n\n\n<div class=\"wp-block-image\">\n<figure class=\"aligncenter size-full\"><img decoding=\"async\" src=\"data:image\/gif;base64,R0lGODlhAQABAIAAAAAAAP\/\/\/yH5BAEAAAAALAAAAAABAAEAAAIBRAA7\" data-src=\"https:\/\/wncri.org\/fr\/wp-content\/uploads\/2023\/01\/Fatemeh-Jamalpour-min.jpg\" alt=\"Fatemeh (Forough) Jamalpour\" class=\"wp-image-17378 lazyload\"\/><noscript><img decoding=\"async\" width=\"750\" height=\"375\" src=\"https:\/\/wncri.org\/fr\/wp-content\/uploads\/2023\/01\/Fatemeh-Jamalpour-min.jpg\" alt=\"Fatemeh (Forough) Jamalpour\" class=\"wp-image-17378 lazyload\" srcset=\"https:\/\/wncri.org\/fr\/wp-content\/uploads\/2023\/01\/Fatemeh-Jamalpour-min.jpg 750w, https:\/\/wncri.org\/fr\/wp-content\/uploads\/2023\/01\/Fatemeh-Jamalpour-min-300x150.jpg 300w, https:\/\/wncri.org\/fr\/wp-content\/uploads\/2023\/01\/Fatemeh-Jamalpour-min-360x180.jpg 360w\" sizes=\"(max-width: 750px) 100vw, 750px\" \/><\/noscript><figcaption class=\"wp-element-caption\">Fatemeh (Forough) Jamalpour<\/figcaption><\/figure>\n<\/div>\n\n\n<h3 class=\"wp-block-heading\"><strong>Fatemeh (Forough) Jamalpour<\/strong><\/h3>\n\n\n\n<p>Fatemeh (Forough) Jamalpour, 37 ans, est une m\u00e8re c\u00e9libataire et l&#8217;unique tutrice de deux enfants. Elle a \u00e9t\u00e9 violemment arr\u00eat\u00e9e \u00e0 Gohardacht, Karaj, le 26 octobre, lors des manifestations li\u00e9es aux 40 jours de comm\u00e9moration de <a href=\"https:\/\/wncri.org\/fr\/2022\/09\/19\/la-mort-de-mahsa-amini\/\" target=\"_blank\" rel=\"noreferrer noopener\">Mahsa Amini.<\/a> Elle est incarc\u00e9r\u00e9e dans le quartier 4 de la section des femmes de <a href=\"https:\/\/wncri.org\/fr\/2021\/12\/10\/les-conditions-des-femmes-prisons\/\" target=\"_blank\" rel=\"noreferrer noopener\">la prison de Kachouii.<\/a><\/p>\n\n\n\n<p>Elle a \u00e9t\u00e9 condamn\u00e9e \u00e0 cinq ans de prison et deux ans de bannissement par un tribunal en ligne de la branche 1 du tribunal r\u00e9volutionnaire de Karaj pour avoir &#8220;dirig\u00e9 les manifestations&#8221;. Sa famille n&#8217;a pas encore \u00e9t\u00e9 inform\u00e9e des charges qui p\u00e8sent sur elle.<\/p>\n\n\n<div class=\"wp-block-image\">\n<figure class=\"aligncenter size-full\"><img decoding=\"async\" src=\"data:image\/gif;base64,R0lGODlhAQABAIAAAAAAAP\/\/\/yH5BAEAAAAALAAAAAABAAEAAAIBRAA7\" data-src=\"https:\/\/wncri.org\/fr\/wp-content\/uploads\/2023\/01\/Fatemeh-Harbi-and-her-two-children-min.jpg\" alt=\"Fatemeh Harbi\" class=\"wp-image-17377 lazyload\"\/><noscript><img decoding=\"async\" width=\"750\" height=\"375\" src=\"https:\/\/wncri.org\/fr\/wp-content\/uploads\/2023\/01\/Fatemeh-Harbi-and-her-two-children-min.jpg\" alt=\"Fatemeh Harbi\" class=\"wp-image-17377 lazyload\" srcset=\"https:\/\/wncri.org\/fr\/wp-content\/uploads\/2023\/01\/Fatemeh-Harbi-and-her-two-children-min.jpg 750w, https:\/\/wncri.org\/fr\/wp-content\/uploads\/2023\/01\/Fatemeh-Harbi-and-her-two-children-min-300x150.jpg 300w, https:\/\/wncri.org\/fr\/wp-content\/uploads\/2023\/01\/Fatemeh-Harbi-and-her-two-children-min-360x180.jpg 360w\" sizes=\"(max-width: 750px) 100vw, 750px\" \/><\/noscript><figcaption class=\"wp-element-caption\">Fatemeh Harbi<\/figcaption><\/figure>\n<\/div>\n\n\n<h3 class=\"wp-block-heading\"><strong>Fatemeh Harbi<\/strong><\/h3>\n\n\n\n<p>Fatemeh Harbi, \u00e2g\u00e9e de 38 ans, est la m\u00e8re d&#8217;une adolescente et d&#8217;un enfant malade de 8 ans. Fatemeh Harbi a \u00e9t\u00e9 arr\u00eat\u00e9e le 17 octobre pour avoir retir\u00e9 son foulard sur son lieu de travail \u00e0 Gohardacht, \u00e0 Karaj. Elle a \u00e9t\u00e9 jug\u00e9e par Asef Al-Hosseini et condamn\u00e9e \u00e0 5 ans d&#8217;emprisonnement et \u00e0 deux ans de bannissement parce que son ch\u00e2le \u00e9tait tomb\u00e9 et que ses cheveux roux \u00e9taient visibles. Initialement, une caution d&#8217;un milliard de tomans avait \u00e9t\u00e9 fix\u00e9e pour Fatemeh Harbi mais elle a \u00e9t\u00e9 rejet\u00e9e.<\/p>\n\n\n\n<p>Lors du dernier appel avec sa famille, elle a d\u00e9clar\u00e9 que pendant les trois mois qu&#8217;elle a pass\u00e9s dans le quartier de quarantaine de la prison de Kachouii, elles n&#8217;ont pas \u00e9t\u00e9 incluses dans les statistiques de la prison. Il n&#8217;y a qu&#8217;une seule toilette pour 30 \u00e0 40 femmes dans le quartier de quarantaine, et toutes les prisonni\u00e8res ont des infections intestinales. Le m\u00e9decin de la prison a \u00e9tabli un diagnostic mais n&#8217;a donn\u00e9 de m\u00e9dicaments \u00e0 aucune d&#8217;entre elles. Les autorit\u00e9s ne se sont pas occup\u00e9es de l&#8217;\u00e9tat sanitaire de la salle. Leurs cas et leurs objections sont ignor\u00e9s. Elles ont \u00e9t\u00e9 battues \u00e0 plusieurs reprises pour avoir protest\u00e9 contre les conditions de d\u00e9tention.<\/p>\n\n\n<div class=\"wp-block-image\">\n<figure class=\"aligncenter size-full\"><img decoding=\"async\" src=\"data:image\/gif;base64,R0lGODlhAQABAIAAAAAAAP\/\/\/yH5BAEAAAAALAAAAAABAAEAAAIBRAA7\" data-src=\"https:\/\/wncri.org\/fr\/wp-content\/uploads\/2023\/01\/Jasmine-Haj-Mirza-Mohammadi-min.jpg\" alt=\"Jasmine Haj Mirza Mohammadi\" class=\"wp-image-17381 lazyload\"\/><noscript><img decoding=\"async\" width=\"750\" height=\"375\" src=\"https:\/\/wncri.org\/fr\/wp-content\/uploads\/2023\/01\/Jasmine-Haj-Mirza-Mohammadi-min.jpg\" alt=\"Jasmine Haj Mirza Mohammadi\" class=\"wp-image-17381 lazyload\" srcset=\"https:\/\/wncri.org\/fr\/wp-content\/uploads\/2023\/01\/Jasmine-Haj-Mirza-Mohammadi-min.jpg 750w, https:\/\/wncri.org\/fr\/wp-content\/uploads\/2023\/01\/Jasmine-Haj-Mirza-Mohammadi-min-300x150.jpg 300w, https:\/\/wncri.org\/fr\/wp-content\/uploads\/2023\/01\/Jasmine-Haj-Mirza-Mohammadi-min-360x180.jpg 360w\" sizes=\"(max-width: 750px) 100vw, 750px\" \/><\/noscript><figcaption class=\"wp-element-caption\">Jasmine Haj Mirza Mohammadi<\/figcaption><\/figure>\n<\/div>\n\n\n<h3 class=\"wp-block-heading\"><strong>Jasmine Haj Mirza Mohammadi<\/strong><\/h3>\n\n\n\n<p>Jasmine Haj Mirza Mohammadi, 25 ans, est \u00e9tudiante \u00e0 l&#8217;universit\u00e9 Soura de T\u00e9h\u00e9ran et institutrice. Elle a \u00e9t\u00e9 enlev\u00e9e lors de la comm\u00e9moration des 40 jours de Hadis Najafi au cimeti\u00e8re de Behechte Sakineh \u00e0 Karaj le 3 novembre. Elle a subi les pressions de Falahati \u00e0 la prison de Kachouii Karaj jusqu&#8217;au 10 d\u00e9cembre pour obtenir d&#8217;elle des aveux forc\u00e9s, mais elle n&#8217;a pas c\u00e9d\u00e9. Jasmine n&#8217;a pas \u00e9t\u00e9 autoris\u00e9e \u00e0 prendre un avocat. L&#8217;enqu\u00eateur de l&#8217;affaire a \u00e9crit tout ce que Jasmine n&#8217;avait pas accept\u00e9 et l&#8217;a remis au tribunal r\u00e9volutionnaire de Karaj et au juge Asef Al-Hosseini.<\/p>\n\n\n\n<p>Dans un tribunal en ligne, Jasmine Haj Mirza Mohammadi a \u00e9t\u00e9 condamn\u00e9e \u00e0 5 ans de prison pour &#8220;collusion avec l&#8217;intention de commettre des crimes contre la s\u00e9curit\u00e9 int\u00e9rieure&#8221; et &#8220;propagande contre l&#8217;\u00c9tat en criant des slogans.&#8221; Dans le m\u00eame verdict, Jasmine a \u00e9t\u00e9 priv\u00e9e de tout enseignement pendant deux ans.<\/p>\n\n\n<div class=\"wp-block-image\">\n<figure class=\"aligncenter size-full\"><img decoding=\"async\" src=\"data:image\/gif;base64,R0lGODlhAQABAIAAAAAAAP\/\/\/yH5BAEAAAAALAAAAAABAAEAAAIBRAA7\" data-src=\"https:\/\/wncri.org\/fr\/wp-content\/uploads\/2023\/01\/Marzieh-Mir-Ghassemi-min.jpg\" alt=\"Marzieh Mir-Ghasemi\" class=\"wp-image-17383 lazyload\"\/><noscript><img decoding=\"async\" width=\"750\" height=\"375\" src=\"https:\/\/wncri.org\/fr\/wp-content\/uploads\/2023\/01\/Marzieh-Mir-Ghassemi-min.jpg\" alt=\"Marzieh Mir-Ghasemi\" class=\"wp-image-17383 lazyload\" srcset=\"https:\/\/wncri.org\/fr\/wp-content\/uploads\/2023\/01\/Marzieh-Mir-Ghassemi-min.jpg 750w, https:\/\/wncri.org\/fr\/wp-content\/uploads\/2023\/01\/Marzieh-Mir-Ghassemi-min-300x150.jpg 300w, https:\/\/wncri.org\/fr\/wp-content\/uploads\/2023\/01\/Marzieh-Mir-Ghassemi-min-360x180.jpg 360w\" sizes=\"(max-width: 750px) 100vw, 750px\" \/><\/noscript><figcaption class=\"wp-element-caption\">Marzieh Mir-Ghasemi<\/figcaption><\/figure>\n<\/div>\n\n\n<h3 class=\"wp-block-heading\"><strong>Marzieh Mir-Ghasemi<\/strong><\/h3>\n\n\n\n<p>Marzieh Mir-Ghasemi, 29 ans, s&#8217;est occup\u00e9e de sa m\u00e8re malade, qui souffre de diab\u00e8te.<\/p>\n\n\n\n<p>Elle a \u00e9t\u00e9 enlev\u00e9e de son domicile \u00e0 Karaj le 28 septembre lors d&#8217;une descente nocturne d&#8217;agents en civil (une femme et cinq hommes). La famille de Marzieh l&#8217;a cherch\u00e9e pendant deux mois sans savoir o\u00f9 elle se trouvait, sans recevoir de r\u00e9ponse des tribunaux et des bureaux du procureur.<\/p>\n\n\n\n<p>Marzieh a \u00e9t\u00e9 forc\u00e9e sous la torture \u00e0 faire des aveux contre elle-m\u00eame, et la sentence prononc\u00e9e \u00e0 son encontre par un tribunal ferm\u00e9 et en ligne est bas\u00e9e sur ces faux aveux. Marzieh n&#8217;a pas \u00e9t\u00e9 autoris\u00e9e \u00e0 consulter un avocat ou \u00e0 recevoir des visites.<\/p>\n\n\n<div class=\"wp-block-image\">\n<figure class=\"aligncenter size-full\"><img decoding=\"async\" src=\"data:image\/gif;base64,R0lGODlhAQABAIAAAAAAAP\/\/\/yH5BAEAAAAALAAAAAABAAEAAAIBRAA7\" data-src=\"https:\/\/wncri.org\/fr\/wp-content\/uploads\/2023\/01\/Somayyeh-Massoumi-min.jpg\" alt=\"Somayyeh Massoumi\" class=\"wp-image-17385 lazyload\"\/><noscript><img decoding=\"async\" width=\"750\" height=\"375\" src=\"https:\/\/wncri.org\/fr\/wp-content\/uploads\/2023\/01\/Somayyeh-Massoumi-min.jpg\" alt=\"Somayyeh Massoumi\" class=\"wp-image-17385 lazyload\" srcset=\"https:\/\/wncri.org\/fr\/wp-content\/uploads\/2023\/01\/Somayyeh-Massoumi-min.jpg 750w, https:\/\/wncri.org\/fr\/wp-content\/uploads\/2023\/01\/Somayyeh-Massoumi-min-300x150.jpg 300w, https:\/\/wncri.org\/fr\/wp-content\/uploads\/2023\/01\/Somayyeh-Massoumi-min-360x180.jpg 360w\" sizes=\"(max-width: 750px) 100vw, 750px\" \/><\/noscript><figcaption class=\"wp-element-caption\">Somayyeh Massoumi<\/figcaption><\/figure>\n<\/div>\n\n\n<h2 class=\"wp-block-heading\"><strong>Somayyeh Massoumi<\/strong><\/h2>\n\n\n\n<p>Somayyeh Massoumi, 38 ans, originaire de Karaj, professeure d&#8217;anglais et m\u00e8re d&#8217;un enfant de 9 ans, effectuait sa visite hebdomadaire sur les tombes de ses parents et de son fr\u00e8re. Elle est d\u00e9tenue \u00e0 la prison de Kachouii \u00e0 Karaj, et les autorit\u00e9s n&#8217;acceptent pas de caution pour elle. Somayyeh Massoumi a \u00e9t\u00e9 harcel\u00e9e et maltrait\u00e9e en prison.<\/p>\n\n\n<div class=\"wp-block-image\">\n<figure class=\"aligncenter size-full\"><img decoding=\"async\" src=\"data:image\/gif;base64,R0lGODlhAQABAIAAAAAAAP\/\/\/yH5BAEAAAAALAAAAAABAAEAAAIBRAA7\" data-src=\"https:\/\/wncri.org\/fr\/wp-content\/uploads\/2023\/01\/Ensieh-Moussavi-min.jpg\" alt=\"Ensieh Moussavi\" class=\"wp-image-17376 lazyload\"\/><noscript><img decoding=\"async\" width=\"750\" height=\"375\" src=\"https:\/\/wncri.org\/fr\/wp-content\/uploads\/2023\/01\/Ensieh-Moussavi-min.jpg\" alt=\"Ensieh Moussavi\" class=\"wp-image-17376 lazyload\" srcset=\"https:\/\/wncri.org\/fr\/wp-content\/uploads\/2023\/01\/Ensieh-Moussavi-min.jpg 750w, https:\/\/wncri.org\/fr\/wp-content\/uploads\/2023\/01\/Ensieh-Moussavi-min-300x150.jpg 300w, https:\/\/wncri.org\/fr\/wp-content\/uploads\/2023\/01\/Ensieh-Moussavi-min-360x180.jpg 360w\" sizes=\"(max-width: 750px) 100vw, 750px\" \/><\/noscript><figcaption class=\"wp-element-caption\">Ensieh Moussavi<\/figcaption><\/figure>\n<\/div>\n\n\n<h3 class=\"wp-block-heading\"><strong>Ensieh Moussavi<\/strong><\/h3>\n\n\n\n<p>Ensieh Moussavi a \u00e9t\u00e9 arr\u00eat\u00e9e en m\u00eame temps que sa m\u00e8re. Les charges retenues contre elle ne sont pas connues.<\/p>\n\n\n\n<h3 class=\"wp-block-heading\"><strong>Mosleh Heydarzadeh<\/strong><\/h3>\n\n\n\n<p>Il n&#8217;y a pas beaucoup d&#8217;informations, de photos ou de d\u00e9tails sur Fatemeh Mosleh Heydarzadeh. On sait seulement qu&#8217;elle a \u00e9t\u00e9 arr\u00eat\u00e9e le 20 septembre et emprisonn\u00e9e pendant cinq ans.<\/p>\n\n\n\n<h3 class=\"wp-block-heading\"><strong>Shahrzad Derakhshan<\/strong><\/h3>\n\n\n\n<p>Il n&#8217;y a pas de photo ou d&#8217;information sur Shahrzad Derakhshan.<\/p>\n\n\n<div class=\"wp-block-image\">\n<figure class=\"aligncenter size-full\"><img decoding=\"async\" src=\"data:image\/gif;base64,R0lGODlhAQABAIAAAAAAAP\/\/\/yH5BAEAAAAALAAAAAABAAEAAAIBRAA7\" data-src=\"https:\/\/wncri.org\/fr\/wp-content\/uploads\/2023\/01\/Maedeh-Sohrabi-min.jpg\" alt=\"Maedeh Sohrabi\" class=\"wp-image-17382 lazyload\"\/><noscript><img decoding=\"async\" width=\"750\" height=\"375\" src=\"https:\/\/wncri.org\/fr\/wp-content\/uploads\/2023\/01\/Maedeh-Sohrabi-min.jpg\" alt=\"Maedeh Sohrabi\" class=\"wp-image-17382 lazyload\" srcset=\"https:\/\/wncri.org\/fr\/wp-content\/uploads\/2023\/01\/Maedeh-Sohrabi-min.jpg 750w, https:\/\/wncri.org\/fr\/wp-content\/uploads\/2023\/01\/Maedeh-Sohrabi-min-300x150.jpg 300w, https:\/\/wncri.org\/fr\/wp-content\/uploads\/2023\/01\/Maedeh-Sohrabi-min-360x180.jpg 360w\" sizes=\"(max-width: 750px) 100vw, 750px\" \/><\/noscript><figcaption class=\"wp-element-caption\">Maedeh Sohrabi<\/figcaption><\/figure>\n<\/div>\n\n\n<h3 class=\"wp-block-heading\"><strong>Maedeh Sohrabi<\/strong><\/h3>\n\n\n\n<p>Maedeh Sohrabi, 23 ans, est une artiste et une jeune <a href=\"https:\/\/www.maryam-rajavi.com\/fr\/69e-resolution-lonu-lassemblee-generale-condamnant-violation-droits-humains-iran\/\" target=\"_blank\" rel=\"noopener\">femme<\/a> connue pour son grand c\u0153ur. Elle vit \u00e0 Karaj et travaillait comme mannequin.<\/p>\n\n\n\n<p>Maedeh Sohrabi est l&#8217;une des 15 jeunes femmes emprisonn\u00e9es \u00e0 la prison de Fardis Karaj qui ont entam\u00e9 une gr\u00e8ve de la faim. Elle a \u00e9t\u00e9 arr\u00eat\u00e9e le 18 octobre sans que sa famille en soit inform\u00e9e. Maedeh Sohrabi a \u00e9t\u00e9 priv\u00e9e de toute visite et de tout appel \u00e0 sa famille parce qu&#8217;elle faisait une gr\u00e8ve de la faim.<\/p>\n\n\n\n<p>Elle a \u00e9t\u00e9 condamn\u00e9e \u00e0 5 ans de prison et deux ans de bannissement, ce qui n&#8217;est pas d\u00e9finitif.<\/p>\n\n\n\n<p>Comme vous pouvez le constater, certaines de ces 15 jeunes femmes en gr\u00e8ve sont des m\u00e8res de famille. Certaines \u00e9taient le seul soutien de famille ou le seul tuteur de leur famille. Certaines ont fait des gr\u00e8ves de la faim alors qu&#8217;elles souffraient de maladies dangereuses et \u00e9taient tortur\u00e9es. Ces exemples montrent l&#8217;esprit de combat des femmes courageuses qui, malgr\u00e9 une r\u00e9pression brutale, m\u00e8nent la r\u00e9volution et le soul\u00e8vement iraniens. Elles m\u00e9ritent le soutien de toutes les femmes du monde entier qui aspirent \u00e0 l&#8217;\u00e9galit\u00e9.<\/p>\n","protected":false},"excerpt":{"rendered":"<p>Apprendre \u00e0 conna\u00eetre les 15 jeunes femmes qui font une gr\u00e8ve de la faim Le lundi 9 janvier, 15 jeunes femmes d\u00e9tenues \u00e0 la prison de Fardis (Kachouii) \u00e0 Karaj ont entam\u00e9 une gr\u00e8ve de la faim s\u00e8che. Les 15 jeunes femmes protestent contre la prolongation de leur d\u00e9tention, leur statut ind\u00e9cis, l&#8217;absence d&#8217;examen de [&hellip;]<\/p>\n","protected":false},"author":4,"featured_media":17372,"comment_status":"closed","ping_status":"closed","sticky":false,"template":"","format":"standard","meta":{"jnews-multi-image_gallery":[],"jnews_single_post":{"subtitle":"","format":"standard","video":"","gallery":"","source_name":"","source_url":"","via_name":"","via_url":"","override_template":"0","override":[{"template":"7","single_blog_custom":"","parallax":"1","fullscreen":"1","layout":"right-sidebar","sidebar":"default-sidebar","second_sidebar":"default-sidebar","sticky_sidebar":"1","share_position":"floatbottom","share_float_style":"share-normal","show_share_counter":"1","show_view_counter":"1","show_featured":"1","show_post_meta":"1","show_post_author":"0","show_post_author_image":"1","show_post_date":"1","post_date_format":"default","post_date_format_custom":"Y\/m\/d","show_post_category":"1","show_post_reading_time":"0","post_reading_time_wpm":"300","show_zoom_button":"0","zoom_button_out_step":"2","zoom_button_in_step":"3","show_post_tag":"1","show_prev_next_post":"0","show_popup_post":"1","number_popup_post":"1","show_author_box":"0","show_post_related":"1","show_inline_post_related":"0"}],"override_image_size":"0","image_override":[{"single_post_thumbnail_size":"crop-500","single_post_gallery_size":"crop-500"}],"trending_post":"0","trending_post_position":"meta","trending_post_label":"Trending","sponsored_post":"0","sponsored_post_label":"Sponsored by","sponsored_post_name":"","sponsored_post_url":"","sponsored_post_logo_enable":"0","sponsored_post_logo":"","sponsored_post_desc":"","disable_ad":"0"},"jnews_primary_category":{"id":"","hide":""},"jnews_social_meta":{"fb_title":"","fb_description":"","fb_image":"","twitter_title":"","twitter_description":"","twitter_image":""},"jnews_override_counter":{"override_view_counter":"0","view_counter_number":"0","override_share_counter":"0","share_counter_number":"0","override_like_counter":"0","like_counter_number":"0","override_dislike_counter":"0","dislike_counter_number":"0"},"footnotes":""},"categories":[8],"tags":[370,376],"class_list":["post-17371","post","type-post","status-publish","format-standard","has-post-thumbnail","hentry","category-articles","tag-prisonnieres","tag-violence-contre-les-femmes"],"_links":{"self":[{"href":"https:\/\/wncri.org\/fr\/wp-json\/wp\/v2\/posts\/17371","targetHints":{"allow":["GET"]}}],"collection":[{"href":"https:\/\/wncri.org\/fr\/wp-json\/wp\/v2\/posts"}],"about":[{"href":"https:\/\/wncri.org\/fr\/wp-json\/wp\/v2\/types\/post"}],"author":[{"embeddable":true,"href":"https:\/\/wncri.org\/fr\/wp-json\/wp\/v2\/users\/4"}],"replies":[{"embeddable":true,"href":"https:\/\/wncri.org\/fr\/wp-json\/wp\/v2\/comments?post=17371"}],"version-history":[{"count":2,"href":"https:\/\/wncri.org\/fr\/wp-json\/wp\/v2\/posts\/17371\/revisions"}],"predecessor-version":[{"id":17447,"href":"https:\/\/wncri.org\/fr\/wp-json\/wp\/v2\/posts\/17371\/revisions\/17447"}],"wp:featuredmedia":[{"embeddable":true,"href":"https:\/\/wncri.org\/fr\/wp-json\/wp\/v2\/media\/17372"}],"wp:attachment":[{"href":"https:\/\/wncri.org\/fr\/wp-json\/wp\/v2\/media?parent=17371"}],"wp:term":[{"taxonomy":"category","embeddable":true,"href":"https:\/\/wncri.org\/fr\/wp-json\/wp\/v2\/categories?post=17371"},{"taxonomy":"post_tag","embeddable":true,"href":"https:\/\/wncri.org\/fr\/wp-json\/wp\/v2\/tags?post=17371"}],"curies":[{"name":"wp","href":"https:\/\/api.w.org\/{rel}","templated":true}]}}