{"id":17346,"date":"2023-01-06T21:01:13","date_gmt":"2023-01-06T20:01:13","guid":{"rendered":"https:\/\/wncri.org\/fr\/?p=17346"},"modified":"2023-01-07T21:09:22","modified_gmt":"2023-01-07T20:09:22","slug":"armita-abbasi","status":"publish","type":"post","link":"https:\/\/wncri.org\/fr\/2023\/01\/06\/armita-abbasi\/","title":{"rendered":"Armita Abbasi et 14 manifestantes d\u00e9tenues en gr\u00e8ve de la faim"},"content":{"rendered":"\n<h3 class=\"wp-block-heading\">Armita Abbasi et 14 manifestantes d\u00e9tenues en gr\u00e8ve de la faim<\/h3>\n\n\n\n<p><\/p>\n\n\n\n<p>Armita Abbasi et un groupe de manifestantes d\u00e9tenues font une <a href=\"https:\/\/wncri.org\/fr\/2023\/01\/02\/sepideh-qalandari\/\" target=\"_blank\" rel=\"noreferrer noopener\">gr\u00e8ve de la faim<\/a> \u00e0 la prison de Fardis (\u00e9galement appel\u00e9e Kachouii), \u00e0 Karaj.<\/p>\n\n\n\n<p>Armita Abbasi a entam\u00e9 une <a href=\"https:\/\/wncri.org\/fr\/2023\/01\/03\/la-commission-des-femmes-du-cnri\/\" target=\"_blank\" rel=\"noreferrer noopener\">gr\u00e8ve de la faim<\/a> depuis le 2 janvier 2022, pour protester contre son statut ind\u00e9cis malgr\u00e9 pr\u00e8s de trois mois de d\u00e9tention.<\/p>\n\n\n<div class=\"wp-block-image\">\n<figure class=\"aligncenter size-full\"><img decoding=\"async\" src=\"data:image\/gif;base64,R0lGODlhAQABAIAAAAAAAP\/\/\/yH5BAEAAAAALAAAAAABAAEAAAIBRAA7\" data-src=\"https:\/\/wncri.org\/fr\/wp-content\/uploads\/2023\/01\/Hunger-strikers-in-Fardis-Kachouii-prison-in-support-of-Armita-Abbasi-min.jpg\" alt=\"Armita Abbasi et 14 manifestantes \" class=\"wp-image-17349 lazyload\"\/><noscript><img decoding=\"async\" width=\"680\" height=\"680\" src=\"https:\/\/wncri.org\/fr\/wp-content\/uploads\/2023\/01\/Hunger-strikers-in-Fardis-Kachouii-prison-in-support-of-Armita-Abbasi-min.jpg\" alt=\"Armita Abbasi et 14 manifestantes \" class=\"wp-image-17349 lazyload\" srcset=\"https:\/\/wncri.org\/fr\/wp-content\/uploads\/2023\/01\/Hunger-strikers-in-Fardis-Kachouii-prison-in-support-of-Armita-Abbasi-min.jpg 680w, https:\/\/wncri.org\/fr\/wp-content\/uploads\/2023\/01\/Hunger-strikers-in-Fardis-Kachouii-prison-in-support-of-Armita-Abbasi-min-300x300.jpg 300w, https:\/\/wncri.org\/fr\/wp-content\/uploads\/2023\/01\/Hunger-strikers-in-Fardis-Kachouii-prison-in-support-of-Armita-Abbasi-min-150x150.jpg 150w, https:\/\/wncri.org\/fr\/wp-content\/uploads\/2023\/01\/Hunger-strikers-in-Fardis-Kachouii-prison-in-support-of-Armita-Abbasi-min-75x75.jpg 75w, https:\/\/wncri.org\/fr\/wp-content\/uploads\/2023\/01\/Hunger-strikers-in-Fardis-Kachouii-prison-in-support-of-Armita-Abbasi-min-350x350.jpg 350w\" sizes=\"(max-width: 680px) 100vw, 680px\" \/><\/noscript><figcaption class=\"wp-element-caption\">Gr\u00e9vistes de la faim en soutien \u00e0 Armita Abbasi : Premi\u00e8re rang\u00e9e de gauche \u00e0 droite : Elham Modarresi, Jasmine Haj Mirza Mohammadi, Hamideh Zeraii et Maedeh Sohrabi ; deuxi\u00e8me rang\u00e9e de gauche \u00e0 droite : Fatemeh Harbi, Somayyeh Massoumi, Niloufar Shakeri, Fatemeh Nazarinejad ; troisi\u00e8me rang\u00e9e de gauche \u00e0 droite : Fatemeh Jamalpour, Niloufar Kardouni, Marzieh Qassemi et Ensieh Moussavi. Aucune photo n&#8217;\u00e9tait disponible pour Fatemeh Mosleh Heydarzadeh et Shahrzad Derakhshan.<\/figcaption><\/figure>\n<\/div>\n\n\n<p>Quatorze autres manifestantes d\u00e9tenues ont \u00e9galement entam\u00e9 leur gr\u00e8ve de la faim en soutien \u00e0 Armita Abbasi, et pour protester contre le manque de traitement de leurs dossiers et l&#8217;absence de soins m\u00e9dicaux.<\/p>\n\n\n\n<p>Ces quatorze manifestantes en gr\u00e8ve de la faim sont Somayyeh Massoumi, Fatemeh Harbi, Ensieh Moussavi, Fatemeh Nazarinejad, <a href=\"https:\/\/wncri.org\/fr\/2022\/12\/21\/elham-modarresi\/\" target=\"_blank\" rel=\"noreferrer noopener\">Elham Modarresi<\/a>, Fatemeh Mosleh Heydarzadeh, Niloufar Shakeri, Niloufar Kardouni, Marzieh Qassemi, Shahrzad Derakhshan, Fatemeh Jamalpour, Hamideh Zeraii, <a href=\"https:\/\/wncri.org\/fr\/2022\/12\/24\/shaghayegh-khademi\/\" target=\"_blank\" rel=\"noreferrer noopener\">Jasmine Haj<\/a> <a href=\"https:\/\/wncri.org\/fr\/2022\/12\/05\/violence\/\" target=\"_blank\" rel=\"noreferrer noopener\">Mirza Mohammadi<\/a> et Maedeh Sohrabi.<\/p>\n\n\n\n<p>La m\u00e8re d&#8217;Armita Abbasi a \u00e9crit dans un message : &#8220;Le cas d&#8217;Armita Abbasi sera examin\u00e9 par la premi\u00e8re branche du tribunal r\u00e9volutionnaire de Karaj le 26 janvier 2023. L&#8217;avocat de la famille n&#8217;a re\u00e7u aucune r\u00e9ponse et le tribunal ne l&#8217;a pas accept\u00e9 comme avocat dans l&#8217;affaire d&#8217;Armita.&#8221;<\/p>\n\n\n\n<p>Armita Abbasi, 21 ans, n\u00e9e en 2001, a \u00e9t\u00e9 arr\u00eat\u00e9e fin septembre. Selon des informations qui ont fuit\u00e9, elle a subi <a href=\"https:\/\/wncri.org\/fr\/2022\/12\/09\/en-cette-journee\/\" target=\"_blank\" rel=\"noreferrer noopener\">de nombreux viols collectifs<\/a> apr\u00e8s son arrestation, pour lesquels elle a \u00e9t\u00e9 emmen\u00e9e \u00e0 l&#8217;h\u00f4pital.<\/p>\n\n\n\n<p>La commission des femmes du CNRI a re\u00e7u une <a href=\"https:\/\/www.maryam-rajavi.com\/fr\/secretaire-general-lonu-journee-internationale-droits-homme-iran\/\" target=\"_blank\" rel=\"noreferrer noopener\">informations<\/a> selon lequel une jeune \u00e9tudiante militante a \u00e9t\u00e9 <a href=\"https:\/\/wncri.org\/fr\/2020\/11\/23\/la-violence-faite-aux-femmes-en-iran-parrainee-et-institutionnalisee-par-letat\/\" target=\"_blank\" rel=\"noreferrer noopener\">arr\u00eat\u00e9e<\/a> dans la rue. Elle a \u00e9t\u00e9 jet\u00e9e dans le fourgon des forces de s\u00e9curit\u00e9 de l&#8217;\u00c9tat. Les agents de s\u00e9curit\u00e9 lui ont attach\u00e9 les mains et les pieds \u00e0 la voiture. Ils l&#8217;ont <a href=\"https:\/\/wncri.org\/fr\/2021\/12\/10\/les-conditions-des-femmes-prisons\/\" target=\"_blank\" rel=\"noreferrer noopener\">viol\u00e9e<\/a> d\u00e8s son arrestation avant de la conduire \u00e0 la prison. Armita Abbasi a subi de nombreux viols collectifs. Et, bien s\u00fbr, les agressions sexuelles ne se limitent pas aux femmes.<\/p>\n\n\n<div class=\"wp-block-image\">\n<figure class=\"aligncenter size-full\"><img decoding=\"async\" src=\"data:image\/gif;base64,R0lGODlhAQABAIAAAAAAAP\/\/\/yH5BAEAAAAALAAAAAABAAEAAAIBRAA7\" data-src=\"https:\/\/wncri.org\/fr\/wp-content\/uploads\/2023\/01\/Families-of-hunger-strikers-in-Kachoui-prison-min.jpg\" alt=\"Armita Abbasi et 14 manifestantes d\u00e9tenues\" class=\"wp-image-17348 lazyload\"\/><noscript><img decoding=\"async\" width=\"750\" height=\"375\" src=\"https:\/\/wncri.org\/fr\/wp-content\/uploads\/2023\/01\/Families-of-hunger-strikers-in-Kachoui-prison-min.jpg\" alt=\"Armita Abbasi et 14 manifestantes d\u00e9tenues\" class=\"wp-image-17348 lazyload\" srcset=\"https:\/\/wncri.org\/fr\/wp-content\/uploads\/2023\/01\/Families-of-hunger-strikers-in-Kachoui-prison-min.jpg 750w, https:\/\/wncri.org\/fr\/wp-content\/uploads\/2023\/01\/Families-of-hunger-strikers-in-Kachoui-prison-min-300x150.jpg 300w, https:\/\/wncri.org\/fr\/wp-content\/uploads\/2023\/01\/Families-of-hunger-strikers-in-Kachoui-prison-min-360x180.jpg 360w\" sizes=\"(max-width: 750px) 100vw, 750px\" \/><\/noscript><figcaption class=\"wp-element-caption\">Des familles de gr\u00e9vistes de la faim se rassemblent devant la prison pour demander leur lib\u00e9ration.<\/figcaption><\/figure>\n<\/div>\n\n\n<h3 class=\"wp-block-heading\"><strong>Les familles des gr\u00e9vistes de la faim se rassemblent devant la prison pour demander leur lib\u00e9ration<\/strong><\/h3>\n\n\n\n<p>Le jeudi 5 janvier au matin, les familles des manifestantes d\u00e9tenues en gr\u00e8ve de la faim dans la prison de Fardis (Kachouii) se sont rassembl\u00e9es devant cette prison.<\/p>\n\n\n\n<p>La prison de Kachouii est l&#8217;une des centaines de prisons et de centres de torture du r\u00e9gime cl\u00e9rical, o\u00f9 les prisonni\u00e8res sont priv\u00e9es des conditions de vie et des soins m\u00e9dicaux de base. Des dizaines de femmes arr\u00eat\u00e9es pendant le soul\u00e8vement iranien sont d\u00e9tenues sous un statut ind\u00e9termin\u00e9 dans cette prison. Elles ont entam\u00e9 une gr\u00e8ve de la faim depuis le 2 janvier pour protester contre l&#8217;incertitude \u00e0 long terme, les fausses accusations, les lourdes peines et le refus de traitement.<\/p>\n","protected":false},"excerpt":{"rendered":"<p>Armita Abbasi et 14 manifestantes d\u00e9tenues en gr\u00e8ve de la faim Armita Abbasi et un groupe de manifestantes d\u00e9tenues font une gr\u00e8ve de la faim \u00e0 la prison de Fardis (\u00e9galement appel\u00e9e Kachouii), \u00e0 Karaj. Armita Abbasi a entam\u00e9 une gr\u00e8ve de la faim depuis le 2 janvier 2022, pour protester contre son statut ind\u00e9cis [&hellip;]<\/p>\n","protected":false},"author":4,"featured_media":17347,"comment_status":"closed","ping_status":"closed","sticky":false,"template":"","format":"standard","meta":{"jnews-multi-image_gallery":[],"jnews_single_post":{"subtitle":"","format":"standard","video":"","gallery":"","source_name":"","source_url":"","via_name":"","via_url":"","override_template":"0","override":[{"template":"7","single_blog_custom":"","parallax":"1","fullscreen":"1","layout":"right-sidebar","sidebar":"default-sidebar","second_sidebar":"default-sidebar","sticky_sidebar":"1","share_position":"floatbottom","share_float_style":"share-normal","show_share_counter":"1","show_view_counter":"1","show_featured":"1","show_post_meta":"1","show_post_author":"0","show_post_author_image":"1","show_post_date":"1","post_date_format":"default","post_date_format_custom":"Y\/m\/d","show_post_category":"1","show_post_reading_time":"0","post_reading_time_wpm":"300","show_zoom_button":"0","zoom_button_out_step":"2","zoom_button_in_step":"3","show_post_tag":"1","show_prev_next_post":"0","show_popup_post":"1","number_popup_post":"1","show_author_box":"0","show_post_related":"1","show_inline_post_related":"0"}],"override_image_size":"0","image_override":[{"single_post_thumbnail_size":"crop-500","single_post_gallery_size":"crop-500"}],"trending_post":"0","trending_post_position":"meta","trending_post_label":"Trending","sponsored_post":"0","sponsored_post_label":"Sponsored by","sponsored_post_name":"","sponsored_post_url":"","sponsored_post_logo_enable":"0","sponsored_post_logo":"","sponsored_post_desc":"","disable_ad":"0"},"jnews_primary_category":{"id":"","hide":""},"jnews_social_meta":{"fb_title":"","fb_description":"","fb_image":"","twitter_title":"","twitter_description":"","twitter_image":""},"jnews_override_counter":{"override_view_counter":"0","view_counter_number":"0","override_share_counter":"0","share_counter_number":"0","override_like_counter":"0","like_counter_number":"0","override_dislike_counter":"0","dislike_counter_number":"0"},"footnotes":""},"categories":[3],"tags":[369,370,376],"class_list":["post-17346","post","type-post","status-publish","format-standard","has-post-thumbnail","hentry","category-infos-des-femmes","tag-manifestations","tag-prisonnieres","tag-violence-contre-les-femmes"],"_links":{"self":[{"href":"https:\/\/wncri.org\/fr\/wp-json\/wp\/v2\/posts\/17346","targetHints":{"allow":["GET"]}}],"collection":[{"href":"https:\/\/wncri.org\/fr\/wp-json\/wp\/v2\/posts"}],"about":[{"href":"https:\/\/wncri.org\/fr\/wp-json\/wp\/v2\/types\/post"}],"author":[{"embeddable":true,"href":"https:\/\/wncri.org\/fr\/wp-json\/wp\/v2\/users\/4"}],"replies":[{"embeddable":true,"href":"https:\/\/wncri.org\/fr\/wp-json\/wp\/v2\/comments?post=17346"}],"version-history":[{"count":1,"href":"https:\/\/wncri.org\/fr\/wp-json\/wp\/v2\/posts\/17346\/revisions"}],"predecessor-version":[{"id":17350,"href":"https:\/\/wncri.org\/fr\/wp-json\/wp\/v2\/posts\/17346\/revisions\/17350"}],"wp:featuredmedia":[{"embeddable":true,"href":"https:\/\/wncri.org\/fr\/wp-json\/wp\/v2\/media\/17347"}],"wp:attachment":[{"href":"https:\/\/wncri.org\/fr\/wp-json\/wp\/v2\/media?parent=17346"}],"wp:term":[{"taxonomy":"category","embeddable":true,"href":"https:\/\/wncri.org\/fr\/wp-json\/wp\/v2\/categories?post=17346"},{"taxonomy":"post_tag","embeddable":true,"href":"https:\/\/wncri.org\/fr\/wp-json\/wp\/v2\/tags?post=17346"}],"curies":[{"name":"wp","href":"https:\/\/api.w.org\/{rel}","templated":true}]}}