{"id":17308,"date":"2023-01-03T20:28:52","date_gmt":"2023-01-03T19:28:52","guid":{"rendered":"https:\/\/wncri.org\/fr\/?p=17308"},"modified":"2023-01-03T20:29:37","modified_gmt":"2023-01-03T19:29:37","slug":"la-commission-des-femmes-du-cnri","status":"publish","type":"post","link":"https:\/\/wncri.org\/fr\/2023\/01\/03\/la-commission-des-femmes-du-cnri\/","title":{"rendered":"<strong>La commission des Femmes du CNRI appelle \u00e0 soutenir les femmes emprisonn\u00e9es en Iran<\/strong>"},"content":{"rendered":"\n<h2 class=\"wp-block-heading\"><strong><em>Appel \u00e0 une action urgente pour sauver la vie des femmes en gr\u00e8ve de la faim dans une prison de Karadj<\/em><\/strong><\/h2>\n\n\n\n<p>Un certain nombre de femmes et de jeunes filles courageuses arr\u00eat\u00e9es pendant le soul\u00e8vement national en Iran ont entam\u00e9 des <a href=\"https:\/\/wncri.org\/fr\/2023\/01\/02\/sepideh-qalandari\/\" target=\"_blank\" rel=\"noreferrer noopener\">gr\u00e8ves de la faim <\/a>pour protester contre leur d\u00e9tention prolong\u00e9e, les harc\u00e8lements, leurs horribles conditions de d\u00e9tention, les fausses accusations port\u00e9es contre elles et le manque d&#8217;attention port\u00e9e \u00e0 leur cas.<\/p>\n\n\n\n<p><a href=\"https:\/\/wncri.org\/fr\/2022\/12\/21\/elham-modarresi\/\" target=\"_blank\" rel=\"noreferrer noopener\">Elham Modarresi<\/a>, <a href=\"https:\/\/wncri.org\/fr\/2022\/12\/05\/violence\/\" target=\"_blank\" rel=\"noreferrer noopener\">Armita Abbasi<\/a> et d&#8217;autres femmes d\u00e9tenues dans une prison de Karadj ont \u00e9t\u00e9 tortur\u00e9es et agress\u00e9es sexuellement par les forces de s\u00e9curit\u00e9 avant d&#8217;y \u00eatre transf\u00e9r\u00e9es.<\/p>\n\n\n\n<p>D&#8217;autre part, le minist\u00e8re du Renseignement (VEVAK) et <a href=\"https:\/\/fr.wikipedia.org\/wiki\/Corps_des_gardiens_de_la_r%C3%A9volution_islamique\" target=\"_blank\" rel=\"noreferrer noopener\">le Corps des pasdarans<\/a> ont fait pression sur de nombreuses familles de manifestants d\u00e9tenus pour qu&#8217;elles gardent le silence sur la situation de leurs enfants. Ils ont faussement promis aux familles d&#8217;acc\u00e9l\u00e9rer la lib\u00e9ration de leurs enfants si elles gardaient le silence.<\/p>\n\n\n\n<p><a href=\"https:\/\/wncri.org\/fr\/la-commission-des-femmes-du-cnri\/\" target=\"_blank\" rel=\"noreferrer noopener\">La commission des Femmes<\/a> du Conseil national de la R\u00e9sistance iranienne exhorte toutes les femmes et tous les jeunes \u00e0 soutenir activement les manifestants d\u00e9tenus pendant le soul\u00e8vement, en particulier les femmes et les filles.<\/p>\n\n\n\n<p>La commission des Femmes du CNRI attire l&#8217;attention du Haut-Commissaire des Nations Unies pour les droits de l&#8217;homme, du Rapporteur sp\u00e9cial sur la situation des droits de l&#8217;homme en Iran, et en particulier de la Mission d&#8217;enqu\u00eate des Nations Unies pour condamner avec fermet\u00e9 le traitement des femmes d\u00e9tenues par le r\u00e9gime cl\u00e9rical.<\/p>\n\n\n\n<p>La commission des Femmes du CNRI appelle \u00e0 une action urgente pour sauver la vie des femmes en gr\u00e8ve de la faim dans la prison de Karaj.<\/p>\n\n\n\n<p class=\"has-text-align-center\"><strong>Commission des Femmes du Conseil national de la R\u00e9sistance iranienne<\/strong><strong><\/strong><\/p>\n\n\n\n<p class=\"has-text-align-center\"><strong>Le 3 janvier 2023<\/strong><\/p>\n","protected":false},"excerpt":{"rendered":"<p>Appel \u00e0 une action urgente pour sauver la vie des femmes en gr\u00e8ve de la faim dans une prison de Karadj Un certain nombre de femmes et de jeunes filles courageuses arr\u00eat\u00e9es pendant le soul\u00e8vement national en Iran ont entam\u00e9 des gr\u00e8ves de la faim pour protester contre leur d\u00e9tention prolong\u00e9e, les harc\u00e8lements, leurs horribles [&hellip;]<\/p>\n","protected":false},"author":4,"featured_media":11694,"comment_status":"closed","ping_status":"closed","sticky":false,"template":"","format":"standard","meta":{"jnews-multi-image_gallery":[],"jnews_single_post":{"subtitle":"","format":"standard","video":"","gallery":"","source_name":"","source_url":"","via_name":"","via_url":"","override_template":"0","override":[{"template":"7","single_blog_custom":"","parallax":"1","fullscreen":"1","layout":"right-sidebar","sidebar":"default-sidebar","second_sidebar":"default-sidebar","sticky_sidebar":"1","share_position":"floatbottom","share_float_style":"share-normal","show_share_counter":"1","show_view_counter":"1","show_featured":"1","show_post_meta":"1","show_post_author":"0","show_post_author_image":"1","show_post_date":"1","post_date_format":"default","post_date_format_custom":"Y\/m\/d","show_post_category":"1","show_post_reading_time":"0","post_reading_time_wpm":"300","show_zoom_button":"0","zoom_button_out_step":"2","zoom_button_in_step":"3","show_post_tag":"1","show_prev_next_post":"0","show_popup_post":"1","number_popup_post":"1","show_author_box":"0","show_post_related":"1","show_inline_post_related":"0"}],"override_image_size":"0","image_override":[{"single_post_thumbnail_size":"crop-500","single_post_gallery_size":"crop-500"}],"trending_post":"0","trending_post_position":"meta","trending_post_label":"Trending","sponsored_post":"0","sponsored_post_label":"Sponsored by","sponsored_post_name":"","sponsored_post_url":"","sponsored_post_logo_enable":"0","sponsored_post_logo":"","sponsored_post_desc":"","disable_ad":"0"},"jnews_primary_category":{"id":"","hide":""},"jnews_social_meta":{"fb_title":"","fb_description":"","fb_image":"","twitter_title":"","twitter_description":"","twitter_image":""},"jnews_override_counter":{"override_view_counter":"0","view_counter_number":"0","override_share_counter":"0","share_counter_number":"0","override_like_counter":"0","like_counter_number":"0","override_dislike_counter":"0","dislike_counter_number":"0"},"footnotes":""},"categories":[5],"tags":[369,370,376],"class_list":["post-17308","post","type-post","status-publish","format-standard","has-post-thumbnail","hentry","category-communiques","tag-manifestations","tag-prisonnieres","tag-violence-contre-les-femmes"],"_links":{"self":[{"href":"https:\/\/wncri.org\/fr\/wp-json\/wp\/v2\/posts\/17308","targetHints":{"allow":["GET"]}}],"collection":[{"href":"https:\/\/wncri.org\/fr\/wp-json\/wp\/v2\/posts"}],"about":[{"href":"https:\/\/wncri.org\/fr\/wp-json\/wp\/v2\/types\/post"}],"author":[{"embeddable":true,"href":"https:\/\/wncri.org\/fr\/wp-json\/wp\/v2\/users\/4"}],"replies":[{"embeddable":true,"href":"https:\/\/wncri.org\/fr\/wp-json\/wp\/v2\/comments?post=17308"}],"version-history":[{"count":1,"href":"https:\/\/wncri.org\/fr\/wp-json\/wp\/v2\/posts\/17308\/revisions"}],"predecessor-version":[{"id":17309,"href":"https:\/\/wncri.org\/fr\/wp-json\/wp\/v2\/posts\/17308\/revisions\/17309"}],"wp:featuredmedia":[{"embeddable":true,"href":"https:\/\/wncri.org\/fr\/wp-json\/wp\/v2\/media\/11694"}],"wp:attachment":[{"href":"https:\/\/wncri.org\/fr\/wp-json\/wp\/v2\/media?parent=17308"}],"wp:term":[{"taxonomy":"category","embeddable":true,"href":"https:\/\/wncri.org\/fr\/wp-json\/wp\/v2\/categories?post=17308"},{"taxonomy":"post_tag","embeddable":true,"href":"https:\/\/wncri.org\/fr\/wp-json\/wp\/v2\/tags?post=17308"}],"curies":[{"name":"wp","href":"https:\/\/api.w.org\/{rel}","templated":true}]}}